{"id":50228,"date":"2026-09-05T06:17:09","date_gmt":"2026-09-05T06:17:09","guid":{"rendered":"https:\/\/calatorinromania.com\/?p=50228"},"modified":"2026-09-05T06:17:09","modified_gmt":"2026-09-05T06:17:09","slug":"bunicul-meu-mi-a-cumparat-un-suv-alb-nou-nout-de-ziua-mea-cand-am-implinit-24-de-ani-2","status":"publish","type":"post","link":"https:\/\/calatorinromania.com\/?p=50228","title":{"rendered":"Bunicul meu mi-a cump\u0103rat un SUV alb, nou-nou\u021b, de ziua mea, c\u00e2nd am \u00eemplinit 24 de ani."},"content":{"rendered":"\n<p>\u2026z\u00e2mbetul Avei disp\u0103ru complet.<\/p>\n\n\n\n<p>Pe ecran nu era doar traseul din ziua precedent\u0103.<\/p>\n\n\n\n<p>Era istoricul ultimelor dou\u0103 s\u0103pt\u0103m\u00e2ni.<\/p>\n\n\n\n<p>Bunicul intr\u0103 \u00een birou \u0219i a\u0219ez\u0103 telefonul pe biroul masiv din lemn.<\/p>\n\n\n\n<p>Noi \u00eel urmar\u0103m.<\/p>\n\n\n\n<p>\u2014 Ava, spuse el. Ai afirmat c\u0103 ieri ai mers la casa mea de la \u021bar\u0103.<\/p>\n\n\n\n<p>\u2014 Da.<\/p>\n\n\n\n<p>Bunicul m\u0103ri harta.<\/p>\n\n\n\n<p>\u2014 Atunci de ce ma\u0219ina a fost aici?<\/p>\n\n\n\n<p>Ar\u0103t\u0103 spre un punct aflat la aproape 70 de kilometri \u00een direc\u021bia opus\u0103.<\/p>\n\n\n\n<p>Ava se uit\u0103 la mama.<\/p>\n\n\n\n<p>Mama se uit\u0103 la mine.<\/p>\n\n\n\n<p>Eu n-am spus nimic.<\/p>\n\n\n\n<p>\u2014 Este o eroare, spuse Ava.<\/p>\n\n\n\n<p>\u2014 Nu.<\/p>\n\n\n\n<p>Bunicul schimb\u0103 ecranul.<\/p>\n\n\n\n<p>\u2014 Ma\u0219ina a stat acolo patru ore \u0219i treizeci \u0219i \u0219apte de minute.<\/p>\n\n\n\n<p>\u2014 Poate aplica\u021bia\u2026<\/p>\n\n\n\n<p>\u2014 Este un cazinou.<\/p>\n\n\n\n<p>Camera deveni complet t\u0103cut\u0103.<\/p>\n\n\n\n<p>Mama interveni.<\/p>\n\n\n\n<p>\u2014 Tat\u0103, Ava este adult\u0103. Dac\u0103 a vrut s\u0103 se distreze pu\u021bin\u2026<\/p>\n\n\n\n<p>\u2014 Cu ma\u0219ina Ameliei?<\/p>\n\n\n\n<p>Mama \u00ee\u0219i str\u00e2nse buzele.<\/p>\n\n\n\n<p>Bunicul continu\u0103.<\/p>\n\n\n\n<p>\u2014 \u0218i miercuri?<\/p>\n\n\n\n<p>Alt traseu.<\/p>\n\n\n\n<p>\u2014 Un club.<\/p>\n\n\n\n<p>Apoi altul.<\/p>\n\n\n\n<p>\u2014 Joi, p\u00e2n\u0103 la dou\u0103 \u0219i jum\u0103tate diminea\u021ba.<\/p>\n\n\n\n<p>Altul.<\/p>\n\n\n\n<p>\u2014 Mar\u021bi, 146 de kilometri.<\/p>\n\n\n\n<p>Ava \u00eencerc\u0103 s\u0103 r\u00e2d\u0103.<\/p>\n\n\n\n<p>\u2014 Bunicule, este doar o ma\u0219in\u0103.<\/p>\n\n\n\n<p>Bunicul ridic\u0103 privirea.<\/p>\n\n\n\n<p>\u2014 Exact.<\/p>\n\n\n\n<p>Vocea lui era calm\u0103.<\/p>\n\n\n\n<p>\u2014\u00a0<strong>\u0218i nici m\u0103car nu este a ta.<\/strong><\/p>\n\n\n\n<p><\/p>\n\n\n\n<p><\/p>\n\n\n\n<p>Apoi deschise sertarul biroului \u0219i scoase un dosar.<\/p>\n\n\n\n<p>\u2014 C\u00e2nd am cump\u0103rat SUV-ul, am pl\u0103tit integral pentru el.<\/p>\n\n\n\n<p>\u00cel \u00eempinse spre mine.<\/p>\n\n\n\n<p>\u2014 Amelia este proprietarul trecut \u00een documentele ma\u0219inii.<\/p>\n\n\n\n<p>Mama clipi.<\/p>\n\n\n\n<p>\u2014 Dar locuie\u0219te cu mine.<\/p>\n\n\n\n<p>\u2014 \u0218i?<\/p>\n\n\n\n<p>\u2014 Sunt mama ei.<\/p>\n\n\n\n<p>Bunicul o privi de parc\u0103 \u00eencerca s\u0103 \u00een\u021beleag\u0103 ce leg\u0103tur\u0103 avea una cu alta.<\/p>\n\n\n\n<p>\u2014 Are 24 de ani.<\/p>\n\n\n\n<p>Mama ridic\u0103 vocea.<\/p>\n\n\n\n<p>\u2014 Ava avea nevoie de ma\u0219in\u0103!<\/p>\n\n\n\n<p>\u2014 Atunci \u00eei cump\u0103rai una.<\/p>\n\n\n\n<p>\u2014 Nu-mi permit!<\/p>\n\n\n\n<p>\u2014 Atunci cu at\u00e2t mai mult nu aveai dreptul s\u0103-i iei ma\u0219ina celeilalte fiice.<\/p>\n\n\n\n<p>Mama t\u0103cu.<\/p>\n\n\n\n<p>Era probabil prima dat\u0103 c\u00e2nd cineva formula at\u00e2t de simplu ceea ce se \u00eent\u00e2mplase toat\u0103 via\u021ba mea.<\/p>\n\n\n\n<p><\/p>\n\n\n\n<p><\/p>\n\n\n\n<p>Ava \u00ee\u0219i \u00eencruci\u0219\u0103 bra\u021bele.<\/p>\n\n\n\n<p>\u2014 Amelia nici m\u0103car n-a spus c\u0103 o deranjeaz\u0103 at\u00e2t de tare.<\/p>\n\n\n\n<p>Am sim\u021bit ceva aproape absurd \u00een afirma\u021bia ei.<\/p>\n\n\n\n<p>\u2014 Am cerut ma\u0219ina \u00eenapoi de mai multe ori.<\/p>\n\n\n\n<p>\u2014 Nu serios.<\/p>\n\n\n\n<p>\u2014 Cum ar fi trebuit s\u0103 cer \u201eserios\u201d ceva ce era deja al meu?<\/p>\n\n\n\n<p>Nu r\u0103spunse.<\/p>\n\n\n\n<p>Mama interveni:<\/p>\n\n\n\n<p>\u2014 Amelia, nu transforma asta \u00eentr-o competi\u021bie \u00eentre surori.<\/p>\n\n\n\n<p>M-am uitat la ea.<\/p>\n\n\n\n<p>\u2014 N-am transformat eu nimic \u00eentr-o competi\u021bie. Tu ai petrecut ani \u00eentregi lu\u00e2nd de la mine ca s\u0103-i fie ei mai u\u0219or.<\/p>\n\n\n\n<p>\u2014 Asta nu este adev\u0103rat.<\/p>\n\n\n\n<p>Atunci bunicul vorbi.<\/p>\n\n\n\n<p>\u2014 Ba da.<\/p>\n\n\n\n<p>Mama se \u00eentoarse spre el.<\/p>\n\n\n\n<p>\u2014 Tat\u0103\u2026<\/p>\n\n\n\n<p>\u2014 Am v\u0103zut-o.<\/p>\n\n\n\n<p>Cuvintele lui m\u0103 surprinser\u0103 \u0219i pe mine.<\/p>\n\n\n\n<p>\u2014 Nu suficient de devreme, continu\u0103. Dar am v\u0103zut-o.<\/p>\n\n\n\n<p>Se uit\u0103 spre mine.<\/p>\n\n\n\n<p>\u2014 \u0218i pentru asta \u00ee\u021bi datorez scuze.<\/p>\n\n\n\n<p>Mi s-au umplut ochii de lacrimi.<\/p>\n\n\n\n<p>\u2014 Bunicule\u2026<\/p>\n\n\n\n<p>\u2014 Am confundat faptul c\u0103 nu te pl\u00e2ngeai cu faptul c\u0103 nu te durea.<\/p>\n\n\n\n<p>Camera deveni din nou t\u0103cut\u0103.<\/p>\n\n\n\n<p><\/p>\n\n\n\n<p><\/p>\n\n\n\n<p>Apoi bunicul se \u00eentoarse spre Ava.<\/p>\n\n\n\n<p>\u2014 Cheile.<\/p>\n\n\n\n<p>\u2014 Ce?<\/p>\n\n\n\n<p>\u2014 Pune cheile pe birou.<\/p>\n\n\n\n<p>\u2014 Dar cum ajung m\u00e2ine\u2026<\/p>\n\n\n\n<p>\u2014 Nu este problema Ameliei.<\/p>\n\n\n\n<p>Mama f\u0103cu un pas \u00eenainte.<\/p>\n\n\n\n<p>\u2014 Nu po\u021bi s-o la\u0219i f\u0103r\u0103 ma\u0219in\u0103.<\/p>\n\n\n\n<p>Bunicul se uit\u0103 spre mine.<\/p>\n\n\n\n<p>\u2014 Amelia a fost f\u0103r\u0103 ma\u0219in\u0103 dou\u0103 s\u0103pt\u0103m\u00e2ni.<\/p>\n\n\n\n<p>Mama nu mai spuse nimic.<\/p>\n\n\n\n<p>Ava scoase cheile din geant\u0103 \u0219i le arunc\u0103 pe birou.<\/p>\n\n\n\n<p>Bunicul nici m\u0103car nu se uit\u0103 la ele.<\/p>\n\n\n\n<p>\u2014 Ridic\u0103-le \u0219i pune-le \u00een m\u00e2na surorii tale.<\/p>\n\n\n\n<p>\u2014 Vorbe\u0219ti serios?<\/p>\n\n\n\n<p>\u2014 Foarte.<\/p>\n\n\n\n<p>Ava le lu\u0103.<\/p>\n\n\n\n<p>Veni spre mine.<\/p>\n\n\n\n<p>Pentru c\u00e2teva secunde am r\u0103mas una \u00een fa\u021ba celeilalte.<\/p>\n\n\n\n<p>Apoi \u00eemi \u00eentinse cheile.<\/p>\n\n\n\n<p>\u2014 Poftim.<\/p>\n\n\n\n<p>Am \u00eentins m\u00e2na.<\/p>\n\n\n\n<p>Dar bunicul interveni:<\/p>\n\n\n\n<p>\u2014 Mai lipse\u0219te ceva.<\/p>\n\n\n\n<p>Ava se \u00eentoarse.<\/p>\n\n\n\n<p>\u2014 Ce?<\/p>\n\n\n\n<p>\u2014 Scuzele.<\/p>\n\n\n\n<p>\u2014 Pentru ce? C\u0103 am condus o ma\u0219in\u0103?<\/p>\n\n\n\n<p>Bunicul cl\u0103tin\u0103 \u00eencet din cap.<\/p>\n\n\n\n<p>\u2014 Nu. Pentru c\u0103 ai luat ceva ce \u0219tiai c\u0103 nu-\u021bi apar\u021bine \u0219i apoi te-ai comportat de parc\u0103 sora ta era problema pentru c\u0103 \u00eel voia \u00eenapoi.<\/p>\n\n\n\n<p>Ava nu \u0219i-a cerut scuze \u00een seara aceea.<\/p>\n\n\n\n<p>\u0218i, \u00eentr-un fel, m-am bucurat.<\/p>\n\n\n\n<p>Nu voiam o scuz\u0103 spus\u0103 doar pentru c\u0103 bunicul \u00eei ordonase.<\/p>\n\n\n\n<p><\/p>\n\n\n\n<p><\/p>\n\n\n\n<p>Am ie\u0219it dup\u0103 cin\u0103 \u0219i m-am apropiat de SUV.<\/p>\n\n\n\n<p>Pentru prima dat\u0103 dup\u0103 dou\u0103 s\u0103pt\u0103m\u00e2ni, cheia era din nou \u00een m\u00e2na mea.<\/p>\n\n\n\n<p>C\u00e2nd am deschis portiera, am v\u0103zut interiorul.<\/p>\n\n\n\n<p>Ambalaje.<\/p>\n\n\n\n<p>Dou\u0103 pahare goale de cafea.<\/p>\n\n\n\n<p>Machiaj pe consola central\u0103.<\/p>\n\n\n\n<p>O zg\u00e2rietur\u0103 pe plasticul portierei.<\/p>\n\n\n\n<p>\u0218i miros de \u021big\u0103ri electronice dulci.<\/p>\n\n\n\n<p>Bunicul ap\u0103ruse \u00een spatele meu.<\/p>\n\n\n\n<p>\u2014 \u00cemi pare r\u0103u.<\/p>\n\n\n\n<p>\u2014 Nu tu ai f\u0103cut asta.<\/p>\n\n\n\n<p>\u2014 Eu am cump\u0103rat ma\u0219ina ca s\u0103-\u021bi fac via\u021ba mai u\u0219oar\u0103. Nu ca s\u0103 devin\u0103 \u00eenc\u0103 un lucru pe care trebuie s\u0103-l cedezi.<\/p>\n\n\n\n<p>Apoi \u00eemi \u00eentinse un alt plic.<\/p>\n\n\n\n<p>\u00cen\u0103untru erau actele ma\u0219inii \u0219i datele de contact ale reprezentan\u021bei.<\/p>\n\n\n\n<p>\u2014 M\u00e2ine o duci la verificare. Eu pl\u0103tesc.<\/p>\n\n\n\n<p>\u2014 Bunicule, nu trebuie.<\/p>\n\n\n\n<p>\u2014 \u0218tiu.<\/p>\n\n\n\n<p>Z\u00e2mbi u\u0219or.<\/p>\n\n\n\n<p>\u2014 Dar vreau.<\/p>\n\n\n\n<p><\/p>\n\n\n\n<p><\/p>\n\n\n\n<p>A doua zi, reprezentan\u021ba a verificat SUV-ul.<\/p>\n\n\n\n<p>Din fericire, nu existau probleme mecanice serioase.<\/p>\n\n\n\n<p>Dar Ava acumulase sute de kilometri \u00eentr-un timp foarte scurt \u0219i zg\u00e2riase una dintre jante.<\/p>\n\n\n\n<p>Bunicul insist\u0103 ca factura pentru repara\u021bia estetic\u0103 \u0219i cur\u0103\u021barea profesional\u0103 s\u0103 ajung\u0103 la Ava.<\/p>\n\n\n\n<p>Mama m-a sunat imediat.<\/p>\n\n\n\n<p>\u2014 Chiar o s\u0103-\u021bi pui sora s\u0103 pl\u0103teasc\u0103?<\/p>\n\n\n\n<p>\u2014 Da.<\/p>\n\n\n\n<p>\u2014 Este familie.<\/p>\n\n\n\n<p>Am z\u00e2mbit.<\/p>\n\n\n\n<p>\u2014 Tocmai de aceea ar trebui s\u0103 \u00eenve\u021be s\u0103 respecte lucrurile familiei.<\/p>\n\n\n\n<p>Mama \u00eenchise telefonul.<\/p>\n\n\n\n<p><\/p>\n\n\n\n<p><\/p>\n\n\n\n<p>Dar adev\u0103rata schimbare nu avea leg\u0103tur\u0103 cu ma\u0219ina.<\/p>\n\n\n\n<p>Dou\u0103 luni mai t\u00e2rziu m-am mutat.<\/p>\n\n\n\n<p>P\u00e2n\u0103 atunci locuisem \u00eenc\u0103 \u00een casa mamei, economisind bani pentru avansul unui apartament.<\/p>\n\n\n\n<p>\u00cemi spusesem ani \u00eentregi c\u0103 era o alegere financiar\u0103 inteligent\u0103.<\/p>\n\n\n\n<p>\u0218i fusese.<\/p>\n\n\n\n<p>Dar avea un pre\u021b pe care nu-l calculasem niciodat\u0103.<\/p>\n\n\n\n<p>At\u00e2t timp c\u00e2t locuiam acolo, mama continua s\u0103 cread\u0103 c\u0103 avea drept de veto asupra lucrurilor mele.<\/p>\n\n\n\n<p>A\u0219a c\u0103 am \u00eenchiriat un apartament mic, la dou\u0103zeci de minute de serviciu.<\/p>\n\n\n\n<p>Prima sear\u0103 acolo am stat pe podea, pentru c\u0103 \u00eenc\u0103 nu-mi sosise canapeaua.<\/p>\n\n\n\n<p>Cheile apartamentului erau \u00eentr-o m\u00e2n\u0103.<\/p>\n\n\n\n<p>Cheile SUV-ului \u00een cealalt\u0103.<\/p>\n\n\n\n<p>\u0218i pentru prima dat\u0103 \u00een via\u021b\u0103 nu exista nimeni care s\u0103-mi spun\u0103 ce trebuia s\u0103 \u00eempart.<\/p>\n\n\n\n<p><\/p>\n\n\n\n<p><\/p>\n\n\n\n<p>Ava mi-a trimis un mesaj aproape trei luni mai t\u00e2rziu.<\/p>\n\n\n\n<p><strong>\u201eCred c\u0103 mama ne-a pus una \u00eempotriva celeilalte mai mult dec\u00e2t am realizat.\u201d<\/strong><\/p>\n\n\n\n<p>L-am citit de c\u00e2teva ori.<\/p>\n\n\n\n<p>Apoi am r\u0103spuns:<\/p>\n\n\n\n<p><strong>\u201eMama a f\u0103cut multe gre\u0219eli. Dar tu ai 22 de ani, Ava. Unele alegeri au fost ale tale.\u201d<\/strong><\/p>\n\n\n\n<p>Dup\u0103 c\u00e2teva minute, r\u0103spunsul ei veni.<\/p>\n\n\n\n<p><strong>\u201e\u0218tiu.\u201d<\/strong><\/p>\n\n\n\n<p>A fost prima dat\u0103 c\u00e2nd n-a dat vina pe altcineva.<\/p>\n\n\n\n<p>Rela\u021bia noastr\u0103 nu s-a reparat peste noapte.<\/p>\n\n\n\n<p>Dar, \u00eencet, Ava a \u00eenceput s\u0103 \u00eentrebe \u00eenainte s\u0103 ia.<\/p>\n\n\n\n<p>S\u0103 accepte un \u201enu\u201d f\u0103r\u0103 s\u0103 alerge la mama.<\/p>\n\n\n\n<p>\u0218i, dup\u0103 c\u00e2teva luni, mi-a pl\u0103tit integral repara\u021bia jantei.<\/p>\n\n\n\n<p>Nu pentru c\u0103 bunicul o obliga.<\/p>\n\n\n\n<p>Pentru c\u0103 alesese ea.<\/p>\n\n\n\n<p><\/p>\n\n\n\n<p><\/p>\n\n\n\n<p>\u00cen prim\u0103vara urm\u0103toare, eu \u0219i bunicul am mers cu SUV-ul la casa lui de la \u021bar\u0103.<\/p>\n\n\n\n<p>De data aceasta conduceam eu.<\/p>\n\n\n\n<p>C\u00e2nd am ajuns, bunicul se uit\u0103 la kilometraj.<\/p>\n\n\n\n<p>\u2014 V\u0103d c\u0103 ai mers destul cu ea.<\/p>\n\n\n\n<p>Am r\u00e2s.<\/p>\n\n\n\n<p>\u2014 M\u0103 mai urm\u0103re\u0219ti?<\/p>\n\n\n\n<p>Ridic\u0103 din spr\u00e2ncean\u0103.<\/p>\n\n\n\n<p>\u2014 Trackerul a fost scos a doua zi dup\u0103 cina aceea.<\/p>\n\n\n\n<p>M-am uitat surprins\u0103 la el.<\/p>\n\n\n\n<p>\u2014 Atunci de ce l-ai pus?<\/p>\n\n\n\n<p>\u2014 Ma\u0219ina era un cadou scump. Voiam s\u0103 m\u0103 asigur c\u0103 ajunge \u00een siguran\u021b\u0103 la tine \u0219i s\u0103 am protec\u021bie antifurt p\u00e2n\u0103 rezolvam toate actele.<\/p>\n\n\n\n<p>Apoi z\u00e2mbi.<\/p>\n\n\n\n<p>\u2014 N-am crezut c\u0103 va trebui s-o protejez de propria familie.<\/p>\n\n\n\n<p>Am r\u00e2s am\u00e2ndoi.<\/p>\n\n\n\n<p>Dar apoi deveni serios.<\/p>\n\n\n\n<p>\u2014 Amelia, s\u0103 nu mai faci gre\u0219eala de a crede c\u0103 trebuie s\u0103 fii u\u0219or de nedrept\u0103\u021bit ca s\u0103 fii un om bun.<\/p>\n\n\n\n<p>N-am uitat niciodat\u0103 propozi\u021bia aceea.<\/p>\n\n\n\n<p>Pentru c\u0103 SUV-ul nu fusese niciodat\u0103 adev\u0103rata problem\u0103.<\/p>\n\n\n\n<p>Problema era c\u0103 fusesem \u00eenv\u0103\u021bat\u0103 c\u0103 generozitatea \u00eensemna s\u0103 cedez p\u00e2n\u0103 c\u00e2nd ceilal\u021bi erau mul\u021bumi\u021bi.<\/p>\n\n\n\n<p>C\u0103 lini\u0219tea era mai important\u0103 dec\u00e2t dreptatea.<\/p>\n\n\n\n<p>C\u0103 \u201efamilie\u201d era un cuv\u00e2nt pe care ceilal\u021bi \u00eel puteau folosi ori de c\u00e2te ori voiau ceva de la mine.<\/p>\n\n\n\n<p>\u00cen seara aceea, bunicul nu mi-a dat doar cheile \u00eenapoi.<\/p>\n\n\n\n<p><strong>Mi-a ar\u0103tat c\u0103 po\u021bi fi bun f\u0103r\u0103 s\u0103 fii u\u0219or de folosit, generos f\u0103r\u0103 s\u0103 renun\u021bi la ceea ce \u00ee\u021bi apar\u021bine \u0219i po\u021bi iubi familia f\u0103r\u0103 s\u0103-i permi\u021bi s\u0103 transforme iubirea \u00eentr-un drept asupra vie\u021bii tale.<\/strong><\/p>\n\n\n\n<p><a href=\"https:\/\/www.pinterest.com\/pin\/create\/button\/?url=https%3A%2F%2Fbumzi.ro%2F%3Fp%3D28576&amp;description=Bunicul+meu+mi-a+cump%C4%83rat+un+SUV+alb%2C+nou-nou%C8%9B%2C+de+ziua+mea%2C+c%C3%A2nd+am+%C3%AEmplinit+24+de+ani.\" target=\"_blank\" rel=\"noreferrer noopener\"><\/a><\/p>\n\n\n\n<p><a href=\"https:\/\/www.facebook.com\/sharer\/sharer.php?u=https%3A%2F%2Fbumzi.ro%2F%3Fp%3D28576\" target=\"_blank\" rel=\"noreferrer noopener\"><\/a><\/p>\n\n\n\n<p><a href=\"https:\/\/twitter.com\/intent\/tweet?url=https%3A%2F%2Fbumzi.ro%2F%3Fp%3D28576&amp;text=Bunicul+meu+mi-a+cump%C4%83rat+un+SUV+alb%2C+nou-nou%C8%9B%2C+de+ziua+mea%2C+c%C3%A2nd+am+%C3%AEmplinit+24+de+ani.\" target=\"_blank\" rel=\"noreferrer noopener\"><\/a><\/p>\n\n\n\n<p><em>Aceast\u0103 lucrare este inspirat\u0103 din evenimente \u0219i persoane reale, \u00eens\u0103 a fost fic\u021bionalizat\u0103 \u00een scopuri creative. Numele, personajele \u0219i detaliile au fost schimbate pentru a proteja intimitatea \u0219i pentru a \u00eembun\u0103t\u0103\u021bi nara\u021biunea. Orice asem\u0103nare cu persoane reale, \u00een via\u021b\u0103 sau decedate, sau cu evenimente reale este pur \u00eent\u00e2mpl\u0103toare \u0219i nu este inten\u021bionat\u0103 de c\u0103tre autor.<\/em><\/p>\n\n\n\n<p><em>Autorul \u0219i editorul nu \u00ee\u0219i asum\u0103 responsabilitatea pentru exactitatea evenimentelor sau pentru modul \u00een care sunt portretizate personajele \u0219i nu sunt r\u0103spunz\u0103tori pentru eventuale interpret\u0103ri gre\u0219ite. Aceast\u0103 poveste este oferit\u0103 \u201eca atare\u201d, iar orice opinii exprimate apar\u021bin personajelor \u0219i nu reflect\u0103 punctele de vedere ale autorului sau ale editorului.<\/em><a href=\"https:\/\/bumzi.ro\/?p=28574\"><\/a><\/p>\n\n\n\n<p><\/p>\n\n\n\n<p><\/p>\n","protected":false},"excerpt":{"rendered":"<p>\u2026z\u00e2mbetul Avei disp\u0103ru complet. Pe ecran nu era doar traseul din ziua precedent\u0103. Era istoricul ultimelor dou\u0103 s\u0103pt\u0103m\u00e2ni. Bunicul intr\u0103 \u00een birou \u0219i a\u0219ez\u0103 telefonul<\/p>\n","protected":false},"author":1,"featured_media":49985,"comment_status":"closed","ping_status":"closed","sticky":false,"template":"","format":"standard","meta":[],"categories":[1],"tags":[],"_links":{"self":[{"href":"https:\/\/calatorinromania.com\/index.php?rest_route=\/wp\/v2\/posts\/50228"}],"collection":[{"href":"https:\/\/calatorinromania.com\/index.php?rest_route=\/wp\/v2\/posts"}],"about":[{"href":"https:\/\/calatorinromania.com\/index.php?rest_route=\/wp\/v2\/types\/post"}],"author":[{"embeddable":true,"href":"https:\/\/calatorinromania.com\/index.php?rest_route=\/wp\/v2\/users\/1"}],"replies":[{"embeddable":true,"href":"https:\/\/calatorinromania.com\/index.php?rest_route=%2Fwp%2Fv2%2Fcomments&post=50228"}],"version-history":[{"count":1,"href":"https:\/\/calatorinromania.com\/index.php?rest_route=\/wp\/v2\/posts\/50228\/revisions"}],"predecessor-version":[{"id":50229,"href":"https:\/\/calatorinromania.com\/index.php?rest_route=\/wp\/v2\/posts\/50228\/revisions\/50229"}],"wp:featuredmedia":[{"embeddable":true,"href":"https:\/\/calatorinromania.com\/index.php?rest_route=\/wp\/v2\/media\/49985"}],"wp:attachment":[{"href":"https:\/\/calatorinromania.com\/index.php?rest_route=%2Fwp%2Fv2%2Fmedia&parent=50228"}],"wp:term":[{"taxonomy":"category","embeddable":true,"href":"https:\/\/calatorinromania.com\/index.php?rest_route=%2Fwp%2Fv2%2Fcategories&post=50228"},{"taxonomy":"post_tag","embeddable":true,"href":"https:\/\/calatorinromania.com\/index.php?rest_route=%2Fwp%2Fv2%2Ftags&post=50228"}],"curies":[{"name":"wp","href":"https:\/\/api.w.org\/{rel}","templated":true}]}}