{"id":50221,"date":"2026-09-04T09:43:31","date_gmt":"2026-09-04T09:43:31","guid":{"rendered":"https:\/\/calatorinromania.com\/?p=50221"},"modified":"2026-09-04T09:43:31","modified_gmt":"2026-09-04T09:43:31","slug":"mi-am-pierdut-al-cincilea-copil-dupa-ce-sotul-meu-m-a-parasit-pentru-sora-mea-mai-mica","status":"publish","type":"post","link":"https:\/\/calatorinromania.com\/?p=50221","title":{"rendered":"Mi-am pierdut al cincilea copil dup\u0103 ce so\u021bul meu m-a p\u0103r\u0103sit pentru sora mea mai mic\u0103"},"content":{"rendered":"\n<p>\u2014 Ce a f\u0103cut Amelia?<\/p>\n\n\n\n<p><\/p>\n\n\n\n<p>M-am ridicat at\u00e2t de repede de pe canapea, \u00eenc\u00e2t p\u0103tura a c\u0103zut pe podea.<\/p>\n\n\n\n<p><\/p>\n\n\n\n<p>\u2014 Este bine?<\/p>\n\n\n\n<p><\/p>\n\n\n\n<p>\u2014 Este perfect, spuse veri\u0219oara mea, Cristina. Dar vino.<\/p>\n\n\n\n<p><\/p>\n\n\n\n<p>\u2014 Cristina, nu pot s\u0103 apar la nunta lor.<\/p>\n\n\n\n<p><\/p>\n\n\n\n<p>\u2014 Crede-m\u0103. Dup\u0103 ce tocmai s-a \u00eent\u00e2mplat, nimeni nu se mai g\u00e2nde\u0219te la nunt\u0103.<\/p>\n\n\n\n<p><\/p>\n\n\n\n<p>Mi s-a str\u00e2ns stomacul.<\/p>\n\n\n\n<p><\/p>\n\n\n\n<p>\u2014 Spune-mi ce a f\u0103cut.<\/p>\n\n\n\n<p><\/p>\n\n\n\n<p>Cristina ezit\u0103.<\/p>\n\n\n\n<p><\/p>\n\n\n\n<p>\u2014 A luat microfonul.<\/p>\n\n\n\n<p>Am \u00eenchis ochii.<\/p>\n\n\n\n<p>\u2014 Dumnezeule\u2026<\/p>\n\n\n\n<p>\u2014 \u0218i i-a pus tat\u0103lui ei o \u00eentrebare.<\/p>\n\n\n\n<p>\u2014 Ce \u00eentrebare?<\/p>\n\n\n\n<p>Cristina inspir\u0103 ad\u00e2nc.<\/p>\n\n\n\n<p>\u2014 L-a \u00eentrebat de ce n-a venit la spital c\u00e2nd ai pierdut copilul.<\/p>\n\n\n\n<p>Am \u00eencremenit.<\/p>\n\n\n\n<p><\/p>\n\n\n\n<p><\/p>\n\n\n\n<p><\/p>\n\n\n\n<p>Dou\u0103zeci de minute mai t\u00e2rziu eram \u00een ma\u0219in\u0103.<\/p>\n\n\n\n<p>Nu \u0219tiu nici ast\u0103zi de ce am plecat.<\/p>\n\n\n\n<p>Poate pentru c\u0103 Amelia avea doar nou\u0103 ani.<\/p>\n\n\n\n<p>Poate pentru c\u0103 sim\u021beam c\u0103 trebuia s\u0103 fiu acolo dac\u0103 situa\u021bia sc\u0103pa de sub control.<\/p>\n\n\n\n<p>C\u00e2nd am ajuns la restaurant, muzica era oprit\u0103.<\/p>\n\n\n\n<p>Cristina m\u0103 a\u0219tepta afar\u0103.<\/p>\n\n\n\n<p>\u2014 Unde este Amelia?<\/p>\n\n\n\n<p>\u2014 \u00cen\u0103untru, cu bunica.<\/p>\n\n\n\n<p>\u2014 Ce s-a \u00eent\u00e2mplat exact?<\/p>\n\n\n\n<p>Cristina \u00eemi ar\u0103t\u0103 telefonul.<\/p>\n\n\n\n<p>\u2014 Cineva a filmat.<\/p>\n\n\n\n<p>Am ap\u0103sat pe ecran.<\/p>\n\n\n\n<p>\u00cen filmare, Radu \u0219i sora mea, Bianca, st\u0103teau la masa mirilor.<\/p>\n\n\n\n<p>Amelia era \u00een mijlocul salonului.<\/p>\n\n\n\n<p>\u021ainea microfonul cu ambele m\u00e2ini.<\/p>\n\n\n\n<p>\u2014 Tata?<\/p>\n\n\n\n<p>Radu z\u00e2mbea.<\/p>\n\n\n\n<p>\u2014 Da, prin\u021besa mea?<\/p>\n\n\n\n<p>\u2014 Pot s\u0103 te \u00eentreb ceva?<\/p>\n\n\n\n<p>\u2014 Sigur.<\/p>\n\n\n\n<p>Amelia se uit\u0103 la Bianca.<\/p>\n\n\n\n<p>Apoi din nou la el.<\/p>\n\n\n\n<p>\u2014 C\u00e2nd mama a fost la spital \u0219i a pierdut bebelu\u0219ul, de ce n-ai venit?<\/p>\n\n\n\n<p>Z\u00e2mbetul lui Radu disp\u0103ru.<\/p>\n\n\n\n<p>\u00cen salon se f\u0103cu lini\u0219te.<\/p>\n\n\n\n<p>\u2014 Amelia, nu cred c\u0103 este momentul\u2026<\/p>\n\n\n\n<p>\u2014 Dar eu te-am sunat.<\/p>\n\n\n\n<p>Am sim\u021bit c\u0103 nu mai pot respira.<\/p>\n\n\n\n<p>Nu \u0219tiam asta.<\/p>\n\n\n\n<p>\u00cen filmare, Radu \u00ee\u0219i l\u0103s\u0103 paharul jos.<\/p>\n\n\n\n<p>\u2014 Vom vorbi acas\u0103.<\/p>\n\n\n\n<p>\u2014 Nu mai locuie\u0219ti acas\u0103.<\/p>\n\n\n\n<p>C\u00e2teva persoane \u00ee\u0219i cobor\u00e2r\u0103 privirea.<\/p>\n\n\n\n<p>Amelia continu\u0103:<\/p>\n\n\n\n<p>\u2014 Te-am sunat de trei ori.<\/p>\n\n\n\n<p>Apoi se uit\u0103 spre Bianca.<\/p>\n\n\n\n<p>\u2014 \u0218i m\u0103tu\u0219a Bianca mi-a r\u0103spuns.<\/p>\n\n\n\n<p>Mi-am dus m\u00e2na la gur\u0103.<\/p>\n\n\n\n<p><strong>Bianca \u00eei r\u0103spunsese?<\/strong><\/p>\n\n\n\n<p>\u2014 I-am spus c\u0103 mama pl\u00e2ngea \u0219i c\u0103 doctorii spuneau c\u0103 bebelu\u0219ul murise.<\/p>\n\n\n\n<p>\u00cenregistrarea tremura.<\/p>\n\n\n\n<p>Probabil persoana care filma \u00eencepuse \u0219i ea s\u0103 pl\u00e2ng\u0103.<\/p>\n\n\n\n<p>\u2014 \u0218i m\u0103tu\u0219a Bianca mi-a spus c\u0103 tu erai ocupat \u0219i c\u0103 nu trebuia s\u0103 stric \u201eziua voastr\u0103 special\u0103\u201d.<\/p>\n\n\n\n<p>M-am uitat la Cristina.<\/p>\n\n\n\n<p>\u2014 Ce zi special\u0103?<\/p>\n\n\n\n<p>\u2014 Continu\u0103.<\/p>\n\n\n\n<p>Am ap\u0103sat din nou.<\/p>\n\n\n\n<p>Amelia scoase ceva din buzunarul rochi\u021bei.<\/p>\n\n\n\n<p>O fotografie.<\/p>\n\n\n\n<p>\u2014 \u00cen ziua aia v-a\u021bi logodit.<\/p>\n\n\n\n<p>Salonul explod\u0103 \u00een \u0219oapte.<\/p>\n\n\n\n<p><\/p>\n\n\n\n<p><\/p>\n\n\n\n<p>Nu \u0219tiam.<\/p>\n\n\n\n<p>\u00cen ziua \u00een care pierdusem copilul, Radu \u00eei ceruse Bianc\u0103i s\u0103 se c\u0103s\u0103toreasc\u0103 cu el.<\/p>\n\n\n\n<p>\u00cen aceea\u0219i dup\u0103-amiaz\u0103.<\/p>\n\n\n\n<p>\u00cen timp ce eu eram \u00een spital.<\/p>\n\n\n\n<p>Amelia g\u0103sise fotografia cu c\u00e2teva s\u0103pt\u0103m\u00e2ni \u00eenainte \u00een telefonul bunicii.<\/p>\n\n\n\n<p>Imaginea avea data salvat\u0103.<\/p>\n\n\n\n<p>Radu, \u00eentr-un restaurant.<\/p>\n\n\n\n<p>\u00cen genunchi.<\/p>\n\n\n\n<p>Bianca cu m\u00e2na la gur\u0103.<\/p>\n\n\n\n<p>Pe mas\u0103, un buchet enorm de trandafiri.<\/p>\n\n\n\n<p>Exact aceea\u0219i dat\u0103.<\/p>\n\n\n\n<p>Exact ziua \u00een care eu \u00eemi pierdusem copilul.<\/p>\n\n\n\n<p>Amelia f\u0103cuse singur\u0103 leg\u0103tura.<\/p>\n\n\n\n<p>\u2014 De ce nu mi-ai spus? am \u00eentrebat-o pe Cristina.<\/p>\n\n\n\n<p>\u2014 Pentru c\u0103 nu \u0219tiam. Nimeni nu \u0219tia c\u0103 Amelia v\u0103zuse fotografia.<\/p>\n\n\n\n<p>Mi s-au \u00eenmuiat picioarele.<\/p>\n\n\n\n<p><\/p>\n\n\n\n<p><\/p>\n\n\n\n<p><\/p>\n\n\n\n<p>C\u00e2nd am intrat \u00een salon, mama m-a v\u0103zut prima.<\/p>\n\n\n\n<p>\u2014 Ce cau\u021bi aici?<\/p>\n\n\n\n<p>Nu i-am r\u0103spuns.<\/p>\n\n\n\n<p>Amelia m\u0103 observ\u0103.<\/p>\n\n\n\n<p>\u2014 Mam\u0103!<\/p>\n\n\n\n<p>A alergat spre mine.<\/p>\n\n\n\n<p>Am \u00eengenuncheat \u0219i am str\u00e2ns-o \u00een bra\u021be.<\/p>\n\n\n\n<p>\u2014 E\u0219ti bine?<\/p>\n\n\n\n<p>\u2014 Da.<\/p>\n\n\n\n<p>\u2014 De ce ai f\u0103cut asta?<\/p>\n\n\n\n<p>Ochii i se umplur\u0103 de lacrimi.<\/p>\n\n\n\n<p>\u2014 Pentru c\u0103 toat\u0103 lumea spunea c\u0103 tu e\u0219ti rea.<\/p>\n\n\n\n<p>Mi s-a rupt ceva \u00een piept.<\/p>\n\n\n\n<p>\u2014 Cine spunea asta?<\/p>\n\n\n\n<p>\u2014 Bunica spunea c\u0103 trebuie s\u0103-l ier\u021bi pe tata. C\u0103 m\u0103tu\u0219a Bianca n-a f\u0103cut nimic gre\u0219it pentru c\u0103 oamenii nu aleg de cine se \u00eendr\u0103gostesc.<\/p>\n\n\n\n<p>Mama interveni:<\/p>\n\n\n\n<p>\u2014 Nu r\u0103st\u0103lm\u0103ci ce am spus.<\/p>\n\n\n\n<p>M-am ridicat.<\/p>\n\n\n\n<p>\u2014 Mam\u0103, nu acum.<\/p>\n\n\n\n<p>\u2014 Amelia a distrus nunta surorii tale!<\/p>\n\n\n\n<p>Atunci Amelia se \u00eentoarse spre ea.<\/p>\n\n\n\n<p>\u2014 Eu n-am distrus-o.<\/p>\n\n\n\n<p>Vocea ei era mic\u0103, dar clar\u0103.<\/p>\n\n\n\n<p>\u2014 Eu doar am spus ce au f\u0103cut.<\/p>\n\n\n\n<p>Nimeni nu r\u0103spunse.<\/p>\n\n\n\n<p><\/p>\n\n\n\n<p><\/p>\n\n\n\n<p>Radu veni spre noi.<\/p>\n\n\n\n<p>\u2014 Putem discuta \u00een privat?<\/p>\n\n\n\n<p>\u2014 Nu.<\/p>\n\n\n\n<p>\u2014 Te rog.<\/p>\n\n\n\n<p>\u2014 C\u00e2nd eram \u00een spital, te-a sunat Amelia?<\/p>\n\n\n\n<p>Privirea lui \u00eemi d\u0103du r\u0103spunsul \u00eenaintea cuvintelor.<\/p>\n\n\n\n<p>\u2014 Da.<\/p>\n\n\n\n<p>Am sim\u021bit c\u0103 mi se taie respira\u021bia.<\/p>\n\n\n\n<p>\u2014 \u0218tiai c\u0103 pierdusem copilul?<\/p>\n\n\n\n<p>\u2014 Am aflat.<\/p>\n\n\n\n<p>\u2014 \u0218i n-ai venit?<\/p>\n\n\n\n<p>\u2014 Lucrurile dintre noi se terminaser\u0103 deja.<\/p>\n\n\n\n<p>L-am privit f\u0103r\u0103 s\u0103-mi vin\u0103 s\u0103 cred.<\/p>\n\n\n\n<p>\u2014 Copilul nu se terminase.<\/p>\n\n\n\n<p>Radu \u00ee\u0219i cobor\u00ee ochii.<\/p>\n\n\n\n<p>\u2014 Nu \u0219tiam ce s\u0103 fac.<\/p>\n\n\n\n<p>\u2014 Era copilul t\u0103u.<\/p>\n\n\n\n<p>\u2014 \u0218tiu.<\/p>\n\n\n\n<p>\u2014 Nu, Radu. Dac\u0103 ai fi \u0219tiut, ai fi venit.<\/p>\n\n\n\n<p>Bianca \u00eencepu s\u0103 pl\u00e2ng\u0103.<\/p>\n\n\n\n<p>\u2014 Nu trebuia s\u0103 se \u00eent\u00e2mple a\u0219a.<\/p>\n\n\n\n<p>M-am \u00eentors spre ea.<\/p>\n\n\n\n<p>\u2014 Cum trebuia s\u0103 se \u00eent\u00e2mple?<\/p>\n\n\n\n<p>Nu r\u0103spunse.<\/p>\n\n\n\n<p>\u2014 Trebuia s\u0103-mi iei so\u021bul discret? S\u0103 v\u0103 logodi\u021bi \u00een timp ce eu eram la spital \u0219i apoi s\u0103 m\u0103 invita\u021bi la nunt\u0103 ca s\u0103 demonstrez c\u0103 \u201esus\u021bin familia\u201d?<\/p>\n\n\n\n<p>Mama \u00eencerc\u0103 s\u0103 spun\u0103 ceva.<\/p>\n\n\n\n<p>Am ridicat m\u00e2na.<\/p>\n\n\n\n<p>\u2014 Nu.<\/p>\n\n\n\n<p>Pentru prima dat\u0103, t\u0103cu.<\/p>\n\n\n\n<p><\/p>\n\n\n\n<p><\/p>\n\n\n\n<p>Am luat-o pe Amelia de m\u00e2n\u0103.<\/p>\n\n\n\n<p>\u2014 Mergem acas\u0103.<\/p>\n\n\n\n<p>Radu ne urm\u0103 p\u00e2n\u0103 la ie\u0219ire.<\/p>\n\n\n\n<p>\u2014 Amelia r\u0103m\u00e2ne fiica mea.<\/p>\n\n\n\n<p>M-am \u00eentors.<\/p>\n\n\n\n<p>\u2014 N-am spus niciodat\u0103 altceva.<\/p>\n\n\n\n<p>\u0218i chiar vorbeam serios.<\/p>\n\n\n\n<p>Oric\u00e2t \u00eel uram \u00een momentul acela, nu aveam s\u0103-mi folosesc copiii ca arm\u0103.<\/p>\n\n\n\n<p>Dar am ad\u0103ugat:<\/p>\n\n\n\n<p>\u2014 Tocmai de aceea trebuie s\u0103 \u00een\u021belegi ce i-ai f\u0103cut.<\/p>\n\n\n\n<p>\u2014 Ce i-am f\u0103cut?<\/p>\n\n\n\n<p>Amelia r\u0103spunse \u00eenaintea mea.<\/p>\n\n\n\n<p>\u2014 M-ai f\u0103cut s\u0103 cred c\u0103 bebelu\u0219ul nostru nu conta.<\/p>\n\n\n\n<p>Radu r\u0103mase nemi\u0219cat.<\/p>\n\n\n\n<p>Pentru prima dat\u0103 \u00een acea zi, p\u0103rea cu adev\u0103rat distrus.<\/p>\n\n\n\n<p><\/p>\n\n\n\n<p><\/p>\n\n\n\n<p><\/p>\n\n\n\n<p>\u00cen s\u0103pt\u0103m\u00e2nile urm\u0103toare, am aflat c\u00e2t de mult \u00eei afectase situa\u021bia pe copii.<\/p>\n\n\n\n<p>Amelia \u00ee\u0219i asumase un rol pe care niciun copil de nou\u0103 ani n-ar fi trebuit s\u0103-l aib\u0103.<\/p>\n\n\n\n<p>\u00cencerca s\u0103 m\u0103 protejeze.<\/p>\n\n\n\n<p>\u00cei lini\u0219tea pe fra\u021bii ei c\u00e2nd eu pl\u00e2ngeam.<\/p>\n\n\n\n<p>Asculta conversa\u021biile adul\u021bilor.<\/p>\n\n\n\n<p>\u00cencerca s\u0103 \u00een\u021beleag\u0103 divor\u021bul.<\/p>\n\n\n\n<p>\u0218i p\u0103strase furia \u00een ea p\u00e2n\u0103 \u00een ziua nun\u021bii.<\/p>\n\n\n\n<p>Am dus-o la un psiholog pentru copii.<\/p>\n\n\n\n<p>Nu pentru c\u0103 f\u0103cuse ceva \u201er\u0103u\u201d.<\/p>\n\n\n\n<p>Ci pentru c\u0103 nu voiam s\u0103 cread\u0103 c\u0103 era responsabilitatea ei s\u0103 m\u0103 apere.<\/p>\n\n\n\n<p>\u00centr-o sear\u0103, dup\u0103 una dintre \u0219edin\u021be, mi-a spus:<\/p>\n\n\n\n<p>\u2014 Mam\u0103, e\u0219ti sup\u0103rat\u0103 c\u0103 am vorbit la nunt\u0103?<\/p>\n\n\n\n<p>\u2014 Nu.<\/p>\n\n\n\n<p>\u2014 E\u0219ti m\u00e2ndr\u0103?<\/p>\n\n\n\n<p>\u00centrebarea m-a prins nepreg\u0103tit\u0103.<\/p>\n\n\n\n<p>M-am a\u0219ezat l\u00e2ng\u0103 ea.<\/p>\n\n\n\n<p>\u2014 Sunt m\u00e2ndr\u0103 c\u0103 ai vrut s\u0103 spui adev\u0103rul.<\/p>\n\n\n\n<p>Apoi i-am luat m\u00e2inile.<\/p>\n\n\n\n<p>\u2014 Dar nu vreau s\u0103 mai sim\u021bi vreodat\u0103 c\u0103 trebuie s\u0103 lup\u021bi tu luptele mele.<\/p>\n\n\n\n<p>\u2014 Dar nimeni nu te ap\u0103ra.<\/p>\n\n\n\n<p>Am \u00eenghi\u021bit greu.<\/p>\n\n\n\n<p><\/p>\n\n\n\n<p>\u2014 Atunci trebuia s\u0103 \u00eenv\u0103\u021b eu s\u0103 m\u0103 ap\u0103r. Nu tu.<\/p>\n\n\n\n<p><\/p>\n\n\n\n<p><\/p>\n\n\n\n<p><\/p>\n\n\n\n<p><\/p>\n\n\n\n<p>Nunta lui Radu \u0219i a Bianc\u0103i a continuat \u00een cele din urm\u0103.<\/p>\n\n\n\n<p>Dar atmosfera fusese distrus\u0103.<\/p>\n\n\n\n<p>Nu de Amelia.<\/p>\n\n\n\n<p>De adev\u0103rul pe care adul\u021bii \u00eencercaser\u0103 luni \u00eentregi s\u0103-l ascund\u0103 sub expresii precum \u201emerit\u0103 \u0219i ea s\u0103 fie fericit\u0103\u201d \u0219i \u201efamilia trebuie s\u0103 mearg\u0103 mai departe\u201d.<\/p>\n\n\n\n<p>C\u00e2\u021biva membri ai familiei care p\u00e2n\u0103 atunci m\u0103 criticaser\u0103 m-au sunat.<\/p>\n\n\n\n<p>Unii \u0219i-au cerut scuze.<\/p>\n\n\n\n<p>Al\u021bii au \u00eencercat doar s\u0103 explice c\u0103 \u201enu \u0219tiau toat\u0103 povestea\u201d.<\/p>\n\n\n\n<p>Nu mai aveam energie s\u0103 decid cine merita iertat.<\/p>\n\n\n\n<p>Am \u00eenceput doar s\u0103 pun limite.<\/p>\n\n\n\n<p>Inclusiv cu p\u0103rin\u021bii mei.<\/p>\n\n\n\n<p>Mama a protestat.<\/p>\n\n\n\n<p>\u2014 Suntem bunicii copiilor!<\/p>\n\n\n\n<p>\u2014 Da. \u0218i tocmai de aceea nu ve\u021bi mai vorbi ur\u00e2t despre mama lor \u00een fa\u021ba lor.<\/p>\n\n\n\n<p>\u2014 Eu n-am\u2026<\/p>\n\n\n\n<p>\u2014 Amelia mi-a spus.<\/p>\n\n\n\n<p>T\u0103cere.<\/p>\n\n\n\n<p>\u2014 Dac\u0103 se mai \u00eent\u00e2mpl\u0103, vizitele se opresc.<\/p>\n\n\n\n<p>A fost prima limit\u0103 pe care am pus-o f\u0103r\u0103 s\u0103 m\u0103 simt vinovat\u0103.<\/p>\n\n\n\n<p>N-a fost ultima.<\/p>\n\n\n\n<p><\/p>\n\n\n\n<p><\/p>\n\n\n\n<p><\/p>\n\n\n\n<p>Radu a \u00eenceput, la r\u00e2ndul lui, terapie cu copiii.<\/p>\n\n\n\n<p>Rela\u021bia cu Amelia a fost cea mai dificil\u0103.<\/p>\n\n\n\n<p>\u00centr-o zi, dup\u0103 o \u00eent\u00e2lnire, mi-a spus:<\/p>\n\n\n\n<p>\u2014 Nu cred c\u0103 o s\u0103 m\u0103 ierte vreodat\u0103.<\/p>\n\n\n\n<p>\u2014 Are nou\u0103 ani, Radu. Nu are nevoie s\u0103 decid\u0103 acum dac\u0103 te iart\u0103.<\/p>\n\n\n\n<p>\u2014 Atunci ce fac?<\/p>\n\n\n\n<p>\u2014 Fii tat\u0103l ei.<\/p>\n\n\n\n<p>\u2014 Cum?<\/p>\n\n\n\n<p>M-am uitat la el.<\/p>\n\n\n\n<p>\u2014 Ap\u0103r\u00e2nd.<\/p>\n\n\n\n<p>Era exact lucrul pe care nu-l f\u0103cuse \u00een ziua \u00een care avusesem cea mai mare nevoie de el.<\/p>\n\n\n\n<p><\/p>\n\n\n\n<p><\/p>\n\n\n\n<p>Au trecut doi ani.<\/p>\n\n\n\n<p>Nu voi spune c\u0103 totul s-a reparat.<\/p>\n\n\n\n<p>Unele lucruri nu se repar\u0103.<\/p>\n\n\n\n<p>Se vindec\u0103 \u00een jurul rupturii.<\/p>\n\n\n\n<p>Eu mi-am reconstruit via\u021ba.<\/p>\n\n\n\n<p>Copiii au crescut.<\/p>\n\n\n\n<p>Amelia a \u00eencetat treptat s\u0103 mai verifice dac\u0103 eram bine de fiecare dat\u0103 c\u00e2nd m\u0103 vedea t\u0103cut\u0103.<\/p>\n\n\n\n<p>A redevenit copil.<\/p>\n\n\n\n<p>Asta a fost, pentru mine, cea mai mare victorie.<\/p>\n\n\n\n<p>Rela\u021bia ei cu Radu exist\u0103 \u0219i ast\u0103zi.<\/p>\n\n\n\n<p>Este diferit\u0103.<\/p>\n\n\n\n<p>Mai prudent\u0103.<\/p>\n\n\n\n<p>Dar el a \u00eenv\u0103\u021bat, \u00een sf\u00e2r\u0219it, c\u0103 a fi tat\u0103 nu \u00eenseamn\u0103 s\u0103 ceri iubirea copiilor pentru c\u0103 por\u021bi acel titlu.<\/p>\n\n\n\n<p>\u00censeamn\u0103 s\u0103 te compor\u021bi \u00eentr-un fel care \u00eel merit\u0103.<\/p>\n\n\n\n<p>Cu Bianca nu am mai avut o rela\u021bie.<\/p>\n\n\n\n<p>P\u0103rin\u021bii mei au \u00eencercat ani \u00eentregi s\u0103 ne \u00eempace.<\/p>\n\n\n\n<p>Eu am refuzat.<\/p>\n\n\n\n<p>Iertarea, dac\u0103 vine, nu \u00eenseamn\u0103 automat reconciliere.<\/p>\n\n\n\n<p><\/p>\n\n\n\n<p><\/p>\n\n\n\n<p>Cu mult timp dup\u0103 acea nunt\u0103, am \u00eentrebat-o pe Amelia de ce insistase at\u00e2t de mult s\u0103 mearg\u0103.<\/p>\n\n\n\n<p>Credeam c\u0103 voia pur \u0219i simplu s\u0103-\u0219i vad\u0103 tat\u0103l c\u0103s\u0103torindu-se.<\/p>\n\n\n\n<p>A dat din cap.<\/p>\n\n\n\n<p>\u2014 Nu.<\/p>\n\n\n\n<p>\u2014 Atunci de ce?<\/p>\n\n\n\n<p>\u2014 Pentru c\u0103 \u0219tiam c\u0103 to\u021bi vor spune c\u00e2t de ferici\u021bi sunt \u0219i c\u00e2t de frumoas\u0103 este povestea lor.<\/p>\n\n\n\n<p>Se uit\u0103 la mine.<\/p>\n\n\n\n<p>\u2014 \u0218i nu voiam ca toat\u0103 lumea s\u0103 uite ce te-a costat pe tine fericirea lor.<\/p>\n\n\n\n<p>N-am \u0219tiut ce s\u0103 spun.<\/p>\n\n\n\n<p>Am str\u00e2ns-o \u00een bra\u021be.<\/p>\n\n\n\n<p>Dar \u00een mintea mea exista un singur g\u00e2nd:<\/p>\n\n\n\n<p><strong>Niciun copil de nou\u0103 ani n-ar fi trebuit s\u0103 fie persoana care s\u0103 aminteasc\u0103 unei \u00eenc\u0103peri pline de adul\u021bi diferen\u021ba dintre a-\u021bi c\u0103uta propria fericire \u0219i a construi acea fericire peste durerea altcuiva.<\/strong><\/p>\n\n\n\n<p><a href=\"https:\/\/www.pinterest.com\/pin\/create\/button\/?url=https%3A%2F%2Fbumzi.ro%2F%3Fp%3D28566&amp;description=Mi-am+pierdut+al+cincilea+copil+dup%C4%83+ce+so%C8%9Bul+meu+m-a+p%C4%83r%C4%83sit+pentru+sora+mea+mai+mic%C4%83\" target=\"_blank\" rel=\"noreferrer noopener\"><\/a><\/p>\n\n\n\n<p><a href=\"https:\/\/www.facebook.com\/sharer\/sharer.php?u=https%3A%2F%2Fbumzi.ro%2F%3Fp%3D28566\" target=\"_blank\" rel=\"noreferrer noopener\"><\/a><\/p>\n\n\n\n<p><a href=\"https:\/\/twitter.com\/intent\/tweet?url=https%3A%2F%2Fbumzi.ro%2F%3Fp%3D28566&amp;text=Mi-am+pierdut+al+cincilea+copil+dup%C4%83+ce+so%C8%9Bul+meu+m-a+p%C4%83r%C4%83sit+pentru+sora+mea+mai+mic%C4%83\" target=\"_blank\" rel=\"noreferrer noopener\"><\/a><\/p>\n\n\n\n<p><em>Aceast\u0103 lucrare este inspirat\u0103 din evenimente \u0219i persoane reale, \u00eens\u0103 a fost fic\u021bionalizat\u0103 \u00een scopuri creative. Numele, personajele \u0219i detaliile au fost schimbate pentru a proteja intimitatea \u0219i pentru a \u00eembun\u0103t\u0103\u021bi nara\u021biunea. Orice asem\u0103nare cu persoane reale, \u00een via\u021b\u0103 sau decedate, sau cu evenimente reale este pur \u00eent\u00e2mpl\u0103toare \u0219i nu este inten\u021bionat\u0103 de c\u0103tre autor.<\/em><\/p>\n\n\n\n<p><em>Autorul \u0219i editorul nu \u00ee\u0219i asum\u0103 responsabilitatea pentru exactitatea evenimentelor sau pentru modul \u00een care sunt portretizate personajele \u0219i nu sunt r\u0103spunz\u0103tori pentru eventuale interpret\u0103ri gre\u0219ite. Aceast\u0103 poveste este oferit\u0103 \u201eca atare\u201d, iar orice opinii exprimate apar\u021bin personajelor \u0219i nu reflect\u0103 punctele de vedere ale autorului sau ale editorului.<\/em><\/p>\n","protected":false},"excerpt":{"rendered":"<p>\u2014 Ce a f\u0103cut Amelia? M-am ridicat at\u00e2t de repede de pe canapea, \u00eenc\u00e2t p\u0103tura a c\u0103zut pe podea. \u2014 Este bine? \u2014 Este perfect,<\/p>\n","protected":false},"author":1,"featured_media":49985,"comment_status":"closed","ping_status":"closed","sticky":false,"template":"","format":"standard","meta":[],"categories":[1],"tags":[],"_links":{"self":[{"href":"https:\/\/calatorinromania.com\/index.php?rest_route=\/wp\/v2\/posts\/50221"}],"collection":[{"href":"https:\/\/calatorinromania.com\/index.php?rest_route=\/wp\/v2\/posts"}],"about":[{"href":"https:\/\/calatorinromania.com\/index.php?rest_route=\/wp\/v2\/types\/post"}],"author":[{"embeddable":true,"href":"https:\/\/calatorinromania.com\/index.php?rest_route=\/wp\/v2\/users\/1"}],"replies":[{"embeddable":true,"href":"https:\/\/calatorinromania.com\/index.php?rest_route=%2Fwp%2Fv2%2Fcomments&post=50221"}],"version-history":[{"count":1,"href":"https:\/\/calatorinromania.com\/index.php?rest_route=\/wp\/v2\/posts\/50221\/revisions"}],"predecessor-version":[{"id":50222,"href":"https:\/\/calatorinromania.com\/index.php?rest_route=\/wp\/v2\/posts\/50221\/revisions\/50222"}],"wp:featuredmedia":[{"embeddable":true,"href":"https:\/\/calatorinromania.com\/index.php?rest_route=\/wp\/v2\/media\/49985"}],"wp:attachment":[{"href":"https:\/\/calatorinromania.com\/index.php?rest_route=%2Fwp%2Fv2%2Fmedia&parent=50221"}],"wp:term":[{"taxonomy":"category","embeddable":true,"href":"https:\/\/calatorinromania.com\/index.php?rest_route=%2Fwp%2Fv2%2Fcategories&post=50221"},{"taxonomy":"post_tag","embeddable":true,"href":"https:\/\/calatorinromania.com\/index.php?rest_route=%2Fwp%2Fv2%2Ftags&post=50221"}],"curies":[{"name":"wp","href":"https:\/\/api.w.org\/{rel}","templated":true}]}}