{"id":50213,"date":"2026-09-04T07:49:15","date_gmt":"2026-09-04T07:49:15","guid":{"rendered":"https:\/\/calatorinromania.com\/?p=50213"},"modified":"2026-09-04T07:49:16","modified_gmt":"2026-09-04T07:49:16","slug":"am-mostenit-20-de-milioane-de-lei","status":"publish","type":"post","link":"https:\/\/calatorinromania.com\/?p=50213","title":{"rendered":"\u201dAm mo\u0219tenit 20 de milioane de lei\u201d"},"content":{"rendered":"\n<p>M-a privit de parc\u0103 \u00eencerca s\u0103 m\u0103 recunoasc\u0103. De parc\u0103 femeia pe care o d\u0103duse afar\u0103 din cas\u0103, \u00een travaliu, nu putea fi aceea\u0219i femeie despre care tocmai aflase c\u0103 conduce compania \u00een care noua lui so\u021bie lucra.<\/p>\n\n\n\n<p><\/p>\n\n\n\n<p>Salonul s-a umplut de o lini\u0219te ap\u0103s\u0103toare. \u00cemi \u021bineam copilul la piept. Feti\u021ba mea dormea lini\u0219tit\u0103, cu pumnul str\u00e2ns, f\u0103r\u0103 s\u0103 \u0219tie c\u0103 via\u021ba ei tocmai se schimba pentru totdeauna.<\/p>\n\n\n\n<p><\/p>\n\n\n\n<p>\u201eCe glum\u0103 e asta?\u201d a b\u00e2iguit Radu.<\/p>\n\n\n\n<p><\/p>\n\n\n\n<p>Noua lui so\u021bie \u2014 Alina, cum aveam s\u0103 aflu \u2014 nu mai z\u00e2mbea.<\/p>\n\n\n\n<p><\/p>\n\n\n\n<p>\u201eNu e nicio glum\u0103\u201d, a spus calm. \u201eConsiliul de administra\u021bie a anun\u021bat ieri oficial. Doamna Marinescu este ac\u021bionar majoritar \u0219i CEO.\u201d<\/p>\n\n\n\n<p><\/p>\n\n\n\n<p>Am v\u0103zut cum i se scurge culoarea din fa\u021b\u0103.<\/p>\n\n\n\n<p><\/p>\n\n\n\n<p>Compania \u00een care Radu \u201eera aproape promovat\u201d. Compania pentru care m\u0103 ignorase, pentru care m\u0103 f\u0103cuse balast.<\/p>\n\n\n\n<p><\/p>\n\n\n\n<p>Compania \u00een care eu investisem, discret, prin fondul l\u0103sat de bunicul meu.<\/p>\n\n\n\n<p><\/p>\n\n\n\n<p>Nu pentru el. Pentru mine. Pentru copilul meu.<\/p>\n\n\n\n<p><\/p>\n\n\n\n<p>\u201eNu\u2026 nu se poate\u201d, a \u0219optit el.<\/p>\n\n\n\n<p><\/p>\n\n\n\n<p>M-am uitat la el pentru prima dat\u0103 f\u0103r\u0103 team\u0103.<\/p>\n\n\n\n<p><\/p>\n\n\n\n<p>\u201eBa da\u201d, am spus lini\u0219tit\u0103. \u201eSe poate.\u201d<\/p>\n\n\n\n<p><\/p>\n\n\n\n<p>Alina a f\u0103cut un pas \u00een spate, \u00een\u021beleg\u00e2nd brusc c\u0103 intrase \u00eentr-o poveste mult mai mare dec\u00e2t \u00ee\u0219i imaginase.<\/p>\n\n\n\n<p><\/p>\n\n\n\n<p>\u201eCred c\u0103 ar trebui s\u0103 plec\u0103m\u201d, a murmurat ea.<\/p>\n\n\n\n<p><\/p>\n\n\n\n<p>Radu a \u00eencercat s\u0103 se apropie de pat.<\/p>\n\n\n\n<p><\/p>\n\n\n\n<p>\u201eDe ce nu mi-ai spus?\u201d a \u00eentrebat, cu o voce care nu mai avea nimic autoritar.<\/p>\n\n\n\n<p><\/p>\n\n\n\n<p>Am sim\u021bit o lini\u0219te ad\u00e2nc\u0103 \u00een mine.<\/p>\n\n\n\n<p><\/p>\n\n\n\n<p>\u201ePentru c\u0103 voiam s\u0103 v\u0103d dac\u0103 m\u0103 iube\u0219ti f\u0103r\u0103 bani.\u201d<\/p>\n\n\n\n<p><\/p>\n\n\n\n<p>Nu a r\u0103spuns.<\/p>\n\n\n\n<p>Nu avea ce.<\/p>\n\n\n\n<p>\u00cen aceea\u0219i s\u0103pt\u0103m\u00e2n\u0103, avocatul meu a depus actele de divor\u021b.<\/p>\n\n\n\n<p>Nu pentru r\u0103zbunare.<\/p>\n\n\n\n<p>Ci pentru demnitate.<\/p>\n\n\n\n<p>Mi-am mutat lucrurile \u00eentr-o cas\u0103 nou\u0103, luminoas\u0103, aproape de parc. Am angajat o bon\u0103 \u0219i am \u00eenceput s\u0103 merg la birou dup\u0103 ce m-am ref\u0103cut.<\/p>\n\n\n\n<p>Nu ca so\u021bia cuiva.<\/p>\n\n\n\n<p>Ci ca lider.<\/p>\n\n\n\n<p>La prima \u0219edin\u021b\u0103 oficial\u0103, Radu era prezent.<\/p>\n\n\n\n<p>St\u0103tea la cap\u0103tul mesei, cu umerii c\u0103zu\u021bi.<\/p>\n\n\n\n<p>C\u00e2nd am intrat, toat\u0103 lumea s-a ridicat.<\/p>\n\n\n\n<p>Inclusiv el.<\/p>\n\n\n\n<p>\u201eBun\u0103 diminea\u021ba\u201d, am spus simplu.<\/p>\n\n\n\n<p>Vocea nu mi-a tremurat.<\/p>\n\n\n\n<p>Nu mai eram femeia alungat\u0103 cu o geant\u0103 aruncat\u0103 la picioare.<\/p>\n\n\n\n<p>Eram mama unui copil dorit.<\/p>\n\n\n\n<p>Eram nepoata unui om care a avut \u00eencredere \u00een mine.<\/p>\n\n\n\n<p>Eram femeia care a \u00een\u021beles c\u0103 valoarea ei nu st\u0103 \u00een aprobarea cuiva.<\/p>\n\n\n\n<p>Radu \u0219i-a pierdut func\u021bia c\u00e2teva luni mai t\u00e2rziu. Nu din r\u0103zbunare.<\/p>\n\n\n\n<p>Ci pentru c\u0103 performan\u021ba lui nu era ce pretindea. Eu am p\u0103strat ce conta.<\/p>\n\n\n\n<p>Copilul meu. Numele meu.<\/p>\n\n\n\n<p>\u0218i respectul pentru mine \u00eens\u0103mi. Uneori, oamenii te numesc balast ca s\u0103-\u0219i ascund\u0103 propria greutate.<\/p>\n\n\n\n<p>Dar adev\u0103rul iese la suprafa\u021b\u0103. \u0218i c\u00e2nd o face, unii se scufund\u0103. Iar al\u021bii \u00eenva\u021b\u0103, \u00een sf\u00e2r\u0219it, s\u0103 zboare.<\/p>\n\n\n\n<p><em>Aceast\u0103 lucrare este inspirat\u0103 din evenimente \u0219i persoane reale, \u00eens\u0103 a fost fic\u021bionalizat\u0103 \u00een scopuri creative. Numele, personajele \u0219i detaliile au fost schimbate pentru a proteja intimitatea \u0219i pentru a \u00eembun\u0103t\u0103\u021bi nara\u021biunea. Orice asem\u0103nare cu persoane reale, \u00een via\u021b\u0103 sau decedate, sau cu evenimente reale este pur \u00eent\u00e2mpl\u0103toare \u0219i nu este inten\u021bionat\u0103 de c\u0103tre autor.<\/em><\/p>\n\n\n\n<p><em>Autorul \u0219i editorul nu \u00ee\u0219i asum\u0103 responsabilitatea pentru exactitatea evenimentelor sau pentru modul \u00een care sunt portretizate personajele \u0219i nu sunt r\u0103spunz\u0103tori pentru eventuale interpret\u0103ri gre\u0219ite. Aceast\u0103 poveste este oferit\u0103 \u201eca atare\u201d, iar orice opinii exprimate apar\u021bin personajelor \u0219i nu reflect\u0103 punctele de vedere ale autorului sau ale editorului.<\/em><\/p>\n","protected":false},"excerpt":{"rendered":"<p>M-a privit de parc\u0103 \u00eencerca s\u0103 m\u0103 recunoasc\u0103. De parc\u0103 femeia pe care o d\u0103duse afar\u0103 din cas\u0103, \u00een travaliu, nu putea fi aceea\u0219i femeie<\/p>\n","protected":false},"author":1,"featured_media":49985,"comment_status":"closed","ping_status":"closed","sticky":false,"template":"","format":"standard","meta":[],"categories":[1],"tags":[],"_links":{"self":[{"href":"https:\/\/calatorinromania.com\/index.php?rest_route=\/wp\/v2\/posts\/50213"}],"collection":[{"href":"https:\/\/calatorinromania.com\/index.php?rest_route=\/wp\/v2\/posts"}],"about":[{"href":"https:\/\/calatorinromania.com\/index.php?rest_route=\/wp\/v2\/types\/post"}],"author":[{"embeddable":true,"href":"https:\/\/calatorinromania.com\/index.php?rest_route=\/wp\/v2\/users\/1"}],"replies":[{"embeddable":true,"href":"https:\/\/calatorinromania.com\/index.php?rest_route=%2Fwp%2Fv2%2Fcomments&post=50213"}],"version-history":[{"count":1,"href":"https:\/\/calatorinromania.com\/index.php?rest_route=\/wp\/v2\/posts\/50213\/revisions"}],"predecessor-version":[{"id":50214,"href":"https:\/\/calatorinromania.com\/index.php?rest_route=\/wp\/v2\/posts\/50213\/revisions\/50214"}],"wp:featuredmedia":[{"embeddable":true,"href":"https:\/\/calatorinromania.com\/index.php?rest_route=\/wp\/v2\/media\/49985"}],"wp:attachment":[{"href":"https:\/\/calatorinromania.com\/index.php?rest_route=%2Fwp%2Fv2%2Fmedia&parent=50213"}],"wp:term":[{"taxonomy":"category","embeddable":true,"href":"https:\/\/calatorinromania.com\/index.php?rest_route=%2Fwp%2Fv2%2Fcategories&post=50213"},{"taxonomy":"post_tag","embeddable":true,"href":"https:\/\/calatorinromania.com\/index.php?rest_route=%2Fwp%2Fv2%2Ftags&post=50213"}],"curies":[{"name":"wp","href":"https:\/\/api.w.org\/{rel}","templated":true}]}}