{"id":50207,"date":"2026-09-04T07:09:41","date_gmt":"2026-09-04T07:09:41","guid":{"rendered":"https:\/\/calatorinromania.com\/?p=50207"},"modified":"2026-09-04T07:09:41","modified_gmt":"2026-09-04T07:09:41","slug":"in-dimineata-nuntii-mele-mama-mi-a-scris-ca-ea-si-tata-nu-vor-veni-pentru-ca-nu-pot-sustine-greseala-pe-care-o-fac-cinci-minute-mai-tarziu-am-vazut-fotografia-lor-din-grecia-parin","status":"publish","type":"post","link":"https:\/\/calatorinromania.com\/?p=50207","title":{"rendered":"\u00cen diminea\u021ba nun\u021bii mele, mama mi-a scris c\u0103 ea \u0219i tata nu vor veni pentru c\u0103 nu pot sus\u021bine \u201cgre\u0219eala\u201d pe care o fac. Cinci minute mai t\u00e2rziu am v\u0103zut fotografia lor din Grecia: p\u0103rin\u021bii mei, fra\u021bii mei \u0219i rudele apropiate ridicau paharele la un resort, \u00een timp ce eu m\u0103 preg\u0103team s\u0103 merg la altar."},"content":{"rendered":"\n<p><\/p>\n\n\n\n<p><em>Partea a 2-a \u2013 Continuarea pove\u0219tii\u00a0<\/em><\/p>\n\n\n\n<p><br>Am aflat abia dup\u0103 ceremonie ce se \u00eent\u00e2mplase \u00een Grecia.<\/p>\n\n\n\n<p><\/p>\n\n\n\n<p>Telefonul meu avea zeci de apeluri \u0219i mesaje.<\/p>\n\n\n\n<p><\/p>\n\n\n\n<p>Mama.<\/p>\n\n\n\n<p>Tata.<\/p>\n\n\n\n<p>Fra\u021bii mei.<\/p>\n\n\n\n<p>Dar \u00een ziua aceea nu le-am r\u0103spuns.<\/p>\n\n\n\n<p>Am dansat cu Adrian, am t\u0103iat tortul, am r\u00e2s cu prietenii no\u0219tri \u0219i am refuzat s\u0103 las ni\u0219te oameni afla\u021bi la sute de kilometri distan\u021b\u0103 s\u0103-mi strice nunta.<\/p>\n\n\n\n<p>Abia a doua zi diminea\u021b\u0103 i-am explicat lui Adrian ce f\u0103cusem.<\/p>\n\n\n\n<p><\/p>\n\n\n\n<p><\/p>\n\n\n\n<p>\u2014 Ai \u00eenceput retragerea din firm\u0103?<\/p>\n\n\n\n<p>\u2014 Da.<\/p>\n\n\n\n<p>M-a privit atent.<\/p>\n\n\n\n<p>\u2014 Pentru ce-au f\u0103cut ieri?<\/p>\n\n\n\n<p>\u2014 Nu. Pentru tot ce s-a \u00eent\u00e2mplat p\u00e2n\u0103 ieri.<\/p>\n\n\n\n<p>Asta era diferen\u021ba.<\/p>\n\n\n\n<p>De c\u00e2teva luni discutam deja cu avocatul \u0219i contabilul meu despre ie\u0219irea din afacerea familiei.<\/p>\n\n\n\n<p>Aveam participa\u021bia mea legal\u0103 \u00een firm\u0103 \u0219i investisem bani personali \u00een ea. \u00cen plus, descoperisem c\u0103 unele carduri ale companiei erau folosite de ani \u00eentregi pentru restaurante, hoteluri \u0219i alte cheltuieli care nu aveau leg\u0103tur\u0103 cu activitatea firmei.<\/p>\n\n\n\n<p><\/p>\n\n\n\n<p><\/p>\n\n\n\n<p>Inclusiv de membrii familiei care nu aveau ce c\u0103uta cu ele.<\/p>\n\n\n\n<p>Am\u00e2nasem s\u0103 iau o decizie definitiv\u0103.<\/p>\n\n\n\n<p>\u00cen diminea\u021ba nun\u021bii nu le golisem conturile \u0219i nu le luasem banii.<\/p>\n\n\n\n<p>Pur \u0219i simplu \u00eencetasem s\u0103 mai protejez un sistem din care voiam oricum s\u0103 ies.<\/p>\n\n\n\n<p>Iar cardurile suplimentare ale firmei, aflate \u0219i \u00een responsabilitatea mea administrativ\u0103, fuseser\u0103 suspendate \u00een cadrul procedurii.<\/p>\n\n\n\n<p>De aceea telefonul meu \u00eencepuse s\u0103 vibreze f\u0103r\u0103 oprire.<\/p>\n\n\n\n<p><\/p>\n\n\n\n<p><\/p>\n\n\n\n<p>\u00cen Grecia, tata \u00eencercase s\u0103 pl\u0103teasc\u0103 o cheltuial\u0103 cu unul dintre cardurile firmei.<\/p>\n\n\n\n<p>Fusese refuzat.<\/p>\n\n\n\n<p>Apoi altul.<\/p>\n\n\n\n<p>La fel.<\/p>\n\n\n\n<p>Mesajul meu devenise foarte clar.<\/p>\n\n\n\n<p>O s\u0103pt\u0103m\u00e2n\u0103 mai t\u00e2rziu, cineva a sunat insistent la u\u0219a apartamentului nostru.<\/p>\n\n\n\n<p>M-am uitat prin vizor.<\/p>\n\n\n\n<p>Tata.<\/p>\n\n\n\n<p>Am deschis, dar am r\u0103mas \u00een prag.<\/p>\n\n\n\n<p>\u2014 Bun\u0103, tat\u0103.<\/p>\n\n\n\n<p>Sorin nu venise s\u0103 m\u0103 felicite pentru c\u0103s\u0103torie.<\/p>\n\n\n\n<p>Avea un dosar sub bra\u021b.<\/p>\n\n\n\n<p>\u2014 Trebuie s\u0103 vorbim.<\/p>\n\n\n\n<p>\u2014 Vorbim.<\/p>\n\n\n\n<p>A f\u0103cut un pas spre u\u0219\u0103.<\/p>\n\n\n\n<p>Nu m-am dat la o parte.<\/p>\n\n\n\n<p>\u2014 Nu m\u0103 invi\u021bi \u00een\u0103untru?<\/p>\n\n\n\n<p>\u2014 Spune-mi pentru ce ai venit.<\/p>\n\n\n\n<p>A ridicat dosarul.<\/p>\n\n\n\n<p>\u2014 Trebuie s\u0103 opre\u0219ti procedura.<\/p>\n\n\n\n<p>Am sim\u021bit ceva rece \u00een stomac.<\/p>\n\n\n\n<p>\u2014 Asta era urgent?<\/p>\n\n\n\n<p>\u2014 Irina, nu \u00een\u021belegi ce faci.<\/p>\n\n\n\n<p>\u2014 Ba cred c\u0103 \u00een\u021beleg foarte bine.<\/p>\n\n\n\n<p>\u2014 Firma nu poate pierde acum capitalul t\u0103u. Avem contracte, furnizori, salarii\u2026<\/p>\n\n\n\n<p><\/p>\n\n\n\n<p><\/p>\n\n\n\n<p>Am continuat s\u0103-l privesc.<\/p>\n\n\n\n<p>A vorbit aproape un minut.<\/p>\n\n\n\n<p>Despre firm\u0103.<\/p>\n\n\n\n<p>Despre bani.<\/p>\n\n\n\n<p>Despre consecin\u021be.<\/p>\n\n\n\n<p>Nimic despre nunta mea.<\/p>\n\n\n\n<p>\u2014 Tat\u0103.<\/p>\n\n\n\n<p>S-a oprit.<\/p>\n\n\n\n<p>\u2014 Da?<\/p>\n\n\n\n<p>\u2014 Ai venit p\u00e2n\u0103 aici ca s\u0103 vorbe\u0219ti despre firm\u0103?<\/p>\n\n\n\n<p>\u2014 Despre ce ai vrea s\u0103 vorbim?<\/p>\n\n\n\n<p>Am r\u00e2s scurt.<\/p>\n\n\n\n<p>\u2014 Nu \u0219tiu. Poate despre faptul c\u0103 fiica ta s-a c\u0103s\u0103torit acum o s\u0103pt\u0103m\u00e2n\u0103.<\/p>\n\n\n\n<p><\/p>\n\n\n\n<p><\/p>\n\n\n\n<p>T\u0103cere.<\/p>\n\n\n\n<p>\u2014 Irina, lucrurile sunt mai complicate.<\/p>\n\n\n\n<p>\u2014 Ai fost \u00een Grecia.<\/p>\n\n\n\n<p>\u2014 Aia a fost ideea mamei tale.<\/p>\n\n\n\n<p>Nu-mi venea s\u0103 cred.<\/p>\n\n\n\n<p>\u2014 Dar tu erai \u00een fotografie.<\/p>\n\n\n\n<p>A cobor\u00e2t privirea.<\/p>\n\n\n\n<p>\u2014 Mama ta a fost foarte sup\u0103rat\u0103.<\/p>\n\n\n\n<p>\u2014 \u0218i tu?<\/p>\n\n\n\n<p>\u2014 Nici eu nu cred c\u0103 Adrian este alegerea potrivit\u0103 pentru tine.<\/p>\n\n\n\n<p>M-a durut.<\/p>\n\n\n\n<p>Dar nu m-a mai surprins.<\/p>\n\n\n\n<p>\u2014 Atunci de ce vrei s\u0103 r\u0103m\u00e2n partenerul potrivit pentru tine?<\/p>\n\n\n\n<p>A ridicat ochii.<\/p>\n\n\n\n<p>\u2014 Nu amesteca lucrurile.<\/p>\n\n\n\n<p>\u2014 Tu le-ai amestecat.<\/p>\n\n\n\n<p>\u2014 Firma n-are nicio leg\u0103tur\u0103 cu c\u0103snicia ta.<\/p>\n\n\n\n<p>\u2014 Ba are. Pentru c\u0103 \u00een firm\u0103 m\u0103 tratezi ca pe un adult atunci c\u00e2nd muncesc \u0219i aduc bani. \u00cen familie m\u0103 tratezi ca pe un copil atunci c\u00e2nd iau o decizie care nu-\u021bi place.<\/p>\n\n\n\n<p><\/p>\n\n\n\n<p>\u2014 Tot ce ai construit acolo ai construit datorit\u0103 nou\u0103.<\/p>\n\n\n\n<p>\u2014 Nu. Am construit \u00eempreun\u0103.<\/p>\n\n\n\n<p>Am ar\u0103tat spre dosar.<\/p>\n\n\n\n<p>\u2014 \u0218i tocmai actele alea demonstreaz\u0103 asta.<\/p>\n\n\n\n<p>Tata a t\u0103cut.<\/p>\n\n\n\n<p>\u2014 C\u00e2nd firma avea nevoie de banii mei, mi-ai spus c\u0103 sunt partener. C\u00e2nd am ales cu cine m\u0103 c\u0103s\u0103toresc, am devenit \u201cgre\u0219eala\u201d familiei.<\/p>\n\n\n\n<p>\u2014 Nu eu am scris mesajul acela.<\/p>\n\n\n\n<p>\u2014 Dar nici n-ai venit la nunta mea.<\/p>\n\n\n\n<p>N-a r\u0103spuns.<\/p>\n\n\n\n<p>Atunci am \u00een\u021beles ce m\u0103 durea cel mai tare.<\/p>\n\n\n\n<p>Nu venise pentru c\u0103 \u00eei era dor de mine.<\/p>\n\n\n\n<p>Nu venise s\u0103 m\u0103 \u00eentrebe cum fusese nunta.<\/p>\n\n\n\n<p>Venise pentru c\u0103 firma avea nevoie de mine.<\/p>\n\n\n\n<p>\u2014 Sunt tat\u0103l t\u0103u, a spus \u00een cele din urm\u0103.<\/p>\n\n\n\n<p>\u2014 \u0218tiu.<\/p>\n\n\n\n<p>\u2014 Atunci hai s\u0103 discut\u0103m ca o familie.<\/p>\n\n\n\n<p>M-am uitat la el.<\/p>\n\n\n\n<p>\u2014 Care familie?<\/p>\n\n\n\n<p>A \u00eencremenit.<\/p>\n\n\n\n<p>\u2014 Din fotografia voastr\u0103 am \u00een\u021beles c\u0103 \u201cfamilia\u201d era \u00een Grecia.<\/p>\n\n\n\n<p>\u2014 Irina\u2026<\/p>\n\n\n\n<p>\u2014 Nu semnez nimic ast\u0103zi. Avoca\u021bii \u0219i contabilul se ocup\u0103 de tot. Dac\u0103 ai ceva de discutat despre firm\u0103, vorbe\u0219te cu ei.<\/p>\n\n\n\n<p>\u2014 \u0218i at\u00e2t?<\/p>\n\n\n\n<p>\u2014 Despre firm\u0103, da.<\/p>\n\n\n\n<p>\u2014 \u0218i despre noi?<\/p>\n\n\n\n<p>M-am uitat la el.<\/p>\n\n\n\n<p>\u2014 Despre noi puteai s\u0103 vii f\u0103r\u0103 dosar.<\/p>\n\n\n\n<p>Am \u00eenchis u\u0219a.<\/p>\n\n\n\n<p>Abia atunci mi-au tremurat m\u00e2inile.<\/p>\n\n\n\n<p>Adrian era \u00een hol.<\/p>\n\n\n\n<p>Nu spusese nimic.<\/p>\n\n\n\n<p>M-a luat \u00een bra\u021be.<\/p>\n\n\n\n<p>\u0218i pentru prima dat\u0103 de la mesajul mamei am pl\u00e2ns.<\/p>\n\n\n\n<p>Nu pentru bani.<\/p>\n\n\n\n<p>Nici pentru firm\u0103.<\/p>\n\n\n\n<p>Ci pentru c\u0103 tocmai acceptasem c\u0103 tata venise s\u0103 recupereze un asociat \u00eenainte s\u0103 \u00eencerce s\u0103-\u0219i recupereze fiica.<\/p>\n\n\n\n<p>Procedura a continuat.<\/p>\n\n\n\n<p>Nu a fost rapid\u0103 \u0219i nici spectaculoas\u0103.<\/p>\n\n\n\n<p>Au urmat s\u0103pt\u0103m\u00e2ni de acte, evalu\u0103ri \u0219i discu\u021bii prin avoca\u021bi \u0219i contabili.<\/p>\n\n\n\n<p>Firma nu s-a pr\u0103bu\u0219it.<\/p>\n\n\n\n<p>Dar a trebuit s\u0103 se schimbe.<\/p>\n\n\n\n<p>Cheltuielile personale au fost separate de cele ale companiei, cardurile suplimentare au disp\u0103rut, iar fiecare leu trebuia justificat.<\/p>\n\n\n\n<p>Mama m-a sunat dup\u0103 aproape o lun\u0103.<\/p>\n\n\n\n<p>Am r\u0103spuns.<\/p>\n\n\n\n<p>\u2014 Sper c\u0103 e\u0219ti mul\u021bumit\u0103, mi-a spus.<\/p>\n\n\n\n<p>\u2014 Cu ce?<\/p>\n\n\n\n<p>\u2014 Tat\u0103l t\u0103u nu doarme. Fra\u021bii t\u0103i sunt furio\u0219i. Firma trebuie reorganizat\u0103.<\/p>\n\n\n\n<p>\u2014 \u00cemi pare r\u0103u.<\/p>\n\n\n\n<p>\u2014 Tu ai provocat totul.<\/p>\n\n\n\n<p>Am t\u0103cut c\u00e2teva secunde.<\/p>\n\n\n\n<p>\u2014 Mam\u0103, de ce n-ai venit la nunta mea?<\/p>\n\n\n\n<p>\u2014 Nu schimba subiectul.<\/p>\n\n\n\n<p>\u2014 Nu-l schimb.<\/p>\n\n\n\n<p>Lini\u0219te.<\/p>\n\n\n\n<p>\u2014 \u021ai-am spus c\u0103 nu sus\u021binem c\u0103s\u0103toria.<\/p>\n\n\n\n<p>\u2014 Atunci de ce a\u021bi plecat exact \u00een ziua nun\u021bii?<\/p>\n\n\n\n<p>N-a r\u0103spuns.<\/p>\n\n\n\n<p>\u2014 \u0218i de ce ai pus fotografia \u00een grup?<\/p>\n\n\n\n<p>\u2014 Eram sup\u0103rat\u0103.<\/p>\n\n\n\n<p>\u2014 Voiai s\u0103 m\u0103 doar\u0103.<\/p>\n\n\n\n<p>Alt\u0103 t\u0103cere.<\/p>\n\n\n\n<p>\u2014 Voiai s\u0103 v\u0103d c\u0103 voi sunte\u021bi \u00eempreun\u0103 \u0219i eu am r\u0103mas pe dinafar\u0103.<\/p>\n\n\n\n<p>\u2014 Irina, dramatizezi.<\/p>\n\n\n\n<p>\u0218i atunci mi-am dat seama c\u0103 nu mai aveam nevoie s-o conving.<\/p>\n\n\n\n<p>\u2014 Bine, mam\u0103. Atunci nu dramatiza nici tu faptul c\u0103 nu mai vreau s\u0103-mi \u021bin banii \u00eentr-o afacere controlat\u0103 de oameni care nu m\u0103 consider\u0103 familie c\u00e2nd nu fac ce vor ei.<\/p>\n\n\n\n<p>Am \u00eenchis.<\/p>\n\n\n\n<p>Trei luni mai t\u00e2rziu, Daniel mi-a scris.<\/p>\n\n\n\n<p>\u201cPutem s\u0103 ne vedem?\u201d<\/p>\n\n\n\n<p>Am acceptat.<\/p>\n\n\n\n<p>A venit singur.<\/p>\n\n\n\n<p>P\u0103rea c\u0103 repetase de multe ori ce urma s\u0103 spun\u0103.<\/p>\n\n\n\n<p>\u2014 Excursia \u00een Grecia a fost rezervat\u0103 inten\u021bionat peste nunta ta.<\/p>\n\n\n\n<p>\u0218tiam.<\/p>\n\n\n\n<p>Tot m-a durut s\u0103 aud confirmarea.<\/p>\n\n\n\n<p>\u2014 Mama a vrut s\u0103-\u021bi transmit\u0103 un mesaj.<\/p>\n\n\n\n<p>\u2014 Care?<\/p>\n\n\n\n<p>Daniel \u0219i-a cobor\u00e2t privirea.<\/p>\n\n\n\n<p>\u2014 C\u0103 dac\u0103 \u00eel alegi pe Adrian, alegi s\u0103 ie\u0219i din familie.<\/p>\n\n\n\n<p>\u2014 \u0218i tu ai mers.<\/p>\n\n\n\n<p>\u2014 Da.<\/p>\n\n\n\n<p>\u2014 De ce?<\/p>\n\n\n\n<p>S-a uitat la mine.<\/p>\n\n\n\n<p>\u2014 Pentru c\u0103 am fost la\u0219.<\/p>\n\n\n\n<p>Nu s-a justificat.<\/p>\n\n\n\n<p>Nu mi-a spus c\u0103 mama \u00eel obligase.<\/p>\n\n\n\n<p>Nu mi-a spus c\u0103 tata \u00eel amenin\u021base.<\/p>\n\n\n\n<p>Doar at\u00e2t.<\/p>\n\n\n\n<p>\u2014 \u00cemi pare r\u0103u c\u0103 n-am fost la nunta ta.<\/p>\n\n\n\n<p>\u2014 \u0218i mie.<\/p>\n\n\n\n<p>Apoi a z\u00e2mbit pentru prima dat\u0103.<\/p>\n\n\n\n<p>\u2014 \u0218tii ce s-a \u00eent\u00e2mplat dup\u0103 mesajul t\u0103u?<\/p>\n\n\n\n<p>\u2014 Nu.<\/p>\n\n\n\n<p>\u2014 Mama a zis c\u0103 bluffezi.<\/p>\n\n\n\n<p>Am ridicat o spr\u00e2ncean\u0103.<\/p>\n\n\n\n<p>\u2014 Serios?<\/p>\n\n\n\n<p>\u2014 Da. P\u00e2n\u0103 c\u00e2nd tata a \u00eencercat s\u0103 pl\u0103teasc\u0103 la resort cu cardul firmei.<\/p>\n\n\n\n<p>\u2014 \u0218i?<\/p>\n\n\n\n<p>Daniel a \u00eenceput s\u0103 r\u00e2d\u0103.<\/p>\n\n\n\n<p>\u2014 Respins.<\/p>\n\n\n\n<p>N-am vrut.<\/p>\n\n\n\n<p>Dar am r\u00e2s \u0219i eu.<\/p>\n\n\n\n<p>Era primul lucru despre acea vacan\u021b\u0103 care nu m\u0103 mai durea.<\/p>\n\n\n\n<p>Nu l-am iertat pe Daniel \u00een cinci minute.<\/p>\n\n\n\n<p>Dar am \u00eenceput s\u0103 vorbim din nou.<\/p>\n\n\n\n<p>Cu p\u0103rin\u021bii mei a fost mult mai greu.<\/p>\n\n\n\n<p>Firma a continuat f\u0103r\u0103 mine.<\/p>\n\n\n\n<p>Eu mi-am luat partea care mi se cuvenea prin procedura legal\u0103 \u0219i, dup\u0103 un timp, am investit o parte din bani \u00eentr-un proiect nou.<\/p>\n\n\n\n<p>De data aceea, f\u0103r\u0103 rude.<\/p>\n\n\n\n<p>Cu contracte.<\/p>\n\n\n\n<p>Cu responsabilit\u0103\u021bi clare.<\/p>\n\n\n\n<p>Cu limite clare.<\/p>\n\n\n\n<p>Iar Adrian \u0219i cu mine ne-am v\u0103zut de via\u021ba noastr\u0103.<\/p>\n\n\n\n<p>Fotografia din Grecia am p\u0103strat-o.<\/p>\n\n\n\n<p>Mult\u0103 vreme n-am putut s-o privesc f\u0103r\u0103 s\u0103 m\u0103 doar\u0103.<\/p>\n\n\n\n<p>Mama.<\/p>\n\n\n\n<p>Tata.<\/p>\n\n\n\n<p>Fra\u021bii mei.<\/p>\n\n\n\n<p>Rudele care acceptaser\u0103 s\u0103 lipseasc\u0103 de la nunta mea pentru a-mi demonstra ce pierd dac\u0103 nu fac alegerea dorit\u0103 de ei.<\/p>\n\n\n\n<p>Eu nu eram \u00een fotografie.<\/p>\n\n\n\n<p>La \u00eenceput am crezut c\u0103 aceea era dovada c\u0103 r\u0103m\u0103sesem f\u0103r\u0103 familie.<\/p>\n\n\n\n<p>P\u00e2n\u0103 \u00eentr-o zi c\u00e2nd am deschis albumul nun\u021bii.<\/p>\n\n\n\n<p>\u00centr-o fotografie eram eu \u0219i Adrian, imediat dup\u0103 ceremonie.<\/p>\n\n\n\n<p>\u00cen jurul nostru erau prietenii mei.<\/p>\n\n\n\n<p>Oamenii care veniser\u0103.<\/p>\n\n\n\n<p>Oamenii care m\u0103 \u00eembr\u0103\u021bi\u0219aser\u0103.<\/p>\n\n\n\n<p>Oamenii care nu-mi ceruser\u0103 s\u0103 aleg \u00eentre iubire \u0219i apartenen\u021b\u0103.<\/p>\n\n\n\n<p>Atunci am \u00een\u021beles ceva.<\/p>\n\n\n\n<p>\u00cen ziua nun\u021bii mele, familia mea plecase \u00een Grecia ca s\u0103-mi arate c\u00e2t de singur\u0103 voi r\u0103m\u00e2ne f\u0103r\u0103 ei.<\/p>\n\n\n\n<p>Dar c\u00e2nd am pus cele dou\u0103 fotografii una l\u00e2ng\u0103 alta, adev\u0103rul era exact invers.<\/p>\n\n\n\n<p>Eu eram \u00eenconjurat\u0103 de oameni.<\/p>\n\n\n\n<p>Ei r\u0103m\u0103seser\u0103 cu o mas\u0103 la resort, ni\u0219te carduri respinse \u0219i convingerea c\u0103 banii le d\u0103deau dreptul s\u0103 hot\u0103rasc\u0103 via\u021ba altcuiva.<\/p>\n","protected":false},"excerpt":{"rendered":"<p>Partea a 2-a \u2013 Continuarea pove\u0219tii\u00a0 Am aflat abia dup\u0103 ceremonie ce se \u00eent\u00e2mplase \u00een Grecia. Telefonul meu avea zeci de apeluri \u0219i mesaje. Mama.<\/p>\n","protected":false},"author":1,"featured_media":49985,"comment_status":"closed","ping_status":"closed","sticky":false,"template":"","format":"standard","meta":[],"categories":[1],"tags":[],"_links":{"self":[{"href":"https:\/\/calatorinromania.com\/index.php?rest_route=\/wp\/v2\/posts\/50207"}],"collection":[{"href":"https:\/\/calatorinromania.com\/index.php?rest_route=\/wp\/v2\/posts"}],"about":[{"href":"https:\/\/calatorinromania.com\/index.php?rest_route=\/wp\/v2\/types\/post"}],"author":[{"embeddable":true,"href":"https:\/\/calatorinromania.com\/index.php?rest_route=\/wp\/v2\/users\/1"}],"replies":[{"embeddable":true,"href":"https:\/\/calatorinromania.com\/index.php?rest_route=%2Fwp%2Fv2%2Fcomments&post=50207"}],"version-history":[{"count":1,"href":"https:\/\/calatorinromania.com\/index.php?rest_route=\/wp\/v2\/posts\/50207\/revisions"}],"predecessor-version":[{"id":50208,"href":"https:\/\/calatorinromania.com\/index.php?rest_route=\/wp\/v2\/posts\/50207\/revisions\/50208"}],"wp:featuredmedia":[{"embeddable":true,"href":"https:\/\/calatorinromania.com\/index.php?rest_route=\/wp\/v2\/media\/49985"}],"wp:attachment":[{"href":"https:\/\/calatorinromania.com\/index.php?rest_route=%2Fwp%2Fv2%2Fmedia&parent=50207"}],"wp:term":[{"taxonomy":"category","embeddable":true,"href":"https:\/\/calatorinromania.com\/index.php?rest_route=%2Fwp%2Fv2%2Fcategories&post=50207"},{"taxonomy":"post_tag","embeddable":true,"href":"https:\/\/calatorinromania.com\/index.php?rest_route=%2Fwp%2Fv2%2Ftags&post=50207"}],"curies":[{"name":"wp","href":"https:\/\/api.w.org\/{rel}","templated":true}]}}