{"id":50199,"date":"2026-09-04T05:59:40","date_gmt":"2026-09-04T05:59:40","guid":{"rendered":"https:\/\/calatorinromania.com\/?p=50199"},"modified":"2026-09-04T05:59:41","modified_gmt":"2026-09-04T05:59:41","slug":"la-nunta-de-aproape-14-milioane-de-lei-a-surorii-mele-tata-a-varsat-un-pahar-cu-vin-rosu-peste-rochia-mea","status":"publish","type":"post","link":"https:\/\/calatorinromania.com\/?p=50199","title":{"rendered":"La nunta de aproape 1,4 milioane de lei a surorii mele, tata a v\u0103rsat un pahar cu vin ro\u0219u peste rochia mea"},"content":{"rendered":"\n<p>La mai pu\u021bin de trei minute dup\u0103 apel, u\u0219ile mari ale salonului s-au deschis.<\/p>\n\n\n\n<p><\/p>\n\n\n\n<p>Patru b\u0103rba\u021bi \u00een costume \u00eenchise la culoare au intrat primii.<\/p>\n\n\n\n<p><\/p>\n\n\n\n<p>Nu erau poli\u021bi\u0219ti.<\/p>\n\n\n\n<p><\/p>\n\n\n\n<p>Erau echipa de securitate care \u00eel \u00eenso\u021bea pe Santiago la evenimente publice importante.<\/p>\n\n\n\n<p><\/p>\n\n\n\n<p>Doi au r\u0103mas l\u00e2ng\u0103 intrare.<\/p>\n\n\n\n<p><\/p>\n\n\n\n<p>Ceilal\u021bi doi au f\u0103cut c\u00e2\u021biva pa\u0219i \u00eenainte.<\/p>\n\n\n\n<p><\/p>\n\n\n\n<p>Tata \u00eenc\u0103 z\u00e2mbea.<\/p>\n\n\n\n<p><\/p>\n\n\n\n<p>\u2014 Ce-i asta, Valeria? Ai chemat bodyguarzi ca s\u0103 faci spectacol?<\/p>\n\n\n\n<p><\/p>\n\n\n\n<p>Nu i-am r\u0103spuns.<\/p>\n\n\n\n<p><\/p>\n\n\n\n<p><\/p>\n\n\n\n<p>Pentru c\u0103 \u00een spatele lor tocmai intrase Santiago.<\/p>\n\n\n\n<p><\/p>\n\n\n\n<p>\u0218i z\u00e2mbetul tatei disp\u0103ru.<\/p>\n\n\n\n<p><\/p>\n\n\n\n<p>Complet.<\/p>\n\n\n\n<p><\/p>\n\n\n\n<p>Am v\u0103zut cum mai multe persoane de la mesele apropiate \u00eel recuno\u0219teau.<\/p>\n\n\n\n<p><\/p>\n\n\n\n<p>Unul dintre invita\u021bi \u0219opti:<\/p>\n\n\n\n<p><\/p>\n\n\n\n<p>\u2014 \u0102la este Santiago Valdescu?<\/p>\n\n\n\n<p><\/p>\n\n\n\n<p>Altul se ridic\u0103 \u00een picioare.<\/p>\n\n\n\n<p><\/p>\n\n\n\n<p>Socru-meu de acum c\u00e2teva ore, tat\u0103l lui Nicolae, aproape sc\u0103p\u0103 paharul din m\u00e2n\u0103.<\/p>\n\n\n\n<p>\u2014 Santiago!<\/p>\n\n\n\n<p>Santiago nu se uit\u0103 la nimeni.<\/p>\n\n\n\n<p>Merse direct spre mine.<\/p>\n\n\n\n<p>C\u00e2nd v\u0103zu rochia p\u0103tat\u0103, se opri.<\/p>\n\n\n\n<p>\u2014 Ce s-a \u00eent\u00e2mplat?<\/p>\n\n\n\n<p>\u2014 Un accident, spuse tata imediat.<\/p>\n\n\n\n<p>Am ridicat o spr\u00e2ncean\u0103.<\/p>\n\n\n\n<p>Santiago se uit\u0103 la mine.<\/p>\n\n\n\n<p>\u2014 Valeria?<\/p>\n\n\n\n<p>\u2014 Tata a turnat vinul peste mine.<\/p>\n\n\n\n<p>T\u0103cere.<\/p>\n\n\n\n<p>\u2014 Inten\u021bionat?<\/p>\n\n\n\n<p>\u2014 Da.<\/p>\n\n\n\n<p>Santiago \u00ee\u0219i \u00eentoarse \u00eencet capul spre el.<\/p>\n\n\n\n<p>Tata \u00ee\u0219i drese vocea.<\/p>\n\n\n\n<p>\u2014 Este o chestiune de familie.<\/p>\n\n\n\n<p>\u2014 Valeria este familia mea, r\u0103spunse Santiago.<\/p>\n\n\n\n<hr class=\"wp-block-separator has-alpha-channel-opacity\"\/>\n\n\n\n<p>Mama se ridic\u0103 brusc.<\/p>\n\n\n\n<p>\u2014 \u00cemi pare r\u0103u, dar dumneavoastr\u0103 cine sunte\u021bi?<\/p>\n\n\n\n<p>Santiago m\u0103 privi.<\/p>\n\n\n\n<p>Mi-a l\u0103sat mie alegerea.<\/p>\n\n\n\n<p>Am luat o batist\u0103 de pe mas\u0103 \u0219i mi-am \u0219ters o pic\u0103tur\u0103 de vin de pe \u00eencheietur\u0103.<\/p>\n\n\n\n<p>\u2014 Mam\u0103, tat\u0103\u2026 el este Santiago.<\/p>\n\n\n\n<p>\u2014 Asta am \u00een\u021beles, spuse mama iritat\u0103.<\/p>\n\n\n\n<p>\u2014 Santiago Valdescu.<\/p>\n\n\n\n<p>Chipul ei se schimb\u0103.<\/p>\n\n\n\n<p>\u2014 \u0218i?<\/p>\n\n\n\n<p>Am z\u00e2mbit.<\/p>\n\n\n\n<p>\u2014 So\u021bul meu.<\/p>\n\n\n\n<p>Nu cred c\u0103 voi uita vreodat\u0103 lini\u0219tea care a urmat.<\/p>\n\n\n\n<p>Renata fu prima care vorbi.<\/p>\n\n\n\n<p>\u2014 So\u021bul t\u0103u?!<\/p>\n\n\n\n<p>\u2014 De doi ani.<\/p>\n\n\n\n<p>Mama se a\u0219ez\u0103 \u00eencet.<\/p>\n\n\n\n<p>Tata m\u0103 privea de parc\u0103 tocmai \u00eencepuse s\u0103 \u00een\u021beleag\u0103 o ecua\u021bie pe care o calculase gre\u0219it toat\u0103 via\u021ba.<\/p>\n\n\n\n<p>\u2014 Tu\u2026 e\u0219ti c\u0103s\u0103torit\u0103 cu el?<\/p>\n\n\n\n<p>\u2014 Da.<\/p>\n\n\n\n<p>Santiago \u00eemi scoase sacoul lui \u0219i mi-l puse peste umeri.<\/p>\n\n\n\n<p>\u2014 Vrei s\u0103 plec\u0103m?<\/p>\n\n\n\n<p>\u00cenainte s\u0103 r\u0103spund, tat\u0103l lui Nicolae se apropie.<\/p>\n\n\n\n<p>\u2014 Domnule Valdescu, nu \u0219tiam c\u0103 ve\u021bi participa.<\/p>\n\n\n\n<p>Santiago \u00eei \u00eentinse m\u00e2na politicos.<\/p>\n\n\n\n<p>\u2014 Nici eu nu eram pe lista ini\u021bial\u0103.<\/p>\n\n\n\n<p>Apoi ad\u0103ug\u0103:<\/p>\n\n\n\n<p>\u2014 So\u021bia mea mi-a cerut s\u0103 vin.<\/p>\n\n\n\n<p><strong>So\u021bia mea.<\/strong><\/p>\n\n\n\n<p>Cele dou\u0103 cuvinte p\u0103reau s\u0103-i deranjeze pe p\u0103rin\u021bii mei mai tare dec\u00e2t orice discurs pe care l-a\u0219 fi putut \u021bine.<\/p>\n\n\n\n<hr class=\"wp-block-separator has-alpha-channel-opacity\"\/>\n\n\n\n<p>Dar surpriza cea mai mare abia urma.<\/p>\n\n\n\n<p>Tat\u0103l lui Nicolae se uit\u0103 la mine.<\/p>\n\n\n\n<p>\u2014 Valeria\u2026 Munteanu?<\/p>\n\n\n\n<p>\u2014 Da.<\/p>\n\n\n\n<p>\u2014 Altamira Capital?<\/p>\n\n\n\n<p>Am dat din cap.<\/p>\n\n\n\n<p>Tata se \u00eentoarse brusc spre mine.<\/p>\n\n\n\n<p>\u2014 Ce leg\u0103tur\u0103 ai tu cu Altamira?<\/p>\n\n\n\n<p>\u00cenainte s\u0103 r\u0103spund, b\u0103rbatul continu\u0103:<\/p>\n\n\n\n<p>\u2014 Valeria conduce echipa de strategie cu care negociem de aproape \u0219ase luni.<\/p>\n\n\n\n<p>Tata p\u0103li.<\/p>\n\n\n\n<p>Firma lui oferea consultan\u021b\u0103 juridic\u0103 unui grup implicat \u00eentr-una dintre tranzac\u021biile respective.<\/p>\n\n\n\n<p>Dintr-odat\u0103, fiica lui \u201ef\u0103r\u0103 succes profesional\u201d nu mai era femeia despre care putea glumi \u00een fa\u021ba a 300 de oameni.<\/p>\n\n\n\n<p>Era unul dintre oamenii de la masa la care clien\u021bii lui \u00eencercau s\u0103 ajung\u0103.<\/p>\n\n\n\n<p>\u2014 E\u0219ti\u2026 director acolo? \u00eentreb\u0103 el.<\/p>\n\n\n\n<p>\u2014 Director de strategie \u0219i partener.<\/p>\n\n\n\n<p>Mama m\u0103 privea cu gura \u00eentredeschis\u0103.<\/p>\n\n\n\n<p>\u2014 Dar tu ne-ai spus c\u0103 lucrezi \u00een investi\u021bii.<\/p>\n\n\n\n<p>\u2014 Exact asta fac.<\/p>\n\n\n\n<p>\u2014 De ce nu ne-ai spus?<\/p>\n\n\n\n<p>Am r\u00e2s scurt.<\/p>\n\n\n\n<p>\u2014 C\u00e2nd am terminat facultatea cu rezultate excelente, mi-ai spus c\u0103 diplomele nu valoreaz\u0103 nimic dac\u0103 niciun b\u0103rbat nu vrea s\u0103 ia cina cu mine. Nu mi s-a p\u0103rut c\u0103 te intereseaz\u0103 CV-ul meu.<\/p>\n\n\n\n<p>Nu r\u0103spunse.<\/p>\n\n\n\n<hr class=\"wp-block-separator has-alpha-channel-opacity\"\/>\n\n\n\n<p>Santiago m\u0103 lu\u0103 de m\u00e2n\u0103.<\/p>\n\n\n\n<p>\u2014 Plec\u0103m?<\/p>\n\n\n\n<p>M-am uitat spre Renata.<\/p>\n\n\n\n<p>Era nunta ei.<\/p>\n\n\n\n<p>\u0218i, oric\u00e2t de ur\u00e2t se purtase cu mine, nu voiam s\u0103-i transform seara \u00eentr-o scen\u0103 \u0219i mai mare.<\/p>\n\n\n\n<p>\u2014 Da.<\/p>\n\n\n\n<p>Tata f\u0103cu imediat un pas \u00eenainte.<\/p>\n\n\n\n<p>\u2014 Valeria, a\u0219teapt\u0103.<\/p>\n\n\n\n<p>M-am oprit.<\/p>\n\n\n\n<p>\u2014 Trebuie s\u0103 discut\u0103m.<\/p>\n\n\n\n<p>\u2014 Despre ce?<\/p>\n\n\n\n<p>Privirea lui alunec\u0103 spre Santiago.<\/p>\n\n\n\n<p>Apoi spre tat\u0103l lui Nicolae.<\/p>\n\n\n\n<p>Apoi spre ceilal\u021bi invita\u021bi importan\u021bi.<\/p>\n\n\n\n<p>\u00cen\u021belesesem.<\/p>\n\n\n\n<p>Nu voia s\u0103 discute despre faptul c\u0103 m\u0103 umilise.<\/p>\n\n\n\n<p>Voia s\u0103 repare impresia pe care tocmai o l\u0103sase oamenilor care contau profesional pentru el.<\/p>\n\n\n\n<p>\u2014 Nu acum, spuse.<\/p>\n\n\n\n<p>\u2014 Ai avut 32 de ani.<\/p>\n\n\n\n<p>\u0218i am plecat.<\/p>\n\n\n\n<hr class=\"wp-block-separator has-alpha-channel-opacity\"\/>\n\n\n\n<p>\u00cen ma\u0219in\u0103, Santiago nu m-a \u00eentrebat de ce nu le spusesem adev\u0103rul.<\/p>\n\n\n\n<p>\u0218tia deja.<\/p>\n\n\n\n<p>M\u0103 ajut\u0103 s\u0103-mi scot pantofii, apoi privi pata uria\u0219\u0103 de vin.<\/p>\n\n\n\n<p>\u2014 Rochia?<\/p>\n\n\n\n<p>\u2014 Se poate cur\u0103\u021ba.<\/p>\n\n\n\n<p>\u2014 Nu despre rochie \u00eentrebam.<\/p>\n\n\n\n<p>Am t\u0103cut.<\/p>\n\n\n\n<p>Atunci au \u00eenceput s\u0103-mi tremure m\u00e2inile.<\/p>\n\n\n\n<p>Santiago m\u0103 trase l\u00e2ng\u0103 el.<\/p>\n\n\n\n<p>\u2014 Acum po\u021bi s\u0103 pl\u00e2ngi.<\/p>\n\n\n\n<p>\u0218i am pl\u00e2ns.<\/p>\n\n\n\n<p>Nu pentru rochie.<\/p>\n\n\n\n<p>Nici m\u0103car pentru discurs.<\/p>\n\n\n\n<p>Am pl\u00e2ns pentru fata de doisprezece ani care \u00eencercase s\u0103 ob\u021bin\u0103 note mai bune ca tata s-o laude.<\/p>\n\n\n\n<p>Pentru fata de optsprezece ani care crezuse c\u0103 o burs\u0103 \u00eel va face m\u00e2ndru.<\/p>\n\n\n\n<p>Pentru femeia de dou\u0103zeci \u0219i ceva de ani care \u00eenc\u0103 sperase c\u0103 urm\u0103toarea promovare va schimba ceva.<\/p>\n\n\n\n<p>Nu schimbase.<\/p>\n\n\n\n<p>\u0218i acum \u0219tiam c\u0103 niciodat\u0103 nu avea s\u0103 o fac\u0103.<\/p>\n\n\n\n<hr class=\"wp-block-separator has-alpha-channel-opacity\"\/>\n\n\n\n<p>A doua diminea\u021b\u0103 aveam 47 de apeluri pierdute.<\/p>\n\n\n\n<p>Mama.<\/p>\n\n\n\n<p>Tata.<\/p>\n\n\n\n<p>Renata.<\/p>\n\n\n\n<p>M\u0103tu\u0219a Patricia.<\/p>\n\n\n\n<p>Veri\u0219oara Daniela.<\/p>\n\n\n\n<p>Mesajul mamei era aproape comic:<\/p>\n\n\n\n<p><strong>\u201eTrebuie s\u0103 ne explici de ce ai ascuns lucruri at\u00e2t de importante familiei tale.\u201d<\/strong><\/p>\n\n\n\n<p>I-am r\u0103spuns:<\/p>\n\n\n\n<p><strong>\u201eNu le-am ascuns. Pur \u0219i simplu a\u021bi \u00eencetat s\u0103 \u00eentreba\u021bi cine sunt cu foarte mult timp \u00een urm\u0103.\u201d<\/strong><\/p>\n\n\n\n<p>Tata a fost mai pragmatic.<\/p>\n\n\n\n<p><strong>\u201eTrebuie s\u0103 vorbim urgent despre Altamira.\u201d<\/strong><\/p>\n\n\n\n<p>Acel mesaj m-a f\u0103cut s\u0103 \u00eenchid telefonul.<\/p>\n\n\n\n<p>Nici m\u0103car dup\u0103 noaptea precedent\u0103 nu voia s\u0103 vorbeasc\u0103 despre mine.<\/p>\n\n\n\n<p>Voia s\u0103 vorbeasc\u0103 despre afaceri.<\/p>\n\n\n\n<hr class=\"wp-block-separator has-alpha-channel-opacity\"\/>\n\n\n\n<p>Luni diminea\u021b\u0103, am f\u0103cut ceva foarte simplu.<\/p>\n\n\n\n<p>Am informat departamentul juridic \u0219i de conformitate al Altamira despre incident \u0219i despre rela\u021bia mea de familie cu Artur Munteanu.<\/p>\n\n\n\n<p>Nu am cerut ca firma lui s\u0103 piard\u0103 vreun contract.<\/p>\n\n\n\n<p>Nu m-am r\u0103zbunat profesional.<\/p>\n\n\n\n<p>Din contr\u0103.<\/p>\n\n\n\n<p>M-am retras din orice decizie \u00een care ar fi putut exista un conflict de interese.<\/p>\n\n\n\n<p>Orice evaluare privind firma tatei urma s\u0103 fie f\u0103cut\u0103 independent de mine.<\/p>\n\n\n\n<p>C\u00e2nd tata a aflat, m-a sunat.<\/p>\n\n\n\n<p>\u2014 Ai raportat incidentul?<\/p>\n\n\n\n<p>\u2014 Am raportat conflictul de interese.<\/p>\n\n\n\n<p>\u2014 Vrei s\u0103-mi distrugi reputa\u021bia?<\/p>\n\n\n\n<p>Am r\u0103mas c\u00e2teva secunde \u00een t\u0103cere.<\/p>\n\n\n\n<p>\u2014 Tat\u0103, ai turnat inten\u021bionat vin peste fiica ta \u00een fa\u021ba a 300 de oameni dup\u0103 ce ai umilit-o public.<\/p>\n\n\n\n<p>Am respirat ad\u00e2nc.<\/p>\n\n\n\n<p>\u2014 Eu nu \u021bi-am creat reputa\u021bia de asear\u0103. Tu ai f\u0103cut-o.<\/p>\n\n\n\n<p>A \u00eenchis.<\/p>\n\n\n\n<hr class=\"wp-block-separator has-alpha-channel-opacity\"\/>\n\n\n\n<p>Renata a venit la mine dou\u0103 s\u0103pt\u0103m\u00e2ni mai t\u00e2rziu.<\/p>\n\n\n\n<p>Singur\u0103.<\/p>\n\n\n\n<p>F\u0103r\u0103 Nicolae.<\/p>\n\n\n\n<p>F\u0103r\u0103 mama.<\/p>\n\n\n\n<p>Avea ochii umfla\u021bi.<\/p>\n\n\n\n<p>\u2014 Am venit s\u0103-mi cer scuze.<\/p>\n\n\n\n<p>Am l\u0103sat-o s\u0103 intre.<\/p>\n\n\n\n<p>\u2014 Pentru c\u0103 ai r\u00e2s?<\/p>\n\n\n\n<p>\u2014 Pentru tot.<\/p>\n\n\n\n<p>Se a\u0219ez\u0103 pe canapea.<\/p>\n\n\n\n<p>\u2014 \u0218tii ce mi-a spus tata dup\u0103 ce ai plecat?<\/p>\n\n\n\n<p>\u2014 Nu.<\/p>\n\n\n\n<p>\u2014 C\u0103 ai f\u0103cut totul inten\u021bionat. C\u0103 te-ai c\u0103s\u0103torit cu Santiago ca s\u0103 ne umile\u0219ti.<\/p>\n\n\n\n<p>Am r\u00e2s f\u0103r\u0103 s\u0103 vreau.<\/p>\n\n\n\n<p>\u2014 Bine\u00een\u021beles.<\/p>\n\n\n\n<p>Renata \u00ee\u0219i \u0219terse ochii.<\/p>\n\n\n\n<p>\u2014 \u0218i atunci mi-am dat seama c\u0103 face cu tine ceea ce a f\u0103cut \u00eentotdeauna.<\/p>\n\n\n\n<p>\u2014 Ce?<\/p>\n\n\n\n<p>\u2014 Orice ai realiza, g\u0103se\u0219te o modalitate prin care realizarea ta s\u0103 devin\u0103 un defect.<\/p>\n\n\n\n<p>Am privit-o.<\/p>\n\n\n\n<p>Era probabil prima dat\u0103 c\u00e2nd sora mea recuno\u0219tea asta.<\/p>\n\n\n\n<p>\u2014 De ce ai r\u00e2s c\u00e2nd a v\u0103rsat vinul?<\/p>\n\n\n\n<p>Renata \u00ee\u0219i cobor\u00ee capul.<\/p>\n\n\n\n<p>\u2014 Pentru c\u0103 toat\u0103 via\u021ba am \u00eenv\u0103\u021bat c\u0103, dac\u0103 r\u00e2d cu ei, nu vor r\u00e2de de mine.<\/p>\n\n\n\n<p>R\u0103spunsul m-a durut mai mult dec\u00e2t m\u0103 a\u0219teptam.<\/p>\n\n\n\n<p>Nu o scuza.<\/p>\n\n\n\n<p>Dar explica multe.<\/p>\n\n\n\n<p>\u2014 Asta nu face ce-ai f\u0103cut mai pu\u021bin ur\u00e2t.<\/p>\n\n\n\n<p>\u2014 \u0218tiu.<\/p>\n\n\n\n<p>\u2014 \u0218i nu o s\u0103 ne prefacem c\u0103 n-a existat.<\/p>\n\n\n\n<p>\u2014 \u0218tiu.<\/p>\n\n\n\n<p>Pentru prima dat\u0103, Renata nu \u00eencerca s\u0103 c\u00e2\u0219tige.<\/p>\n\n\n\n<p>A\u0219a c\u0103 am acceptat s\u0103 \u00eencepem de acolo.<\/p>\n\n\n\n<hr class=\"wp-block-separator has-alpha-channel-opacity\"\/>\n\n\n\n<p>Au trecut aproape opt luni p\u00e2n\u0103 c\u00e2nd tata mi-a cerut scuze.<\/p>\n\n\n\n<p>Nu prin mama.<\/p>\n\n\n\n<p>Nu prin avocat.<\/p>\n\n\n\n<p>Nu pentru c\u0103 avea nevoie de ceva de la Altamira.<\/p>\n\n\n\n<p>A venit singur.<\/p>\n\n\n\n<p>Santiago era acas\u0103, dar a r\u0103mas \u00een birou.<\/p>\n\n\n\n<p>Tata se a\u0219ez\u0103 \u00een fa\u021ba mea.<\/p>\n\n\n\n<p>\u2014 Am fost crud cu tine.<\/p>\n\n\n\n<p>Nu am r\u0103spuns.<\/p>\n\n\n\n<p>\u2014 \u0218i nu doar la nunt\u0103.<\/p>\n\n\n\n<p>Continu\u0103 cu dificultate:<\/p>\n\n\n\n<p>\u2014 Cred c\u0103 mult timp am confundat faptul c\u0103 nu aveai nevoie de aprobarea mea cu ideea c\u0103 nu aveai nevoie de mine.<\/p>\n\n\n\n<p>Am sim\u021bit ceva str\u00e2ng\u00e2ndu-mi pieptul.<\/p>\n\n\n\n<p>\u2014 Am avut nevoie de tine, tat\u0103.<\/p>\n\n\n\n<p>Ochii i se umezir\u0103.<\/p>\n\n\n\n<p>\u2014 \u0218tiu acum.<\/p>\n\n\n\n<p>\u2014 Nu. Am avut nevoie de tine c\u00e2nd aveam doisprezece ani. La dou\u0103zeci. La dou\u0103zeci \u0219i cinci.<\/p>\n\n\n\n<p>Mi-am \u021binut vocea calm\u0103.<\/p>\n\n\n\n<p>\u2014 Acum nu mai am.<\/p>\n\n\n\n<p>A dat \u00eencet din cap.<\/p>\n\n\n\n<p>Nu i-am oferit iertarea instantanee pe care probabil \u0219i-o dorea.<\/p>\n\n\n\n<p>Dar nici nu l-am dat afar\u0103.<\/p>\n\n\n\n<hr class=\"wp-block-separator has-alpha-channel-opacity\"\/>\n\n\n\n<p>Rochia de la nunta Renatei a fost cur\u0103\u021bat\u0103.<\/p>\n\n\n\n<p>Pata a ie\u0219it aproape complet.<\/p>\n\n\n\n<p>\u00centr-o sear\u0103, c\u00e2teva luni mai t\u00e2rziu, Santiago a g\u0103sit-o \u00een dressing.<\/p>\n\n\n\n<p>\u2014 O mai p\u0103strezi?<\/p>\n\n\n\n<p>\u2014 Da.<\/p>\n\n\n\n<p>\u2014 De ce?<\/p>\n\n\n\n<p>Am trecut degetele peste locul \u00een care fusese vinul.<\/p>\n\n\n\n<p>\u2014 Pentru c\u0103 \u00eemi place.<\/p>\n\n\n\n<p>A z\u00e2mbit.<\/p>\n\n\n\n<p>\u2014 At\u00e2t?<\/p>\n\n\n\n<p>M-am g\u00e2ndit pu\u021bin.<\/p>\n\n\n\n<p>\u2014 \u0218i pentru c\u0103 nu vreau ca ultima amintire despre rochia asta s\u0103 fie momentul \u00een care tata a \u00eencercat s\u0103 m\u0103 fac\u0103 de ru\u0219ine.<\/p>\n\n\n\n<p>Am purtat-o din nou la o gal\u0103 organizat\u0103 de companie.<\/p>\n\n\n\n<p>De data aceea am intrat \u00een sal\u0103 \u021bin\u00e2ndu-l pe Santiago de m\u00e2n\u0103.<\/p>\n\n\n\n<p>Nu ca s\u0103 demonstrez familiei mele cine devenisem.<\/p>\n\n\n\n<p>Ci pentru c\u0103, \u00een sf\u00e2r\u0219it, nu mai aveam nimic de demonstrat.<\/p>\n\n\n\n<p><strong>Timp de 32 de ani, familia mea crezuse c\u0103 eram fiica ratat\u0103 pentru c\u0103 nu m\u0103 \u00eencadram \u00een imaginea pe care o construiser\u0103 pentru mine. \u00cen realitate, cea mai mare reu\u0219it\u0103 a mea nu fusese cariera, averea sau b\u0103rbatul cu care m\u0103 c\u0103s\u0103torisem. Fusese faptul c\u0103 \u00eenv\u0103\u021basem s\u0103-mi construiesc o via\u021b\u0103 \u00een care valoarea mea nu mai depindea de oamenii care avuseser\u0103 nevoie s\u0103 m\u0103 mic\u0219oreze pentru a se sim\u021bi ei mai mari.<\/strong><\/p>\n\n\n\n<p><a href=\"https:\/\/www.pinterest.com\/pin\/create\/button\/?url=https%3A%2F%2Fbumzi.ro%2F%3Fp%3D28558&amp;description=La+nunta+de+aproape+1%2C4+milioane+de+lei+a+surorii+mele%2C+tata+a+v%C4%83rsat+un+pahar+cu+vin+ro%C8%99u+peste+rochia+mea\" target=\"_blank\" rel=\"noreferrer noopener\"><\/a><\/p>\n\n\n\n<p><a href=\"https:\/\/www.facebook.com\/sharer\/sharer.php?u=https%3A%2F%2Fbumzi.ro%2F%3Fp%3D28558\" target=\"_blank\" rel=\"noreferrer noopener\"><\/a><\/p>\n\n\n\n<p><a href=\"https:\/\/twitter.com\/intent\/tweet?url=https%3A%2F%2Fbumzi.ro%2F%3Fp%3D28558&amp;text=La+nunta+de+aproape+1%2C4+milioane+de+lei+a+surorii+mele%2C+tata+a+v%C4%83rsat+un+pahar+cu+vin+ro%C8%99u+peste+rochia+mea\" target=\"_blank\" rel=\"noreferrer noopener\"><\/a><\/p>\n\n\n\n<p><em>Aceast\u0103 lucrare este inspirat\u0103 din evenimente \u0219i persoane reale, \u00eens\u0103 a fost fic\u021bionalizat\u0103 \u00een scopuri creative. Numele, personajele \u0219i detaliile au fost schimbate pentru a proteja intimitatea \u0219i pentru a \u00eembun\u0103t\u0103\u021bi nara\u021biunea. Orice asem\u0103nare cu persoane reale, \u00een via\u021b\u0103 sau decedate, sau cu evenimente reale este pur \u00eent\u00e2mpl\u0103toare \u0219i nu este inten\u021bionat\u0103 de c\u0103tre autor.<\/em><\/p>\n\n\n\n<p><em>Autorul \u0219i editorul nu \u00ee\u0219i asum\u0103 responsabilitatea pentru exactitatea evenimentelor sau pentru modul \u00een care sunt portretizate personajele \u0219i nu sunt r\u0103spunz\u0103tori pentru eventuale interpret\u0103ri gre\u0219ite. Aceast\u0103 poveste este oferit\u0103 \u201eca atare\u201d, iar orice opinii exprimate apar\u021bin personajelor \u0219i nu reflect\u0103 punctele de vedere ale autorului sau ale editorului.<\/em><\/p>\n","protected":false},"excerpt":{"rendered":"<p>La mai pu\u021bin de trei minute dup\u0103 apel, u\u0219ile mari ale salonului s-au deschis. Patru b\u0103rba\u021bi \u00een costume \u00eenchise la culoare au intrat primii. Nu<\/p>\n","protected":false},"author":1,"featured_media":49985,"comment_status":"closed","ping_status":"closed","sticky":false,"template":"","format":"standard","meta":[],"categories":[1],"tags":[],"_links":{"self":[{"href":"https:\/\/calatorinromania.com\/index.php?rest_route=\/wp\/v2\/posts\/50199"}],"collection":[{"href":"https:\/\/calatorinromania.com\/index.php?rest_route=\/wp\/v2\/posts"}],"about":[{"href":"https:\/\/calatorinromania.com\/index.php?rest_route=\/wp\/v2\/types\/post"}],"author":[{"embeddable":true,"href":"https:\/\/calatorinromania.com\/index.php?rest_route=\/wp\/v2\/users\/1"}],"replies":[{"embeddable":true,"href":"https:\/\/calatorinromania.com\/index.php?rest_route=%2Fwp%2Fv2%2Fcomments&post=50199"}],"version-history":[{"count":1,"href":"https:\/\/calatorinromania.com\/index.php?rest_route=\/wp\/v2\/posts\/50199\/revisions"}],"predecessor-version":[{"id":50200,"href":"https:\/\/calatorinromania.com\/index.php?rest_route=\/wp\/v2\/posts\/50199\/revisions\/50200"}],"wp:featuredmedia":[{"embeddable":true,"href":"https:\/\/calatorinromania.com\/index.php?rest_route=\/wp\/v2\/media\/49985"}],"wp:attachment":[{"href":"https:\/\/calatorinromania.com\/index.php?rest_route=%2Fwp%2Fv2%2Fmedia&parent=50199"}],"wp:term":[{"taxonomy":"category","embeddable":true,"href":"https:\/\/calatorinromania.com\/index.php?rest_route=%2Fwp%2Fv2%2Fcategories&post=50199"},{"taxonomy":"post_tag","embeddable":true,"href":"https:\/\/calatorinromania.com\/index.php?rest_route=%2Fwp%2Fv2%2Ftags&post=50199"}],"curies":[{"name":"wp","href":"https:\/\/api.w.org\/{rel}","templated":true}]}}