{"id":50187,"date":"2026-09-03T10:57:50","date_gmt":"2026-09-03T10:57:50","guid":{"rendered":"https:\/\/calatorinromania.com\/?p=50187"},"modified":"2026-09-03T10:58:02","modified_gmt":"2026-09-03T10:58:02","slug":"m-am-dus-sa-i-fac-o-surpriza-fiului-meu-de-ziua-lui-cand-implinea-32-de-ani","status":"publish","type":"post","link":"https:\/\/calatorinromania.com\/?p=50187","title":{"rendered":"M-AM DUS S\u0102-I FAC O SURPRIZ\u0102 FIULUI MEU DE ZIUA LUI, C\u00c2ND \u00ceMPLINEA 32 DE ANI"},"content":{"rendered":"\n<p><\/p>\n\n\n\n<p>\u2014 \u2026banii mamei.<\/p>\n\n\n\n<p>Am sim\u021bit c\u0103 nu mai pot respira.<\/p>\n\n\n\n<p>\u2014 Ce-ai spus?<\/p>\n\n\n\n<p>Damian scoase \u00eenc\u0103 un document din dosar.<\/p>\n\n\n\n<p>\u2014 Banii mamei. Cei pe care i-ai pus deoparte dup\u0103 ce a murit.<\/p>\n\n\n\n<p>So\u021bia mea, Elena, murise cu \u0219ase ani \u00eenainte.<\/p>\n\n\n\n<p>Dup\u0103 ce v\u00e2ndusem apartamentul mo\u0219tenit de la p\u0103rin\u021bii ei, pusesem aproape 600.000 de lei \u00eentr-un cont separat.<\/p>\n\n\n\n<p>Inten\u021bia mea fusese simpl\u0103: \u00eentr-o zi, banii s\u0103 ajung\u0103 la Damian \u0219i la copiii lui.<\/p>\n\n\n\n<p>Doar trei persoane \u0219tiau exact de acel cont.<\/p>\n\n\n\n<p>Eu.<\/p>\n\n\n\n<p>Damian.<\/p>\n\n\n\n<p>\u0218i\u2026<\/p>\n\n\n\n<p>M-am uitat din nou la semn\u0103tur\u0103.<\/p>\n\n\n\n<p><strong>Sorin Munteanu.<\/strong><\/p>\n\n\n\n<p>Fratele meu mai mic.<\/p>\n\n\n\n<p>\u2014 Unchiul Sorin? am \u0219optit.<\/p>\n\n\n\n<p>Damian \u00eencuviin\u021b\u0103.<\/p>\n\n\n\n<p>Mi s-a f\u0103cut r\u0103u.<\/p>\n\n\n\n<p>Sorin nu era doar fratele meu.<\/p>\n\n\n\n<p>Era na\u0219ul lui Damian.<\/p>\n\n\n\n<p>\u00cel ajutase s\u0103 \u00eenfiin\u021beze compania.<\/p>\n\n\n\n<p>\u00cei recomandase primul contabil.<\/p>\n\n\n\n<p>C\u00e2nd Damian cump\u0103rase casa, Sorin \u00eel ajutase cu actele.<\/p>\n\n\n\n<p>Iar eu \u00eei spusesem fiului meu de nenum\u0103rate ori:<\/p>\n\n\n\n<p><strong>\u201eDac\u0103 mi se \u00eent\u00e2mpl\u0103 ceva, ai \u00eencredere \u00een unchiul t\u0103u.\u201d<\/strong><\/p>\n\n\n\n<p>Damian \u00eemi ar\u0103t\u0103 o serie de transferuri.<\/p>\n\n\n\n<p>\u2014 Rebeca \u0219i Sorin au deschis dou\u0103 firme prin intermediari. O parte din banii sco\u0219i din compania mea ajungeau acolo.<\/p>\n\n\n\n<p>\u2014 Dar contul mamei tale?<\/p>\n\n\n\n<p>\u2014 Uit\u0103-te la pagina urm\u0103toare.<\/p>\n\n\n\n<p>Am \u00eentors foaia.<\/p>\n\n\n\n<p>Acolo era o copie dup\u0103 o procur\u0103.<\/p>\n\n\n\n<p>Semn\u0103tura mea ap\u0103rea \u00een partea de jos.<\/p>\n\n\n\n<p>Doar c\u0103 eu nu semnasem niciodat\u0103 documentul acela.<\/p>\n\n\n\n<p>\u2014 E fals\u0103.<\/p>\n\n\n\n<p>\u2014 \u0218tiu.<\/p>\n\n\n\n<p>\u2014 Sorin a falsificat semn\u0103tura mea?<\/p>\n\n\n\n<p>\u2014 Asta cred.<\/p>\n\n\n\n<p>Conform documentelor, aproape 280.000 de lei fuseser\u0103 muta\u021bi din investi\u021bia f\u0103cut\u0103 \u00een numele meu c\u0103tre una dintre firmele controlate indirect de Sorin.<\/p>\n\n\n\n<p>Am sim\u021bit o furie pe care nu o mai sim\u021bisem niciodat\u0103.<\/p>\n\n\n\n<p>Am scos telefonul.<\/p>\n\n\n\n<p>Damian mi l-a smuls din m\u00e2n\u0103.<\/p>\n\n\n\n<p>\u2014 Nu-l suna.<\/p>\n\n\n\n<p>\u2014 Este fratele meu!<\/p>\n\n\n\n<p>\u2014 Exact. \u0218i dac\u0103 afl\u0103 c\u0103 avem documentele, poate \u0219terge ce a mai r\u0103mas.<\/p>\n\n\n\n<p>M-am uitat la fiul meu.<\/p>\n\n\n\n<p>Pentru prima dat\u0103 \u00een seara aceea nu mai vedeam un b\u0103rbat \u00eenvins.<\/p>\n\n\n\n<p>Vedeam omul de afaceri care construise o companie de la zero.<\/p>\n\n\n\n<p>Obosit.<\/p>\n\n\n\n<p>Speriat.<\/p>\n\n\n\n<p>Dar \u00eenc\u0103 lucid.<\/p>\n\n\n\n<p>\u2014 Ce vrei s\u0103 facem?<\/p>\n\n\n\n<p>\u2014 M\u00e2ine mergem la avocat.<\/p>\n\n\n\n<p><\/p>\n\n\n\n<p><\/p>\n\n\n\n<p><\/p>\n\n\n\n<hr class=\"wp-block-separator has-alpha-channel-opacity\"\/>\n\n\n\n<p>\u00cen diminea\u021ba urm\u0103toare n-am mers la Sorin.<\/p>\n\n\n\n<p>N-am mers la Rebeca.<\/p>\n\n\n\n<p>Am mers la un avocat specializat \u00een litigii comerciale \u0219i la un expert contabil independent.<\/p>\n\n\n\n<p>Copiii au r\u0103mas cu sora mea.<\/p>\n\n\n\n<p>Pentru prima dat\u0103 dup\u0103 unsprezece nop\u021bi, Damian \u0219tia c\u0103 \u00een seara aceea fiii lui vor dormi \u00eentr-un pat.<\/p>\n\n\n\n<p>Expertului i-au trebuit aproape \u0219ase ore doar pentru o prim\u0103 analiz\u0103.<\/p>\n\n\n\n<p>C\u00e2nd \u0219i-a scos ochelarii, expresia lui mi-a spus totul.<\/p>\n\n\n\n<p>\u2014 Domnule Alcocer, aici nu vorbim despre o simpl\u0103 disput\u0103 \u00eentre so\u021bi.<\/p>\n\n\n\n<p>Ar\u0103t\u0103 spre documente.<\/p>\n\n\n\n<p>\u2014 Dac\u0103 aceste copii se confirm\u0103, vorbim despre transferuri neautorizate, posibile falsuri \u0219i un mecanism prin care activele companiei au fost mutate treptat.<\/p>\n\n\n\n<p>\u2014 Casa? \u00eentreb\u0103 Damian.<\/p>\n\n\n\n<p>\u2014 Trebuie verificat lan\u021bul documentelor. Dar faptul c\u0103 cineva a schimbat administrarea sau a folosit procuri nu \u00eenseamn\u0103 automat c\u0103 toate actele sunt valabile.<\/p>\n\n\n\n<p>Damian \u00ee\u0219i acoperi ochii.<\/p>\n\n\n\n<p>Cred c\u0103 aceea a fost prima raz\u0103 de speran\u021b\u0103 pe care o avusese \u00een s\u0103pt\u0103m\u00e2ni.<\/p>\n\n\n\n<p><\/p>\n\n\n\n<p><\/p>\n\n\n\n<p><\/p>\n\n\n\n<hr class=\"wp-block-separator has-alpha-channel-opacity\"\/>\n\n\n\n<p>\u00cen urm\u0103toarele zile, avocatul a cerut m\u0103suri urgente pentru conservarea documentelor \u0219i blocarea unor opera\u021biuni contestate.<\/p>\n\n\n\n<p>Damian a predat toate dovezile.<\/p>\n\n\n\n<p>Mesaje.<\/p>\n\n\n\n<p>E-mailuri.<\/p>\n\n\n\n<p>Extrase.<\/p>\n\n\n\n<p>\u00cenregistr\u0103ri ale acces\u0103rilor.<\/p>\n\n\n\n<p>Inclusiv mesajele \u00een care Sorin \u00eei spunea:<\/p>\n\n\n\n<p><strong>\u201eSemneaz\u0103. E doar temporar. \u0218tii c\u0103 eu nu \u021bi-a\u0219 face niciodat\u0103 r\u0103u.\u201d<\/strong><\/p>\n\n\n\n<p>\u0218apte zile mai t\u00e2rziu m-a sunat fratele meu.<\/p>\n\n\n\n<p>\u2014 Toni, trebuie s\u0103 vorbim.<\/p>\n\n\n\n<p>\u2014 Despre ce?<\/p>\n\n\n\n<p>T\u0103cere.<\/p>\n\n\n\n<p>\u2014 Damian face o gre\u0219eal\u0103 mare.<\/p>\n\n\n\n<p>Am \u00eenchis ochii.<\/p>\n\n\n\n<p>\u2014 Interesant. Eu credeam c\u0103 tu ai f\u0103cut-o.<\/p>\n\n\n\n<p>\u2014 Nu \u00een\u021belegi situa\u021bia.<\/p>\n\n\n\n<p>\u2014 Atunci explic\u0103-mi de ce semn\u0103tura ta apare l\u00e2ng\u0103 cea a Rebec\u0103i.<\/p>\n\n\n\n<p>N-a mai spus nimic c\u00e2teva secunde.<\/p>\n\n\n\n<p>Apoi:<\/p>\n\n\n\n<p>\u2014 Putem rezolva asta \u00een familie.<\/p>\n\n\n\n<p>Am sim\u021bit un gust amar.<\/p>\n\n\n\n<p>\u2014 Damian a dormit unsprezece nop\u021bi \u00eentr-o ma\u0219in\u0103 cu copiii lui.<\/p>\n\n\n\n<p>\u2014 Rebeca mi-a spus c\u0103 era instabil.<\/p>\n\n\n\n<p>\u2014 \u0218i ai verificat?<\/p>\n\n\n\n<p>\u2014 Toni\u2026<\/p>\n\n\n\n<p>\u2014 Ai sunat vreodat\u0103 s\u0103-l \u00eentrebi?<\/p>\n\n\n\n<p>T\u0103cere.<\/p>\n\n\n\n<p>Atunci am \u00een\u021beles.<\/p>\n\n\n\n<p>Nu.<\/p>\n\n\n\n<p>Pentru c\u0103 adev\u0103rul nu-l interesase.<\/p>\n\n\n\n<p>\u00cel interesase ce putea ob\u021bine.<\/p>\n\n\n\n<p>\u2014 Nu mai este o problem\u0103 de familie, Sorin. Acum este problema avoca\u021bilor.<\/p>\n\n\n\n<p>\u0218i am \u00eenchis.<\/p>\n\n\n\n<p><\/p>\n\n\n\n<p><\/p>\n\n\n\n<p><\/p>\n\n\n\n<p><\/p>\n\n\n\n<hr class=\"wp-block-separator has-alpha-channel-opacity\"\/>\n\n\n\n<p>Investiga\u021bia a durat luni.<\/p>\n\n\n\n<p>Nu totul s-a rezolvat ca prin minune.<\/p>\n\n\n\n<p>Dar multe dintre acuza\u021biile \u00eempotriva lui Damian au \u00eenceput s\u0103 se destrame c\u00e2nd au fost comparate cu dovezile reale.<\/p>\n\n\n\n<p>Evaluarea independent\u0103 cerut\u0103 \u00een disputa privind copiii nu a g\u0103sit ceea ce sus\u021binea Rebeca.<\/p>\n\n\n\n<p>Damian nu era un tat\u0103 periculos.<\/p>\n\n\n\n<p>Era un tat\u0103 epuizat care \u00eencercase cu disperare s\u0103 nu-\u0219i piard\u0103 copiii.<\/p>\n\n\n\n<p>Casa a intrat \u00eentr-un litigiu separat.<\/p>\n\n\n\n<p>Compania, de\u0219i grav afectat\u0103, nu disp\u0103ruse.<\/p>\n\n\n\n<p>O parte dintre contractele contestate au putut fi suspendate, iar auditul a identificat transferuri care duceau spre firme legate de Sorin \u0219i de apropia\u021bi ai Rebec\u0103i.<\/p>\n\n\n\n<p>Pentru prima dat\u0103, Damian nu mai trebuia s\u0103 demonstreze singur c\u0103 nu \u00ee\u0219i imaginase totul.<\/p>\n\n\n\n<p>Documentele vorbeau pentru el.<\/p>\n\n\n\n<p><\/p>\n\n\n\n<p><\/p>\n\n\n\n<p><\/p>\n\n\n\n<hr class=\"wp-block-separator has-alpha-channel-opacity\"\/>\n\n\n\n<p>La dou\u0103 luni dup\u0103 ziua lui, Damian a \u00eenchiriat un apartament mic.<\/p>\n\n\n\n<p>Nu sem\u0103na deloc cu vila \u00een care locuise.<\/p>\n\n\n\n<p>Avea dou\u0103 dormitoare, o buc\u0103t\u0103rie \u00eengust\u0103 \u0219i un balcon minuscul.<\/p>\n\n\n\n<p>Dar c\u00e2nd gemenii au intrat prima dat\u0103, Bruno a alergat spre pat.<\/p>\n\n\n\n<p>\u2014 Nu mai mergem cu cortul \u00een ma\u0219in\u0103?<\/p>\n\n\n\n<p>Damian a \u00eenghe\u021bat.<\/p>\n\n\n\n<p>\u2014 Nu, puiule.<\/p>\n\n\n\n<p>\u2014 Niciodat\u0103?<\/p>\n\n\n\n<p>Fiul meu s-a a\u0219ezat \u00een genunchi \u00een fa\u021ba lui.<\/p>\n\n\n\n<p>\u2014 Niciodat\u0103.<\/p>\n\n\n\n<p>Emil \u00eel \u00eembr\u0103\u021bi\u0219\u0103.<\/p>\n\n\n\n<p>Eu m-am \u00eentors spre geam ca s\u0103 nu m\u0103 vad\u0103 pl\u00e2ng\u00e2nd.<\/p>\n\n\n\n<hr class=\"wp-block-separator has-alpha-channel-opacity\"\/>\n\n\n\n<p>\u00cen ziua aceea i-am dat \u0219i cadoul pe care \u00eel adusesem cu dou\u0103 luni \u00eenainte.<\/p>\n\n\n\n<p>Ceasul.<\/p>\n\n\n\n<p>Cutia fusese \u00een ma\u0219ina mea tot timpul.<\/p>\n\n\n\n<p>\u2014 La mul\u021bi ani cu \u00eent\u00e2rziere, i-am spus.<\/p>\n\n\n\n<p>Damian deschise cutia.<\/p>\n\n\n\n<p>Pe spatele ceasului gravasesem \u00eenainte s\u0103 plec din Cluj:<\/p>\n\n\n\n<p><strong>\u201ePentru fiul meu. Sunt m\u00e2ndru de omul care ai devenit.\u201d<\/strong><\/p>\n\n\n\n<p>C\u00e2nd citi, \u00eencepu s\u0103 pl\u00e2ng\u0103.<\/p>\n\n\n\n<p>\u2014 Dac\u0103 ai fi \u0219tiut\u2026<\/p>\n\n\n\n<p>\u2014 Ce?<\/p>\n\n\n\n<p>\u2014 Cum eram atunci.<\/p>\n\n\n\n<p>Am pus m\u00e2na pe um\u0103rul lui.<\/p>\n\n\n\n<p>\u2014 Tocmai atunci trebuia s\u0103 cite\u0219ti asta.<\/p>\n\n\n\n<p>Damian cl\u0103tin\u0103 din cap.<\/p>\n\n\n\n<p>\u2014 Am pierdut aproape tot.<\/p>\n\n\n\n<p>\u2014 Nu.<\/p>\n\n\n\n<p>M-am uitat spre cei doi copii care construiau un castel din cutiile \u00eenc\u0103 nedesf\u0103cute.<\/p>\n\n\n\n<p>\u2014 Ai r\u0103mas f\u0103r\u0103 cas\u0103. Ai pierdut bani. Aproape \u021bi-ai pierdut firma. Dar c\u00e2nd ai avut de ales \u00eentre confortul t\u0103u \u0219i copiii t\u0103i, ai dormit \u00eentr-o ma\u0219in\u0103 ca ei s\u0103 r\u0103m\u00e2n\u0103 l\u00e2ng\u0103 tine.<\/p>\n\n\n\n<p>Am ar\u0103tat spre ceas.<\/p>\n\n\n\n<p>\u2014 De asta sunt m\u00e2ndru.<\/p>\n\n\n\n<hr class=\"wp-block-separator has-alpha-channel-opacity\"\/>\n\n\n\n<p>Procesul de reconstruire a durat mult.<\/p>\n\n\n\n<p>Damian a relansat compania \u00eentr-o form\u0103 mai mic\u0103.<\/p>\n\n\n\n<p>A recuperat o parte important\u0103 din bani, iar restul a r\u0103mas subiectul procedurilor legale.<\/p>\n\n\n\n<p>Rela\u021bia mea cu Sorin s-a terminat \u00een ziua \u00een care am v\u0103zut acea semn\u0103tur\u0103.<\/p>\n\n\n\n<p>Nu pentru c\u0103 era fratele meu \u0219i gre\u0219ise.<\/p>\n\n\n\n<p>Ci pentru c\u0103 folosise tocmai \u00eencrederea familiei ca instrument.<\/p>\n\n\n\n<p>Iar Rebeca \u0219i Damian au continuat s\u0103-\u0219i rezolve separarea \u0219i situa\u021bia copiilor prin avoca\u021bi, nu prin r\u0103zbun\u0103ri \u0219i amenin\u021b\u0103ri.<\/p>\n\n\n\n<p>Cel mai important, gemenii au r\u0103mas \u00een siguran\u021b\u0103 \u0219i au p\u0103strat o rela\u021bie stabil\u0103 cu tat\u0103l lor.<\/p>\n\n\n\n<hr class=\"wp-block-separator has-alpha-channel-opacity\"\/>\n\n\n\n<p>Dar ceva \u00eenc\u0103 m\u0103 urm\u0103re\u0219te.<\/p>\n\n\n\n<p>Nu documentele.<\/p>\n\n\n\n<p>Nu banii.<\/p>\n\n\n\n<p>Nici m\u0103car tr\u0103darea fratelui meu.<\/p>\n\n\n\n<p>Sunt cele patru cuvinte pe care Damian mi le-a spus \u00een ma\u0219in\u0103:<\/p>\n\n\n\n<p><strong>\u201eMi-a fost ru\u0219ine, tat\u0103.\u201d<\/strong><\/p>\n\n\n\n<p>Pentru c\u0103 eu crezusem c\u0103-mi crescusem fiul s\u0103 fie puternic.<\/p>\n\n\n\n<p>Nu-mi d\u0103dusem seama c\u0103, undeva pe drum, el \u00eenv\u0103\u021base c\u0103 a fi puternic \u00eensemna s\u0103 nu ceri ajutor.<\/p>\n\n\n\n<p>Acum, de fiecare dat\u0103 c\u00e2nd vorbim \u0219i \u00eemi spune:<\/p>\n\n\n\n<p>\u2014 Totul e bine, tat\u0103.<\/p>\n\n\n\n<p>\u00cei r\u0103spund:<\/p>\n\n\n\n<p>\u2014 Bine. Acum spune-mi cum e cu adev\u0103rat.<\/p>\n\n\n\n<p>Pentru c\u0103 \u00een acea noapte am \u00eenv\u0103\u021bat ceva ce niciun p\u0103rinte n-ar trebui s\u0103 uite:<\/p>\n\n\n\n<p><strong>uneori copilul care spune cel mai conving\u0103tor \u201esunt bine\u201d este tocmai cel care are nevoie s\u0103 deschizi portiera, s\u0103 te a\u0219ezi l\u00e2ng\u0103 el \u0219i s\u0103-i spui c\u0103 nu trebuie s\u0103-\u0219i poarte singur ru\u0219inea, frica sau necazul doar pentru a te face m\u00e2ndru.<\/strong><\/p>\n\n\n\n<p><a href=\"https:\/\/www.pinterest.com\/pin\/create\/button\/?url=https%3A%2F%2Fbumzi.ro%2F%3Fp%3D28527&amp;description=M-AM+DUS+S%C4%82-I+FAC+O+SURPRIZ%C4%82+FIULUI+MEU+DE+ZIUA+LUI%2C+C%C3%82ND+%C3%8EMPLINEA+32+DE+ANI\" target=\"_blank\" rel=\"noreferrer noopener\"><\/a><\/p>\n\n\n\n<p><a href=\"https:\/\/www.facebook.com\/sharer\/sharer.php?u=https%3A%2F%2Fbumzi.ro%2F%3Fp%3D28527\" target=\"_blank\" rel=\"noreferrer noopener\"><\/a><\/p>\n\n\n\n<p><a href=\"https:\/\/twitter.com\/intent\/tweet?url=https%3A%2F%2Fbumzi.ro%2F%3Fp%3D28527&amp;text=M-AM+DUS+S%C4%82-I+FAC+O+SURPRIZ%C4%82+FIULUI+MEU+DE+ZIUA+LUI%2C+C%C3%82ND+%C3%8EMPLINEA+32+DE+ANI\" target=\"_blank\" rel=\"noreferrer noopener\"><\/a><\/p>\n\n\n\n<p><em>Aceast\u0103 lucrare este inspirat\u0103 din evenimente \u0219i persoane reale, \u00eens\u0103 a fost fic\u021bionalizat\u0103 \u00een scopuri creative. Numele, personajele \u0219i detaliile au fost schimbate pentru a proteja intimitatea \u0219i pentru a \u00eembun\u0103t\u0103\u021bi nara\u021biunea. Orice asem\u0103nare cu persoane reale, \u00een via\u021b\u0103 sau decedate, sau cu evenimente reale este pur \u00eent\u00e2mpl\u0103toare \u0219i nu este inten\u021bionat\u0103 de c\u0103tre autor.<\/em><\/p>\n\n\n\n<p><em>Autorul \u0219i editorul nu \u00ee\u0219i asum\u0103 responsabilitatea pentru exactitatea evenimentelor sau pentru modul \u00een care sunt portretizate personajele \u0219i nu sunt r\u0103spunz\u0103tori pentru eventuale interpret\u0103ri gre\u0219ite. Aceast\u0103 poveste este oferit\u0103 \u201eca atare\u201d, iar orice opinii exprimate apar\u021bin personajelor \u0219i nu reflect\u0103 punctele de vedere ale autorului sau ale editorului.<\/em><\/p>\n","protected":false},"excerpt":{"rendered":"<p>\u2014 \u2026banii mamei. Am sim\u021bit c\u0103 nu mai pot respira. \u2014 Ce-ai spus? Damian scoase \u00eenc\u0103 un document din dosar. \u2014 Banii mamei. Cei pe<\/p>\n","protected":false},"author":1,"featured_media":49985,"comment_status":"closed","ping_status":"closed","sticky":false,"template":"","format":"standard","meta":[],"categories":[1],"tags":[],"_links":{"self":[{"href":"https:\/\/calatorinromania.com\/index.php?rest_route=\/wp\/v2\/posts\/50187"}],"collection":[{"href":"https:\/\/calatorinromania.com\/index.php?rest_route=\/wp\/v2\/posts"}],"about":[{"href":"https:\/\/calatorinromania.com\/index.php?rest_route=\/wp\/v2\/types\/post"}],"author":[{"embeddable":true,"href":"https:\/\/calatorinromania.com\/index.php?rest_route=\/wp\/v2\/users\/1"}],"replies":[{"embeddable":true,"href":"https:\/\/calatorinromania.com\/index.php?rest_route=%2Fwp%2Fv2%2Fcomments&post=50187"}],"version-history":[{"count":2,"href":"https:\/\/calatorinromania.com\/index.php?rest_route=\/wp\/v2\/posts\/50187\/revisions"}],"predecessor-version":[{"id":50189,"href":"https:\/\/calatorinromania.com\/index.php?rest_route=\/wp\/v2\/posts\/50187\/revisions\/50189"}],"wp:featuredmedia":[{"embeddable":true,"href":"https:\/\/calatorinromania.com\/index.php?rest_route=\/wp\/v2\/media\/49985"}],"wp:attachment":[{"href":"https:\/\/calatorinromania.com\/index.php?rest_route=%2Fwp%2Fv2%2Fmedia&parent=50187"}],"wp:term":[{"taxonomy":"category","embeddable":true,"href":"https:\/\/calatorinromania.com\/index.php?rest_route=%2Fwp%2Fv2%2Fcategories&post=50187"},{"taxonomy":"post_tag","embeddable":true,"href":"https:\/\/calatorinromania.com\/index.php?rest_route=%2Fwp%2Fv2%2Ftags&post=50187"}],"curies":[{"name":"wp","href":"https:\/\/api.w.org\/{rel}","templated":true}]}}