{"id":50185,"date":"2026-09-03T10:51:42","date_gmt":"2026-09-03T10:51:42","guid":{"rendered":"https:\/\/calatorinromania.com\/?p=50185"},"modified":"2026-09-03T10:51:43","modified_gmt":"2026-09-03T10:51:43","slug":"sotul-meu-a-crezut-ca-eu-si-fiul-meu-de-8-ani-eram-inconstienti-dupa-cina","status":"publish","type":"post","link":"https:\/\/calatorinromania.com\/?p=50185","title":{"rendered":"So\u021bul meu a crezut c\u0103 eu \u0219i fiul meu de 8 ani eram incon\u0219tien\u021bi dup\u0103 cin\u0103"},"content":{"rendered":"\n<p>Sirenele nu s-au auzit.<\/p>\n\n\n\n<p>Mai t\u00e2rziu aveam s\u0103 aflu c\u0103 operatoarea le spusese echipajelor s\u0103 se apropie f\u0103r\u0103 semnale sonore.<\/p>\n\n\n\n<p>Dar Andrei a observat altceva.<\/p>\n\n\n\n<p><\/p>\n\n\n\n<p><\/p>\n\n\n\n<p>S-a oprit l\u00e2ng\u0103 mas\u0103 \u0219i s-a uitat fix spre podea.<\/p>\n\n\n\n<p>Spre mine.<\/p>\n\n\n\n<p>\u2014 Ciudat\u2026<\/p>\n\n\n\n<p>Nu m-am mi\u0219cat.<\/p>\n\n\n\n<p>Se apropie.<\/p>\n\n\n\n<p>\u2014 Ana?<\/p>\n\n\n\n<p>\u00cemi \u021bineam ochii \u00eenchi\u0219i.<\/p>\n\n\n\n<p>Apoi \u00eei auzii pa\u0219ii \u00eendrept\u00e2ndu-se spre Matei.<\/p>\n\n\n\n<p>\u2014 Matei?<\/p>\n\n\n\n<p>Nimic.<\/p>\n\n\n\n<p>Pentru c\u00e2teva secunde am crezut c\u0103 reu\u0219isem.<\/p>\n\n\n\n<p><\/p>\n\n\n\n<p><\/p>\n\n\n\n<p>Apoi Andrei spuse:<\/p>\n\n\n\n<p>\u2014 Unde este restul m\u00e2nc\u0103rii?<\/p>\n\n\n\n<p>Mi-a \u00eenghe\u021bat s\u00e2ngele.<\/p>\n\n\n\n<p>Probabil \u00ee\u0219i amintea c\u00e2t r\u0103m\u0103sese \u00een farfuria mea.<\/p>\n\n\n\n<p>Deschise frigiderul.<\/p>\n\n\n\n<p>Apoi congelatorul.<\/p>\n\n\n\n<p>Am auzit sertarele mi\u0219c\u00e2ndu-se.<\/p>\n\n\n\n<p>Matei scoase un sunet mic.<\/p>\n\n\n\n<p>Aproape imperceptibil.<\/p>\n\n\n\n<p>Dar Andrei \u00eel auzi.<\/p>\n\n\n\n<p><\/p>\n\n\n\n<p><\/p>\n\n\n\n<p>Pa\u0219ii se oprir\u0103.<\/p>\n\n\n\n<p>\u2014 Matei?<\/p>\n\n\n\n<p>Fiul meu deschise ochii.<\/p>\n\n\n\n<p>\u2014 Fugi! am strigat.<\/p>\n\n\n\n<p>Am \u00eencercat s\u0103 m\u0103 ridic.<\/p>\n\n\n\n<p>Picioarele \u00eenc\u0103 \u00eemi tremurau.<\/p>\n\n\n\n<p>Andrei se \u00eentoarse spre noi cu o expresie pe care nu o mai v\u0103zusem niciodat\u0103.<\/p>\n\n\n\n<p>Nu era furie.<\/p>\n\n\n\n<p>Era panic\u0103.<\/p>\n\n\n\n<p>\u2014 Ana, ascult\u0103-m\u0103.<\/p>\n\n\n\n<p><\/p>\n\n\n\n<p><\/p>\n\n\n\n<p>Matei alerg\u0103 spre hol.<\/p>\n\n\n\n<p>Andrei \u00eencerc\u0103 s\u0103-l prind\u0103.<\/p>\n\n\n\n<p>M-am aruncat spre el \u0219i i-am prins piciorul.<\/p>\n\n\n\n<p>Am\u00e2ndoi am c\u0103zut.<\/p>\n\n\n\n<p>\u2014 MATEI, \u00ceNCUIE-TE \u00ceN BAIE!<\/p>\n\n\n\n<p>\u2014 Nu \u00een\u021belegi! strig\u0103 Andrei. Nu trebuia s\u0103 se \u00eent\u00e2mple a\u0219a!<\/p>\n\n\n\n<p>\u2014 Ai \u00eencercat s\u0103 ne otr\u0103ve\u0219ti!<\/p>\n\n\n\n<p>\u2014 Nu voiam s\u0103 v\u0103 omor!<\/p>\n\n\n\n<p>Cuvintele acelea m\u0103 f\u0103cur\u0103 s\u0103 \u00eencremenesc.<\/p>\n\n\n\n<p>Nu spusese c\u0103 nu pusese nimic \u00een m\u00e2ncare.<\/p>\n\n\n\n<p>Spusese c\u0103 nu voia s\u0103 ne omoare.<\/p>\n\n\n\n<p>\u00cen secunda urm\u0103toare se auzir\u0103 lovituri puternice \u00een u\u0219a de la intrare.<\/p>\n\n\n\n<p>\u2014 POLI\u021aIA!<\/p>\n\n\n\n<p>Andrei p\u0103li.<\/p>\n\n\n\n<p><\/p>\n\n\n\n<p><\/p>\n\n\n\n<hr class=\"wp-block-separator has-alpha-channel-opacity\"\/>\n\n\n\n<p>Totul s-a \u00eent\u00e2mplat foarte repede dup\u0103 aceea.<\/p>\n\n\n\n<p>Poli\u021bi\u0219tii au intrat.<\/p>\n\n\n\n<p>Matei a fost scos din baie.<\/p>\n\n\n\n<p>Eu \u0219i el am fost du\u0219i cu ambulan\u021ba la spital.<\/p>\n\n\n\n<p>Punga ascuns\u0103 \u00een congelator a fost ridicat\u0103 ca prob\u0103, \u00eempreun\u0103 cu farfuriile, sacul de gunoi \u0219i sticlu\u021ba pe care Matei spusese c\u0103 o v\u0103zuse.<\/p>\n\n\n\n<p>Analizele au confirmat c\u0103 ingeraser\u0103m o substan\u021b\u0103 cu efect sedativ.<\/p>\n\n\n\n<p>Cantitatea nu fusese suficient\u0103 pentru a ne ucide.<\/p>\n\n\n\n<p>Dar putea s\u0103 ne lase incapabili s\u0103 reac\u021bion\u0103m ore \u00eentregi.<\/p>\n\n\n\n<p>Pentru mine, asta nu f\u0103cea situa\u021bia mai bun\u0103.<\/p>\n\n\n\n<p>Mai ales dup\u0103 ce poli\u021bi\u0219tii au verificat telefonul lui Andrei.<\/p>\n\n\n\n<p><\/p>\n\n\n\n<p><\/p>\n\n\n\n<hr class=\"wp-block-separator has-alpha-channel-opacity\"\/>\n\n\n\n<p>Persoana cu care vorbise se numea&nbsp;<strong>Radu Mure\u0219an<\/strong>.<\/p>\n\n\n\n<p>\u00cel cuno\u0219team.<\/p>\n\n\n\n<p>Era asociatul lui Andrei.<\/p>\n\n\n\n<p>Omul care venea la noi la gr\u0103tare.<\/p>\n\n\n\n<p>Omul care \u00eei aducea lui Matei cadouri de ziua lui.<\/p>\n\n\n\n<p>Omul care, de Cr\u0103ciun, st\u0103tuse la masa noastr\u0103 \u0219i \u00eemi spusese:<\/p>\n\n\n\n<p>\u2014 Ana, e\u0219ti norocoas\u0103. Andrei ar face orice pentru familia lui.<\/p>\n\n\n\n<p>Mi s-a f\u0103cut r\u0103u c\u00e2nd am aflat adev\u0103rul.<\/p>\n\n\n\n<p>De aproape doi ani, Andrei \u0219i Radu foloseau firma pentru a muta bani prin facturi fictive \u0219i contracte cu societ\u0103\u021bi controlate indirect de ei.<\/p>\n\n\n\n<p>Transferurile mici pe care le observasem erau doar \u00eenceputul.<\/p>\n\n\n\n<p>Consiliera financiar\u0103 cu care urma s\u0103 m\u0103 \u00eent\u00e2lnesc descoperise deja ceva mult mai grav.<\/p>\n\n\n\n<p>Una dintre firmele c\u0103tre care plecau banii avea leg\u0103tur\u0103 cu un cont deschis folosind copii ale documentelor mele.<\/p>\n\n\n\n<p>Pe h\u00e2rtie, eu ap\u0103ream implicat\u0103.<\/p>\n\n\n\n<p>\u2014 De aceea nu trebuia s\u0103 ajung la \u00eent\u00e2lnire? am \u00eentrebat anchetatorul.<\/p>\n\n\n\n<p>\u2014 Din mesajele recuperate, acesta pare s\u0103 fi fost unul dintre motive.<\/p>\n\n\n\n<p>\u2014 Unul?<\/p>\n\n\n\n<p>B\u0103rbatul puse c\u00e2teva foi \u00een fa\u021ba mea.<\/p>\n\n\n\n<p>Andrei pl\u0103nuia s\u0103 goleasc\u0103 economiile noastre \u00een diminea\u021ba urm\u0103toare.<\/p>\n\n\n\n<p>Apoi voia s\u0103 sus\u021bin\u0103 c\u0103 eu plecasem de acas\u0103 dup\u0103 o criz\u0103 \u0219i luasem banii.<\/p>\n\n\n\n<p>Mi-am dus m\u00e2na la gur\u0103.<\/p>\n\n\n\n<p>\u2014 Dar Matei?<\/p>\n\n\n\n<p>Anchetatorul ezit\u0103.<\/p>\n\n\n\n<p>\u2014 Fiul dumneavoastr\u0103 \u00eel v\u0103zuse manipul\u00e2nd m\u00e2ncarea.<\/p>\n\n\n\n<p>Am \u00eenchis ochii.<\/p>\n\n\n\n<p>\u2014 Ce inten\u021biona s\u0103 fac\u0103 cu el?<\/p>\n\n\n\n<p>\u2014 Nu avem dovezi c\u0103 inten\u021biona s\u0103-i fac\u0103 r\u0103u fizic dup\u0103 aceea.<\/p>\n\n\n\n<p>M-am uitat la el.<\/p>\n\n\n\n<p>\u2014 L-am auzit spun\u00e2nd \u201ea v\u0103zut prea multe\u201d.<\/p>\n\n\n\n<p>\u2014 \u0218tim.<\/p>\n\n\n\n<p>A f\u0103cut o pauz\u0103.<\/p>\n\n\n\n<p>\u2014 De aceea trat\u0103m foarte serios acea conversa\u021bie.<\/p>\n\n\n\n<p><\/p>\n\n\n\n<p><\/p>\n\n\n\n<hr class=\"wp-block-separator has-alpha-channel-opacity\"\/>\n\n\n\n<p>Andrei a \u00eencercat s\u0103 explice totul.<\/p>\n\n\n\n<p>Spunea c\u0103 planul fusese doar s\u0103 dormim p\u00e2n\u0103 diminea\u021b\u0103.<\/p>\n\n\n\n<p>C\u0103 urma s\u0103 m\u0103 fac\u0103 s\u0103 par confuz\u0103.<\/p>\n\n\n\n<p>C\u0103 voia timp s\u0103 mute banii \u0219i s\u0103 \u0219tearg\u0103 documentele.<\/p>\n\n\n\n<p>C\u0103 expresia despre Matei fusese spus\u0103 \u201e\u00een panic\u0103\u201d.<\/p>\n\n\n\n<p>Dar exista o problem\u0103.<\/p>\n\n\n\n<p>Radu trimisese un mesaj cu dou\u0103 zile \u00eenainte:<\/p>\n\n\n\n<p><strong>\u201eDup\u0103 ce rezolvi cu Ana, trebuie s\u0103 ne asigur\u0103m c\u0103 b\u0103iatul nu poate contrazice povestea.\u201d<\/strong><\/p>\n\n\n\n<p>Andrei r\u0103spunsese:<\/p>\n\n\n\n<p><strong>\u201eM\u0103 ocup eu.\u201d<\/strong><\/p>\n\n\n\n<p>N-am vrut s\u0103 mai aud nicio explica\u021bie.<\/p>\n\n\n\n<p><\/p>\n\n\n\n<p><\/p>\n\n\n\n<hr class=\"wp-block-separator has-alpha-channel-opacity\"\/>\n\n\n\n<p>Cea mai dureroas\u0103 \u00eentrebare a venit de la Matei.<\/p>\n\n\n\n<p>Eram \u00een salonul spitalului c\u00e2nd m-a \u00eentrebat:<\/p>\n\n\n\n<p>\u2014 Mama, tata \u0219tia c\u0103 \u0219i eu o s\u0103 m\u0103n\u00e2nc?<\/p>\n\n\n\n<p>Am sim\u021bit c\u0103 mi se rupe ceva \u00een piept.<\/p>\n\n\n\n<p>A\u0219 fi vrut s\u0103-l mint.<\/p>\n\n\n\n<p>S\u0103-i spun c\u0103 tat\u0103l lui f\u0103cuse o gre\u0219eal\u0103.<\/p>\n\n\n\n<p>C\u0103 nu \u0219tiuse.<\/p>\n\n\n\n<p>Dar Matei v\u0103zuse sticlu\u021ba.<\/p>\n\n\n\n<p>\u2014 Da, iubire.<\/p>\n\n\n\n<p>Ochii i se umplur\u0103 de lacrimi.<\/p>\n\n\n\n<p>\u2014 Atunci de ce?<\/p>\n\n\n\n<p>L-am tras l\u00e2ng\u0103 mine.<\/p>\n\n\n\n<p>\u2014 Pentru c\u0103 tat\u0103l t\u0103u a f\u0103cut ni\u0219te alegeri foarte rele. \u0218i niciuna dintre ele este vina ta.<\/p>\n\n\n\n<p>Matei pl\u00e2nse \u00een bra\u021bele mele.<\/p>\n\n\n\n<p>\u0218i eu \u00eempreun\u0103 cu el.<\/p>\n\n\n\n<p><\/p>\n\n\n\n<hr class=\"wp-block-separator has-alpha-channel-opacity\"\/>\n\n\n\n<p>\u00cen urm\u0103toarele luni, adev\u0103rul a ie\u0219it la suprafa\u021b\u0103 bucat\u0103 cu bucat\u0103.<\/p>\n\n\n\n<p>Sumele disp\u0103rute dep\u0103\u0219eau cu mult economiile noastre.<\/p>\n\n\n\n<p>Anchetatorii au identificat sute de mii de lei muta\u021bi prin documente \u0219i facturi suspecte.<\/p>\n\n\n\n<p>Radu \u0219i Andrei au \u00eenceput s\u0103 se acuze reciproc.<\/p>\n\n\n\n<p>Fiecare pretindea c\u0103 cel\u0103lalt fusese creierul opera\u021biunii.<\/p>\n\n\n\n<p>Eu nu mai \u00eencercam s\u0103 \u00een\u021beleg care dintre ei era \u201emai pu\u021bin vinovat\u201d.<\/p>\n\n\n\n<p>Am predat toate documentele pe care le aveam.<\/p>\n\n\n\n<p>Mi-am separat finan\u021bele.<\/p>\n\n\n\n<p>Am cerut divor\u021bul.<\/p>\n\n\n\n<p>\u0218i am ob\u021binut m\u0103suri legale pentru ca Matei s\u0103 fie protejat c\u00e2t timp situa\u021bia era investigat\u0103.<\/p>\n\n\n\n<p><\/p>\n\n\n\n<hr class=\"wp-block-separator has-alpha-channel-opacity\"\/>\n\n\n\n<p>C\u00e2teva s\u0103pt\u0103m\u00e2ni mai t\u00e2rziu am mers la \u00eent\u00e2lnirea pe care Andrei \u00eencercase at\u00e2t de disperat s-o \u00eempiedice.<\/p>\n\n\n\n<p>Aceea\u0219i consilier\u0103 financiar\u0103 m\u0103 a\u0219tepta.<\/p>\n\n\n\n<p>La ora 9:00.<\/p>\n\n\n\n<p>Doar c\u0103 eram cu aproape o lun\u0103 \u00eent\u00e2rziere.<\/p>\n\n\n\n<p>A pus \u00een fa\u021ba mea dosarul.<\/p>\n\n\n\n<p>\u2014 Doamn\u0103, exist\u0103 ceva ce trebuie s\u0103 vede\u021bi.<\/p>\n\n\n\n<p>Era o copie a primului transfer suspect.<\/p>\n\n\n\n<p>Data era de aproape doi ani \u00eenainte.<\/p>\n\n\n\n<p>Iar \u00een dreptul beneficiarului ap\u0103rea numele unei firme pe care nu o recuno\u0219team.<\/p>\n\n\n\n<p>\u2014 Cine sunt?<\/p>\n\n\n\n<p>Consiliera \u00eentoarse pagina.<\/p>\n\n\n\n<p>Firma fusese deschis\u0103 de Radu.<\/p>\n\n\n\n<p>Dar persoana trecut\u0103 ca beneficiar real al unui cont asociat era\u2026<\/p>\n\n\n\n<p><strong>Andrei.<\/strong><\/p>\n\n\n\n<p>Atunci am \u00een\u021beles ceva.<\/p>\n\n\n\n<p>Nu fusese o decizie luat\u0103 \u00eentr-o sear\u0103 de panic\u0103.<\/p>\n\n\n\n<p>Nu fusese o gre\u0219eal\u0103.<\/p>\n\n\n\n<p>Nu fusese un om bun care intrase brusc \u00eentr-o situa\u021bie disperat\u0103.<\/p>\n\n\n\n<p>Minciuna \u00eencepuse cu mult \u00eenainte ca eu s\u0103 observ primele transferuri.<\/p>\n\n\n\n<p>Cina fusese doar momentul \u00een care minciuna devenise periculoas\u0103.<\/p>\n\n\n\n<hr class=\"wp-block-separator has-alpha-channel-opacity\"\/>\n\n\n\n<p>Eu \u0219i Matei ne-am mutat.<\/p>\n\n\n\n<p>El a \u00eenceput s\u0103 mearg\u0103 la un psiholog pentru copii.<\/p>\n\n\n\n<p>La \u00eenceput nu voia s\u0103 m\u0103n\u00e2nce nimic dac\u0103 nu m\u0103 vedea deschiz\u00e2nd ambalajul.<\/p>\n\n\n\n<p>\u00cemi cerea s\u0103 gust prima.<\/p>\n\n\n\n<p>Asta m-a distrus mai mult dec\u00e2t orice extras bancar.<\/p>\n\n\n\n<p>Cu timpul, lucrurile s-au \u00eembun\u0103t\u0103\u021bit.<\/p>\n\n\n\n<p>\u00centr-o sear\u0103, c\u00e2teva luni mai t\u00e2rziu, g\u0103team \u00eempreun\u0103.<\/p>\n\n\n\n<p>Matei amesteca sosul.<\/p>\n\n\n\n<p>S-a uitat la mine \u0219i a \u00eentrebat:<\/p>\n\n\n\n<p>\u2014 Mama?<\/p>\n\n\n\n<p>\u2014 Da?<\/p>\n\n\n\n<p>\u2014 Dac\u0103 nu vedeam sticlu\u021ba, ce se \u00eent\u00e2mpla?<\/p>\n\n\n\n<p>Am r\u0103mas cu lingura \u00een m\u00e2n\u0103.<\/p>\n\n\n\n<p>\u2014 Nu \u0219tiu.<\/p>\n\n\n\n<p>\u2014 Eu ne-am salvat?<\/p>\n\n\n\n<p>M-am apropiat \u0219i l-am \u00eembr\u0103\u021bi\u0219at.<\/p>\n\n\n\n<p>\u2014 Ne-am salvat unul pe cel\u0103lalt.<\/p>\n\n\n\n<p>A z\u00e2mbit.<\/p>\n\n\n\n<hr class=\"wp-block-separator has-alpha-channel-opacity\"\/>\n\n\n\n<p>Telefonul fix vechi a r\u0103mas \u00een casa aceea.<\/p>\n\n\n\n<p>Dar \u00eenainte s\u0103 plec definitiv, l-am privit mult timp.<\/p>\n\n\n\n<p>Andrei \u00eencercase ani \u00eentregi s\u0103 m\u0103 conving\u0103 s\u0103-l arunc.<\/p>\n\n\n\n<p>Era vechi.<\/p>\n\n\n\n<p>Ur\u00e2t.<\/p>\n\n\n\n<p>Inutil, spunea el.<\/p>\n\n\n\n<p>\u00cen noaptea \u00een care totul s-a pr\u0103bu\u0219it, acel lucru \u201einutil\u201d fusese singura leg\u0103tur\u0103 dintre noi \u0219i ajutor.<\/p>\n\n\n\n<p>Uneori via\u021ba nu se schimb\u0103 printr-un gest spectaculos.<\/p>\n\n\n\n<p>Uneori se schimb\u0103 pentru c\u0103 un copil observ\u0103 o sticlu\u021b\u0103.<\/p>\n\n\n\n<p>Pentru c\u0103 o mam\u0103 ascunde c\u00e2teva linguri de m\u00e2ncare \u00eentr-o pung\u0103.<\/p>\n\n\n\n<p>Pentru c\u0103 un telefon vechi \u00eenc\u0103 are ton.<\/p>\n\n\n\n<p>\u0218i pentru c\u0103, atunci c\u00e2nd \u00ee\u021bi dai seama c\u0103 omul \u00een care aveai cea mai mare \u00eencredere te minte,&nbsp;<strong>nu te ridici prea devreme doar pentru a-i cere explica\u021bii \u2014 supravie\u021buie\u0219ti mai \u00eent\u00e2i, \u00ee\u021bi protejezi copilul \u0219i la\u0219i adev\u0103rul s\u0103 vorbeasc\u0103 atunci c\u00e2nd sunte\u021bi am\u00e2ndoi \u00een siguran\u021b\u0103.<\/strong><\/p>\n\n\n\n<p><a href=\"https:\/\/www.pinterest.com\/pin\/create\/button\/?url=https%3A%2F%2Fbumzi.ro%2F%3Fp%3D28537&amp;description=So%C8%9Bul+meu+a+crezut+c%C4%83+eu+%C8%99i+fiul+meu+de+8+ani+eram+incon%C8%99tien%C8%9Bi+dup%C4%83+cin%C4%83\" target=\"_blank\" rel=\"noreferrer noopener\"><\/a><\/p>\n\n\n\n<p><a href=\"https:\/\/www.facebook.com\/sharer\/sharer.php?u=https%3A%2F%2Fbumzi.ro%2F%3Fp%3D28537\" target=\"_blank\" rel=\"noreferrer noopener\"><\/a><\/p>\n\n\n\n<p><a href=\"https:\/\/twitter.com\/intent\/tweet?url=https%3A%2F%2Fbumzi.ro%2F%3Fp%3D28537&amp;text=So%C8%9Bul+meu+a+crezut+c%C4%83+eu+%C8%99i+fiul+meu+de+8+ani+eram+incon%C8%99tien%C8%9Bi+dup%C4%83+cin%C4%83\" target=\"_blank\" rel=\"noreferrer noopener\"><\/a><\/p>\n\n\n\n<p><em>Aceast\u0103 lucrare este inspirat\u0103 din evenimente \u0219i persoane reale, \u00eens\u0103 a fost fic\u021bionalizat\u0103 \u00een scopuri creative. Numele, personajele \u0219i detaliile au fost schimbate pentru a proteja intimitatea \u0219i pentru a \u00eembun\u0103t\u0103\u021bi nara\u021biunea. Orice asem\u0103nare cu persoane reale, \u00een via\u021b\u0103 sau decedate, sau cu evenimente reale este pur \u00eent\u00e2mpl\u0103toare \u0219i nu este inten\u021bionat\u0103 de c\u0103tre autor.<\/em><\/p>\n\n\n\n<p><em>Autorul \u0219i editorul nu \u00ee\u0219i asum\u0103 responsabilitatea pentru exactitatea evenimentelor sau pentru modul \u00een care sunt portretizate personajele \u0219i nu sunt r\u0103spunz\u0103tori pentru eventuale interpret\u0103ri gre\u0219ite. Aceast\u0103 poveste este oferit\u0103 \u201eca atare\u201d, iar orice opinii exprimate apar\u021bin personajelor \u0219i nu reflect\u0103 punctele de vedere ale autorului sau ale editorului.<\/em><\/p>\n","protected":false},"excerpt":{"rendered":"<p>Sirenele nu s-au auzit. Mai t\u00e2rziu aveam s\u0103 aflu c\u0103 operatoarea le spusese echipajelor s\u0103 se apropie f\u0103r\u0103 semnale sonore. Dar Andrei a observat altceva.<\/p>\n","protected":false},"author":1,"featured_media":49985,"comment_status":"closed","ping_status":"closed","sticky":false,"template":"","format":"standard","meta":[],"categories":[1],"tags":[],"_links":{"self":[{"href":"https:\/\/calatorinromania.com\/index.php?rest_route=\/wp\/v2\/posts\/50185"}],"collection":[{"href":"https:\/\/calatorinromania.com\/index.php?rest_route=\/wp\/v2\/posts"}],"about":[{"href":"https:\/\/calatorinromania.com\/index.php?rest_route=\/wp\/v2\/types\/post"}],"author":[{"embeddable":true,"href":"https:\/\/calatorinromania.com\/index.php?rest_route=\/wp\/v2\/users\/1"}],"replies":[{"embeddable":true,"href":"https:\/\/calatorinromania.com\/index.php?rest_route=%2Fwp%2Fv2%2Fcomments&post=50185"}],"version-history":[{"count":1,"href":"https:\/\/calatorinromania.com\/index.php?rest_route=\/wp\/v2\/posts\/50185\/revisions"}],"predecessor-version":[{"id":50186,"href":"https:\/\/calatorinromania.com\/index.php?rest_route=\/wp\/v2\/posts\/50185\/revisions\/50186"}],"wp:featuredmedia":[{"embeddable":true,"href":"https:\/\/calatorinromania.com\/index.php?rest_route=\/wp\/v2\/media\/49985"}],"wp:attachment":[{"href":"https:\/\/calatorinromania.com\/index.php?rest_route=%2Fwp%2Fv2%2Fmedia&parent=50185"}],"wp:term":[{"taxonomy":"category","embeddable":true,"href":"https:\/\/calatorinromania.com\/index.php?rest_route=%2Fwp%2Fv2%2Fcategories&post=50185"},{"taxonomy":"post_tag","embeddable":true,"href":"https:\/\/calatorinromania.com\/index.php?rest_route=%2Fwp%2Fv2%2Ftags&post=50185"}],"curies":[{"name":"wp","href":"https:\/\/api.w.org\/{rel}","templated":true}]}}