{"id":50181,"date":"2026-09-03T07:40:33","date_gmt":"2026-09-03T07:40:33","guid":{"rendered":"https:\/\/calatorinromania.com\/?p=50181"},"modified":"2026-09-03T07:40:34","modified_gmt":"2026-09-03T07:40:34","slug":"flan-patissier-cu-vanilie-desertul-frantuzesc-fin-si-cremos","status":"publish","type":"post","link":"https:\/\/calatorinromania.com\/?p=50181","title":{"rendered":"Flan p\u00e2tissier cu vanilie \u2013 desertul fran\u021buzesc fin \u0219i cremos"},"content":{"rendered":"\n<p>Flanul p\u00e2tissier este unul dintre deserturile tradi\u021bionale \u00eent\u00e2lnite \u00een brut\u0103riile \u0219i patiseriile din Fran\u021ba. Are o baz\u0103 fraged\u0103, o crem\u0103 dens\u0103 \u0219i catifelat\u0103, iar aroma delicat\u0103 de vanilie \u00eei ofer\u0103 un farmec aparte.<\/p>\n\n\n\n<p><\/p>\n\n\n\n<p>Servit rece sau l\u0103sat c\u00e2teva minute la temperatura camerei, acest desert este potrivit at\u00e2t pentru mesele \u00een familie, c\u00e2t \u0219i pentru ocaziile speciale.<\/p>\n\n\n\n<p><\/p>\n\n\n\n<h2>Ce este flanul p\u00e2tissier?<\/h2>\n\n\n\n<p>Flanul p\u00e2tissier, cunoscut \u0219i sub denumirea de flan parisien, seam\u0103n\u0103 cu o tart\u0103 umplut\u0103 cu crem\u0103 de vanilie. Compozi\u021bia este preparat\u0103 din lapte, ou\u0103, zah\u0103r \u0219i amidon, apoi este coapt\u0103 p\u00e2n\u0103 c\u00e2nd suprafa\u021ba cap\u0103t\u0103 pete aurii, u\u0219or caramelizate.<\/p>\n\n\n\n<p>Dup\u0103 r\u0103cire, crema devine suficient de ferm\u0103 pentru a putea fi t\u0103iat\u0103 \u00een felii frumoase, dar \u00ee\u0219i p\u0103streaz\u0103 textura fin\u0103 \u0219i cremoas\u0103.<\/p>\n\n\n\n<p>Se poate preg\u0103ti cu aluat fraged, care ofer\u0103 o baz\u0103 stabil\u0103 \u0219i delicat\u0103, sau cu foietaj, pentru un contrast mai crocant.<\/p>\n\n\n\n<p><\/p>\n\n\n\n<p><\/p>\n\n\n\n<h2>Ingrediente pentru 8\u201310 por\u021bii<\/h2>\n\n\n\n<ul>\n<li>1 foaie de aluat fraged sau foietaj;<\/li>\n\n\n\n<li>1 litru de lapte integral;<\/li>\n\n\n\n<li>6 ou\u0103;<\/li>\n\n\n\n<li>200 g de zah\u0103r;<\/li>\n\n\n\n<li>100 g de amidon de porumb;<\/li>\n\n\n\n<li>1 p\u0103staie de vanilie sau 2 linguri\u021be de extract de vanilie;<\/li>\n\n\n\n<li>30 g de unt, op\u021bional;<\/li>\n\n\n\n<li>un praf de sare.<\/li>\n<\/ul>\n\n\n\n<p><\/p>\n\n\n\n<h2>Preg\u0103tirea formei<\/h2>\n\n\n\n<p>Pre\u00eenc\u0103lze\u0219te cuptorul la <strong>180\u00b0C<\/strong>, cu \u00eenc\u0103lzire sus-jos.<\/p>\n\n\n\n<p>Unge u\u0219or o form\u0103 rotund\u0103 cu diametrul de aproximativ 24\u201326 cm. A\u0219az\u0103 aluatul \u00een tav\u0103, acoperind at\u00e2t baza, c\u00e2t \u0219i marginile. Taie surplusul \u0219i \u00een\u021beap\u0103 fundul cu o furculi\u021b\u0103.<\/p>\n\n\n\n<p>Pune forma \u00een frigider c\u00e2t timp preg\u0103te\u0219ti crema. Aluatul rece \u00ee\u0219i va p\u0103stra mai bine forma \u00een timpul coacerii.<\/p>\n\n\n\n<p><\/p>\n\n\n\n<p><\/p>\n\n\n\n<h2>Prepararea cremei de vanilie<\/h2>\n\n\n\n<p>Toarn\u0103 laptele \u00eentr-o crati\u021b\u0103 \u00eenc\u0103p\u0103toare. Despic\u0103 p\u0103staia de vanilie pe lungime, r\u0103zuie\u0219te semin\u021bele \u0219i adaug\u0103-le \u00een lapte \u00eempreun\u0103 cu p\u0103staia.<\/p>\n\n\n\n<p><\/p>\n\n\n\n<p>\u00cenc\u0103lze\u0219te laptele p\u00e2n\u0103 aproape de punctul de fierbere, apoi opre\u0219te focul. Acoper\u0103 vasul \u0219i las\u0103 vanilia la infuzat aproximativ 10 minute. Dac\u0103 folose\u0219ti extract de vanilie, adaug\u0103-l mai t\u00e2rziu, dup\u0103 ce crema a fost luat\u0103 de pe foc.<\/p>\n\n\n\n<p><\/p>\n\n\n\n<p>Separat, pune ou\u0103le, zah\u0103rul \u0219i un praf de sare \u00eentr-un bol. Amestec\u0103 bine cu telul, f\u0103r\u0103 s\u0103 ba\u021bi compozi\u021bia excesiv. Adaug\u0103 amidonul \u0219i continu\u0103 s\u0103 amesteci p\u00e2n\u0103 c\u00e2nd nu mai exist\u0103 cocoloa\u0219e.<\/p>\n\n\n\n<p><\/p>\n\n\n\n<p>Scoate p\u0103staia de vanilie din lapte. Toarn\u0103 treptat laptele cald peste amestecul de ou\u0103, amestec\u00e2nd continuu pentru ca ou\u0103le s\u0103 nu se coaguleze.<\/p>\n\n\n\n<p><\/p>\n\n\n\n<p>Transfer\u0103 \u00eentreaga compozi\u021bie \u00eenapoi \u00een crati\u021b\u0103 \u0219i g\u0103te\u0219te-o la foc mediu-mic. Amestec\u0103 permanent, insist\u00e2nd pe fundul \u0219i marginile vasului.<\/p>\n\n\n\n<p><\/p>\n\n\n\n<p>C\u00e2nd crema se \u00eengroa\u0219\u0103 \u0219i \u00eencepe s\u0103 fiarb\u0103 u\u0219or, mai las-o aproximativ un minut pe foc, continu\u00e2nd s\u0103 amesteci. Opre\u0219te focul \u0219i \u00eencorporeaz\u0103 untul. Acesta este op\u021bional, dar ofer\u0103 cremei o textur\u0103 mai fin\u0103.<\/p>\n\n\n\n<p><\/p>\n\n\n\n<p><\/p>\n\n\n\n<h2>Asamblarea \u0219i coacerea<\/h2>\n\n\n\n<p>Toarn\u0103 crema fierbinte peste aluat \u0219i niveleaz\u0103 suprafa\u021ba cu o spatul\u0103.<\/p>\n\n\n\n<p>Introdu forma \u00een cuptor \u0219i coace flanul timp de aproximativ <strong>40\u201350 de minute<\/strong>. Suprafa\u021ba trebuie s\u0103 fie bine rumenit\u0103, cu mici zone aurii sau maronii, specifice acestui desert.<\/p>\n\n\n\n<p>Dac\u0103 marginile aluatului se coloreaz\u0103 prea repede, le po\u021bi proteja cu o f\u00e2\u0219ie de folie de aluminiu, f\u0103r\u0103 s\u0103 acoperi centrul flanului.<\/p>\n\n\n\n<p>La finalul coacerii, mijlocul poate s\u0103 tremure u\u0219or atunci c\u00e2nd mi\u0219ti tava. Se va \u00eent\u0103ri pe m\u0103sur\u0103 ce desertul se r\u0103ce\u0219te.<\/p>\n\n\n\n<p><\/p>\n\n\n\n<h2>R\u0103cirea este esen\u021bial\u0103<\/h2>\n\n\n\n<p>Las\u0103 flanul s\u0103 ajung\u0103 complet la temperatura camerei. Mut\u0103-l apoi \u00een frigider pentru cel pu\u021bin <strong>4\u20136 ore<\/strong>, de preferat p\u00e2n\u0103 a doua zi.<\/p>\n\n\n\n<p>Nu \u00eel scoate din form\u0103 \u0219i nu \u00eel t\u0103ia c\u00e2t este cald. Crema are nevoie de timp pentru a se stabiliza, altfel feliile nu \u00ee\u0219i vor p\u0103stra forma.<\/p>\n\n\n\n<p><\/p>\n\n\n\n<h2>Sfaturi pentru un rezultat reu\u0219it<\/h2>\n\n\n\n<ul>\n<li>Folose\u0219te lapte integral pentru o crem\u0103 mai bogat\u0103.<\/li>\n\n\n\n<li>Amestec\u0103 permanent crema c\u00e2t timp se afl\u0103 pe foc.<\/li>\n\n\n\n<li>Nu turna laptele fierbinte dintr-o dat\u0103 peste ou\u0103.<\/li>\n\n\n\n<li>Pentru cea mai pl\u0103cut\u0103 arom\u0103, folose\u0219te o p\u0103staie de vanilie sau extract natural.<\/li>\n\n\n\n<li>Las\u0103 desertul s\u0103 se r\u0103ceasc\u0103 bine \u00eenainte de por\u021bionare.<\/li>\n\n\n\n<li>P\u0103streaz\u0103 flanul acoperit \u00een frigider \u0219i consum\u0103-l, de preferat, \u00een 2\u20133 zile.<\/li>\n<\/ul>\n\n\n\n<p><\/p>\n\n\n\n<h2>Cum se serve\u0219te<\/h2>\n\n\n\n<p>Scoate flanul din frigider cu aproximativ 15\u201320 de minute \u00eenainte de servire dac\u0103 dore\u0219ti ca textura s\u0103 devin\u0103 pu\u021bin mai moale \u0219i mai cremoas\u0103.<\/p>\n\n\n\n<p>Poate fi savurat simplu, f\u0103r\u0103 alte ornamente. Aroma de vanilie, crema catifelat\u0103 \u0219i baza fraged\u0103 sunt suficiente pentru a transforma fiecare felie \u00eentr-un desert deosebit.<\/p>\n\n\n\n<p><strong>Poft\u0103 bun\u0103!<\/strong><\/p>\n\n\n\n<p><\/p>\n","protected":false},"excerpt":{"rendered":"<p>Flanul p\u00e2tissier este unul dintre deserturile tradi\u021bionale \u00eent\u00e2lnite \u00een brut\u0103riile \u0219i patiseriile din Fran\u021ba. Are o baz\u0103 fraged\u0103, o crem\u0103 dens\u0103 \u0219i catifelat\u0103, iar aroma<\/p>\n","protected":false},"author":1,"featured_media":49985,"comment_status":"closed","ping_status":"closed","sticky":false,"template":"","format":"standard","meta":[],"categories":[1],"tags":[],"_links":{"self":[{"href":"https:\/\/calatorinromania.com\/index.php?rest_route=\/wp\/v2\/posts\/50181"}],"collection":[{"href":"https:\/\/calatorinromania.com\/index.php?rest_route=\/wp\/v2\/posts"}],"about":[{"href":"https:\/\/calatorinromania.com\/index.php?rest_route=\/wp\/v2\/types\/post"}],"author":[{"embeddable":true,"href":"https:\/\/calatorinromania.com\/index.php?rest_route=\/wp\/v2\/users\/1"}],"replies":[{"embeddable":true,"href":"https:\/\/calatorinromania.com\/index.php?rest_route=%2Fwp%2Fv2%2Fcomments&post=50181"}],"version-history":[{"count":1,"href":"https:\/\/calatorinromania.com\/index.php?rest_route=\/wp\/v2\/posts\/50181\/revisions"}],"predecessor-version":[{"id":50182,"href":"https:\/\/calatorinromania.com\/index.php?rest_route=\/wp\/v2\/posts\/50181\/revisions\/50182"}],"wp:featuredmedia":[{"embeddable":true,"href":"https:\/\/calatorinromania.com\/index.php?rest_route=\/wp\/v2\/media\/49985"}],"wp:attachment":[{"href":"https:\/\/calatorinromania.com\/index.php?rest_route=%2Fwp%2Fv2%2Fmedia&parent=50181"}],"wp:term":[{"taxonomy":"category","embeddable":true,"href":"https:\/\/calatorinromania.com\/index.php?rest_route=%2Fwp%2Fv2%2Fcategories&post=50181"},{"taxonomy":"post_tag","embeddable":true,"href":"https:\/\/calatorinromania.com\/index.php?rest_route=%2Fwp%2Fv2%2Ftags&post=50181"}],"curies":[{"name":"wp","href":"https:\/\/api.w.org\/{rel}","templated":true}]}}