{"id":50167,"date":"2026-09-03T05:35:32","date_gmt":"2026-09-03T05:35:32","guid":{"rendered":"https:\/\/calatorinromania.com\/?p=50167"},"modified":"2026-09-03T05:35:33","modified_gmt":"2026-09-03T05:35:33","slug":"un-fiu-si-a-dus-tatal-de-82-de-ani-la-doctor-dar-l-a-lasat-la-o-groapa-de-gunoi-cu-600-de-lei-2","status":"publish","type":"post","link":"https:\/\/calatorinromania.com\/?p=50167","title":{"rendered":"Un fiu \u0219i-a dus tat\u0103l de 82 de ani \u201ela doctor\u201d, dar l-a l\u0103sat la o groap\u0103 de gunoi cu 600 de lei"},"content":{"rendered":"\n<p><\/p>\n\n\n\n<p>Am r\u0103mas acolo mult timp.<\/p>\n\n\n\n<p><\/p>\n\n\n\n<p>Sau poate doar c\u00e2teva minute.<\/p>\n\n\n\n<p><\/p>\n\n\n\n<p>La v\u00e2rsta mea, timpul nu mai curgea la fel.<\/p>\n\n\n\n<p><\/p>\n\n\n\n<p>\u021aineam \u00een m\u00e2n\u0103 cei \u0219ase sute de lei \u0219i priveam drumul gol.<\/p>\n\n\n\n<p><\/p>\n\n\n\n<p>Nimeni nu se \u00eentorcea.<\/p>\n\n\n\n<p><\/p>\n\n\n\n<p>Nimeni nu venea.<\/p>\n\n\n\n<p><\/p>\n\n\n\n<p>\u00cen cele din urm\u0103, o umbr\u0103 s-a apropiat.<\/p>\n\n\n\n<p><\/p>\n\n\n\n<p>Era un b\u0103iat de vreo paisprezece ani care \u00eempingea o biciclet\u0103 ruginit\u0103.<\/p>\n\n\n\n<p><\/p>\n\n\n\n<p>\u2014 Bunicule, sunte\u021bi bine?<\/p>\n\n\n\n<p>Am \u00eencercat s\u0103 r\u0103spund.<\/p>\n\n\n\n<p>Dar vocea mi s-a fr\u00e2nt.<\/p>\n\n\n\n<p>B\u0103iatul s-a uitat \u00een jur \u0219i a \u00een\u021beles imediat.<\/p>\n\n\n\n<p>\u2014 V-au l\u0103sat aici, nu?<\/p>\n\n\n\n<p>Am cobor\u00e2t privirea.<\/p>\n\n\n\n<p>El \u0219i-a scos telefonul.<\/p>\n\n\n\n<p>\u2014 Sta\u021bi lini\u0219tit. O chem pe mama.<\/p>\n\n\n\n<p>Peste dou\u0103zeci de minute a ap\u0103rut o femeie \u00eentr-o dub\u0103 veche de transport.<\/p>\n\n\n\n<p>Se numea Ioana.<\/p>\n\n\n\n<p><\/p>\n\n\n\n<p>Lucra pentru o asocia\u021bie care ajuta b\u0103tr\u00e2ni abandona\u021bi.<\/p>\n\n\n\n<p><\/p>\n\n\n\n<p>C\u00e2nd a auzit povestea, a r\u0103mas f\u0103r\u0103 cuvinte.<\/p>\n\n\n\n<p><\/p>\n\n\n\n<p>\u2014 Nu sunte\u021bi primul, a spus \u00eencet. Dar niciodat\u0103 nu m\u0103 obi\u0219nuiesc cu asta.<\/p>\n\n\n\n<p><\/p>\n\n\n\n<p>M-au dus la un centru mic aflat \u00eentr-un sat din apropiere.<\/p>\n\n\n\n<p><\/p>\n\n\n\n<p>Nu era luxos.<\/p>\n\n\n\n<p>Dar era curat.<\/p>\n\n\n\n<p>\u0218i, mai important, oamenii m\u0103 priveau ca pe o fiin\u021b\u0103 uman\u0103.<\/p>\n\n\n\n<p>\u00cen primele zile am \u00eentrebat mereu de Toma.<\/p>\n\n\n\n<p>Poate va veni.<\/p>\n\n\n\n<p>Poate \u00eei va p\u0103rea r\u0103u.<\/p>\n\n\n\n<p>Poate a fost obligat.<\/p>\n\n\n\n<p>Poate\u2026<\/p>\n\n\n\n<p>Dar zilele au trecut.<\/p>\n\n\n\n<p>Apoi s\u0103pt\u0103m\u00e2nile.<\/p>\n\n\n\n<p>Nimeni nu a venit.<\/p>\n\n\n\n<p>\u00centr-o diminea\u021b\u0103, Ioana s-a a\u0219ezat l\u00e2ng\u0103 mine.<\/p>\n\n\n\n<p>\u2014 Domnule Aureliu, trebuie s\u0103 v\u0103 spun ceva.<\/p>\n\n\n\n<p>Avea \u00een m\u00e2n\u0103 un dosar.<\/p>\n\n\n\n<p>\u2014 Ce este?<\/p>\n\n\n\n<p>\u2014 Casa dumneavoastr\u0103.<\/p>\n\n\n\n<p>Am clipit.<\/p>\n\n\n\n<p>\u2014 Care cas\u0103?<\/p>\n\n\n\n<p>\u2014 Casa pe care a\u021bi avut-o \u00eempreun\u0103 cu so\u021bia.<\/p>\n\n\n\n<p>Atunci mi-am amintit.<\/p>\n\n\n\n<p>Casa aceea mic\u0103, construit\u0103 cu m\u00e2inile mele.<\/p>\n\n\n\n<p>Locul unde crescuse Toma.<\/p>\n\n\n\n<p>\u2014 Ce este cu ea?<\/p>\n\n\n\n<p>Ioana a oftat.<\/p>\n\n\n\n<p>\u2014 Fiul dumneavoastr\u0103 a \u00eencercat s\u0103 o v\u00e2nd\u0103.<\/p>\n\n\n\n<p>Am sim\u021bit un gol \u00een stomac.<\/p>\n\n\n\n<p>\u2014 Dar nu era doar pe numele lui.<\/p>\n\n\n\n<p>\u2014 Exact.<\/p>\n\n\n\n<p>Mi-a \u00eentins actele.<\/p>\n\n\n\n<p>Cu ani \u00een urm\u0103, Beatrice avusese inspira\u021bia s\u0103 lase o clauz\u0103 special\u0103 \u00een testament.<\/p>\n\n\n\n<p>Dac\u0103 eu eram abandonat sau lipsit de \u00eengrijire, drepturile asupra casei reveneau unei funda\u021bii pentru v\u00e2rstnici.<\/p>\n\n\n\n<p>Nimeni nu \u0219tia.<\/p>\n\n\n\n<p>Nici m\u0103car Toma.<\/p>\n\n\n\n<p>Pentru prima dat\u0103 dup\u0103 mult timp, am z\u00e2mbit.<\/p>\n\n\n\n<p>\u2014 Beatrice\u2026<\/p>\n\n\n\n<p>Parc\u0103 o auzeam r\u00e2z\u00e2nd.<\/p>\n\n\n\n<p>\u00centotdeauna fusese mai prev\u0103z\u0103toare dec\u00e2t mine.<\/p>\n\n\n\n<p>C\u00e2teva luni mai t\u00e2rziu, cazul a ajuns \u00een aten\u021bia presei locale.<\/p>\n\n\n\n<p>Povestea b\u0103tr\u00e2nului abandonat la groapa de gunoi a emo\u021bionat mii de oameni.<\/p>\n\n\n\n<p>Au venit dona\u021bii.<\/p>\n\n\n\n<p>Voluntari.<\/p>\n\n\n\n<p>Scrisori.<\/p>\n\n\n\n<p>Dar cel mai nea\u0219teptat lucru s-a \u00eent\u00e2mplat \u00eentr-o dup\u0103-amiaz\u0103 ploioas\u0103.<\/p>\n\n\n\n<p>Toma a ap\u0103rut la poarta centrului.<\/p>\n\n\n\n<p>P\u0103rea \u00eemb\u0103tr\u00e2nit cu zece ani.<\/p>\n\n\n\n<p>Lorena \u00eel p\u0103r\u0103sise.<\/p>\n\n\n\n<p>\u00ce\u0219i pierduse serviciul.<\/p>\n\n\n\n<p>\u0218i, odat\u0103 cu procesul privind casa, pierduse aproape tot.<\/p>\n\n\n\n<p>S-a a\u0219ezat \u00een fa\u021ba mea.<\/p>\n\n\n\n<p>\u0218i a \u00eenceput s\u0103 pl\u00e2ng\u0103.<\/p>\n\n\n\n<p>\u2014 Tat\u0103\u2026 iart\u0103-m\u0103.<\/p>\n\n\n\n<p>L-am privit mult timp.<\/p>\n\n\n\n<p>Vedeam \u00een fa\u021ba mea b\u0103iatul pe care \u00eel \u00eenv\u0103\u021basem s\u0103 mearg\u0103 pe biciclet\u0103.<\/p>\n\n\n\n<p>Dar vedeam \u0219i omul care m\u0103 abandonase printre gunoaie.<\/p>\n\n\n\n<p>\u2014 De ce ai venit?<\/p>\n\n\n\n<p>\u2014 Pentru c\u0103 am \u00een\u021beles prea t\u00e2rziu ce am f\u0103cut.<\/p>\n\n\n\n<p>A urmat o t\u0103cere lung\u0103.<\/p>\n\n\n\n<p>\u2014 \u0218tii ce a fost cel mai greu? am \u00eentrebat.<\/p>\n\n\n\n<p>El a dat din cap c\u0103 nu.<\/p>\n\n\n\n<p>\u2014 Nu groapa de gunoi.<\/p>\n\n\n\n<p>Nu banii.<\/p>\n\n\n\n<p>Nu foamea.<\/p>\n\n\n\n<p>Lacrimile mi-au umplut ochii.<\/p>\n\n\n\n<p>\u2014 Ci faptul c\u0103, \u00een timp ce plecai, \u00eenc\u0103 te iubeam.<\/p>\n\n\n\n<p>Toma a izbucnit \u00een pl\u00e2ns.<\/p>\n\n\n\n<p>Nu l-am \u00eembr\u0103\u021bi\u0219at.<\/p>\n\n\n\n<p>Nu imediat.<\/p>\n\n\n\n<p>Iertarea nu apare \u00eentr-o clip\u0103.<\/p>\n\n\n\n<p>Dar nici ura nu mai avea loc \u00een inima mea.<\/p>\n\n\n\n<p>Dup\u0103 mult timp, am \u00eentins m\u00e2na.<\/p>\n\n\n\n<p>El a prins-o cu ambele palme.<\/p>\n\n\n\n<p>\u0218i pentru prima dat\u0103 dup\u0103 multe luni, am sim\u021bit c\u0103 fiul meu se \u00eentorsese.<\/p>\n\n\n\n<p>Nu b\u0103iatul care m\u0103 abandonase.<\/p>\n\n\n\n<p>Ci copilul pe care \u00eel crescusem.<\/p>\n\n\n\n<p>Iar \u00een seara aceea, privind apusul din curtea centrului, am \u00een\u021beles ceva.<\/p>\n\n\n\n<p>Uneori, cei care ne r\u0103nesc cel mai mult sunt cei pe care \u00eei iubim cel mai tare.<\/p>\n\n\n\n<p>Dar asta nu \u00eenseamn\u0103 c\u0103 trebuie s\u0103 ne pierdem demnitatea.<\/p>\n\n\n\n<p>Pentru c\u0103 demnitatea este ultimul lucru pe care nimeni nu ni-l poate lua.<\/p>\n\n\n\n<p>Nici m\u0103car propriul nostru copil.<\/p>\n","protected":false},"excerpt":{"rendered":"<p>Am r\u0103mas acolo mult timp. Sau poate doar c\u00e2teva minute. La v\u00e2rsta mea, timpul nu mai curgea la fel. \u021aineam \u00een m\u00e2n\u0103 cei \u0219ase sute<\/p>\n","protected":false},"author":1,"featured_media":49985,"comment_status":"closed","ping_status":"closed","sticky":false,"template":"","format":"standard","meta":[],"categories":[1],"tags":[],"_links":{"self":[{"href":"https:\/\/calatorinromania.com\/index.php?rest_route=\/wp\/v2\/posts\/50167"}],"collection":[{"href":"https:\/\/calatorinromania.com\/index.php?rest_route=\/wp\/v2\/posts"}],"about":[{"href":"https:\/\/calatorinromania.com\/index.php?rest_route=\/wp\/v2\/types\/post"}],"author":[{"embeddable":true,"href":"https:\/\/calatorinromania.com\/index.php?rest_route=\/wp\/v2\/users\/1"}],"replies":[{"embeddable":true,"href":"https:\/\/calatorinromania.com\/index.php?rest_route=%2Fwp%2Fv2%2Fcomments&post=50167"}],"version-history":[{"count":1,"href":"https:\/\/calatorinromania.com\/index.php?rest_route=\/wp\/v2\/posts\/50167\/revisions"}],"predecessor-version":[{"id":50168,"href":"https:\/\/calatorinromania.com\/index.php?rest_route=\/wp\/v2\/posts\/50167\/revisions\/50168"}],"wp:featuredmedia":[{"embeddable":true,"href":"https:\/\/calatorinromania.com\/index.php?rest_route=\/wp\/v2\/media\/49985"}],"wp:attachment":[{"href":"https:\/\/calatorinromania.com\/index.php?rest_route=%2Fwp%2Fv2%2Fmedia&parent=50167"}],"wp:term":[{"taxonomy":"category","embeddable":true,"href":"https:\/\/calatorinromania.com\/index.php?rest_route=%2Fwp%2Fv2%2Fcategories&post=50167"},{"taxonomy":"post_tag","embeddable":true,"href":"https:\/\/calatorinromania.com\/index.php?rest_route=%2Fwp%2Fv2%2Ftags&post=50167"}],"curies":[{"name":"wp","href":"https:\/\/api.w.org\/{rel}","templated":true}]}}