{"id":50157,"date":"2026-09-02T08:30:06","date_gmt":"2026-09-02T08:30:06","guid":{"rendered":"https:\/\/calatorinromania.com\/?p=50157"},"modified":"2026-09-02T08:30:07","modified_gmt":"2026-09-02T08:30:07","slug":"daca-eu-nu-apuc-s-o-vad-crescand-poate-macar-altcineva-va-primi-mai-mult-timp-langa-copiii-lui-mi-a-spus-sotul-meu-cand-medicii-i-au-dat-doar-cateva-luni-de-trait","status":"publish","type":"post","link":"https:\/\/calatorinromania.com\/?p=50157","title":{"rendered":"\u201eDac\u0103 eu nu apuc s-o v\u0103d cresc\u00e2nd, poate m\u0103car altcineva va primi mai mult timp l\u00e2ng\u0103 copiii lui\u201d, mi-a spus so\u021bul meu c\u00e2nd medicii i-au dat doar c\u00e2teva luni de tr\u0103it."},"content":{"rendered":"\n<p><\/p>\n\n\n\n<p><em>Partea a 2-a \u2013 Continuarea pove\u0219tii&nbsp;<\/em><br>Am r\u0103mas cu ochii la medic.<\/p>\n\n\n\n<p>\u2014 S\u0103 nu m\u0103 simt vinovat\u0103? Pentru ce?<\/p>\n\n\n\n<p>A ezitat o clip\u0103.<\/p>\n\n\n\n<p>\u2014 Cred c\u0103 este mai bine s\u0103 afla\u021bi de la Radu.<\/p>\n\n\n\n<p>Am cobor\u00e2t privirea spre plic.<\/p>\n\n\n\n<p>Pentru o secund\u0103, m-am temut s\u0103-l deschid.<\/p>\n\n\n\n<p>\u00cen ultimele luni primisem suficiente ve\u0219ti care \u00eencepuser\u0103 cu \u201etrebuie s\u0103 v\u0103 spunem ceva\u201d.<\/p>\n\n\n\n<p>Nu mai voiam \u00eenc\u0103 una.<\/p>\n\n\n\n<p>Am ie\u0219it din spital \u0219i m-am a\u0219ezat \u00een ma\u0219in\u0103. Geanta cu lucrurile lui Radu am pus-o pe scaunul din dreapta.<\/p>\n\n\n\n<p>Ceasul lui.<\/p>\n\n\n\n<p>Portofelul.<\/p>\n\n\n\n<p>Telefonul.<\/p>\n\n\n\n<p>Verigheta.<\/p>\n\n\n\n<p>C\u00e2teva obiecte care, cu o zi \u00eenainte, apar\u021binuser\u0103 unui om.<\/p>\n\n\n\n<p><\/p>\n\n\n\n<p><\/p>\n\n\n\n<p>Acum \u00eenc\u0103peau toate \u00eentr-o geant\u0103.<\/p>\n\n\n\n<p>Am r\u0103mas c\u00e2teva minute cu plicul \u00een poal\u0103.<\/p>\n\n\n\n<p>Apoi l-am deschis.<\/p>\n\n\n\n<p>\u00cen\u0103untru era o scrisoare \u0219i un stick USB.<\/p>\n\n\n\n<p>Am recunoscut imediat scrisul lui Radu.<\/p>\n\n\n\n<p>\u201eElena,<\/p>\n\n\n\n<p>dac\u0103 cite\u0219ti asta, \u00eenseamn\u0103 c\u0103 n-am reu\u0219it s\u0103 r\u0103m\u00e2n suficient de mult.<\/p>\n\n\n\n<p>Probabil e\u0219ti sup\u0103rat\u0103 pe mine pentru c\u0103 \u021bi-am ascuns ceva. Ai dreptul s\u0103 fii.<\/p>\n\n\n\n<p>Dar dac\u0103 \u021bi-a\u0219 fi spus, ai fi \u00eencercat s\u0103 m\u0103 opre\u0219ti.\u201d<\/p>\n\n\n\n<p>M-am oprit.<\/p>\n\n\n\n<p>Sofia s-a mi\u0219cat \u00een burta mea.<\/p>\n\n\n\n<p>Am pus palma peste locul \u00een care sim\u021bisem lovitura \u0219i am continuat.<\/p>\n\n\n\n<p><\/p>\n\n\n\n<p><\/p>\n\n\n\n<p>\u201eTe cunosc.<\/p>\n\n\n\n<p>Dup\u0103 ce eu nu voi mai fi, o s\u0103 \u00eencerci s\u0103 fii puternic\u0103 pentru ea. O s\u0103 spui c\u0103 te descurci. O s\u0103 refuzi ajutorul p\u00e2n\u0103 c\u00e2nd nu vei mai putea.<\/p>\n\n\n\n<p>\u0218i mai \u0219tiu ceva.<\/p>\n\n\n\n<p>O s\u0103 te \u00eenvinov\u0103\u021be\u0219ti.<\/p>\n\n\n\n<p>Pentru zilele \u00een care ai fost obosit\u0103.<\/p>\n\n\n\n<p>Pentru momentele \u00een care ai ie\u0219it din salon.<\/p>\n\n\n\n<p>Pentru lucrurile pe care crezi c\u0103 trebuia s\u0103 le faci altfel.<\/p>\n\n\n\n<p>S\u0103 nu faci asta.<\/p>\n\n\n\n<p>Mi-ai dat tot ce puteai s\u0103-mi dai.<\/p>\n\n\n\n<p>Iar acum trebuie s\u0103 p\u0103strezi ceva \u0219i pentru Sofia.\u201d<\/p>\n\n\n\n<p>Lacrimile \u00eemi c\u0103deau peste h\u00e2rtie.<\/p>\n\n\n\n<p><\/p>\n\n\n\n<p><\/p>\n\n\n\n<p>Ultimele r\u00e2nduri erau scurte.<\/p>\n\n\n\n<p>\u201eAm preg\u0103tit ceva pentru fetele mele.<\/p>\n\n\n\n<p>C\u00e2nd ajungi acas\u0103, deschide stickul.\u201d<\/p>\n\n\n\n<p>\u00cen seara aceea am pus laptopul pe pat.<\/p>\n\n\n\n<p>Am introdus stickul \u0219i pe ecran a ap\u0103rut un singur folder.<\/p>\n\n\n\n<p>\u201ePENTRU FETELE MELE\u201d<\/p>\n\n\n\n<p>Am \u00eenceput s\u0103 pl\u00e2ng \u00eenainte s\u0103 dau clic.<\/p>\n\n\n\n<p>\u00cen\u0103untru erau zeci de videoclipuri.<\/p>\n\n\n\n<p>Nu \u00een\u021belegeam.<\/p>\n\n\n\n<p>Apoi am citit titlurile.<\/p>\n\n\n\n<p>\u201ePrima ta aniversare.\u201d<\/p>\n\n\n\n<p>\u201ePrima zi de gr\u0103dini\u021b\u0103.\u201d<\/p>\n\n\n\n<p>\u201ePrima zi de \u0219coal\u0103.\u201d<\/p>\n\n\n\n<p>\u201eC\u00e2nd e\u0219ti sup\u0103rat\u0103 pe mama.\u201d<\/p>\n\n\n\n<p>\u201ePrima inim\u0103 fr\u00e2nt\u0103.\u201d<\/p>\n\n\n\n<p>\u201eC\u00e2nd \u00eempline\u0219ti 18 ani.\u201d<\/p>\n\n\n\n<p>\u201eC\u00e2nd pleci de acas\u0103.\u201d<\/p>\n\n\n\n<p>\u201eDac\u0103 \u00eentr-o zi te c\u0103s\u0103tore\u0219ti.\u201d<\/p>\n\n\n\n<p>Mi-am dus m\u00e2na la gur\u0103.<\/p>\n\n\n\n<p>Asta f\u0103cuse Radu \u00een timpul discu\u021biilor despre care refuzase s\u0103-mi vorbeasc\u0103.<\/p>\n\n\n\n<p>Nu preg\u0103tise ceva pentru moarte.<\/p>\n\n\n\n<p>Preg\u0103tise ceva pentru via\u021ba fiicei lui.<\/p>\n\n\n\n<p>Am deschis primul videoclip.<\/p>\n\n\n\n<p>Radu a ap\u0103rut pe ecran.<\/p>\n\n\n\n<p>Era foarte sl\u0103bit.<\/p>\n\n\n\n<p>Purta c\u0103ma\u0219a albastr\u0103 pe care i-o \u00eencheiasem eu \u00eentr-una dintre ultimele zile.<\/p>\n\n\n\n<p>Dar z\u00e2mbea.<\/p>\n\n\n\n<p>\u2014 Bun\u0103, iubita mea.<\/p>\n\n\n\n<p>Am izbucnit \u00een pl\u00e2ns.<\/p>\n\n\n\n<p>\u2014 Dac\u0103 mama \u00ee\u021bi arat\u0103 filmarea asta, probabil ai \u00eemplinit un an. La mul\u021bi ani! \u00cemi pare r\u0103u c\u0103 tata nu este acolo s\u0103 guste tortul \u00eenaintea ta.<\/p>\n\n\n\n<p>Am r\u00e2s printre lacrimi.<\/p>\n\n\n\n<p>Era el.<\/p>\n\n\n\n<p>Nu un discurs perfect.<\/p>\n\n\n\n<p>Nu un om care \u00eencerca s\u0103 par\u0103 erou.<\/p>\n\n\n\n<p>Radu al meu.<\/p>\n\n\n\n<p>Am deschis alt videoclip.<\/p>\n\n\n\n<p>\u201eC\u00e2nd e\u0219ti sup\u0103rat\u0103 pe mama.\u201d<\/p>\n\n\n\n<p>A ap\u0103rut din nou.<\/p>\n\n\n\n<p>De data asta a ridicat un deget spre camer\u0103.<\/p>\n\n\n\n<p>\u2014 Ascult\u0103-m\u0103 bine. Mama ta nu are \u00eentotdeauna dreptate.<\/p>\n\n\n\n<p>Am r\u00e2s din nou.<\/p>\n\n\n\n<p>\u2014 Dar s\u0103 nu-i spui c\u0103 eu am zis asta.<\/p>\n\n\n\n<p>Apoi expresia lui s-a schimbat.<\/p>\n\n\n\n<p>\u2014 Po\u021bi s\u0103 fii sup\u0103rat\u0103 pe ea. Po\u021bi s\u0103 v\u0103 certa\u021bi. Probabil o s\u0103 existe zile \u00een care o s\u0103 crezi c\u0103 nu te \u00een\u021belege deloc. Dar s\u0103 nu ui\u021bi ceva.<\/p>\n\n\n\n<p>A f\u0103cut o pauz\u0103.<\/p>\n\n\n\n<p>\u2014 Mama ta a avut grij\u0103 de mine \u00een timp ce te purta pe tine. A stat l\u00e2ng\u0103 mine \u00een cea mai grea perioad\u0103 din via\u021ba noastr\u0103. Dac\u0103 eu nu sunt acolo s\u0103-\u021bi spun asta, \u00ee\u021bi spun acum: ai o mam\u0103 care te iube\u0219te mai mult dec\u00e2t vei putea \u00een\u021belege mult\u0103 vreme.<\/p>\n\n\n\n<p>Am \u00eenchis laptopul.<\/p>\n\n\n\n<p>Nu mai puteam continua.<\/p>\n\n\n\n<p>Nu \u00een seara aceea.<\/p>\n\n\n\n<p>Sofia s-a n\u0103scut \u0219aptesprezece zile mai t\u00e2rziu.<\/p>\n\n\n\n<p>C\u00e2nd asistenta mi-a pus-o pe piept, primul meu instinct a fost s\u0103 \u00eentorc capul spre locul unde ar fi trebuit s\u0103 fie Radu.<\/p>\n\n\n\n<p>\u2014 Uit\u0103-te la ea\u2026<\/p>\n\n\n\n<p>Cuvintele mi-au ie\u0219it \u00eenainte s\u0103-mi amintesc.<\/p>\n\n\n\n<p>Locul era gol.<\/p>\n\n\n\n<p>Am pl\u00e2ns \u0219i am r\u00e2s \u00een acela\u0219i timp.<\/p>\n\n\n\n<p>Sofia avea p\u0103rul \u00eenchis la culoare, nasul meu \u0219i, c\u00e2nd dormea, \u00ee\u0219i \u021binea buza de jos exact ca tat\u0103l ei.<\/p>\n\n\n\n<p>Am p\u0103strat toate videoclipurile.<\/p>\n\n\n\n<p>Dar nu i le-am ar\u0103tat deodat\u0103.<\/p>\n\n\n\n<p>Am f\u0103cut exact ceea ce Radu \u00ee\u0219i dorise.<\/p>\n\n\n\n<p>Le-am deschis atunci c\u00e2nd venea momentul lor.<\/p>\n\n\n\n<p>La prima aniversare, Sofia \u00eencerca s\u0103 ating\u0103 ecranul c\u00e2nd \u00eel vedea.<\/p>\n\n\n\n<p>\u2014 Cine e? am \u00eentrebat-o.<\/p>\n\n\n\n<p>Nu putea \u00eenc\u0103 s\u0103-mi r\u0103spund\u0103.<\/p>\n\n\n\n<p>Am atins u\u0219or imaginea.<\/p>\n\n\n\n<p>\u2014 Tata.<\/p>\n\n\n\n<p>C\u00e2nd a crescut, i-am povestit despre el.<\/p>\n\n\n\n<p>Dar n-am vrut s\u0103 transform un om \u00eentr-o legend\u0103 doar pentru c\u0103 murise.<\/p>\n\n\n\n<p>I-am spus \u0219i c\u0103 l\u0103sa \u0219osetele pe podea.<\/p>\n\n\n\n<p>C\u0103 \u0219tia s\u0103 g\u0103teasc\u0103 doar trei feluri de m\u00e2ncare.<\/p>\n\n\n\n<p>C\u0103 sfor\u0103ia.<\/p>\n\n\n\n<p>C\u0103 spunea glume at\u00e2t de proaste \u00eenc\u00e2t uneori r\u00e2deai doar fiindc\u0103 lui i se p\u0103reau amuzante.<\/p>\n\n\n\n<p>Voiam ca Sofia s\u0103-\u0219i cunoasc\u0103 tat\u0103l.<\/p>\n\n\n\n<p>Nu un sf\u00e2nt.<\/p>\n\n\n\n<p>Un om.<\/p>\n\n\n\n<p>C\u00e2\u021biva ani mai t\u00e2rziu, am primit prin intermediul programului de transplant un mesaj pe care nu m\u0103 a\u0219teptasem s\u0103-l primesc.<\/p>\n\n\n\n<p>Una dintre familiile ajutate \u00een urma deciziei lui Radu dorise s\u0103 transmit\u0103 c\u00e2teva cuvinte familiei donatorului, prin procedurile permise.<\/p>\n\n\n\n<p>Mesajul venea de la un tat\u0103.<\/p>\n\n\n\n<p>Nu \u0219tiam aproape nimic despre el.<\/p>\n\n\n\n<p>Doar c\u0103 avea doi copii \u0219i c\u0103 ajutorul primit \u00eei oferise timp pe care familia lui se temuse c\u0103 nu-l va mai avea.<\/p>\n\n\n\n<p>Scrisese:<\/p>\n\n\n\n<p>\u201eDatorit\u0103 unui om pe care nu l-am cunoscut, am fost acolo c\u00e2nd fiica mea a \u00eenceput \u0219coala \u0219i c\u00e2nd b\u0103iatul meu a \u00eenv\u0103\u021bat s\u0103 mearg\u0103 pe biciclet\u0103.\u201d<\/p>\n\n\n\n<p>Am citit fraza de trei ori.<\/p>\n\n\n\n<p>\u0218i m-am \u00eentors, \u00een mintea mea, la seara de pe balcon.<\/p>\n\n\n\n<p>La m\u00e2na lui Radu peste burta mea.<\/p>\n\n\n\n<p>\u201eDac\u0103 eu nu apuc s-o v\u0103d cresc\u00e2nd, poate m\u0103car altcineva va primi mai mult timp l\u00e2ng\u0103 copiii lui.\u201d<\/p>\n\n\n\n<p>Exact asta f\u0103cuse.<\/p>\n\n\n\n<p>\u00cen seara aceea, Sofia m-a g\u0103sit pl\u00e2ng\u00e2nd.<\/p>\n\n\n\n<p>\u2014 Mam\u0103, de ce pl\u00e2ngi?<\/p>\n\n\n\n<p>Am tras-o l\u00e2ng\u0103 mine.<\/p>\n\n\n\n<p>\u2014 Pentru c\u0103 tata a ajutat un om.<\/p>\n\n\n\n<p>\u2014 C\u00e2nd era bolnav?<\/p>\n\n\n\n<p>Am dat din cap.<\/p>\n\n\n\n<p>\u2014 \u0218i dup\u0103 ce nu a mai fost.<\/p>\n\n\n\n<p>Sofia s-a g\u00e2ndit c\u00e2teva secunde.<\/p>\n\n\n\n<p>Apoi m-a \u00eentrebat:<\/p>\n\n\n\n<p>\u2014 Adic\u0103 tata n-a putut s\u0103 r\u0103m\u00e2n\u0103 cu noi, dar a ajutat un alt t\u0103tic s\u0103 r\u0103m\u00e2n\u0103 cu copiii lui?<\/p>\n\n\n\n<p>Am str\u00e2ns-o la piept.<\/p>\n\n\n\n<p>\u2014 Da. Exact asta a f\u0103cut.<\/p>\n\n\n\n<p>Au trecut anii.<\/p>\n\n\n\n<p>Iar \u00een ziua \u00een care Sofia a \u00eemplinit optsprezece ani, am deschis \u00eempreun\u0103 videoclipul pe care Radu \u00eel \u00eenregistrase pentru acel moment.<\/p>\n\n\n\n<p>Pe ecran a ap\u0103rut acela\u0219i b\u0103rbat sl\u0103bit, obosit, dar z\u00e2mbind.<\/p>\n\n\n\n<p>\u2014 Optsprezece ani\u2026 Dumnezeule, sper c\u0103 mama ta este preg\u0103tit\u0103 pentru asta.<\/p>\n\n\n\n<p>Sofia a r\u00e2s.<\/p>\n\n\n\n<p>Eu pl\u00e2ngeam deja.<\/p>\n\n\n\n<p>Apoi Radu a devenit serios.<\/p>\n\n\n\n<p>\u2014 Exist\u0103 ceva ce vreau s\u0103 \u0219tii despre mine. S\u0103 nu cre\u0219ti crez\u00e2nd c\u0103 tat\u0103l t\u0103u a fost curajos tot timpul. Mi-a fost fric\u0103. Mi-a fost \u00eengrozitor de fric\u0103.<\/p>\n\n\n\n<p>Sofia mi-a prins m\u00e2na.<\/p>\n\n\n\n<p>\u2014 Dar am \u00eenv\u0103\u021bat ceva. C\u00e2nd nu mai po\u021bi alege c\u00e2t timp prime\u0219ti, \u00eenc\u0103 mai po\u021bi alege ce faci cu timpul care \u021bi-a r\u0103mas.<\/p>\n\n\n\n<p>Radu a f\u0103cut o pauz\u0103.<\/p>\n\n\n\n<p>\u2014 Eu am \u00eencercat s\u0103 las ceva bun \u00een urma mea.<\/p>\n\n\n\n<p>Apoi a z\u00e2mbit.<\/p>\n\n\n\n<p>\u2014 Iar cel mai bun lucru pe care l-am l\u0103sat e\u0219ti tu.<\/p>\n\n\n\n<p>Sofia \u0219i-a acoperit gura cu m\u00e2na.<\/p>\n\n\n\n<p>\u2014 \u0218i dac\u0103 mama este l\u00e2ng\u0103 tine acum, mai spune-i ceva din partea mea.<\/p>\n\n\n\n<p>Am \u00eencremenit.<\/p>\n\n\n\n<p>Radu s-a uitat direct \u00een camer\u0103.<\/p>\n\n\n\n<p>\u2014 Elena, \u021bi-am spus s\u0103 nu te sim\u021bi vinovat\u0103. Sper c\u0103, dup\u0103 optsprezece ani, m-ai ascultat m\u0103car o dat\u0103.<\/p>\n\n\n\n<p>Am r\u00e2s am\u00e2ndou\u0103 printre lacrimi.<\/p>\n\n\n\n<p>Atunci am \u00een\u021beles de ce medicul m\u0103 oprise \u00een ziua \u00een care plecasem din spital.<\/p>\n\n\n\n<p>Radu \u0219tia c\u0103 nu putea r\u0103m\u00e2ne l\u00e2ng\u0103 noi.<\/p>\n\n\n\n<p>A\u0219a c\u0103, \u00een pu\u021binul timp pe care \u00eel mai avusese, g\u0103sise o cale s\u0103 nu lipseasc\u0103 de la toate zilele importante care aveau s\u0103 vin\u0103.<\/p>\n","protected":false},"excerpt":{"rendered":"<p>Partea a 2-a \u2013 Continuarea pove\u0219tii&nbsp;Am r\u0103mas cu ochii la medic. \u2014 S\u0103 nu m\u0103 simt vinovat\u0103? Pentru ce? A ezitat o clip\u0103. \u2014 Cred<\/p>\n","protected":false},"author":1,"featured_media":49985,"comment_status":"closed","ping_status":"closed","sticky":false,"template":"","format":"standard","meta":[],"categories":[1],"tags":[],"_links":{"self":[{"href":"https:\/\/calatorinromania.com\/index.php?rest_route=\/wp\/v2\/posts\/50157"}],"collection":[{"href":"https:\/\/calatorinromania.com\/index.php?rest_route=\/wp\/v2\/posts"}],"about":[{"href":"https:\/\/calatorinromania.com\/index.php?rest_route=\/wp\/v2\/types\/post"}],"author":[{"embeddable":true,"href":"https:\/\/calatorinromania.com\/index.php?rest_route=\/wp\/v2\/users\/1"}],"replies":[{"embeddable":true,"href":"https:\/\/calatorinromania.com\/index.php?rest_route=%2Fwp%2Fv2%2Fcomments&post=50157"}],"version-history":[{"count":1,"href":"https:\/\/calatorinromania.com\/index.php?rest_route=\/wp\/v2\/posts\/50157\/revisions"}],"predecessor-version":[{"id":50158,"href":"https:\/\/calatorinromania.com\/index.php?rest_route=\/wp\/v2\/posts\/50157\/revisions\/50158"}],"wp:featuredmedia":[{"embeddable":true,"href":"https:\/\/calatorinromania.com\/index.php?rest_route=\/wp\/v2\/media\/49985"}],"wp:attachment":[{"href":"https:\/\/calatorinromania.com\/index.php?rest_route=%2Fwp%2Fv2%2Fmedia&parent=50157"}],"wp:term":[{"taxonomy":"category","embeddable":true,"href":"https:\/\/calatorinromania.com\/index.php?rest_route=%2Fwp%2Fv2%2Fcategories&post=50157"},{"taxonomy":"post_tag","embeddable":true,"href":"https:\/\/calatorinromania.com\/index.php?rest_route=%2Fwp%2Fv2%2Ftags&post=50157"}],"curies":[{"name":"wp","href":"https:\/\/api.w.org\/{rel}","templated":true}]}}