{"id":50149,"date":"2026-09-02T07:55:49","date_gmt":"2026-09-02T07:55:49","guid":{"rendered":"https:\/\/calatorinromania.com\/?p=50149"},"modified":"2026-09-02T07:55:50","modified_gmt":"2026-09-02T07:55:50","slug":"tatal-lui-venise-din-londra-sa-i-faca-o-surpriza-de-ziua-lui-dar-l-a-gasit-dormind-intr-un-volkswagen-intr-o-parcare-de-la-otopeni-cu-un-an-inainte-fiul-lui-avea-casa-firma-si-doi-copii-pe-care-i","status":"publish","type":"post","link":"https:\/\/calatorinromania.com\/?p=50149","title":{"rendered":"Tat\u0103l lui venise din Londra s\u0103-i fac\u0103 o surpriz\u0103 de ziua lui, dar l-a g\u0103sit dormind \u00eentr-un Volkswagen, \u00eentr-o parcare de la Otopeni. Cu un an \u00eenainte, fiul lui avea cas\u0103, firm\u0103 \u0219i doi copii pe care \u00eei vedea \u00een fiecare zi."},"content":{"rendered":"\n<p><\/p>\n\n\n\n<p><em>Partea a 2-a \u2013 Continuarea pove\u0219tii&nbsp;<\/em><br>\u2014 Da, tat\u0103. Sorin era cel mai bun prieten al meu.<\/p>\n\n\n\n<p>Daniel \u0219i-a frecat palmele de parc\u0103 \u00eei era din nou frig.<\/p>\n\n\n\n<p>\u2014 \u0218i este na\u0219ul lui C\u0103lin.<\/p>\n\n\n\n<p>Pentru c\u00e2teva secunde n-am spus nimic.<\/p>\n\n\n\n<p>\u00cel cuno\u0219team pe Sorin de aproape cincisprezece ani.<\/p>\n\n\n\n<p>Venise la noi de Cr\u0103ciun. Fusese la nunta lui Daniel. \u00cel \u021binuse pe C\u0103lin \u00een bra\u021be la botez.<\/p>\n\n\n\n<p>Iar c\u00e2nd firma fiului meu \u00eencepuse s\u0103 se pr\u0103bu\u0219easc\u0103, tocmai el declarase c\u0103 Daniel lua decizii financiare nechibzuite \u0219i devenise instabil.<\/p>\n\n\n\n<p><\/p>\n\n\n\n<p><\/p>\n\n\n\n<p>\u2014 De ce ar face asta?<\/p>\n\n\n\n<p>Daniel a ridicat din umeri.<\/p>\n\n\n\n<p>\u2014 Nu \u0219tiu.<\/p>\n\n\n\n<p>\u2014 Ai vorbit cu el?<\/p>\n\n\n\n<p>\u2014 Am \u00eencercat. Mi-a spus c\u0103 a fost obligat s\u0103 spun\u0103 adev\u0103rul.<\/p>\n\n\n\n<p>\u2014 Atunci asta vom afla.<\/p>\n\n\n\n<p>Daniel m-a privit imediat.<\/p>\n\n\n\n<p>\u2014 Tat\u0103, nu vreau scandal.<\/p>\n\n\n\n<p>\u2014 Nici eu.<\/p>\n\n\n\n<p>\u2014 \u0218i nu vreau s\u0103 te duci peste Ana sau Sorin.<\/p>\n\n\n\n<p>\u2014 N-o s\u0103 m\u0103 duc peste nimeni.<\/p>\n\n\n\n<p>Am luat telefonul de pe mas\u0103.<\/p>\n\n\n\n<p>\u2014 Dar nici n-o s\u0103 stau cu m\u00e2inile \u00een s\u00e2n.<\/p>\n\n\n\n<p>\u00cen dup\u0103-amiaza aceea am \u00eenchiriat un apartament pentru trei luni.<\/p>\n\n\n\n<p><\/p>\n\n\n\n<p><\/p>\n\n\n\n<p>Nu i-am cump\u0103rat lui Daniel o cas\u0103.<\/p>\n\n\n\n<p>Nu i-am pus bani \u00een cont \u0219i nu i-am promis c\u0103 \u00eei voi rezolva via\u021ba.<\/p>\n\n\n\n<p>Avea nevoie de un loc \u00een care s\u0103 doarm\u0103, s\u0103 poat\u0103 primi copiii \u00een condi\u021bii normale \u0219i s\u0103 \u00eenceap\u0103 s\u0103 se ridice.<\/p>\n\n\n\n<p>Apoi am g\u0103sit un avocat \u0219i un specialist financiar care s\u0103 verifice ce se \u00eent\u00e2mplase cu firma.<\/p>\n\n\n\n<p>Primele zile nu au adus nimic spectaculos.<\/p>\n\n\n\n<p>Apoi am primit un telefon.<\/p>\n\n\n\n<p>\u2014 Domnule Ionescu, am g\u0103sit ceva ce ar trebui s\u0103 vede\u021bi.<\/p>\n\n\n\n<p>Ne-am \u00eent\u00e2lnit \u00een aceea\u0219i dup\u0103-amiaz\u0103.<\/p>\n\n\n\n<p>Specialistul a pus \u00een fa\u021ba noastr\u0103 o list\u0103 cu fo\u0219tii clien\u021bi ai firmei lui Daniel.<\/p>\n\n\n\n<p><\/p>\n\n\n\n<p><\/p>\n\n\n\n<p>\u2014 \u00cel recuno\u0219ti pe acesta?<\/p>\n\n\n\n<p>Daniel a dat din cap.<\/p>\n\n\n\n<p>\u2014 Era unul dintre cei mai mari clien\u021bi ai mei. A plecat chiar \u00eenainte s\u0103 intr\u0103m \u00een insolven\u021b\u0103.<\/p>\n\n\n\n<p>\u2014 \u0218tii unde s-a dus?<\/p>\n\n\n\n<p>\u2014 Nu.<\/p>\n\n\n\n<p>B\u0103rbatul a \u00eentors laptopul spre noi.<\/p>\n\n\n\n<p>Clientul lucra acum cu o firm\u0103 \u00eenfiin\u021bat\u0103 recent.<\/p>\n\n\n\n<p>Proprietar: Sorin Pavel.<\/p>\n\n\n\n<p>Daniel a \u00eencremenit.<\/p>\n\n\n\n<p>\u2014 Nu se poate.<\/p>\n\n\n\n<p>\u2014 Mai sunt.<\/p>\n\n\n\n<p>Nu unul.<\/p>\n\n\n\n<p>Patru dintre cei mai profitabili clien\u021bi ai lui Daniel ajunseser\u0103 la firma lui Sorin.<\/p>\n\n\n\n<p>Am sim\u021bit cum fiul meu se \u00eencordeaz\u0103 l\u00e2ng\u0103 mine.<\/p>\n\n\n\n<p>\u2014 El \u0219tia toate ofertele mele, a spus \u00eencet. Pre\u021burile. Contractele. Tot.<\/p>\n\n\n\n<p>Verific\u0103rile au continuat.<\/p>\n\n\n\n<p>\u0218i ceea ce la \u00eenceput p\u0103rea o coinciden\u021b\u0103 a devenit din ce \u00een ce mai greu de explicat.<\/p>\n\n\n\n<p>Cu c\u00e2teva luni \u00eenainte ca firma lui Daniel s\u0103 se pr\u0103bu\u0219easc\u0103, Sorin copiase informa\u021bii despre clien\u021bi \u0219i oferte comerciale pe adresa lui personal\u0103.<\/p>\n\n\n\n<p>Dar adev\u0103rata lovitur\u0103 a venit c\u00e2teva zile mai t\u00e2rziu.<\/p>\n\n\n\n<p>Avocatul ne-a chemat la birou.<\/p>\n\n\n\n<p>\u2014 Daniel, trebuie s\u0103 te preg\u0103te\u0219ti pentru ce urmeaz\u0103.<\/p>\n\n\n\n<p>\u2014 Ce a\u021bi g\u0103sit?<\/p>\n\n\n\n<p>\u2014 Mesaje \u00eentre Ana \u0219i Sorin.<\/p>\n\n\n\n<p>Daniel s-a uitat la mine.<\/p>\n\n\n\n<p>\u2014 Ana?<\/p>\n\n\n\n<p>\u2014 Da.<\/p>\n\n\n\n<p>Nu existau dovezi c\u0103 \u00eentre ei fusese o rela\u021bie amoroas\u0103.<\/p>\n\n\n\n<p>\u0218i nici nu aveam nevoie s\u0103 invent\u0103m una.<\/p>\n\n\n\n<p>Ceea ce exista era suficient.<\/p>\n\n\n\n<p>Discutaser\u0103 despre situa\u021bia financiar\u0103 a lui Daniel cu luni \u00eenainte ca firma s\u0103 se pr\u0103bu\u0219easc\u0103.<\/p>\n\n\n\n<p>Apoi avocatul ne-a ar\u0103tat un mesaj.<\/p>\n\n\n\n<p>Era de la Ana.<\/p>\n\n\n\n<p>\u201eDac\u0103 firma cade, nu mai poate pretinde c\u0103 ofer\u0103 stabilitate copiilor.\u201d<\/p>\n\n\n\n<p>Sub el era r\u0103spunsul lui Sorin.<\/p>\n\n\n\n<p>Patru cuvinte.<\/p>\n\n\n\n<p>\u201eLas\u0103 partea asta la mine.\u201d<\/p>\n\n\n\n<p>Daniel a citit mesajele de dou\u0103 ori.<\/p>\n\n\n\n<p>Apoi s-a a\u0219ezat.<\/p>\n\n\n\n<p>\u2014 El era na\u0219ul lui C\u0103lin\u2026<\/p>\n\n\n\n<p>Vocea i s-a stins.<\/p>\n\n\n\n<p>Nu cred c\u0103 \u00een acel moment \u00eel durea cel mai tare firma.<\/p>\n\n\n\n<p>Nici casa.<\/p>\n\n\n\n<p>\u00cel durea c\u0103 omul pe care \u00eel considerase fratele lui folosise exact lucrurile pe care Daniel i le \u00eencredin\u021base \u00eempotriva lui.<\/p>\n\n\n\n<p>\u2014 Ce facem acum? m-a \u00eentrebat.<\/p>\n\n\n\n<p>\u2014 Nimic prostesc.<\/p>\n\n\n\n<p>\u2014 Tat\u0103\u2026<\/p>\n\n\n\n<p>\u2014 Nu mergem la ei. Nu amenin\u021b\u0103m pe nimeni. Nu public\u0103m nimic.<\/p>\n\n\n\n<p>Am \u00eempins documentele spre avocat.<\/p>\n\n\n\n<p>\u2014 Adev\u0103rul merge acolo unde conteaz\u0103.<\/p>\n\n\n\n<p>Lucrurile nu s-au reparat \u00eentr-o s\u0103pt\u0103m\u00e2n\u0103.<\/p>\n\n\n\n<p>\u0218i nici instan\u021ba nu i-a dat lui Daniel tot ce voia peste noapte.<\/p>\n\n\n\n<p>Dar de data aceasta existau conversa\u021biile complete din care fuseser\u0103 scoase fragmentele folosite \u00eempotriva lui.<\/p>\n\n\n\n<p>Exista o evaluare independent\u0103.<\/p>\n\n\n\n<p>\u0218i existau mesajele dintre Ana \u0219i Sorin.<\/p>\n\n\n\n<p>Daniel era obosit.<\/p>\n\n\n\n<p>Fusese stresat.<\/p>\n\n\n\n<p>Fusese disperat c\u00e2nd firma se pr\u0103bu\u0219ise.<\/p>\n\n\n\n<p>Dar nu era tat\u0103l periculos \u0219i incapabil care fusese descris.<\/p>\n\n\n\n<p>Treptat, timpul petrecut cu b\u0103ie\u021bii a crescut.<\/p>\n\n\n\n<p>A \u00eenceput din nou s\u0103 participe la toate deciziile importante pentru ei.<\/p>\n\n\n\n<p>Iar apartamentul \u00eenchiriat i-a oferit stabilitatea de care avea nevoie.<\/p>\n\n\n\n<p>Partea cu firma a durat mai mult.<\/p>\n\n\n\n<p>Daniel nu \u0219i-a recuperat vechea afacere.<\/p>\n\n\n\n<p>Sincer, dup\u0103 tot ce se \u00eent\u00e2mplase, nici nu \u0219i-o mai dorea.<\/p>\n\n\n\n<p>A \u00eenceput de la zero.<\/p>\n\n\n\n<p>Trei angaja\u021bi.<\/p>\n\n\n\n<p>Un atelier mic.<\/p>\n\n\n\n<p>O dub\u0103 second-hand.<\/p>\n\n\n\n<p>Primul client l-a g\u0103sit singur.<\/p>\n\n\n\n<p>Pe al doilea i l-a recomandat primul.<\/p>\n\n\n\n<p>Dup\u0103 c\u00e2teva luni, \u00eentr-o sear\u0103, m-a sunat.<\/p>\n\n\n\n<p>\u2014 Tat\u0103?<\/p>\n\n\n\n<p>\u2014 Da?<\/p>\n\n\n\n<p>\u2014 Am f\u0103cut salariile.<\/p>\n\n\n\n<p>\u2014 \u0218i?<\/p>\n\n\n\n<p>A r\u00e2s.<\/p>\n\n\n\n<p>\u2014 \u0218i au r\u0103mas bani \u00een cont.<\/p>\n\n\n\n<p>N-am mai auzit at\u00e2ta m\u00e2ndrie \u00een vocea lui de mult timp.<\/p>\n\n\n\n<p>\u2014 Atunci \u00eenseamn\u0103 c\u0103 ai din nou o firm\u0103.<\/p>\n\n\n\n<p>\u2014 Mic\u0103.<\/p>\n\n\n\n<p>\u2014 Toate firmele sunt mici \u00eenainte s\u0103 devin\u0103 mari.<\/p>\n\n\n\n<p>\u2014 De data asta poate r\u0103m\u00e2ne mic\u0103.<\/p>\n\n\n\n<p>\u2014 \u0218i asta e \u00een regul\u0103.<\/p>\n\n\n\n<p>La aniversarea lui de 33 de ani am venit din nou \u00een Rom\u00e2nia.<\/p>\n\n\n\n<p>De data aceasta l-am anun\u021bat.<\/p>\n\n\n\n<p>C\u00e2nd am ajuns la apartament, u\u0219a s-a deschis \u0219i cei doi b\u0103ie\u021bi au alergat spre mine.<\/p>\n\n\n\n<p>\u2014 Bunicule!<\/p>\n\n\n\n<p>\u00cen buc\u0103t\u0103rie era un tort f\u0103cut str\u00e2mb de Daniel \u0219i gemeni.<\/p>\n\n\n\n<p>Pe mas\u0103 erau farfurii nepotrivite.<\/p>\n\n\n\n<p>\u00cen sufragerie erau juc\u0103rii.<\/p>\n\n\n\n<p>Daniel r\u00e2dea.<\/p>\n\n\n\n<p>Nu mai avea casa de l\u00e2ng\u0103 Bucure\u0219ti.<\/p>\n\n\n\n<p>Nu mai avea firma cu aproape treizeci de angaja\u021bi.<\/p>\n\n\n\n<p>Dar \u00ee\u0219i avea copiii l\u00e2ng\u0103 el.<\/p>\n\n\n\n<p>\u0218i, pentru prima dat\u0103 dup\u0103 mult timp, ar\u0103ta din nou ca fiul meu.<\/p>\n\n\n\n<p>Mai t\u00e2rziu, dup\u0103 ce b\u0103ie\u021bii au adormit, am ie\u0219it cu Daniel pe balcon.<\/p>\n\n\n\n<p>\u2014 Tat\u0103?<\/p>\n\n\n\n<p>\u2014 Da?<\/p>\n\n\n\n<p>\u2014 Pot s\u0103 te \u00eentreb ceva?<\/p>\n\n\n\n<p>\u2014 Sigur.<\/p>\n\n\n\n<p>\u2014 \u00cen diminea\u021ba aia, \u00een parcare\u2026<\/p>\n\n\n\n<p>S-a oprit.<\/p>\n\n\n\n<p>\u2014 De ce nu m-ai \u00eentrebat ce f\u0103cusem ca s\u0103 ajung acolo?<\/p>\n\n\n\n<p>M-am uitat la el.<\/p>\n\n\n\n<p>\u2014 Pentru c\u0103 te cunosc.<\/p>\n\n\n\n<p>\u2014 Dar dac\u0103 eu chiar a\u0219 fi fost vinovat?<\/p>\n\n\n\n<p>\u2014 Atunci te-a\u0219 fi ajutat s\u0103-\u021bi asumi partea ta.<\/p>\n\n\n\n<p>Daniel a r\u0103mas t\u0103cut.<\/p>\n\n\n\n<p>\u2014 A te iubi nu \u00eenseamn\u0103 s\u0103 cred automat c\u0103 ai dreptate, i-am spus. \u00censeamn\u0103 s\u0103 nu te condamn \u00eenainte s\u0103 aflu adev\u0103rul.<\/p>\n\n\n\n<p>\u0218i-a cobor\u00e2t privirea.<\/p>\n\n\n\n<p>\u2014 Cred c\u0103 asta a fost singurul lucru de care aveam nevoie atunci.<\/p>\n\n\n\n<p>\u2014 Ce?<\/p>\n\n\n\n<p>\u2014 Ca cineva s\u0103 m\u0103 cread\u0103 suficient c\u00e2t s\u0103 m\u0103 asculte.<\/p>\n\n\n\n<p>M-am g\u00e2ndit la diminea\u021ba aceea de martie.<\/p>\n\n\n\n<p>La geamurile aburite ale Golf-ului.<\/p>\n\n\n\n<p>La fiul meu, care pierduse aproape tot \u0219i preferase s\u0103 doarm\u0103 \u00eentr-o ma\u0219in\u0103 dec\u00e2t s\u0103-i spun\u0103 tat\u0103lui s\u0103u c\u0103 avea nevoie de ajutor.<\/p>\n\n\n\n<p>Nu-i promisesem r\u0103zbunare.<\/p>\n\n\n\n<p>Nu-i promisesem c\u0103 \u00eei voi da \u00eenapoi casa, firma sau via\u021ba pe care o avusese.<\/p>\n\n\n\n<p>\u00cei cerusem doar s\u0103-mi spun\u0103 adev\u0103rul.<\/p>\n\n\n\n<p>\u0218i poate c\u0103 exact de acolo \u00eencepuse s\u0103-\u0219i recapete via\u021ba.<\/p>\n\n\n\n<p>Nu din ziua \u00een care ceilal\u021bi au fost prin\u0219i cu minciuna.<\/p>\n\n\n\n<p>Ci din ziua \u00een care lui Daniel nu i-a mai fost ru\u0219ine s\u0103 spun\u0103 c\u0103 are nevoie de ajutor.<\/p>\n","protected":false},"excerpt":{"rendered":"<p>Partea a 2-a \u2013 Continuarea pove\u0219tii&nbsp;\u2014 Da, tat\u0103. Sorin era cel mai bun prieten al meu. Daniel \u0219i-a frecat palmele de parc\u0103 \u00eei era din<\/p>\n","protected":false},"author":1,"featured_media":48623,"comment_status":"closed","ping_status":"closed","sticky":false,"template":"","format":"standard","meta":[],"categories":[1],"tags":[],"_links":{"self":[{"href":"https:\/\/calatorinromania.com\/index.php?rest_route=\/wp\/v2\/posts\/50149"}],"collection":[{"href":"https:\/\/calatorinromania.com\/index.php?rest_route=\/wp\/v2\/posts"}],"about":[{"href":"https:\/\/calatorinromania.com\/index.php?rest_route=\/wp\/v2\/types\/post"}],"author":[{"embeddable":true,"href":"https:\/\/calatorinromania.com\/index.php?rest_route=\/wp\/v2\/users\/1"}],"replies":[{"embeddable":true,"href":"https:\/\/calatorinromania.com\/index.php?rest_route=%2Fwp%2Fv2%2Fcomments&post=50149"}],"version-history":[{"count":1,"href":"https:\/\/calatorinromania.com\/index.php?rest_route=\/wp\/v2\/posts\/50149\/revisions"}],"predecessor-version":[{"id":50150,"href":"https:\/\/calatorinromania.com\/index.php?rest_route=\/wp\/v2\/posts\/50149\/revisions\/50150"}],"wp:featuredmedia":[{"embeddable":true,"href":"https:\/\/calatorinromania.com\/index.php?rest_route=\/wp\/v2\/media\/48623"}],"wp:attachment":[{"href":"https:\/\/calatorinromania.com\/index.php?rest_route=%2Fwp%2Fv2%2Fmedia&parent=50149"}],"wp:term":[{"taxonomy":"category","embeddable":true,"href":"https:\/\/calatorinromania.com\/index.php?rest_route=%2Fwp%2Fv2%2Fcategories&post=50149"},{"taxonomy":"post_tag","embeddable":true,"href":"https:\/\/calatorinromania.com\/index.php?rest_route=%2Fwp%2Fv2%2Ftags&post=50149"}],"curies":[{"name":"wp","href":"https:\/\/api.w.org\/{rel}","templated":true}]}}