{"id":50145,"date":"2026-09-02T06:50:20","date_gmt":"2026-09-02T06:50:20","guid":{"rendered":"https:\/\/calatorinromania.com\/?p=50145"},"modified":"2026-09-02T06:50:21","modified_gmt":"2026-09-02T06:50:21","slug":"fostul-meu-sot-s-a-recasatorit-iar-noua-lui-sotie-era-atat-de-buna-cu-fiica-mea","status":"publish","type":"post","link":"https:\/\/calatorinromania.com\/?p=50145","title":{"rendered":"Fostul meu so\u021b s-a rec\u0103s\u0103torit, iar noua lui so\u021bie era at\u00e2t de bun\u0103 cu fiica mea"},"content":{"rendered":"\n<p>Am deschis telefonul \u0219i am sunat-o.<\/p>\n\n\n\n<p><\/p>\n\n\n\n<p>Nu pe fostul meu so\u021b.<\/p>\n\n\n\n<p><\/p>\n\n\n\n<p>Pe Sara.<\/p>\n\n\n\n<p><\/p>\n\n\n\n<p>\u2014 Trebuie s\u0103 vorbim.<\/p>\n\n\n\n<p>A urmat o t\u0103cere scurt\u0103.<\/p>\n\n\n\n<p>\u2014 Sigur. Despre Emma?<\/p>\n\n\n\n<p>\u2014 Da.<\/p>\n\n\n\n<p>Am stabilit s\u0103 ne \u00eent\u00e2lnim la o cafenea, f\u0103r\u0103 Emma \u0219i f\u0103r\u0103 Mihai, fostul meu so\u021b.<\/p>\n\n\n\n<p>C\u00e2nd am ajuns, Sara era deja acolo.<\/p>\n\n\n\n<p>\u2014 S-a \u00eent\u00e2mplat ceva?<\/p>\n\n\n\n<p>\u2014 Emma m-a \u00eentrebat asear\u0103 de ce nu po\u021bi fi tu mama ei.<\/p>\n\n\n\n<p>Pentru o frac\u021biune de secund\u0103, expresia Sarei s-a schimbat.<\/p>\n\n\n\n<p>Nu p\u0103rea surprins\u0103.<\/p>\n\n\n\n<p>Asta m-a speriat.<\/p>\n\n\n\n<p>\u2014 A mai spus asta?<\/p>\n\n\n\n<p>Sara \u00ee\u0219i cobor\u00ee privirea spre cafea.<\/p>\n\n\n\n<p>\u2014 Nu exact.<\/p>\n\n\n\n<p>\u2014 Atunci ce a spus?<\/p>\n\n\n\n<p>\u2014 Andreea\u2026<\/p>\n\n\n\n<p>\u2014 Ce a spus fiica mea?<\/p>\n\n\n\n<p>Sara oft\u0103.<\/p>\n\n\n\n<p>\u2014 C\u0103 uneori se \u00eentreab\u0103 cum ar fi dac\u0103 ar locui cu noi tot timpul.<\/p>\n\n\n\n<p>Am sim\u021bit cum mi se str\u00e2nge stomacul.<\/p>\n\n\n\n<p>\u2014 De ce s-ar \u00eentreba asta?<\/p>\n\n\n\n<p>\u2014 Copiii spun lucruri.<\/p>\n\n\n\n<p>\u2014 Nu. Emma nu vorbea despre asta acum c\u00e2teva luni.<\/p>\n\n\n\n<p>Sara nu r\u0103spunse.<\/p>\n\n\n\n<p>Atunci mi-am scos telefonul.<\/p>\n\n\n\n<p>\u2014 Vreau s\u0103 v\u0103d mesajele dintre tine \u0219i Emma.<\/p>\n\n\n\n<p>Ridic\u0103 imediat privirea.<\/p>\n\n\n\n<p>\u2014 Nu cred c\u0103 este potrivit.<\/p>\n\n\n\n<p>\u0218i atunci am \u0219tiut.<\/p>\n\n\n\n<p><\/p>\n\n\n\n<p><\/p>\n\n\n\n<p><\/p>\n\n\n\n<hr class=\"wp-block-separator has-alpha-channel-opacity\"\/>\n\n\n\n<p>\u00cen acea dup\u0103-amiaz\u0103 am verificat tableta pe care Emma o folosea acas\u0103.<\/p>\n\n\n\n<p>Era sincronizat\u0103 cu aplica\u021bia prin care vorbea cu Sara.<\/p>\n\n\n\n<p>N-ar fi trebuit s\u0103-i citesc conversa\u021biile f\u0103r\u0103 un motiv serios.<\/p>\n\n\n\n<p>Dar acum \u00eel aveam.<\/p>\n\n\n\n<p>Primele mesaje p\u0103reau complet normale.<\/p>\n\n\n\n<p><strong>\u201eAi ajuns acas\u0103?\u201d<\/strong><\/p>\n\n\n\n<p><strong>\u201eBaft\u0103 la test m\u00e2ine!\u201d<\/strong><\/p>\n\n\n\n<p><strong>\u201eNu uita c\u0103 e\u0219ti super de\u0219teapt\u0103.\u201d<\/strong><\/p>\n\n\n\n<p>Apoi am \u00eenceput s\u0103 cobor.<\/p>\n\n\n\n<p>\u0218i tonul s-a schimbat.<\/p>\n\n\n\n<p>Cu trei luni \u00eenainte, dup\u0103 ce \u00eei luasem telefonul Emmei pentru o sear\u0103 fiindc\u0103 nu-\u0219i terminase temele, ea \u00eei scrisese Sarei:<\/p>\n\n\n\n<p><strong>\u201eMama e sup\u0103rat\u0103 pe mine.\u201d<\/strong><\/p>\n\n\n\n<p>Sara r\u0103spunsese:<\/p>\n\n\n\n<p><strong>\u201e\u00cemi pare r\u0103u, iubita mea. Uneori adul\u021bii care sunt stresa\u021bi \u00eei fac \u0219i pe copii s\u0103 se simt\u0103 vinova\u021bi.\u201d<\/strong><\/p>\n\n\n\n<p>Alt\u0103 conversa\u021bie.<\/p>\n\n\n\n<p>Emma se pl\u00e2nsese c\u0103 trebuia s\u0103-\u0219i str\u00e2ng\u0103 hainele.<\/p>\n\n\n\n<p>Sara:<\/p>\n\n\n\n<p><strong>\u201eAici nu trebuie s\u0103 fii mereu at\u00e2t de responsabil\u0103. La noi po\u021bi s\u0103 fii pur \u0219i simplu copil.\u201d<\/strong><\/p>\n\n\n\n<p>Alta.<\/p>\n\n\n\n<p><strong>Emma: \u201eMama nu m\u0103 las\u0103 s\u0103 stau p\u00e2n\u0103 la 11.\u201d<\/strong><\/p>\n\n\n\n<p><strong>Sara: \u201ePentru c\u0103 mama ta are regulile ei. Eu cred c\u0103 e\u0219ti suficient de matur\u0103 s\u0103 \u0219tii singur\u0103 c\u00e2nd e\u0219ti obosit\u0103.\u201d<\/strong><\/p>\n\n\n\n<p>Am continuat.<\/p>\n\n\n\n<p>Apoi am g\u0103sit mesajul care m-a f\u0103cut s\u0103 las tableta jos.<\/p>\n\n\n\n<p>Cu dou\u0103 s\u0103pt\u0103m\u00e2ni \u00eenainte:<\/p>\n\n\n\n<p><strong>Sara: \u201eUneori familia adev\u0103rat\u0103 nu este doar familia \u00een care te-ai n\u0103scut. Este \u0219i familia \u00een care te sim\u021bi cel mai fericit.\u201d<\/strong><\/p>\n\n\n\n<p>Emma r\u0103spunsese:<\/p>\n\n\n\n<p><strong>\u201eTu e\u0219ti familie adev\u0103rat\u0103?\u201d<\/strong><\/p>\n\n\n\n<p>Sara:<\/p>\n\n\n\n<p><strong>\u201eEu te iubesc exact ca o mam\u0103.\u201d<\/strong><\/p>\n\n\n\n<p>Am \u00eenceput s\u0103 pl\u00e2ng.<\/p>\n\n\n\n<p>Nu pentru c\u0103 Sara o iubea.<\/p>\n\n\n\n<p>Mi-a\u0219 fi dorit ca orice adult important din via\u021ba fiicei mele s-o iubeasc\u0103.<\/p>\n\n\n\n<p>Ci pentru c\u0103 transformase fiecare regul\u0103 pe care eu o impuneam \u00eentr-o compara\u021bie.<\/p>\n\n\n\n<p>Eu eram p\u0103rintele care spunea \u201enu\u201d.<\/p>\n\n\n\n<p>Ea devenise femeia care spunea \u201eda\u201d.<\/p>\n\n\n\n<p><\/p>\n\n\n\n<p><\/p>\n\n\n\n<p><\/p>\n\n\n\n<hr class=\"wp-block-separator has-alpha-channel-opacity\"\/>\n\n\n\n<p>L-am sunat pe Mihai.<\/p>\n\n\n\n<p>A venit \u00een aceea\u0219i sear\u0103.<\/p>\n\n\n\n<p>I-am pus tableta \u00een fa\u021b\u0103.<\/p>\n\n\n\n<p>A citit mesajele.<\/p>\n\n\n\n<p>\u2014 Nu v\u0103d ce e at\u00e2t de grav.<\/p>\n\n\n\n<p>Am r\u0103mas f\u0103r\u0103 cuvinte.<\/p>\n\n\n\n<p>\u2014 Serios?<\/p>\n\n\n\n<p>\u2014 Sara \u00eencearc\u0103 s\u0103 aib\u0103 o rela\u021bie bun\u0103 cu ea.<\/p>\n\n\n\n<p>\u2014 \u201eAici po\u021bi s\u0103 fii pur \u0219i simplu copil.\u201d \u201eEu te iubesc exact ca o mam\u0103.\u201d \u201eFamilia adev\u0103rat\u0103 este unde te sim\u021bi fericit.\u201d \u021ai se pare normal?<\/p>\n\n\n\n<p>\u2014 Andreea, e\u0219ti geloas\u0103.<\/p>\n\n\n\n<p>Asta era explica\u021bia lui pentru orice.<\/p>\n\n\n\n<p>Atunci am deschis ultima conversa\u021bie.<\/p>\n\n\n\n<p>Una pe care n-o observasem prima dat\u0103.<\/p>\n\n\n\n<p>Emma \u00eei spusese Sarei c\u0103 nu vrea s\u0103 vin\u0103 la ei \u00een weekend pentru c\u0103 avea ziua unei colege.<\/p>\n\n\n\n<p>Sara r\u0103spunsese:<\/p>\n\n\n\n<p><strong>\u201eE \u00een regul\u0103. Dar s\u0103 \u0219tii c\u0103 tati e foarte trist c\u00e2nd alegi lucrurile de la mama \u00een locul familiei noastre.\u201d<\/strong><\/p>\n\n\n\n<p>Mihai \u00eencet\u0103 s\u0103 vorbeasc\u0103.<\/p>\n\n\n\n<p>\u2014 Cite\u0219te urm\u0103torul mesaj.<\/p>\n\n\n\n<p>Emma \u00eentrebase:<\/p>\n\n\n\n<p><strong>\u201eMama nu e familia mea?\u201d<\/strong><\/p>\n\n\n\n<p>Sara r\u0103spunsese:<\/p>\n\n\n\n<p><strong>\u201eSigur c\u0103 este. Doar c\u0103 uneori adul\u021bii cresc \u00een direc\u021bii diferite.\u201d<\/strong><\/p>\n\n\n\n<p>\u2014 Asta nu este ajutor, Mihai.<\/p>\n\n\n\n<p>De data asta nu m\u0103 contrazise.<\/p>\n\n\n\n<hr class=\"wp-block-separator has-alpha-channel-opacity\"\/>\n\n\n\n<p>Nu i-am spus Emmei c\u0103 \u00eei citisem mesajele.<\/p>\n\n\n\n<p>\u00cen schimb, am f\u0103cut ceva mai greu.<\/p>\n\n\n\n<p>Am vorbit cu ea.<\/p>\n\n\n\n<p>\u2014 \u00ce\u021bi aminte\u0219ti ce m-ai \u00eentrebat asear\u0103?<\/p>\n\n\n\n<p>D\u0103du din cap.<\/p>\n\n\n\n<p>\u2014 E\u0219ti sup\u0103rat\u0103?<\/p>\n\n\n\n<p>\u2014 Nu pe tine.<\/p>\n\n\n\n<p>M-am a\u0219ezat l\u00e2ng\u0103 ea.<\/p>\n\n\n\n<p>\u2014 Vreau s\u0103 te \u00eentreb ceva. De ce crezi c\u0103 Sara face \u201etoate lucrurile de mam\u0103\u201d?<\/p>\n\n\n\n<p>Emma ridic\u0103 din umeri.<\/p>\n\n\n\n<p>\u2014 Pentru c\u0103 are grij\u0103 de mine.<\/p>\n\n\n\n<p>\u2014 A\u0219a este.<\/p>\n\n\n\n<p>\u2014 \u0218i m\u0103 las\u0103 s\u0103 fac mai multe lucruri.<\/p>\n\n\n\n<p>\u2014 \u0218i asta e adev\u0103rat.<\/p>\n\n\n\n<p>Apoi fiica mea spuse ceva ce n-am uitat niciodat\u0103.<\/p>\n\n\n\n<p>\u2014 Sara spune c\u0103 tu e\u0219ti obosit\u0103 s\u0103 fii mam\u0103 tot timpul.<\/p>\n\n\n\n<p>Am sim\u021bit cum \u00eemi \u00eenghea\u021b\u0103 s\u00e2ngele.<\/p>\n\n\n\n<p>\u2014 C\u00e2nd \u021bi-a spus asta?<\/p>\n\n\n\n<p>\u2014 Nu \u0219tiu. De mai multe ori.<\/p>\n\n\n\n<p>\u2014 \u0218i tu ce ai crezut?<\/p>\n\n\n\n<p>Ochii i se umplur\u0103 de lacrimi.<\/p>\n\n\n\n<p>\u2014 C\u0103 poate te-ai bucura dac\u0103 a\u0219 sta mai mult la tata.<\/p>\n\n\n\n<p>Am tras-o imediat \u00een bra\u021be.<\/p>\n\n\n\n<p>\u2014 Emma, ascult\u0103-m\u0103 foarte bine. Nu exist\u0103 nicio zi \u00een care s\u0103 fiu obosit\u0103&nbsp;<strong>s\u0103 fiu mama ta<\/strong>. Pot fi obosit\u0103. Pot fi stresat\u0103. Pot gre\u0219i. Pot spune nu. Dar nu m-am s\u0103turat niciodat\u0103 de tine.<\/p>\n\n\n\n<p>\u2014 Nici c\u00e2nd m\u0103 cer\u021bi?<\/p>\n\n\n\n<p>Am r\u00e2s printre lacrimi.<\/p>\n\n\n\n<p>\u2014 Mai ales atunci sunt mama ta.<\/p>\n\n\n\n<hr class=\"wp-block-separator has-alpha-channel-opacity\"\/>\n\n\n\n<p>\u00cen urm\u0103toarele s\u0103pt\u0103m\u00e2ni, lucrurile s-au schimbat.<\/p>\n\n\n\n<p>Mihai a vorbit cu Sara.<\/p>\n\n\n\n<p>Eu am cerut ajutorul unui psiholog pentru copii, nu pentru a o pune pe Emma s\u0103 aleag\u0103 \u00eentre noi, ci pentru a \u00een\u021belege cum s\u0103 scoatem copilul din mijlocul conflictului adul\u021bilor.<\/p>\n\n\n\n<p>Am stabilit reguli clare.<\/p>\n\n\n\n<p>Sara putea avea o rela\u021bie apropiat\u0103 cu Emma.<\/p>\n\n\n\n<p>Putea s-o iubeasc\u0103.<\/p>\n\n\n\n<p>Putea s-o ajute la teme \u0219i s\u0103-i \u00eempleteasc\u0103 p\u0103rul.<\/p>\n\n\n\n<p>Dar nu putea submina regulile celuilalt c\u0103min \u0219i nu putea sugera c\u0103 Emma trebuia s\u0103 aleag\u0103 care dintre noi era \u201efamilia adev\u0103rat\u0103\u201d.<\/p>\n\n\n\n<p>\u0218i eu a trebuit s\u0103 \u00eenv\u0103\u021b ceva.<\/p>\n\n\n\n<p>Nu orice lucru frumos pe care Sara \u00eel f\u0103cea cu fiica mea era o amenin\u021bare.<\/p>\n\n\n\n<p>Br\u0103\u021b\u0103rile identice?<\/p>\n\n\n\n<p>Nu contau.<\/p>\n\n\n\n<p>Cinematograful?<\/p>\n\n\n\n<p>Nu conta.<\/p>\n\n\n\n<p>Faptul c\u0103 \u00eempletea p\u0103rul mai frumos dec\u00e2t mine?<\/p>\n\n\n\n<p>Emma avea dreptate. Chiar \u00eel \u00eempletea mai bine.<\/p>\n\n\n\n<p>Problema nu era iubirea.<\/p>\n\n\n\n<p><strong>Problema era competi\u021bia ascuns\u0103 \u00een spatele ei.<\/strong><\/p>\n\n\n\n<hr class=\"wp-block-separator has-alpha-channel-opacity\"\/>\n\n\n\n<p>C\u00e2teva luni mai t\u00e2rziu, Emma a venit la mine \u00eenainte de culcare cu dou\u0103 elastice \u00een m\u00e2n\u0103.<\/p>\n\n\n\n<p>\u2014 \u00cemi faci dou\u0103 codi\u021be?<\/p>\n\n\n\n<p>Am \u00eencercat s\u0103 nu ar\u0103t c\u00e2t de mult \u00eensemna pentru mine \u00eentrebarea.<\/p>\n\n\n\n<p>\u2014 Sigur.<\/p>\n\n\n\n<p>Dup\u0103 c\u00e2teva minute, s-a privit \u00een oglind\u0103.<\/p>\n\n\n\n<p>Una era pu\u021bin mai sus dec\u00e2t cealalt\u0103.<\/p>\n\n\n\n<p>Emma \u00eencepu s\u0103 r\u00e2d\u0103.<\/p>\n\n\n\n<p>\u2014 Sara le face mai drepte.<\/p>\n\n\n\n<p>Am ridicat o spr\u00e2ncean\u0103.<\/p>\n\n\n\n<p>\u2014 Atunci po\u021bi s\u0103 dormi pe partea aia \u0219i poate se \u00eendreapt\u0103 p\u00e2n\u0103 diminea\u021b\u0103.<\/p>\n\n\n\n<p>A r\u00e2s \u0219i mai tare.<\/p>\n\n\n\n<p>Apoi m\u0103 \u00eembr\u0103\u021bi\u0219\u0103.<\/p>\n\n\n\n<p>\u2014 Mam\u0103?<\/p>\n\n\n\n<p>\u2014 Da?<\/p>\n\n\n\n<p>\u2014 Pot s-o iubesc \u0219i pe Sara foarte mult?<\/p>\n\n\n\n<p>Mi s-a pus un nod \u00een g\u00e2t.<\/p>\n\n\n\n<p>Dar de data aceasta r\u0103spunsul nu m-a durut.<\/p>\n\n\n\n<p>\u2014 Bine\u00een\u021beles.<\/p>\n\n\n\n<p>\u2014 \u0218i pe tine mai mult?<\/p>\n\n\n\n<p>Am s\u0103rutat-o pe frunte.<\/p>\n\n\n\n<p>\u2014 Nu trebuie s\u0103 m\u0103sori iubirea a\u0219a.<\/p>\n\n\n\n<p>\u2014 De ce?<\/p>\n\n\n\n<p>\u2014 Pentru c\u0103 nimeni care te iube\u0219te cu adev\u0103rat nu ar trebui s\u0103-\u021bi cear\u0103 s\u0103 iube\u0219ti pe altcineva mai pu\u021bin.<\/p>\n\n\n\n<hr class=\"wp-block-separator has-alpha-channel-opacity\"\/>\n\n\n\n<p>Asta a fost lec\u021bia pe care a trebuit s-o \u00eenv\u0103\u021b \u0219i eu.<\/p>\n\n\n\n<p>Nu aveam nevoie ca Emma s-o resping\u0103 pe Sara pentru a demonstra c\u0103 eu eram mama ei.<\/p>\n\n\n\n<p>Locul meu nu trebuia c\u00e2\u0219tigat prin concursuri de coafuri, cadouri sau ore de culcare.<\/p>\n\n\n\n<p>Eu eram mama ei.<\/p>\n\n\n\n<p>Sara putea deveni \u00eenc\u0103 un adult care o iubea.<\/p>\n\n\n\n<p>Dar numai dac\u0103 iubirea aceea nu venea cu pre\u021bul \u00eendep\u0103rt\u0103rii copilului de mine.<\/p>\n\n\n\n<p><strong>Un copil poate avea loc \u00een inim\u0103 pentru mul\u021bi oameni. Problema \u00eencepe atunci c\u00e2nd un adult \u00eel convinge c\u0103, pentru a-l iubi pe unul, trebuie s\u0103 renun\u021be pu\u021bin c\u00e2te pu\u021bin la altul.<\/strong><\/p>\n\n\n\n<p><a href=\"https:\/\/www.pinterest.com\/pin\/create\/button\/?url=https%3A%2F%2Fbumzi.ro%2F%3Fp%3D28508&amp;description=Fostul+meu+so%C8%9B+s-a+rec%C4%83s%C4%83torit%2C+iar+noua+lui+so%C8%9Bie+era+at%C3%A2t+de+bun%C4%83+cu+fiica+mea\" target=\"_blank\" rel=\"noreferrer noopener\"><\/a><\/p>\n\n\n\n<p><a href=\"https:\/\/www.facebook.com\/sharer\/sharer.php?u=https%3A%2F%2Fbumzi.ro%2F%3Fp%3D28508\" target=\"_blank\" rel=\"noreferrer noopener\"><\/a><\/p>\n\n\n\n<p><a href=\"https:\/\/twitter.com\/intent\/tweet?url=https%3A%2F%2Fbumzi.ro%2F%3Fp%3D28508&amp;text=Fostul+meu+so%C8%9B+s-a+rec%C4%83s%C4%83torit%2C+iar+noua+lui+so%C8%9Bie+era+at%C3%A2t+de+bun%C4%83+cu+fiica+mea\" target=\"_blank\" rel=\"noreferrer noopener\"><\/a><\/p>\n\n\n\n<p><em>Aceast\u0103 lucrare este inspirat\u0103 din evenimente \u0219i persoane reale, \u00eens\u0103 a fost fic\u021bionalizat\u0103 \u00een scopuri creative. Numele, personajele \u0219i detaliile au fost schimbate pentru a proteja intimitatea \u0219i pentru a \u00eembun\u0103t\u0103\u021bi nara\u021biunea. Orice asem\u0103nare cu persoane reale, \u00een via\u021b\u0103 sau decedate, sau cu evenimente reale este pur \u00eent\u00e2mpl\u0103toare \u0219i nu este inten\u021bionat\u0103 de c\u0103tre autor.<\/em><\/p>\n\n\n\n<p><em>Autorul \u0219i editorul nu \u00ee\u0219i asum\u0103 responsabilitatea pentru exactitatea evenimentelor sau pentru modul \u00een care sunt portretizate personajele \u0219i nu sunt r\u0103spunz\u0103tori pentru eventuale interpret\u0103ri gre\u0219ite. Aceast\u0103 poveste este oferit\u0103 \u201eca atare\u201d, iar orice opinii exprimate apar\u021bin personajelor \u0219i nu reflect\u0103 punctele de vedere ale autorului sau ale editorului.<\/em><\/p>\n","protected":false},"excerpt":{"rendered":"<p>Am deschis telefonul \u0219i am sunat-o. Nu pe fostul meu so\u021b. Pe Sara. \u2014 Trebuie s\u0103 vorbim. A urmat o t\u0103cere scurt\u0103. \u2014 Sigur. Despre<\/p>\n","protected":false},"author":1,"featured_media":49985,"comment_status":"closed","ping_status":"closed","sticky":false,"template":"","format":"standard","meta":[],"categories":[1],"tags":[],"_links":{"self":[{"href":"https:\/\/calatorinromania.com\/index.php?rest_route=\/wp\/v2\/posts\/50145"}],"collection":[{"href":"https:\/\/calatorinromania.com\/index.php?rest_route=\/wp\/v2\/posts"}],"about":[{"href":"https:\/\/calatorinromania.com\/index.php?rest_route=\/wp\/v2\/types\/post"}],"author":[{"embeddable":true,"href":"https:\/\/calatorinromania.com\/index.php?rest_route=\/wp\/v2\/users\/1"}],"replies":[{"embeddable":true,"href":"https:\/\/calatorinromania.com\/index.php?rest_route=%2Fwp%2Fv2%2Fcomments&post=50145"}],"version-history":[{"count":1,"href":"https:\/\/calatorinromania.com\/index.php?rest_route=\/wp\/v2\/posts\/50145\/revisions"}],"predecessor-version":[{"id":50146,"href":"https:\/\/calatorinromania.com\/index.php?rest_route=\/wp\/v2\/posts\/50145\/revisions\/50146"}],"wp:featuredmedia":[{"embeddable":true,"href":"https:\/\/calatorinromania.com\/index.php?rest_route=\/wp\/v2\/media\/49985"}],"wp:attachment":[{"href":"https:\/\/calatorinromania.com\/index.php?rest_route=%2Fwp%2Fv2%2Fmedia&parent=50145"}],"wp:term":[{"taxonomy":"category","embeddable":true,"href":"https:\/\/calatorinromania.com\/index.php?rest_route=%2Fwp%2Fv2%2Fcategories&post=50145"},{"taxonomy":"post_tag","embeddable":true,"href":"https:\/\/calatorinromania.com\/index.php?rest_route=%2Fwp%2Fv2%2Ftags&post=50145"}],"curies":[{"name":"wp","href":"https:\/\/api.w.org\/{rel}","templated":true}]}}