{"id":50143,"date":"2026-09-02T06:48:23","date_gmt":"2026-09-02T06:48:23","guid":{"rendered":"https:\/\/calatorinromania.com\/?p=50143"},"modified":"2026-09-02T06:48:24","modified_gmt":"2026-09-02T06:48:24","slug":"sora-ta-vitrega-este-insarcinata-cu-copilul-meu","status":"publish","type":"post","link":"https:\/\/calatorinromania.com\/?p=50143","title":{"rendered":"Sora ta vitreg\u0103 este \u00eens\u0103rcinat\u0103 cu copilul meu"},"content":{"rendered":"\n<p>Feti\u021ba \u00eemi z\u0103ri chipul \u0219i \u00ee\u0219i desprinse imediat m\u00e2na din cea a lui Harrison.<\/p>\n\n\n\n<p>\u2014 Mami!<\/p>\n\n\n\n<p>Vocea ei r\u0103sun\u0103 prin lini\u0219tea catedralei.<\/p>\n\n\n\n<p>Alerg\u0103 spre mine cu pa\u0219i mici \u0219i nesiguri.<\/p>\n\n\n\n<p>M-am aplecat \u0219i am prins-o \u00een bra\u021be.<\/p>\n\n\n\n<p>\u2014 Bun\u0103, Sofia.<\/p>\n\n\n\n<p>Mi-am lipit obrazul de p\u0103rul ei.<\/p>\n\n\n\n<p>C\u00e2nd m-am ridicat, Iulian nu mai z\u00e2mbea.<\/p>\n\n\n\n<p>Vanessa p\u0103rea c\u0103 uitase s\u0103 respire.<\/p>\n\n\n\n<p>Harrison ajunse l\u00e2ng\u0103 noi, \u00ee\u0219i puse o m\u00e2n\u0103 u\u0219or pe spatele meu \u0219i m\u0103 s\u0103rut\u0103 pe obraz.<\/p>\n\n\n\n<p>\u2014 \u00cemi pare r\u0103u c\u0103 am \u00eent\u00e2rziat, iubito. Sofia a insistat s\u0103 ia florile pentru bunicul ei.<\/p>\n\n\n\n<p>Feti\u021ba ridic\u0103 un buche\u021bel mic de trandafiri albi.<\/p>\n\n\n\n<p>Iulian se uit\u0103 de la mine la copil, apoi la Harrison.<\/p>\n\n\n\n<p>\u2014 Tu\u2026 \u00eel cuno\u0219ti?<\/p>\n\n\n\n<p>Harrison \u00ee\u0219i \u00eentoarse privirea spre el.<\/p>\n\n\n\n<p>\u2014 Destul de bine, a\u0219 spune.<\/p>\n\n\n\n<p>Vanessa \u00ee\u0219i recuper\u0103 geanta de pe podea.<\/p>\n\n\n\n<p>\u2014 Evelina, el este Harrison Sterling.<\/p>\n\n\n\n<p>\u2014 \u0218tiu cine este so\u021bul meu, Vanessa.<\/p>\n\n\n\n<p>C\u00e2teva persoane din apropiere \u00ee\u0219i \u00eentoarser\u0103 capetele.<\/p>\n\n\n\n<p>Iulian deveni alb la fa\u021b\u0103.<\/p>\n\n\n\n<p>\u2014 So\u021bul t\u0103u?<\/p>\n\n\n\n<p>Am ridicat m\u00e2na.<\/p>\n\n\n\n<p>Verigheta simpl\u0103 de platin\u0103 fusese acolo tot timpul.<\/p>\n\n\n\n<p>Iulian fusese prea ocupat s\u0103 observe ce nu aveam ca s\u0103 vad\u0103 ceea ce aveam.<\/p>\n\n\n\n<p>\u2014 De aproape patru ani.<\/p>\n\n\n\n<p>Vanessa se uit\u0103 spre Sofia.<\/p>\n\n\n\n<p>\u2014 \u0218i ea\u2026<\/p>\n\n\n\n<p>\u2014 Este fiica noastr\u0103.<\/p>\n\n\n\n<p>Harrison \u00eei lu\u0103 din nou m\u00e2nu\u021ba.<\/p>\n\n\n\n<p>\u2014 \u0218i dac\u0103 nu v\u0103 deranjeaz\u0103, suntem aici s\u0103 ne lu\u0103m r\u0103mas-bun de la tat\u0103l Evelinei. Nu s\u0103 discut\u0103m via\u021ba noastr\u0103 privat\u0103.<\/p>\n\n\n\n<p><\/p>\n\n\n\n<p><\/p>\n\n\n\n<p>Credeam c\u0103 acela fusese momentul care o \u00eengrozise pe Vanessa.<\/p>\n\n\n\n<p>M-am \u00een\u0219elat.<\/p>\n\n\n\n<p>Adev\u0103ratul motiv avea s\u0103 apar\u0103 dup\u0103 slujb\u0103.<\/p>\n\n\n\n<p>Avocatul tat\u0103lui meu, Alexandru Marinescu, ne ceruse membrilor familiei apropiate s\u0103 r\u0103m\u00e2nem pentru o scurt\u0103 discu\u021bie.<\/p>\n\n\n\n<p>Vanessa se a\u0219ez\u0103 l\u00e2ng\u0103 Iulian.<\/p>\n\n\n\n<p>Era fiica mamei mele vitrege dintr-o c\u0103snicie anterioar\u0103.<\/p>\n\n\n\n<p>Tat\u0103l meu o ajutase financiar ani \u00eentregi, dar nu o adoptase niciodat\u0103.<\/p>\n\n\n\n<p>Cu toate acestea, ea era convins\u0103 c\u0103 urma s\u0103 primeasc\u0103 o avere.<\/p>\n\n\n\n<p>\u2014 Domnul Dumitrescu a l\u0103sat instruc\u021biuni foarte clare, \u00eencepu avocatul.<\/p>\n\n\n\n<p>Vanessa \u00ee\u0219i \u00eendrept\u0103 spatele.<\/p>\n\n\n\n<p>\u2014 Participa\u021biile majoritare din grupul industrial, propriet\u0103\u021bile \u0219i portofoliul principal de investi\u021bii \u00eei revin fiicei sale, Evelina.<\/p>\n\n\n\n<p>Iulian se \u00eentoarse brusc spre mine.<\/p>\n\n\n\n<p>Vanessa clipi.<\/p>\n\n\n\n<p>\u2014 Dar tata mi-a spus \u00eentotdeauna c\u0103 are grij\u0103 de familie.<\/p>\n\n\n\n<p>Alexandru o privi calm.<\/p>\n\n\n\n<p>\u2014 \u0218i a f\u0103cut-o.<\/p>\n\n\n\n<p>\u00cei \u00eempinse un plic.<\/p>\n\n\n\n<p>Vanessa \u00eel deschise.<\/p>\n\n\n\n<p>\u00cen\u0103untru se afla dovada unui fond de 500.000 de lei pe care tata \u00eel constituise pentru ea cu ani \u00een urm\u0103.<\/p>\n\n\n\n<p>Nu era pu\u021bin.<\/p>\n\n\n\n<p>Dar nu erau milioanele pe care le a\u0219teptase.<\/p>\n\n\n\n<p>\u2014 At\u00e2t? \u00eentreb\u0103 ea.<\/p>\n\n\n\n<p>Am \u00eenchis ochii pentru o secund\u0103.<\/p>\n\n\n\n<p>Tata nici m\u0103car nu fusese cobor\u00e2t \u00een p\u0103m\u00e2nt \u0219i ea spusese \u201eat\u00e2t\u201d.<\/p>\n\n\n\n<p>Alexandru nu reac\u021bion\u0103.<\/p>\n\n\n\n<p>\u2014 Mai exist\u0103 o chestiune.<\/p>\n\n\n\n<p>Scoase un alt dosar.<\/p>\n\n\n\n<p>\u2014 \u00cen ultimii \u0219apte ani, domnul Dumitrescu a p\u0103strat eviden\u021ba \u00eemprumuturilor acordate companiei domnului Vancea.<\/p>\n\n\n\n<p>Iulian \u00eencremeni.<\/p>\n\n\n\n<p>Eu m\u0103 uitai spre avocat.<\/p>\n\n\n\n<p>Nu \u0219tiam nimic despre asta.<\/p>\n\n\n\n<p>\u2014 Ce \u00eemprumuturi? \u00eentreb\u0103 Vanessa.<\/p>\n\n\n\n<p>Alexandru deschise dosarul.<\/p>\n\n\n\n<p>Dup\u0103 nunta anulat\u0103, Iulian trecuse prin dificult\u0103\u021bi financiare.<\/p>\n\n\n\n<p>Tata, f\u0103r\u0103 s\u0103-mi spun\u0103, acceptase s\u0103-i salveze compania de dou\u0103 ori.<\/p>\n\n\n\n<p>Nu din afec\u021biune.<\/p>\n\n\n\n<p>Ci pentru c\u0103 firma lui Iulian avea contracte cu dou\u0103 companii \u00een care tata de\u021binea interese comerciale.<\/p>\n\n\n\n<p>Fiecare leu fusese documentat.<\/p>\n\n\n\n<p>Cu termene.<\/p>\n\n\n\n<p>Cu garan\u021bii.<\/p>\n\n\n\n<p>Cu clauze.<\/p>\n\n\n\n<p>Iar suma r\u0103mas\u0103 de rambursat dep\u0103\u0219ea 4,6 milioane de lei.<\/p>\n\n\n\n<p>\u2014 Nu pute\u021bi cere banii acum, spuse Iulian. Walter \u0219i cu mine aveam o \u00een\u021belegere.<\/p>\n\n\n\n<p>\u2014 Exact, r\u0103spunse Alexandru. Iar aceasta este \u00een\u021belegerea.<\/p>\n\n\n\n<p>\u00cei ar\u0103t\u0103 contractul.<\/p>\n\n\n\n<p>\u2014 \u00cen cazul decesului creditorului, obliga\u021biile sunt transferate succesorului legal.<\/p>\n\n\n\n<p>Privirea lui Iulian se \u00eendrept\u0103 \u00eencet spre mine.<\/p>\n\n\n\n<p>Eu eram succesorul.<\/p>\n\n\n\n<p>Vanessa se f\u0103cu palid\u0103.<\/p>\n\n\n\n<p>Acum \u00een\u021belegeam de ce \u00eei c\u0103zuse geanta c\u00e2nd \u00eel v\u0103zuse pe Harrison.<\/p>\n\n\n\n<p>Principalul client al companiei lui Iulian fusese cump\u0103rat de conglomeratul so\u021bului meu.<\/p>\n\n\n\n<p>Iar principalul lui creditor devenisem eu.<\/p>\n\n\n\n<p><\/p>\n\n\n\n<p><\/p>\n\n\n\n<p>\u2014 Evelina, putem discuta \u00eentre noi, spuse Iulian imediat dup\u0103 \u00eent\u00e2lnire.<\/p>\n\n\n\n<p>Aceea\u0219i voce.<\/p>\n\n\n\n<p>Aceea\u0219i voce cu care, cu \u0219apte ani \u00eenainte, \u00eemi spusese s\u0103-mi iau bagajele de mireas\u0103 \u0219i s\u0103 plec.<\/p>\n\n\n\n<p>\u2014 Despre ce?<\/p>\n\n\n\n<p>\u2014 Despre datorie.<\/p>\n\n\n\n<p>Vanessa se apropie.<\/p>\n\n\n\n<p>\u2014 Suntem familie.<\/p>\n\n\n\n<p>M-am uitat la ea.<\/p>\n\n\n\n<p>\u2014 C\u00e2nd?<\/p>\n\n\n\n<p>\u2014 Ce vrei s\u0103 spui?<\/p>\n\n\n\n<p>\u2014 \u00cencerc s\u0103-mi amintesc momentul \u00een care am devenit din nou familie. C\u00e2nd mi-ai luat logodnicul cu o zi \u00eenainte de nunt\u0103? Sau acum cinci minute, c\u00e2nd ai \u00eentrebat dac\u0103 500.000 de lei sunt \u201eat\u00e2t\u201d?<\/p>\n\n\n\n<p>\u2014 Eram tineri, Evelina.<\/p>\n\n\n\n<p>\u2014 Aveam treizeci \u0219i doi de ani.<\/p>\n\n\n\n<p>Harrison, aflat c\u00e2\u021biva pa\u0219i mai departe cu Sofia, nu interveni.<\/p>\n\n\n\n<p>Nu avea nevoie.<\/p>\n\n\n\n<p>\u2014 Vrei s\u0103 ne distrugi? \u00eentreb\u0103 Iulian.<\/p>\n\n\n\n<p>\u2014 Nu.<\/p>\n\n\n\n<p>Am r\u0103spuns f\u0103r\u0103 ezitare.<\/p>\n\n\n\n<p>\u2014 Nu vreau s\u0103 v\u0103 distrug deloc.<\/p>\n\n\n\n<p>Pentru o clip\u0103 p\u0103ru u\u0219urat.<\/p>\n\n\n\n<p>\u2014 Vreau doar s\u0103 respect contractele pe care le-ai semnat.<\/p>\n\n\n\n<p>U\u0219urarea disp\u0103ru.<\/p>\n\n\n\n<p><\/p>\n\n\n\n<p><\/p>\n\n\n\n<p>Adev\u0103rul despre Iulian a ie\u0219it la suprafa\u021b\u0103 \u00een urm\u0103toarele luni.<\/p>\n\n\n\n<p>Compania lui nu era lipsit\u0103 de valoare.<\/p>\n\n\n\n<p>Dar crescuse mult prea repede \u0219i supravie\u021buise prin datorii, refinan\u021b\u0103ri \u0219i aparen\u021be.<\/p>\n\n\n\n<p>Harrison nu i-a anulat contractul din r\u0103zbunare.<\/p>\n\n\n\n<p>De fapt, mi-a spus clar:<\/p>\n\n\n\n<p>\u2014 Nu voi folosi compania mea ca arm\u0103 \u00eentr-o problem\u0103 personal\u0103.<\/p>\n\n\n\n<p>Contractul a trecut prin evaluarea obi\u0219nuit\u0103 dup\u0103 achizi\u021bie.<\/p>\n\n\n\n<p>Iar firma lui Iulian a pierdut o parte din activitate pentru c\u0103 nu \u00eendeplinea noile criterii financiare.<\/p>\n\n\n\n<p>Nu pentru c\u0103 eu eram so\u021bia lui Harrison.<\/p>\n\n\n\n<p>Nu aveam nevoie de r\u0103zbunare.<\/p>\n\n\n\n<p>Realitatea era suficient\u0103.<\/p>\n\n\n\n<p><\/p>\n\n\n\n<p><\/p>\n\n\n\n<p>C\u00e2teva luni mai t\u00e2rziu, Vanessa mi-a cerut s\u0103 ne \u00eent\u00e2lnim singure.<\/p>\n\n\n\n<p>A venit f\u0103r\u0103 geant\u0103 de designer.<\/p>\n\n\n\n<p>F\u0103r\u0103 bijuterii ostentative.<\/p>\n\n\n\n<p>\u2014 Iulian \u0219i cu mine ne desp\u0103r\u021bim, spuse.<\/p>\n\n\n\n<p>Nu am r\u0103spuns.<\/p>\n\n\n\n<p>Apoi mi-a spus ceva ce nu m\u0103 a\u0219teptam s\u0103 aud.<\/p>\n\n\n\n<p>Copilul despre care \u00eemi spusese cu o zi \u00eenainte de nunta mea nu se n\u0103scuse niciodat\u0103.<\/p>\n\n\n\n<p>Vanessa pierduse sarcina c\u00e2teva luni mai t\u00e2rziu.<\/p>\n\n\n\n<p>Dup\u0103 aceea \u00eencercaser\u0103 ani \u00eentregi s\u0103 aib\u0103 un copil.<\/p>\n\n\n\n<p>Nu reu\u0219iser\u0103.<\/p>\n\n\n\n<p>\u2014 \u00cemi pare r\u0103u, am spus.<\/p>\n\n\n\n<p>\u0218i chiar \u00eemi p\u0103rea.<\/p>\n\n\n\n<p>Durerea ei nu \u0219tergea ceea ce-mi f\u0103cuse.<\/p>\n\n\n\n<p>Dar nici ceea ce-mi f\u0103cuse nu \u00eensemna c\u0103 trebuia s\u0103 m\u0103 bucur de durerea ei.<\/p>\n\n\n\n<p>Vanessa \u00eencepu s\u0103 pl\u00e2ng\u0103.<\/p>\n\n\n\n<p>\u2014 C\u00e2nd te-am v\u0103zut cu Sofia\u2026<\/p>\n\n\n\n<p>Am a\u0219teptat.<\/p>\n\n\n\n<p>\u2014 Am crezut c\u0103 via\u021ba te pedepsise. Ani \u00eentregi mi-am spus asta. C\u0103 ai r\u0103mas singur\u0103 pentru c\u0103 nu \u0219tiai s\u0103 fii femeie.<\/p>\n\n\n\n<p>\u00ce\u0219i \u0219terse obrazul.<\/p>\n\n\n\n<p>\u2014 \u0218i apoi ai intrat acolo cu tot ce eu credeam c\u0103 \u00ee\u021bi luasem.<\/p>\n\n\n\n<p>Am dat \u00eencet din cap.<\/p>\n\n\n\n<p>\u2014 Asta este problema, Vanessa. N-ai luat nimic din via\u021ba pe care o am acum.<\/p>\n\n\n\n<p><\/p>\n\n\n\n<p><\/p>\n\n\n\n<p>\u00cel cunoscusem pe Harrison la aproape doi ani dup\u0103 nunta anulat\u0103.<\/p>\n\n\n\n<p>Nu la o petrecere extravagant\u0103.<\/p>\n\n\n\n<p>Nu \u00eentr-un avion privat.<\/p>\n\n\n\n<p>Ci \u00eentr-o sal\u0103 de conferin\u021be.<\/p>\n\n\n\n<p>Compania tat\u0103lui meu c\u0103uta finan\u021bare pentru o extindere european\u0103, iar Harrison conducea grupul de investi\u021bii care analiza proiectul.<\/p>\n\n\n\n<p>La prima \u00eent\u00e2lnire ne-am contrazis aproape patruzeci de minute.<\/p>\n\n\n\n<p>La a doua, din nou.<\/p>\n\n\n\n<p>La a treia, m-a invitat la cin\u0103.<\/p>\n\n\n\n<p>Am refuzat.<\/p>\n\n\n\n<p>M-a invitat din nou dou\u0103 luni mai t\u00e2rziu.<\/p>\n\n\n\n<p>Am acceptat.<\/p>\n\n\n\n<p>Nu m-a \u201esalvat\u201d.<\/p>\n\n\n\n<p>C\u00e2nd l-am cunoscut, aveam propria carier\u0103, propriii bani \u0219i propria via\u021b\u0103.<\/p>\n\n\n\n<p>Poate tocmai de aceea func\u021bionase.<\/p>\n\n\n\n<p>Nu aveam nevoie unul de cel\u0103lalt ca s\u0103 supravie\u021buim.<\/p>\n\n\n\n<p>Ne aleseser\u0103m.<\/p>\n\n\n\n<p><\/p>\n\n\n\n<p><\/p>\n\n\n\n<p>La un an dup\u0103 moartea tatei, am mers cu Harrison \u0219i Sofia la morm\u00e2nt.<\/p>\n\n\n\n<p>Sofia a pus pe piatr\u0103 o floare pe care o culesese singur\u0103.<\/p>\n\n\n\n<p>\u2014 Bunicul m\u0103 vede?<\/p>\n\n\n\n<p>m-a \u00eentrebat.<\/p>\n\n\n\n<p>\u2014 Nu \u0219tiu, iubita mea.<\/p>\n\n\n\n<p>\u2014 Eu cred c\u0103 da.<\/p>\n\n\n\n<p>Harrison m\u0103 lu\u0103 de m\u00e2n\u0103.<\/p>\n\n\n\n<p>M-am g\u00e2ndit atunci la Iulian.<\/p>\n\n\n\n<p>La camera de hotel.<\/p>\n\n\n\n<p>La inelul meu pus pe degetul Vanessei.<\/p>\n\n\n\n<p>La cele dou\u0103zeci \u0219i patru de ore \u00een care crezusem c\u0103 via\u021ba mea se pr\u0103bu\u0219ise.<\/p>\n\n\n\n<p>Dac\u0103 cineva mi-ar fi ar\u0103tat atunci o fotografie cu mine \u0219apte ani mai t\u00e2rziu, n-a\u0219 fi crezut-o.<\/p>\n\n\n\n<p>Nu pentru c\u0103 eram c\u0103s\u0103torit\u0103 cu un miliardar.<\/p>\n\n\n\n<p>Nu pentru c\u0103 mo\u0219tenisem compania tat\u0103lui meu.<\/p>\n\n\n\n<p>\u0218i nici pentru c\u0103 aveam o fiic\u0103.<\/p>\n\n\n\n<p>Ci pentru c\u0103 femeia din fotografie ar fi p\u0103rut lini\u0219tit\u0103.<\/p>\n\n\n\n<p>\u00cen ziua \u00een care Iulian m-a p\u0103r\u0103sit pentru sora mea vitreg\u0103, Vanessa \u00eemi spusese c\u0103 el avea nevoie de o \u201efemeie adev\u0103rat\u0103\u201d.<\/p>\n\n\n\n<p>\u0218apte ani mai t\u00e2rziu, am \u00een\u021beles c\u00e2t de absurd fusese.<\/p>\n\n\n\n<p><strong>Nu pierdusem b\u0103rbatul care trebuia s\u0103-mi ofere o via\u021b\u0103. Pierdusem doar omul care m\u0103 \u00eempiedica s\u0103 ajung la via\u021ba care m\u0103 a\u0219tepta.<\/strong><\/p>\n\n\n\n<p><a href=\"https:\/\/www.pinterest.com\/pin\/create\/button\/?url=https%3A%2F%2Fbumzi.ro%2F%3Fp%3D28491&amp;description=Sora+ta+vitreg%C4%83+este+%C3%AEns%C4%83rcinat%C4%83+cu+copilul+meu\" target=\"_blank\" rel=\"noreferrer noopener\"><\/a><\/p>\n\n\n\n<p><a href=\"https:\/\/www.facebook.com\/sharer\/sharer.php?u=https%3A%2F%2Fbumzi.ro%2F%3Fp%3D28491\" target=\"_blank\" rel=\"noreferrer noopener\"><\/a><\/p>\n\n\n\n<p><a href=\"https:\/\/twitter.com\/intent\/tweet?url=https%3A%2F%2Fbumzi.ro%2F%3Fp%3D28491&amp;text=Sora+ta+vitreg%C4%83+este+%C3%AEns%C4%83rcinat%C4%83+cu+copilul+meu\" target=\"_blank\" rel=\"noreferrer noopener\"><\/a><\/p>\n\n\n\n<p><em>Aceast\u0103 lucrare este inspirat\u0103 din evenimente \u0219i persoane reale, \u00eens\u0103 a fost fic\u021bionalizat\u0103 \u00een scopuri creative. Numele, personajele \u0219i detaliile au fost schimbate pentru a proteja intimitatea \u0219i pentru a \u00eembun\u0103t\u0103\u021bi nara\u021biunea. Orice asem\u0103nare cu persoane reale, \u00een via\u021b\u0103 sau decedate, sau cu evenimente reale este pur \u00eent\u00e2mpl\u0103toare \u0219i nu este inten\u021bionat\u0103 de c\u0103tre autor.<\/em><\/p>\n\n\n\n<p><em>Autorul \u0219i editorul nu \u00ee\u0219i asum\u0103 responsabilitatea pentru exactitatea evenimentelor sau pentru modul \u00een care sunt portretizate personajele \u0219i nu sunt r\u0103spunz\u0103tori pentru eventuale interpret\u0103ri gre\u0219ite. Aceast\u0103 poveste este oferit\u0103 \u201eca atare\u201d, iar orice opinii exprimate apar\u021bin personajelor \u0219i nu reflect\u0103 punctele de vedere ale autorului sau ale editorului.<\/em><\/p>\n","protected":false},"excerpt":{"rendered":"<p>Feti\u021ba \u00eemi z\u0103ri chipul \u0219i \u00ee\u0219i desprinse imediat m\u00e2na din cea a lui Harrison. \u2014 Mami! Vocea ei r\u0103sun\u0103 prin lini\u0219tea catedralei. Alerg\u0103 spre mine<\/p>\n","protected":false},"author":1,"featured_media":49985,"comment_status":"closed","ping_status":"closed","sticky":false,"template":"","format":"standard","meta":[],"categories":[1],"tags":[],"_links":{"self":[{"href":"https:\/\/calatorinromania.com\/index.php?rest_route=\/wp\/v2\/posts\/50143"}],"collection":[{"href":"https:\/\/calatorinromania.com\/index.php?rest_route=\/wp\/v2\/posts"}],"about":[{"href":"https:\/\/calatorinromania.com\/index.php?rest_route=\/wp\/v2\/types\/post"}],"author":[{"embeddable":true,"href":"https:\/\/calatorinromania.com\/index.php?rest_route=\/wp\/v2\/users\/1"}],"replies":[{"embeddable":true,"href":"https:\/\/calatorinromania.com\/index.php?rest_route=%2Fwp%2Fv2%2Fcomments&post=50143"}],"version-history":[{"count":1,"href":"https:\/\/calatorinromania.com\/index.php?rest_route=\/wp\/v2\/posts\/50143\/revisions"}],"predecessor-version":[{"id":50144,"href":"https:\/\/calatorinromania.com\/index.php?rest_route=\/wp\/v2\/posts\/50143\/revisions\/50144"}],"wp:featuredmedia":[{"embeddable":true,"href":"https:\/\/calatorinromania.com\/index.php?rest_route=\/wp\/v2\/media\/49985"}],"wp:attachment":[{"href":"https:\/\/calatorinromania.com\/index.php?rest_route=%2Fwp%2Fv2%2Fmedia&parent=50143"}],"wp:term":[{"taxonomy":"category","embeddable":true,"href":"https:\/\/calatorinromania.com\/index.php?rest_route=%2Fwp%2Fv2%2Fcategories&post=50143"},{"taxonomy":"post_tag","embeddable":true,"href":"https:\/\/calatorinromania.com\/index.php?rest_route=%2Fwp%2Fv2%2Ftags&post=50143"}],"curies":[{"name":"wp","href":"https:\/\/api.w.org\/{rel}","templated":true}]}}