{"id":50139,"date":"2026-09-02T06:32:16","date_gmt":"2026-09-02T06:32:16","guid":{"rendered":"https:\/\/calatorinromania.com\/?p=50139"},"modified":"2026-09-02T06:32:16","modified_gmt":"2026-09-02T06:32:16","slug":"tatal-meu-m-a-invitat-la-cina-m-a-luat-de-mana-si-le-a-spus-prietenilor-lui","status":"publish","type":"post","link":"https:\/\/calatorinromania.com\/?p=50139","title":{"rendered":"Tat\u0103l meu m-a invitat la cin\u0103, m-a luat de m\u00e2n\u0103 \u0219i le-a spus prietenilor lui"},"content":{"rendered":"\n<p>Prima fotografie mi-a c\u0103zut \u00een poal\u0103.<\/p>\n\n\n\n<p>Era mama.<\/p>\n\n\n\n<p>Am recunoscut-o imediat din pu\u021binele fotografii pe care le v\u0103zusem \u00een copil\u0103rie.<\/p>\n\n\n\n<p>Avea dou\u0103zeci \u0219i ceva de ani \u0219i \u021binea \u00een bra\u021be un nou-n\u0103scut.<\/p>\n\n\n\n<p>Pe spatele fotografiei era scris:<\/p>\n\n\n\n<p><strong>\u201eLaura \u0219i Emilia \u2014 14 mai 2004.\u201d<\/strong><\/p>\n\n\n\n<p>\u2014 Eu sunt? am \u0219optit.<\/p>\n\n\n\n<p>\u2014 Da, r\u0103spunse tata.<\/p>\n\n\n\n<p>Sub fotografie se aflau mai multe documente.<\/p>\n\n\n\n<p>Un certificat de na\u0219tere.<\/p>\n\n\n\n<p>C\u00e2teva foi medicale.<\/p>\n\n\n\n<p>\u0218i o scrisoare sigilat\u0103 pe care scria:<\/p>\n\n\n\n<p><strong>\u201ePentru Emilia, c\u00e2nd va fi suficient de mare ca s\u0103 afle adev\u0103rul.\u201d<\/strong><\/p>\n\n\n\n<p>Am ridicat privirea.<\/p>\n\n\n\n<p>\u2014 De ce nu mi-ai dat-o?<\/p>\n\n\n\n<p>Tata \u00ee\u0219i frec\u0103 fruntea.<\/p>\n\n\n\n<p>\u2014 Pentru c\u0103 am fost un la\u0219.<\/p>\n\n\n\n<p>Am rupt plicul.<\/p>\n\n\n\n<p>Scrisul mamei era m\u0103runt \u0219i tremurat.<\/p>\n\n\n\n<p><strong>\u201eDraga mea Emilia, dac\u0103 cite\u0219ti asta, \u00eenseamn\u0103 c\u0103 tat\u0103l t\u0103u a decis c\u0103 a venit momentul s\u0103 afli cine sunt cu adev\u0103rat.\u201d<\/strong><\/p>\n\n\n\n<p>Am continuat.<\/p>\n\n\n\n<p>Dup\u0103 c\u00e2teva r\u00e2nduri, am \u00eencremenit.<\/p>\n\n\n\n<p>Apoi am recitit propozi\u021bia.<\/p>\n\n\n\n<p>De dou\u0103 ori.<\/p>\n\n\n\n<p>\u2014 Nu\u2026<\/p>\n\n\n\n<p>Tata \u00eenchise ochii.<\/p>\n\n\n\n<p>\u2014 Emilia\u2026<\/p>\n\n\n\n<p>\u2014 Tu nu e\u0219ti tat\u0103l meu biologic?<\/p>\n\n\n\n<p>Nimeni de la mas\u0103 nu mai respira.<\/p>\n\n\n\n<p>Tata r\u0103spunse:<\/p>\n\n\n\n<p>\u2014 Nu.<\/p>\n\n\n\n<p>Am sim\u021bit c\u0103 mi se gole\u0219te stomacul.<\/p>\n\n\n\n<p>\u2014 Atunci cine e\u0219ti?<\/p>\n\n\n\n<p>Tat\u0103l meu m\u0103 privi.<\/p>\n\n\n\n<p>Avea lacrimi \u00een ochi.<\/p>\n\n\n\n<p>Era prima dat\u0103 \u00een dou\u0103zeci \u0219i doi de ani c\u00e2nd \u00eel vedeam pl\u00e2ng\u00e2nd.<\/p>\n\n\n\n<p>\u2014 Omul care te-a crescut.<\/p>\n\n\n\n<p><\/p>\n\n\n\n<p><\/p>\n\n\n\n<hr class=\"wp-block-separator has-alpha-channel-opacity\"\/>\n\n\n\n<p>Mama \u0219i tata fuseser\u0103 prieteni \u00eenc\u0103 din adolescen\u021b\u0103.<\/p>\n\n\n\n<p>Nu un cuplu.<\/p>\n\n\n\n<p>Tata fusese \u00eendr\u0103gostit de ea, dar Laura \u00eel considerase \u00eentotdeauna cel mai bun prieten al ei.<\/p>\n\n\n\n<p>La dou\u0103zeci \u0219i unu de ani, mama cunoscuse un b\u0103rbat.<\/p>\n\n\n\n<p>Daniel.<\/p>\n\n\n\n<p>Tat\u0103l meu biologic.<\/p>\n\n\n\n<p>\u2014 Unde este?<\/p>\n\n\n\n<p>Robert \u00ee\u0219i cobor\u00ee privirea.<\/p>\n\n\n\n<p>Tata r\u0103spunse:<\/p>\n\n\n\n<p>\u2014 A murit \u00eenainte s\u0103 te na\u0219ti.<\/p>\n\n\n\n<p>M-am uitat spre el.<\/p>\n\n\n\n<p>\u2014 Deci partea asta era adev\u0103rat\u0103?<\/p>\n\n\n\n<p>\u2014 Doar c\u0103 am schimbat persoana.<\/p>\n\n\n\n<p>Daniel murise \u00eentr-un accident rutier c\u00e2nd mama era \u00eens\u0103rcinat\u0103 \u00een \u0219apte luni.<\/p>\n\n\n\n<p>Laura se pr\u0103bu\u0219ise.<\/p>\n\n\n\n<p>Dup\u0103 na\u0219terea mea, starea ei psihic\u0103 se deteriorase grav.<\/p>\n\n\n\n<p>Scrisoarea explica lucruri pe care tata nu reu\u0219ea s\u0103 le rosteasc\u0103.<\/p>\n\n\n\n<p>Mama trecuse printr-o depresie sever\u0103 dup\u0103 na\u0219tere \u0219i fusese internat\u0103.<\/p>\n\n\n\n<p>Tata o vizitase.<\/p>\n\n\n\n<p>\u00cei aducea fotografii cu mine.<\/p>\n\n\n\n<p>\u00cei promitea c\u0103 avea s\u0103 ne ajute.<\/p>\n\n\n\n<p>Pentru o perioad\u0103, toat\u0103 lumea crezuse c\u0103 \u00ee\u0219i va reveni.<\/p>\n\n\n\n<p>Apoi, \u00eentr-o noapte, Laura ap\u0103ruse la apartamentul lui.<\/p>\n\n\n\n<p>Cu mine \u00een bra\u021be.<\/p>\n\n\n\n<p>\u2014 Noaptea despre care vorbea Robert? am \u00eentrebat.<\/p>\n\n\n\n<p>Tata d\u0103du din cap.<\/p>\n\n\n\n<p>\u2014 Aveai patru luni.<\/p>\n\n\n\n<p>Mama m\u0103 pusese \u00een bra\u021bele lui.<\/p>\n\n\n\n<p>\u00cei l\u0103sase o geant\u0103 cu haine, documentele mele \u0219i scrisoarea.<\/p>\n\n\n\n<p>Apoi \u00eei spusese:<\/p>\n\n\n\n<p><strong>\u201eTu o vei iubi mai bine dec\u00e2t pot eu acum.\u201d<\/strong><\/p>\n\n\n\n<p>\u2014 \u0218i a plecat?<\/p>\n\n\n\n<p>\u2014 Da.<\/p>\n\n\n\n<p>\u2014 Unde?<\/p>\n\n\n\n<p>Tata se uit\u0103 la mine.<\/p>\n\n\n\n<p>\u2014 La tratament.<\/p>\n\n\n\n<p>Am sim\u021bit cum furia revine.<\/p>\n\n\n\n<p>\u2014 Atunci este \u00een via\u021b\u0103.<\/p>\n\n\n\n<p>Tata t\u0103cu.<\/p>\n\n\n\n<p>\u2014 Este \u00een via\u021b\u0103?!<\/p>\n\n\n\n<p>\u2014 Da.<\/p>\n\n\n\n<p>M-am ridicat at\u00e2t de repede \u00eenc\u00e2t scaunul aproape se r\u0103sturn\u0103.<\/p>\n\n\n\n<p>\u2014 \u0218i m-ai l\u0103sat dou\u0103zeci \u0219i doi de ani s\u0103 cred c\u0103 era moart\u0103?!<\/p>\n\n\n\n<p>\u2014 Pentru c\u0103 asta mi-a cerut ea.<\/p>\n\n\n\n<p>\u2014 Nu avea dreptul!<\/p>\n\n\n\n<p>\u2014 \u0218tiu.<\/p>\n\n\n\n<p>\u2014 \u0218i nici tu!<\/p>\n\n\n\n<p>\u2014 \u0218tiu.<\/p>\n\n\n\n<p>R\u0103spunsul lui m-a oprit.<\/p>\n\n\n\n<p>Nu \u00eencerca s\u0103 se apere.<\/p>\n\n\n\n<p><\/p>\n\n\n\n<p><\/p>\n\n\n\n<hr class=\"wp-block-separator has-alpha-channel-opacity\"\/>\n\n\n\n<p>Robert interveni.<\/p>\n\n\n\n<p>\u2014 Emilia, mama ta nu a disp\u0103rut pur \u0219i simplu ca s\u0103 \u00eenceap\u0103 alt\u0103 via\u021b\u0103.<\/p>\n\n\n\n<p>M-am \u00eentors spre el.<\/p>\n\n\n\n<p>\u2014 Atunci unde este?<\/p>\n\n\n\n<p>\u2014 \u00centr-un centru reziden\u021bial.<\/p>\n\n\n\n<p>Tata continu\u0103:<\/p>\n\n\n\n<p>\u2014 Starea ei s-a \u00eembun\u0103t\u0103\u021bit pentru perioade lungi, apoi s-a agravat din nou. Au existat ani buni \u0219i ani foarte grei.<\/p>\n\n\n\n<p>\u2014 \u0218tia de mine?<\/p>\n\n\n\n<p>\u2014 \u00centotdeauna.<\/p>\n\n\n\n<p>A scos telefonul.<\/p>\n\n\n\n<p>Mi-a ar\u0103tat fotografii.<\/p>\n\n\n\n<p>Eu la \u0219apte ani.<\/p>\n\n\n\n<p>La doisprezece.<\/p>\n\n\n\n<p>La absolvirea liceului.<\/p>\n\n\n\n<p>\u2014 Tu i le trimiteai?<\/p>\n\n\n\n<p>\u2014 Da.<\/p>\n\n\n\n<p>\u2014 \u0218i ea nu m-a c\u0103utat niciodat\u0103?<\/p>\n\n\n\n<p>\u2014 A scris.<\/p>\n\n\n\n<p>Tata ar\u0103t\u0103 spre plic.<\/p>\n\n\n\n<p>Sub scrisoarea principal\u0103 se aflau alte plicuri.<\/p>\n\n\n\n<p><strong>Pentru aniversarea de 5 ani.<\/strong><\/p>\n\n\n\n<p><strong>Pentru 10 ani.<\/strong><\/p>\n\n\n\n<p><strong>Pentru 16 ani.<\/strong><\/p>\n\n\n\n<p><strong>Pentru absolvire.<\/strong><\/p>\n\n\n\n<p>Am \u00eenceput s\u0103 pl\u00e2ng.<\/p>\n\n\n\n<p>\u2014 De ce nu mi le-ai dat?<\/p>\n\n\n\n<p>Tata \u00ee\u0219i acoperi fa\u021ba pentru c\u00e2teva secunde.<\/p>\n\n\n\n<p>\u2014 Pentru c\u0103 de fiecare dat\u0103 c\u00e2nd \u00eencercam, m\u0103 temeam c\u0103 \u00ee\u021bi voi distruge lumea.<\/p>\n\n\n\n<p>\u2014 Era lumea mea!<\/p>\n\n\n\n<p>\u2014 \u0218tiu.<\/p>\n\n\n\n<p>Vocea \u00eei ced\u0103.<\/p>\n\n\n\n<p>\u2014 \u0218i am gre\u0219it.<\/p>\n\n\n\n<p><\/p>\n\n\n\n<p><\/p>\n\n\n\n<hr class=\"wp-block-separator has-alpha-channel-opacity\"\/>\n\n\n\n<p>Am deschis scrisoarea pentru aniversarea mea de zece ani.<\/p>\n\n\n\n<p>Mama scrisese:<\/p>\n\n\n\n<p><strong>\u201ePoate c\u0103 \u00eentr-o zi vei crede c\u0103 te-am p\u0103r\u0103sit pentru c\u0103 nu te-am iubit. Adev\u0103rul este mai greu de explicat unui copil: te iubeam \u00eentr-o perioad\u0103 \u00een care nu puteam avea grij\u0103 nici m\u0103car de mine.\u201d<\/strong><\/p>\n\n\n\n<p>Nu mai puteam citi.<\/p>\n\n\n\n<p>Am pus scrisoarea jos.<\/p>\n\n\n\n<p>\u2014 Vreau s-o v\u0103d.<\/p>\n\n\n\n<p>Tata ridic\u0103 privirea.<\/p>\n\n\n\n<p>\u2014 Emilia\u2026<\/p>\n\n\n\n<p>\u2014 Vreau s\u0103-mi v\u0103d mama.<\/p>\n\n\n\n<p>\u2014 Am vorbit cu medicul ei ast\u0103zi.<\/p>\n\n\n\n<p>Atunci am \u00een\u021beles motivul cinei.<\/p>\n\n\n\n<p>Costumul.<\/p>\n\n\n\n<p>Prietenii.<\/p>\n\n\n\n<p>Plicul.<\/p>\n\n\n\n<p>Felul \u00een care m\u0103 \u021binuse de m\u00e2n\u0103.<\/p>\n\n\n\n<p>\u2014 De asta m-ai adus aici?<\/p>\n\n\n\n<p>\u2014 Da.<\/p>\n\n\n\n<p>\u2014 De ce acum?<\/p>\n\n\n\n<p>Tata scoase o batist\u0103 \u0219i \u00ee\u0219i \u0219terse ochii.<\/p>\n\n\n\n<p>\u2014 Pentru c\u0103 Laura m-a sunat acum trei s\u0103pt\u0103m\u00e2ni.<\/p>\n\n\n\n<p>\u2014 Ea?<\/p>\n\n\n\n<p>\u2014 Da.<\/p>\n\n\n\n<p>\u2014 Ce \u021bi-a spus?<\/p>\n\n\n\n<p>Vocea lui deveni aproape o \u0219oapt\u0103.<\/p>\n\n\n\n<p>\u2014 C\u0103 nu mai vrea s\u0103 moar\u0103 \u00eenainte s\u0103-\u0219i aud\u0103 fiica spun\u00e2ndu-i numele.<\/p>\n\n\n\n<p><\/p>\n\n\n\n<p><\/p>\n\n\n\n<hr class=\"wp-block-separator has-alpha-channel-opacity\"\/>\n\n\n\n<p>Am \u00eent\u00e2lnit-o dou\u0103 zile mai t\u00e2rziu.<\/p>\n\n\n\n<p>Tata a venit cu mine, dar a r\u0103mas pe hol.<\/p>\n\n\n\n<p>Am intrat singur\u0103.<\/p>\n\n\n\n<p>Mama avea cincizeci \u0219i ceva de ani.<\/p>\n\n\n\n<p>P\u0103rul \u00eei era aproape complet c\u0103runt.<\/p>\n\n\n\n<p>Era mult mai slab\u0103 dec\u00e2t femeia din fotografii.<\/p>\n\n\n\n<p>Dar c\u00e2nd \u0219i-a ridicat ochii\u2026<\/p>\n\n\n\n<p>Tata avusese dreptate toat\u0103 via\u021ba.<\/p>\n\n\n\n<p>Aveam ochii ei.<\/p>\n\n\n\n<p>\u2014 Emilia?<\/p>\n\n\n\n<p>Un singur cuv\u00e2nt.<\/p>\n\n\n\n<p>At\u00e2t a fost nevoie.<\/p>\n\n\n\n<p>Am \u00eenceput s\u0103 pl\u00e2ng.<\/p>\n\n\n\n<p>\u0218i ea la fel.<\/p>\n\n\n\n<p>Nu am alergat una spre cealalt\u0103.<\/p>\n\n\n\n<p>Nu ne-am \u00eembr\u0103\u021bi\u0219at ca \u00eentr-un film.<\/p>\n\n\n\n<p>Am r\u0103mas c\u00e2teva secunde privind dou\u0103zeci \u0219i doi de ani pe care niciuna dintre noi nu-i putea recupera.<\/p>\n\n\n\n<p>Apoi m-am a\u0219ezat l\u00e2ng\u0103 ea.<\/p>\n\n\n\n<p>\u2014 De ce?<\/p>\n\n\n\n<p>Mama \u0219i-a str\u00e2ns m\u00e2inile.<\/p>\n\n\n\n<p>\u2014 Pentru c\u0103 eram bolnav\u0103.<\/p>\n\n\n\n<p>\u2014 Dar au existat perioade \u00een care te-ai sim\u021bit mai bine.<\/p>\n\n\n\n<p>\u2014 Da.<\/p>\n\n\n\n<p>\u2014 Atunci de ce nu m-ai c\u0103utat?<\/p>\n\n\n\n<p>Lacrimile \u00eei curgeau pe obraji.<\/p>\n\n\n\n<p>\u2014 Pentru c\u0103 dup\u0103 c\u00e2\u021biva ani mi-a fost ru\u0219ine.<\/p>\n\n\n\n<p>Am r\u0103mas t\u0103cut\u0103.<\/p>\n\n\n\n<p>\u2014 Cu c\u00e2t trecea mai mult timp, cu at\u00e2t mi se p\u0103rea mai imposibil s\u0103 apar \u0219i s\u0103 spun: \u201eBun\u0103, eu sunt mama ta.\u201d<\/p>\n\n\n\n<p>\u2014 Dar ai scris.<\/p>\n\n\n\n<p>\u2014 \u00cen fiecare an.<\/p>\n\n\n\n<p>\u2014 \u0218i tata le-a p\u0103strat.<\/p>\n\n\n\n<p>Mama \u00eenchise ochii.<\/p>\n\n\n\n<p>\u2014 I-am cerut s\u0103 decid\u0103 el c\u00e2nd e\u0219ti preg\u0103tit\u0103.<\/p>\n\n\n\n<p>\u2014 A decis foarte t\u00e2rziu.<\/p>\n\n\n\n<p>\u2014 \u0218tiu.<\/p>\n\n\n\n<hr class=\"wp-block-separator has-alpha-channel-opacity\"\/>\n\n\n\n<p>Am stat dou\u0103 ore.<\/p>\n\n\n\n<p>N-am iertat-o \u00een acea zi.<\/p>\n\n\n\n<p>Nici pe tata.<\/p>\n\n\n\n<p>Adev\u0103rul nu \u0219terge automat dou\u0103zeci \u0219i doi de ani de minciun\u0103.<\/p>\n\n\n\n<p>Dar am revenit s\u0103pt\u0103m\u00e2na urm\u0103toare.<\/p>\n\n\n\n<p>\u0218i \u00eenc\u0103 o dat\u0103.<\/p>\n\n\n\n<p>Am \u00eenceput terapie.<\/p>\n\n\n\n<p>Uneori mergeam singur\u0103 la mama.<\/p>\n\n\n\n<p>Alteori venea \u0219i tata.<\/p>\n\n\n\n<p>Am aflat despre Daniel, tat\u0103l meu biologic.<\/p>\n\n\n\n<p>Mi-au ar\u0103tat fotografii.<\/p>\n\n\n\n<p>Am cunoscut o m\u0103tu\u0219\u0103 din partea lui.<\/p>\n\n\n\n<p>Pentru prima dat\u0103, propria mea poveste avea mai multe pagini dec\u00e2t cele pe care le citisem toat\u0103 via\u021ba.<\/p>\n\n\n\n<hr class=\"wp-block-separator has-alpha-channel-opacity\"\/>\n\n\n\n<p>\u00centr-o sear\u0103, c\u00e2teva luni mai t\u00e2rziu, tata \u0219i cu mine eram \u00een buc\u0103t\u0103rie.<\/p>\n\n\n\n<p>\u2014 Mai e\u0219ti sup\u0103rat\u0103 pe mine? \u00eentreb\u0103.<\/p>\n\n\n\n<p>\u2014 Da.<\/p>\n\n\n\n<p>D\u0103du \u00eencet din cap.<\/p>\n\n\n\n<p>\u2014 Merit.<\/p>\n\n\n\n<p>\u2014 Dar asta nu este tot ce simt.<\/p>\n\n\n\n<p>Se uit\u0103 la mine.<\/p>\n\n\n\n<p>\u2014 Dou\u0103 lucruri pot fi adev\u0103rate \u00een acela\u0219i timp, tat\u0103.<\/p>\n\n\n\n<p>Era prima dat\u0103 dup\u0103 acea cin\u0103 c\u00e2nd \u00eei spuneam din nou&nbsp;<strong>tat\u0103<\/strong>.<\/p>\n\n\n\n<p>Ochii i se umplur\u0103 instantaneu de lacrimi.<\/p>\n\n\n\n<p>\u2014 Po\u021bi s\u0103 fi f\u0103cut o gre\u0219eal\u0103 uria\u0219\u0103 \u0219i tot tu s\u0103 fii omul care m-a crescut.<\/p>\n\n\n\n<p>\u00ce\u0219i \u00eentoarse capul ca s\u0103 nu-l v\u0103d pl\u00e2ng\u00e2nd.<\/p>\n\n\n\n<p>\u2014 \u0218i \u00eenc\u0103 ceva.<\/p>\n\n\n\n<p>\u2014 Ce?<\/p>\n\n\n\n<p>L-am luat de m\u00e2n\u0103.<\/p>\n\n\n\n<p>Exact cum m\u0103 \u021binuse el la restaurant.<\/p>\n\n\n\n<p>\u2014 Data viitoare c\u00e2nd vrei s\u0103-mi spui c\u0103 sunt fata pe care o iube\u0219ti cel mai mult, nu ai nevoie de patru martori \u0219i de un restaurant scump.<\/p>\n\n\n\n<p>A r\u00e2s printre lacrimi.<\/p>\n\n\n\n<p>\u2014 Am \u00een\u021beles.<\/p>\n\n\n\n<p>\u2014 Po\u021bi pur \u0219i simplu s\u0103-mi spui.<\/p>\n\n\n\n<p>Tata mi-a str\u00e2ns m\u00e2na.<\/p>\n\n\n\n<p>Apoi a rostit cuvintele pe care a\u0219teptasem f\u0103r\u0103 s\u0103 \u0219tiu aproape toat\u0103 via\u021ba s\u0103 le aud:<\/p>\n\n\n\n<p>\u2014&nbsp;<strong>Te iubesc, Emilia.<\/strong><\/p>\n\n\n\n<p>\u0218i abia atunci am \u00een\u021beles de ce, la acea cin\u0103, m\u0103 prezentase drept \u201efata pe care o iubesc cel mai mult\u201d, nu drept fiica lui.<\/p>\n\n\n\n<p><strong>Biologic, nu eram fiica lui. Dar timp de dou\u0103zeci \u0219i doi de ani, \u00een fiecare zi \u00een care m-a hr\u0103nit, m-a protejat, m-a dus la \u0219coal\u0103, a stat l\u00e2ng\u0103 mine c\u00e2nd eram bolnav\u0103 \u0219i a r\u0103mas atunci c\u00e2nd altcineva nu putea, alesese s\u0103 fie tat\u0103l meu.<\/strong><\/p>\n\n\n\n<p>Minciuna lui m\u0103 r\u0103nise.<\/p>\n\n\n\n<p>Adev\u0103rul avea nevoie de timp.<\/p>\n\n\n\n<p>Dar s\u00e2ngele mi-a explicat de unde veneam.<\/p>\n\n\n\n<p><strong>Iubirea mi-a ar\u0103tat cine r\u0103m\u0103sese.<\/strong><\/p>\n\n\n\n<p><a href=\"https:\/\/www.pinterest.com\/pin\/create\/button\/?url=https%3A%2F%2Fbumzi.ro%2F%3Fp%3D28511&amp;description=Tat%C4%83l+meu+m-a+invitat+la+cin%C4%83%2C+m-a+luat+de+m%C3%A2n%C4%83+%C8%99i+le-a+spus+prietenilor+lui\" target=\"_blank\" rel=\"noreferrer noopener\"><\/a><\/p>\n\n\n\n<p><a href=\"https:\/\/www.facebook.com\/sharer\/sharer.php?u=https%3A%2F%2Fbumzi.ro%2F%3Fp%3D28511\" target=\"_blank\" rel=\"noreferrer noopener\"><\/a><\/p>\n\n\n\n<p><a href=\"https:\/\/twitter.com\/intent\/tweet?url=https%3A%2F%2Fbumzi.ro%2F%3Fp%3D28511&amp;text=Tat%C4%83l+meu+m-a+invitat+la+cin%C4%83%2C+m-a+luat+de+m%C3%A2n%C4%83+%C8%99i+le-a+spus+prietenilor+lui\" target=\"_blank\" rel=\"noreferrer noopener\"><\/a><\/p>\n\n\n\n<p><em>Aceast\u0103 lucrare este inspirat\u0103 din evenimente \u0219i persoane reale, \u00eens\u0103 a fost fic\u021bionalizat\u0103 \u00een scopuri creative. Numele, personajele \u0219i detaliile au fost schimbate pentru a proteja intimitatea \u0219i pentru a \u00eembun\u0103t\u0103\u021bi nara\u021biunea. Orice asem\u0103nare cu persoane reale, \u00een via\u021b\u0103 sau decedate, sau cu evenimente reale este pur \u00eent\u00e2mpl\u0103toare \u0219i nu este inten\u021bionat\u0103 de c\u0103tre autor.<\/em><\/p>\n\n\n\n<p><em>Autorul \u0219i editorul nu \u00ee\u0219i asum\u0103 responsabilitatea pentru exactitatea evenimentelor sau pentru modul \u00een care sunt portretizate personajele \u0219i nu sunt r\u0103spunz\u0103tori pentru eventuale interpret\u0103ri gre\u0219ite. Aceast\u0103 poveste este oferit\u0103 \u201eca atare\u201d, iar orice opinii exprimate apar\u021bin personajelor \u0219i nu reflect\u0103 punctele de vedere ale autorului sau ale editorului.<\/em><\/p>\n\n\n\n<p><\/p>\n\n\n\n<p><\/p>\n","protected":false},"excerpt":{"rendered":"<p>Prima fotografie mi-a c\u0103zut \u00een poal\u0103. Era mama. Am recunoscut-o imediat din pu\u021binele fotografii pe care le v\u0103zusem \u00een copil\u0103rie. Avea dou\u0103zeci \u0219i ceva de<\/p>\n","protected":false},"author":1,"featured_media":49985,"comment_status":"closed","ping_status":"closed","sticky":false,"template":"","format":"standard","meta":[],"categories":[1],"tags":[],"_links":{"self":[{"href":"https:\/\/calatorinromania.com\/index.php?rest_route=\/wp\/v2\/posts\/50139"}],"collection":[{"href":"https:\/\/calatorinromania.com\/index.php?rest_route=\/wp\/v2\/posts"}],"about":[{"href":"https:\/\/calatorinromania.com\/index.php?rest_route=\/wp\/v2\/types\/post"}],"author":[{"embeddable":true,"href":"https:\/\/calatorinromania.com\/index.php?rest_route=\/wp\/v2\/users\/1"}],"replies":[{"embeddable":true,"href":"https:\/\/calatorinromania.com\/index.php?rest_route=%2Fwp%2Fv2%2Fcomments&post=50139"}],"version-history":[{"count":1,"href":"https:\/\/calatorinromania.com\/index.php?rest_route=\/wp\/v2\/posts\/50139\/revisions"}],"predecessor-version":[{"id":50140,"href":"https:\/\/calatorinromania.com\/index.php?rest_route=\/wp\/v2\/posts\/50139\/revisions\/50140"}],"wp:featuredmedia":[{"embeddable":true,"href":"https:\/\/calatorinromania.com\/index.php?rest_route=\/wp\/v2\/media\/49985"}],"wp:attachment":[{"href":"https:\/\/calatorinromania.com\/index.php?rest_route=%2Fwp%2Fv2%2Fmedia&parent=50139"}],"wp:term":[{"taxonomy":"category","embeddable":true,"href":"https:\/\/calatorinromania.com\/index.php?rest_route=%2Fwp%2Fv2%2Fcategories&post=50139"},{"taxonomy":"post_tag","embeddable":true,"href":"https:\/\/calatorinromania.com\/index.php?rest_route=%2Fwp%2Fv2%2Ftags&post=50139"}],"curies":[{"name":"wp","href":"https:\/\/api.w.org\/{rel}","templated":true}]}}