{"id":50135,"date":"2026-09-02T06:09:23","date_gmt":"2026-09-02T06:09:23","guid":{"rendered":"https:\/\/calatorinromania.com\/?p=50135"},"modified":"2026-09-02T06:09:23","modified_gmt":"2026-09-02T06:09:23","slug":"poti-primi-amenda-daca-faci-gratar-in-propria-curte-regulile-pe-care-trebuie-sa-le-respecti","status":"publish","type":"post","link":"https:\/\/calatorinromania.com\/?p=50135","title":{"rendered":"Po\u021bi primi amend\u0103 dac\u0103 faci gr\u0103tar \u00een propria curte? Regulile pe care trebuie s\u0103 le respec\u021bi"},"content":{"rendered":"\n<p>Un gr\u0103tar f\u0103cut \u00een curtea casei <strong>nu este interzis \u00een Rom\u00e2nia<\/strong>. Totu\u0219i, proprietatea privat\u0103 nu te scute\u0219te de respectarea normelor privind prevenirea incendiilor, lini\u0219tea vecinilor \u0219i eventualele reguli locale.<\/p>\n\n\n\n<p>Sanc\u021biunile nu se aplic\u0103 pentru simplul fapt c\u0103 ai aprins gr\u0103tarul, ci atunci c\u00e2nd focul este folosit \u00een condi\u021bii periculoase, muzica sau zgomotul \u00eei deranjeaz\u0103 pe cei din jur ori sunt \u00eenc\u0103lcate alte obliga\u021bii legale.<\/p>\n\n\n\n<p><\/p>\n\n\n\n<h2>Cum trebuie amplasat gr\u0103tarul<\/h2>\n\n\n\n<p>Normele generale de ap\u0103rare \u00eempotriva incendiilor prev\u0103d c\u0103 focul deschis trebuie folosit astfel \u00eenc\u00e2t fl\u0103c\u0103rile, sc\u00e2nteile sau jarul s\u0103 nu se poat\u0103 extinde la construc\u021bii, culturi, depozite ori propriet\u0103\u021bi \u00eenvecinate.<\/p>\n\n\n\n<p>Potrivit Ordinului MAI nr. 163\/2007, focul deschis nu trebuie folosit la mai pu\u021bin de:<\/p>\n\n\n\n<ul>\n<li><strong>40 de metri de locurile cu pericol de explozie<\/strong>, precum zonele \u00een care exist\u0103 gaze, lichide inflamabile, vapori combustibili sau explozivi;<\/li>\n\n\n\n<li><strong>10 metri de materiale ori substan\u021be combustibile<\/strong>, cum sunt lemnul, h\u00e2rtia, textilele, cartonul, bitumul sau uleiurile, dac\u0103 nu sunt luate m\u0103suri corespunz\u0103toare de protec\u021bie.<\/li>\n<\/ul>\n\n\n\n<p>A\u0219adar, regula de 10 metri nu se aplic\u0103 automat fa\u021b\u0103 de orice cas\u0103, garaj sau gard. Conteaz\u0103 materialele existente, riscul real de propagare \u0219i m\u0103surile de siguran\u021b\u0103 adoptate. <a href=\"https:\/\/legislatie.just.ro\/Public\/DetaliiDocumentAfis\/80731\">Normele aprobate prin Ordinul MAI nr. 163\/2007<\/a><\/p>\n\n\n\n<p><\/p>\n\n\n\n<h2>Reguli esen\u021biale pentru folosirea focului<\/h2>\n\n\n\n<p>Pentru a reduce riscul unui incendiu:<\/p>\n\n\n\n<ul>\n<li>a\u0219az\u0103 gr\u0103tarul pe o suprafa\u021b\u0103 stabil\u0103 \u0219i neinflamabil\u0103;<\/li>\n\n\n\n<li>\u00eendep\u0103rteaz\u0103 lemnele, frunzele uscate, textilele \u0219i recipientele inflamabile;<\/li>\n\n\n\n<li>nu aprinde focul pe timp de v\u00e2nt puternic sau \u00een perioade de secet\u0103 sever\u0103;<\/li>\n\n\n\n<li>supravegheaz\u0103 permanent jarul \u0219i flac\u0103ra;<\/li>\n\n\n\n<li>nu permite copiilor s\u0103 se apropie nesupraveghea\u021bi;<\/li>\n\n\n\n<li>p\u0103streaz\u0103 \u00een apropiere ap\u0103, nisip sau un sting\u0103tor;<\/li>\n\n\n\n<li>stinge complet c\u0103rbunii dup\u0103 terminarea gr\u0103tarului.<\/li>\n<\/ul>\n\n\n\n<p>Nu l\u0103sa niciodat\u0103 jarul nesupravegheat, chiar dac\u0103 fl\u0103c\u0103rile nu mai sunt vizibile.<\/p>\n\n\n\n<p><\/p>\n\n\n\n<h2>Ce amend\u0103 ri\u0219ti dac\u0103 focul este amplasat periculos<\/h2>\n\n\n\n<p>Amenajarea unui loc pentru foc deschis \u00een condi\u021bii care favorizeaz\u0103 propagarea incendiului c\u0103tre construc\u021bii, depozite, culturi, p\u0103duri, planta\u021bii sau alte propriet\u0103\u021bi poate fi sanc\u021bionat\u0103 cu o amend\u0103 cuprins\u0103 \u00eentre <strong>1.000 \u0219i 2.500 de lei<\/strong>, potrivit HG nr. 537\/2007.<\/p>\n\n\n\n<p>Aceast\u0103 sanc\u021biune nu se aplic\u0103 automat oric\u0103rui gr\u0103tar f\u0103cut \u00een curte. Autorit\u0103\u021bile trebuie s\u0103 constate existen\u021ba unei situa\u021bii care \u00eencalc\u0103 normele de prevenire \u0219i favorizeaz\u0103 propagarea focului. <a href=\"https:\/\/legislatie.just.ro\/Public\/DetaliiDocumentAfis\/82739\">HG nr. 537\/2007<\/a><\/p>\n\n\n\n<h2>Fumul \u0219i mirosul produs de gr\u0103tar<\/h2>\n\n\n\n<p>Legisla\u021bia na\u021bional\u0103 nu stabile\u0219te o amend\u0103 general\u0103 de 200\u20131.000 de lei doar pentru mirosul unui gr\u0103tar.<\/p>\n\n\n\n<p>Cu toate acestea, fumul persistent, excesiv sau direc\u021bionat c\u0103tre proprietatea vecin\u0103 poate genera reclama\u021bii. Dac\u0103 sunt dep\u0103\u0219ite inconvenientele normale ale vecin\u0103t\u0103\u021bii, persoana afectat\u0103 poate solicita \u00een instan\u021b\u0103 desp\u0103gubiri sau m\u0103suri pentru \u00eencetarea disconfortului. De asemenea, unele localit\u0103\u021bi pot avea reguli proprii privind arderea, fumul \u0219i protec\u021bia mediului.<\/p>\n\n\n\n<p>Pentru evitarea conflictelor, amplaseaz\u0103 gr\u0103tarul astfel \u00eenc\u00e2t fumul s\u0103 nu intre direct \u00een ferestrele sau cur\u021bile vecinilor.<\/p>\n\n\n\n<p><\/p>\n\n\n\n<h2>Muzica \u0219i petrecerile zgomotoase pot aduce amenzi mari<\/h2>\n\n\n\n<p>\u00cen urma modific\u0103rilor introduse prin Legea nr. 92\/2026, sanc\u021biunile pentru tulburarea lini\u0219tii au crescut.<\/p>\n\n\n\n<p>Producerea de zgomote puternice \u00een intervalele legale de odihn\u0103 \u2014 <strong>22:00\u201308:00 \u0219i 13:00\u201314:00<\/strong> \u2014 poate fi sanc\u021bionat\u0103 cu o amend\u0103 \u00eentre <strong>1.000 \u0219i 2.000 de lei<\/strong>.<\/p>\n\n\n\n<p>Organizarea unei petreceri private cu aparatur\u0103 muzical\u0103 la o intensitate care tulbur\u0103 lini\u0219tea locuitorilor, \u00eentr-o curte, \u00eentr-un cort sau \u00eentr-un alt spa\u021biu neacoperit din apropierea locuin\u021belor, poate atrage o amend\u0103 \u00eentre <strong>4.000 \u0219i 6.000 de lei<\/strong>.<\/p>\n\n\n\n<p>Dac\u0103 fapta este repetat\u0103 \u00een termenul prev\u0103zut de lege, sanc\u021biunea poate deveni \u0219i mai sever\u0103. <a href=\"https:\/\/legislatie.just.ro\/Public\/DetaliiDocumentAfis\/311293\">Legea nr. 92\/2026<\/a><\/p>\n\n\n\n<h2>Gr\u0103tarul \u00een natur\u0103 are alte reguli<\/h2>\n\n\n\n<p>Legea nr. 54\/2012, cunoscut\u0103 drept \u201eLegea picnicului\u201d, se refer\u0103 la activit\u0103\u021bile desf\u0103\u0219urate pe domeniul public sau privat al statului \u0219i al autorit\u0103\u021bilor locale. <strong>Aceasta nu reglementeaz\u0103 gr\u0103tarul f\u0103cut \u00een curtea privat\u0103 a locuin\u021bei.<\/strong><\/p>\n\n\n\n<p>\u00cen natur\u0103, focul poate fi aprins numai \u00een zonele special amenajate \u00een acest scop \u0219i trebuie supravegheat permanent. \u00cen zonele doar indicate pentru picnic, consumul de alimente este permis, dar aprinderea focului nu este autorizat\u0103.<\/p>\n\n\n\n<p>Printre sanc\u021biunile prev\u0103zute de lege se num\u0103r\u0103:<\/p>\n\n\n\n<ul>\n<li><strong>2.000\u20135.000 de lei<\/strong> pentru aprinderea focului \u00een afara locurilor special amenajate sau pentru nesupravegherea lui;<\/li>\n\n\n\n<li><strong>1.000\u20133.000 de lei<\/strong> pentru desf\u0103\u0219urarea picnicului \u00een afara zonelor permise;<\/li>\n\n\n\n<li><strong>200\u20132.000 de lei<\/strong> pentru aruncarea de\u0219eurilor \u00een alte locuri dec\u00e2t cele amenajate;<\/li>\n\n\n\n<li><strong>100\u2013500 de lei<\/strong> pentru nerespectarea colect\u0103rii selective a ambalajelor;<\/li>\n\n\n\n<li><strong>200\u2013400 de lei<\/strong> pentru deranjarea comunit\u0103\u021bilor locale, a animalelor s\u0103lbatice ori a altor vizitatori.<\/li>\n<\/ul>\n\n\n\n<p>Containerele pentru colectarea selectiv\u0103 \u0219i toaletele ecologice reprezint\u0103, \u00een principal, obliga\u021bii ale administratorului zonei, nu condi\u021bii pe care participan\u021bii trebuie s\u0103 le instaleze. <a href=\"https:\/\/legislatie.just.ro\/Public\/DetaliiDocumentAfis\/136580\">Legea nr. 54\/2012 privind activit\u0103\u021bile de picnic<\/a><\/p>\n\n\n\n<h2>Concluzie<\/h2>\n\n\n\n<p>Po\u021bi face gr\u0103tar \u00een propria curte, cu condi\u021bia s\u0103 folose\u0219ti focul responsabil \u0219i s\u0103 nu pui \u00een pericol locuin\u021bele, bunurile sau persoanele din jur. Alege un loc sigur, supravegheaz\u0103 permanent flac\u0103ra, \u021bine la \u00eendem\u00e2n\u0103 mijloace de stingere \u0219i evit\u0103 muzica excesiv\u0103.<\/p>\n\n\n\n<p>\u00cenainte de organizarea unei petreceri mai mari, este recomandat s\u0103 verifici \u0219i hot\u0103r\u00e2rile consiliului local, deoarece autorit\u0103\u021bile locale pot institui reguli suplimentare.<\/p>\n\n\n\n<p><em>Informa\u021bii verificate conform legisla\u021biei consultate la 2 septembrie 2026. Actele normative pot fi modificate ulterior.<\/em><\/p>\n\n\n\n<p><\/p>\n\n\n\n<p><\/p>\n","protected":false},"excerpt":{"rendered":"<p>Un gr\u0103tar f\u0103cut \u00een curtea casei nu este interzis \u00een Rom\u00e2nia. Totu\u0219i, proprietatea privat\u0103 nu te scute\u0219te de respectarea normelor privind prevenirea incendiilor, lini\u0219tea vecinilor<\/p>\n","protected":false},"author":1,"featured_media":49985,"comment_status":"closed","ping_status":"closed","sticky":false,"template":"","format":"standard","meta":[],"categories":[1],"tags":[],"_links":{"self":[{"href":"https:\/\/calatorinromania.com\/index.php?rest_route=\/wp\/v2\/posts\/50135"}],"collection":[{"href":"https:\/\/calatorinromania.com\/index.php?rest_route=\/wp\/v2\/posts"}],"about":[{"href":"https:\/\/calatorinromania.com\/index.php?rest_route=\/wp\/v2\/types\/post"}],"author":[{"embeddable":true,"href":"https:\/\/calatorinromania.com\/index.php?rest_route=\/wp\/v2\/users\/1"}],"replies":[{"embeddable":true,"href":"https:\/\/calatorinromania.com\/index.php?rest_route=%2Fwp%2Fv2%2Fcomments&post=50135"}],"version-history":[{"count":1,"href":"https:\/\/calatorinromania.com\/index.php?rest_route=\/wp\/v2\/posts\/50135\/revisions"}],"predecessor-version":[{"id":50136,"href":"https:\/\/calatorinromania.com\/index.php?rest_route=\/wp\/v2\/posts\/50135\/revisions\/50136"}],"wp:featuredmedia":[{"embeddable":true,"href":"https:\/\/calatorinromania.com\/index.php?rest_route=\/wp\/v2\/media\/49985"}],"wp:attachment":[{"href":"https:\/\/calatorinromania.com\/index.php?rest_route=%2Fwp%2Fv2%2Fmedia&parent=50135"}],"wp:term":[{"taxonomy":"category","embeddable":true,"href":"https:\/\/calatorinromania.com\/index.php?rest_route=%2Fwp%2Fv2%2Fcategories&post=50135"},{"taxonomy":"post_tag","embeddable":true,"href":"https:\/\/calatorinromania.com\/index.php?rest_route=%2Fwp%2Fv2%2Ftags&post=50135"}],"curies":[{"name":"wp","href":"https:\/\/api.w.org\/{rel}","templated":true}]}}