{"id":50126,"date":"2026-09-01T12:11:22","date_gmt":"2026-09-01T12:11:22","guid":{"rendered":"https:\/\/calatorinromania.com\/?p=50126"},"modified":"2026-09-01T12:11:22","modified_gmt":"2026-09-01T12:11:22","slug":"m-a-surprins-hranindu-mi-bebelusul-in-conacul-lui","status":"publish","type":"post","link":"https:\/\/calatorinromania.com\/?p=50126","title":{"rendered":"M-a surprins hr\u0103nindu-mi bebelu\u0219ul \u00een conacul lui"},"content":{"rendered":"\n<p>\u2014 Intr\u0103, spuse Matei.<\/p>\n\n\n\n<p><\/p>\n\n\n\n<p>U\u0219a se deschise.<\/p>\n\n\n\n<p><\/p>\n\n\n\n<p>\u00cen\u0103untru intrar\u0103 doi b\u0103rba\u021bi.<\/p>\n\n\n\n<p><\/p>\n\n\n\n<p>Pe primul \u00eel recuno\u0219team. Era avocatul lui Matei, Radu Marinescu. \u00cel v\u0103zusem de c\u00e2teva ori prin cas\u0103, mereu impecabil \u00eembr\u0103cat \u0219i mereu z\u00e2mbind de parc\u0103 \u0219tia ceva ce ceilal\u021bi nu \u0219tiau.<\/p>\n\n\n\n<p><\/p>\n\n\n\n<p>Cel\u0103lalt era un b\u0103rbat de vreo cincizeci de ani pe care nu-l mai v\u0103zusem niciodat\u0103.<\/p>\n\n\n\n<p><\/p>\n\n\n\n<p>Radu se uit\u0103 la mine.<\/p>\n\n\n\n<p><\/p>\n\n\n\n<p>Apoi la Lucia.<\/p>\n\n\n\n<p><\/p>\n\n\n\n<p>Z\u00e2mbetul \u00eei disp\u0103ru.<\/p>\n\n\n\n<p><\/p>\n\n\n\n<p>\u2014 Ea este?<\/p>\n\n\n\n<p><\/p>\n\n\n\n<p>Matei \u00eenchise u\u0219a.<\/p>\n\n\n\n<p><\/p>\n\n\n\n<p>\u2014 Da.<\/p>\n\n\n\n<p>Am f\u0103cut instinctiv un pas \u00eenapoi.<\/p>\n\n\n\n<p>\u2014 Ce se \u00eent\u00e2mpl\u0103?<\/p>\n\n\n\n<p>Radu nu-mi r\u0103spunse.<\/p>\n\n\n\n<p>Se apropiase de copil \u0219i privea fix bro\u0219a \u00een form\u0103 de lun\u0103.<\/p>\n\n\n\n<p>\u2014 Sara, spuse el. De unde ai obiectul acela?<\/p>\n\n\n\n<p>Mi-am acoperit instinctiv feti\u021ba.<\/p>\n\n\n\n<p>\u2014 A fost al mamei mele.<\/p>\n\n\n\n<p>\u2014 Cum o chema?<\/p>\n\n\n\n<p>\u2014 Elena Stan.<\/p>\n\n\n\n<p>\u00cen camer\u0103 se f\u0103cu lini\u0219te.<\/p>\n\n\n\n<p>Avocatul \u00eencet\u0103 complet s\u0103 mai z\u00e2mbeasc\u0103.<\/p>\n\n\n\n<p>\u00ce\u0219i \u00eentoarse capul spre Matei.<\/p>\n\n\n\n<p>\u2014 Doamne\u2026<\/p>\n\n\n\n<p>\u2014 Exact, r\u0103spunse el.<\/p>\n\n\n\n<p>Inima \u00eemi b\u0103tea at\u00e2t de tare \u00eenc\u00e2t abia puteam respira.<\/p>\n\n\n\n<p>\u2014 Cineva \u00eemi explic\u0103 \u0219i mie?<\/p>\n\n\n\n<p>Matei deschise dosarul vi\u0219iniu.<\/p>\n\n\n\n<p>\u00cen\u0103untru erau fotografii.<\/p>\n\n\n\n<p>Una dintre ele fu \u00eempins\u0103 spre mine.<\/p>\n\n\n\n<p>Am privit-o.<\/p>\n\n\n\n<p>Era mama.<\/p>\n\n\n\n<p>Cu aproape dou\u0103zeci \u0219i cinci de ani mai t\u00e2n\u0103r\u0103.<\/p>\n\n\n\n<p>St\u0103tea \u00een fa\u021ba unei cl\u0103diri elegante, al\u0103turi de o femeie pe care n-o recuno\u0219team.<\/p>\n\n\n\n<p>Pe reverul mamei era prins\u0103 aceea\u0219i lun\u0103 din alam\u0103.<\/p>\n\n\n\n<p>Mi-am dus m\u00e2na la gur\u0103.<\/p>\n\n\n\n<p>\u2014 De unde ave\u021bi fotografia asta?<\/p>\n\n\n\n<p>\u2014 Mama ta a lucrat pentru familia mea, spuse Matei.<\/p>\n\n\n\n<p>\u2014 Mama mi-a spus c\u0103 lucra \u00eentr-un hotel.<\/p>\n\n\n\n<p>\u2014 Dup\u0103 aceea.<\/p>\n\n\n\n<p>M-am uitat din nou la fotografie.<\/p>\n\n\n\n<p>\u2014 Nu \u00een\u021beleg.<\/p>\n\n\n\n<p>Matei se a\u0219ez\u0103.<\/p>\n\n\n\n<p>\u2014 Elena a lucrat pentru mama mea aproape \u0219ase ani. Nu ca femeie de serviciu. Era asistenta ei personal\u0103.<\/p>\n\n\n\n<hr class=\"wp-block-separator has-alpha-channel-opacity\"\/>\n\n\n\n<p>Mi-a explicat c\u0103 mama lui, Adriana Valdescu, murise cu aproape dou\u0103zeci de ani \u00een urm\u0103.<\/p>\n\n\n\n<p>Cu pu\u021bin \u00eenainte de moarte, descoperise nereguli grave \u00eentr-o funda\u021bie controlat\u0103 de familia Valdescu.<\/p>\n\n\n\n<p>Bani care ar fi trebuit s\u0103 ajung\u0103 la copii vulnerabili fuseser\u0103 direc\u021biona\u021bi prin firme fictive.<\/p>\n\n\n\n<p>Mama mea g\u0103sise documentele.<\/p>\n\n\n\n<p>\u2014 Cine fura banii? am \u00eentrebat.<\/p>\n\n\n\n<p>Matei se uit\u0103 spre avocat.<\/p>\n\n\n\n<p>Radu r\u0103spunse:<\/p>\n\n\n\n<p>\u2014 Unchiul domnului Valdescu \u0219i doi administratori.<\/p>\n\n\n\n<p>\u2014 \u0218i ce leg\u0103tur\u0103 are mama cu asta?<\/p>\n\n\n\n<p>\u2014 A p\u0103strat copii ale documentelor, spuse Matei. Apoi a disp\u0103rut.<\/p>\n\n\n\n<p>\u2014 N-a disp\u0103rut. M-a crescut pe mine.<\/p>\n\n\n\n<p>\u2014 Pentru familia mea a disp\u0103rut.<\/p>\n\n\n\n<p>Am sim\u021bit un fior.<\/p>\n\n\n\n<p>\u2014 De ce?<\/p>\n\n\n\n<p>\u2014 Pentru c\u0103 cineva o amenin\u021base.<\/p>\n\n\n\n<p>Matei ar\u0103t\u0103 spre bro\u0219\u0103.<\/p>\n\n\n\n<p>\u2014 Mama mea \u00eei d\u0103duse acel obiect. Existau dou\u0103 identice.<\/p>\n\n\n\n<p>Scoase ceva dintr-un compartiment al dosarului.<\/p>\n\n\n\n<p>O alt\u0103 lun\u0103 din alam\u0103.<\/p>\n\n\n\n<p>Aproape identic\u0103.<\/p>\n\n\n\n<hr class=\"wp-block-separator has-alpha-channel-opacity\"\/>\n\n\n\n<p>M-am a\u0219ezat f\u0103r\u0103 s\u0103-mi dau seama.<\/p>\n\n\n\n<p>\u2014 De ce m\u0103 \u00eentreba\u021bi despre acte? Despre Imigr\u0103ri?<\/p>\n\n\n\n<p>Matei expir\u0103 lung.<\/p>\n\n\n\n<p>\u2014 Pentru c\u0103 agen\u021bia prin care lucrezi este una dintre firmele pe care le investig\u0103m.<\/p>\n\n\n\n<p>Am \u00eencremenit.<\/p>\n\n\n\n<p>\u2014 Ce?<\/p>\n\n\n\n<p>\u2014 Nu tu e\u0219ti \u021binta verific\u0103rii, Sara.<\/p>\n\n\n\n<p>Radu deschise alt document.<\/p>\n\n\n\n<p>Agen\u021bia raporta salarii mai mari dec\u00e2t cele pe care le primeam noi.<\/p>\n\n\n\n<p>Pentru unii angaja\u021bi figurau ore care nu existaser\u0103.<\/p>\n\n\n\n<p>Pentru al\u021bii erau depuse documente pe care ace\u0219tia sus\u021bineau c\u0103 nu le semnaser\u0103 niciodat\u0103.<\/p>\n\n\n\n<p>Iar persoanele cu situa\u021bii vulnerabile privind dreptul de \u0219edere erau cele mai u\u0219or de controlat.<\/p>\n\n\n\n<p>\u2014 \u0218eful agen\u021biei \u0219tie situa\u021bia ta? \u00eentreb\u0103 Radu.<\/p>\n\n\n\n<p>Mi-am cobor\u00e2t privirea.<\/p>\n\n\n\n<p>\u2014 Da.<\/p>\n\n\n\n<p>\u2014 Te-a amenin\u021bat vreodat\u0103 c\u0103 te denun\u021b\u0103 dac\u0103 refuzi ture?<\/p>\n\n\n\n<p>N-am r\u0103spuns.<\/p>\n\n\n\n<p>Nu trebuia.<\/p>\n\n\n\n<p>Matei \u00eenjur\u0103 \u00eencet.<\/p>\n\n\n\n<p>\u2014 De c\u00e2te ori?<\/p>\n\n\n\n<p>\u2014 Nu \u0219tiu.<\/p>\n\n\n\n<p>\u2014 Sara.<\/p>\n\n\n\n<p>\u2014 De multe ori.<\/p>\n\n\n\n<p>Am sim\u021bit lacrimile venind.<\/p>\n\n\n\n<p>\u2014 Dup\u0103 ce am n\u0103scut, mi-a spus c\u0103 dac\u0103 lipsesc mai mult de zece zile m\u0103 \u00eenlocuie\u0219te \u0219i \u201everific\u0103 personal\u201d dac\u0103 mai am dreptul s\u0103 r\u0103m\u00e2n aici.<\/p>\n\n\n\n<p>Radu \u00ee\u0219i \u00eenchise \u00eencet pixul.<\/p>\n\n\n\n<p>\u2014 Asta trebuie documentat.<\/p>\n\n\n\n<hr class=\"wp-block-separator has-alpha-channel-opacity\"\/>\n\n\n\n<p>Apoi Matei \u00eemi spuse ceva ce nu m\u0103 a\u0219teptam.<\/p>\n\n\n\n<p>\u2014 Nu voi suna la Imigr\u0103ri ca s\u0103 te amenin\u021b.<\/p>\n\n\n\n<p>Am ridicat privirea.<\/p>\n\n\n\n<p>\u2014 Dar mai devreme\u2026<\/p>\n\n\n\n<p>\u2014 Am vrut s\u0103 aflu c\u00e2t de vulnerabil\u0103 e\u0219ti \u0219i dac\u0103 agen\u021bia \u0219tie. Am formulat-o prost.<\/p>\n\n\n\n<p>\u2014 Foarte prost.<\/p>\n\n\n\n<p>Radu \u00eel privi.<\/p>\n\n\n\n<p>\u2014 Extrem de prost.<\/p>\n\n\n\n<p>Pentru prima dat\u0103, Matei p\u0103ru jenat.<\/p>\n\n\n\n<p>\u2014 Da.<\/p>\n\n\n\n<p>Nu era o scuz\u0103 magic\u0103.<\/p>\n\n\n\n<p>Faptul c\u0103 era miliardar nu f\u0103cea amenin\u021barea mai pu\u021bin \u00eenfrico\u0219\u0103toare.<\/p>\n\n\n\n<p>\u2014 M-a\u021bi f\u0103cut s\u0103 cred c\u0103 \u00eemi pute\u021bi lua copilul.<\/p>\n\n\n\n<p>\u2014 \u0218tiu, spuse el. \u0218i \u00eemi pare r\u0103u.<\/p>\n\n\n\n<p>Apoi Radu \u00eempinse spre mine o carte de vizit\u0103.<\/p>\n\n\n\n<p>\u2014 Eu nu sunt avocat specializat \u00een imigrare. Dar colega mea este. Dac\u0103 accep\u021bi, ea \u00ee\u021bi poate analiza situa\u021bia independent de domnul Valdescu \u0219i de agen\u021bie.<\/p>\n\n\n\n<p>\u2014 C\u00e2t cost\u0103?<\/p>\n\n\n\n<p>\u2014 Pentru tine, nimic.<\/p>\n\n\n\n<p>Am cl\u0103tinat imediat din cap.<\/p>\n\n\n\n<p>\u2014 Nu vreau mil\u0103.<\/p>\n\n\n\n<p>\u2014 Nu este mil\u0103, interveni Matei. Dac\u0103 un furnizor contractat de mine \u00ee\u0219i exploateaz\u0103 angaja\u021bii \u00een casele mele, vreau s\u0103 \u0219tiu.<\/p>\n\n\n\n<p>Radu \u00eel corect\u0103:<\/p>\n\n\n\n<p>\u2014 \u0218i Sara trebuie s\u0103 aib\u0103 propriul avocat, nu unul care \u00ee\u021bi protejeaz\u0103 \u021bie interesele.<\/p>\n\n\n\n<p>Matei d\u0103du din cap.<\/p>\n\n\n\n<p>\u2014 Corect.<\/p>\n\n\n\n<p>Pentru prima dat\u0103 \u00een diminea\u021ba aceea am sim\u021bit c\u0103 cineva vorbea despre mine ca despre o persoan\u0103, nu ca despre o problem\u0103.<\/p>\n\n\n\n<hr class=\"wp-block-separator has-alpha-channel-opacity\"\/>\n\n\n\n<p>\u00cen urm\u0103toarele s\u0103pt\u0103m\u00e2ni, situa\u021bia mea a \u00eenceput s\u0103 se schimbe.<\/p>\n\n\n\n<p>Nu peste noapte.<\/p>\n\n\n\n<p>\u0218i nu pentru c\u0103 un om bogat pocnise din degete.<\/p>\n\n\n\n<p>Avocata mi-a explicat ce op\u021biuni aveam \u0219i ce nu putea promite nimeni.<\/p>\n\n\n\n<p>Am str\u00e2ns documentele vechi.<\/p>\n\n\n\n<p>Dovezile studiilor.<\/p>\n\n\n\n<p>Dosarele medicale ale mamei.<\/p>\n\n\n\n<p>Certificatul de na\u0219tere al Luciei.<\/p>\n\n\n\n<p>Mesajele trimise de \u0219eful agen\u021biei.<\/p>\n\n\n\n<p>Al\u021bi angaja\u021bi au acceptat \u0219i ei s\u0103 vorbeasc\u0103.<\/p>\n\n\n\n<p>Unii aveau capturi de ecran.<\/p>\n\n\n\n<p>Al\u021bii aveau flutura\u0219i de salariu.<\/p>\n\n\n\n<p>Unul p\u0103strase \u00eenregistr\u0103ri ale amenin\u021b\u0103rilor.<\/p>\n\n\n\n<p>Contractul agen\u021biei cu firmele lui Matei a fost suspendat \u00een timpul investiga\u021biei.<\/p>\n\n\n\n<p>Eu am \u00eencetat s\u0103 mai lucrez pentru ea.<\/p>\n\n\n\n<hr class=\"wp-block-separator has-alpha-channel-opacity\"\/>\n\n\n\n<p>Dar misterul mamei mele r\u0103m\u00e2nea.<\/p>\n\n\n\n<p>\u00centr-o dup\u0103-amiaz\u0103, Radu m-a sunat.<\/p>\n\n\n\n<p>\u2014 Am g\u0103sit ceva.<\/p>\n\n\n\n<p>Era un seif vechi \u00eenchiriat pe numele mamei.<\/p>\n\n\n\n<p>\u00cen\u0103untru nu se afla vreo avere.<\/p>\n\n\n\n<p>Nu existau diamante.<\/p>\n\n\n\n<p>Nici milioane ascunse.<\/p>\n\n\n\n<p>Erau documente.<\/p>\n\n\n\n<p>Copii ale vechilor registre ale funda\u021biei.<\/p>\n\n\n\n<p>\u0218i o scrisoare.<\/p>\n\n\n\n<p>Pentru mine.<\/p>\n\n\n\n<p>Am deschis-o cu m\u00e2inile tremur\u00e2nd.<\/p>\n\n\n\n<p><strong>\u201eSara, dac\u0103 cite\u0219ti asta, \u00eenseamn\u0103 c\u0103 trecutul m-a g\u0103sit din nou sau c\u0103 tu ai \u00eenceput s\u0103 pui \u00eentreb\u0103rile pe care eu n-am avut curaj s\u0103 \u021bi le explic.\u201d<\/strong><\/p>\n\n\n\n<p>Am \u00eenceput s\u0103 pl\u00e2ng.<\/p>\n\n\n\n<p>Mama scria c\u0103 plecase nu pentru c\u0103 furase ceva, a\u0219a cum insinuaser\u0103 unii, ci pentru c\u0103 depusese m\u0103rturie \u00eempotriva oamenilor care f\u0103ceau fraude.<\/p>\n\n\n\n<p>Dup\u0103 ce ancheta de atunci se blocase, se temuse.<\/p>\n\n\n\n<p>A\u0219a c\u0103 \u00ee\u0219i construise alt\u0103 via\u021b\u0103.<\/p>\n\n\n\n<p>Cu mine.<\/p>\n\n\n\n<p>La final scria:<\/p>\n\n\n\n<p><strong>\u201eLuna nu valoreaz\u0103 nimic. Am p\u0103strat-o doar ca s\u0103-mi amintesc c\u0103 \u00eentr-o cas\u0103 plin\u0103 de oameni boga\u021bi, valoarea unui om nu st\u0103 niciodat\u0103 \u00een ceea ce posed\u0103, ci \u00een ceea ce refuz\u0103 s\u0103 fac\u0103 atunci c\u00e2nd nimeni nu-l vede.\u201d<\/strong><\/p>\n\n\n\n<p>Mi-am lipit scrisoarea de piept.<\/p>\n\n\n\n<p>Lucia dormea l\u00e2ng\u0103 mine.<\/p>\n\n\n\n<hr class=\"wp-block-separator has-alpha-channel-opacity\"\/>\n\n\n\n<p>C\u00e2teva luni mai t\u00e2rziu, m-am \u00eentors la conacul lui Matei.<\/p>\n\n\n\n<p>Nu cu m\u0103nu\u0219i galbene.<\/p>\n\n\n\n<p>\u0218i nu ca s\u0103 cur\u0103\u021b.<\/p>\n\n\n\n<p>Fusesem invitat\u0103 la o \u00eent\u00e2lnire cu echipa juridic\u0103, deoarece documentele mamei completaser\u0103 o parte important\u0103 din istoria funda\u021biei.<\/p>\n\n\n\n<p>Matei m\u0103 a\u0219tepta \u00een acela\u0219i birou.<\/p>\n\n\n\n<p>\u2014 Lucia?<\/p>\n\n\n\n<p>\u2014 La cre\u0219\u0103.<\/p>\n\n\n\n<p>Z\u00e2mbi.<\/p>\n\n\n\n<p>\u2014 Ai reu\u0219it cu avansul?<\/p>\n\n\n\n<p>\u2014 Da.<\/p>\n\n\n\n<p>\u2014 M\u0103 bucur.<\/p>\n\n\n\n<p>Apoi ezit\u0103.<\/p>\n\n\n\n<p>\u2014 Sara, despre prima zi\u2026<\/p>\n\n\n\n<p>\u2014 Nu am uitat-o.<\/p>\n\n\n\n<p>Z\u00e2mbetul \u00eei disp\u0103ru.<\/p>\n\n\n\n<p>\u2014 \u0218tiu.<\/p>\n\n\n\n<p>\u2014 \u0218i probabil n-o voi uita niciodat\u0103.<\/p>\n\n\n\n<p>\u2014 \u00cen\u021beleg.<\/p>\n\n\n\n<p>M-am a\u0219ezat.<\/p>\n\n\n\n<p>\u2014 Dar am \u00eenv\u0103\u021bat ceva din ea.<\/p>\n\n\n\n<p>\u2014 Ce?<\/p>\n\n\n\n<p>Am scos bro\u0219a \u00een form\u0103 de lun\u0103 din geant\u0103.<\/p>\n\n\n\n<p>\u2014 C\u0103 uneori oamenii cu bani cred c\u0103 puterea \u00eenseamn\u0103 s\u0103 poat\u0103 spune \u201epot s\u0103 fac asta\u201d.<\/p>\n\n\n\n<p>M-am uitat direct la el.<\/p>\n\n\n\n<p>\u2014 Dar adev\u0103rata m\u0103sur\u0103 a puterii este s\u0103 \u0219tii c\u00e2nd&nbsp;<strong>nu ai dreptul<\/strong>&nbsp;s\u0103 o folose\u0219ti.<\/p>\n\n\n\n<p>Matei r\u0103mase c\u00e2teva secunde t\u0103cut.<\/p>\n\n\n\n<p>\u2014 Mama ta probabil te-ar fi pl\u0103cut foarte mult.<\/p>\n\n\n\n<p>Am z\u00e2mbit.<\/p>\n\n\n\n<p>\u2014 Mama mea m-ar fi certat c\u0103 am sc\u0103pat biberonul pe podeaua dumneavoastr\u0103.<\/p>\n\n\n\n<p>Radu, care tocmai intrase \u00een camer\u0103, izbucni \u00een r\u00e2s.<\/p>\n\n\n\n<hr class=\"wp-block-separator has-alpha-channel-opacity\"\/>\n\n\n\n<p>Bro\u0219a se afl\u0103 ast\u0103zi \u00eentr-o cutiu\u021b\u0103 din camera Luciei.<\/p>\n\n\n\n<p>\u00centr-o zi va fi a ei.<\/p>\n\n\n\n<p>Nu pentru c\u0103 valoreaz\u0103 bani.<\/p>\n\n\n\n<p>Ci pentru c\u0103 leag\u0103 trei genera\u021bii de femei care au tr\u0103it, fiecare \u00een felul ei, perioade \u00een care al\u021bi oameni aveau mai mult\u0103 putere dec\u00e2t ele.<\/p>\n\n\n\n<p>Mama a avut curajul s\u0103 p\u0103streze adev\u0103rul.<\/p>\n\n\n\n<p>Eu am avut nevoie de ajutor ca s\u0103-mi recap\u0103t controlul asupra propriei vie\u021bi.<\/p>\n\n\n\n<p>Iar Lucia, sper eu, va cre\u0219te f\u0103r\u0103 s\u0103 fie nevoit\u0103 s\u0103 \u00eenve\u021be niciuna dintre aceste lec\u021bii \u00een acela\u0219i mod dureros.<\/p>\n\n\n\n<p>Pentru c\u0103 \u00een diminea\u021ba \u00een care am fost g\u0103sit\u0103 cu copilul la piept, \u00eentr-o cas\u0103 \u00een care m\u0103 sim\u021beam mai pu\u021bin valoroas\u0103 dec\u00e2t obiectele pe care le cur\u0103\u021bam, eram convins\u0103 c\u0103 via\u021ba mea urma s\u0103 se pr\u0103bu\u0219easc\u0103.<\/p>\n\n\n\n<p>\u00cen schimb, a fost ziua \u00een care am descoperit c\u0103&nbsp;<strong>vulnerabilitatea mea nu \u00eei d\u0103dea nim\u0103nui dreptul s\u0103 m\u0103 amenin\u021be \u2014 iar s\u0103 ceri ajutor nu \u00eenseamn\u0103 c\u0103 e\u0219ti lipsit de putere.<\/strong><\/p>\n\n\n\n<p><a href=\"https:\/\/www.pinterest.com\/pin\/create\/button\/?url=https%3A%2F%2Fbumzi.ro%2F%3Fp%3D28506&amp;description=M-a+surprins+hr%C4%83nindu-mi+bebelu%C8%99ul+%C3%AEn+conacul+lui\" target=\"_blank\" rel=\"noreferrer noopener\"><\/a><\/p>\n\n\n\n<p><a href=\"https:\/\/www.facebook.com\/sharer\/sharer.php?u=https%3A%2F%2Fbumzi.ro%2F%3Fp%3D28506\" target=\"_blank\" rel=\"noreferrer noopener\"><\/a><\/p>\n\n\n\n<p><a href=\"https:\/\/twitter.com\/intent\/tweet?url=https%3A%2F%2Fbumzi.ro%2F%3Fp%3D28506&amp;text=M-a+surprins+hr%C4%83nindu-mi+bebelu%C8%99ul+%C3%AEn+conacul+lui\" target=\"_blank\" rel=\"noreferrer noopener\"><\/a><\/p>\n\n\n\n<p><em>Aceast\u0103 lucrare este inspirat\u0103 din evenimente \u0219i persoane reale, \u00eens\u0103 a fost fic\u021bionalizat\u0103 \u00een scopuri creative. Numele, personajele \u0219i detaliile au fost schimbate pentru a proteja intimitatea \u0219i pentru a \u00eembun\u0103t\u0103\u021bi nara\u021biunea. Orice asem\u0103nare cu persoane reale, \u00een via\u021b\u0103 sau decedate, sau cu evenimente reale este pur \u00eent\u00e2mpl\u0103toare \u0219i nu este inten\u021bionat\u0103 de c\u0103tre autor.<\/em><\/p>\n\n\n\n<p><em>Autorul \u0219i editorul nu \u00ee\u0219i asum\u0103 responsabilitatea pentru exactitatea evenimentelor sau pentru modul \u00een care sunt portretizate personajele \u0219i nu sunt r\u0103spunz\u0103tori pentru eventuale interpret\u0103ri gre\u0219ite. Aceast\u0103 poveste este oferit\u0103 \u201eca atare\u201d, iar orice opinii exprimate apar\u021bin personajelor \u0219i nu reflect\u0103 punctele de vedere ale autorului sau ale editorului.<\/em><\/p>\n","protected":false},"excerpt":{"rendered":"<p>\u2014 Intr\u0103, spuse Matei. U\u0219a se deschise. \u00cen\u0103untru intrar\u0103 doi b\u0103rba\u021bi. Pe primul \u00eel recuno\u0219team. Era avocatul lui Matei, Radu Marinescu. \u00cel v\u0103zusem de c\u00e2teva<\/p>\n","protected":false},"author":1,"featured_media":49985,"comment_status":"closed","ping_status":"closed","sticky":false,"template":"","format":"standard","meta":[],"categories":[1],"tags":[],"_links":{"self":[{"href":"https:\/\/calatorinromania.com\/index.php?rest_route=\/wp\/v2\/posts\/50126"}],"collection":[{"href":"https:\/\/calatorinromania.com\/index.php?rest_route=\/wp\/v2\/posts"}],"about":[{"href":"https:\/\/calatorinromania.com\/index.php?rest_route=\/wp\/v2\/types\/post"}],"author":[{"embeddable":true,"href":"https:\/\/calatorinromania.com\/index.php?rest_route=\/wp\/v2\/users\/1"}],"replies":[{"embeddable":true,"href":"https:\/\/calatorinromania.com\/index.php?rest_route=%2Fwp%2Fv2%2Fcomments&post=50126"}],"version-history":[{"count":1,"href":"https:\/\/calatorinromania.com\/index.php?rest_route=\/wp\/v2\/posts\/50126\/revisions"}],"predecessor-version":[{"id":50127,"href":"https:\/\/calatorinromania.com\/index.php?rest_route=\/wp\/v2\/posts\/50126\/revisions\/50127"}],"wp:featuredmedia":[{"embeddable":true,"href":"https:\/\/calatorinromania.com\/index.php?rest_route=\/wp\/v2\/media\/49985"}],"wp:attachment":[{"href":"https:\/\/calatorinromania.com\/index.php?rest_route=%2Fwp%2Fv2%2Fmedia&parent=50126"}],"wp:term":[{"taxonomy":"category","embeddable":true,"href":"https:\/\/calatorinromania.com\/index.php?rest_route=%2Fwp%2Fv2%2Fcategories&post=50126"},{"taxonomy":"post_tag","embeddable":true,"href":"https:\/\/calatorinromania.com\/index.php?rest_route=%2Fwp%2Fv2%2Ftags&post=50126"}],"curies":[{"name":"wp","href":"https:\/\/api.w.org\/{rel}","templated":true}]}}