{"id":50124,"date":"2026-09-01T12:07:28","date_gmt":"2026-09-01T12:07:28","guid":{"rendered":"https:\/\/calatorinromania.com\/?p=50124"},"modified":"2026-09-01T12:07:28","modified_gmt":"2026-09-01T12:07:28","slug":"m-am-dus-sa-mi-iau-fiica-de-19-ani-dupa-ce-isi-terminase-slujba-de-vara-la-un-complex-turistic","status":"publish","type":"post","link":"https:\/\/calatorinromania.com\/?p=50124","title":{"rendered":"M-am dus s\u0103-mi iau fiica de 19 ani dup\u0103 ce \u00ee\u0219i terminase slujba de var\u0103 la un complex turistic"},"content":{"rendered":"\n<p>Pentru c\u00e2teva secunde, am fost convins\u0103 c\u0103 nu auzisem bine.<\/p>\n\n\n\n<p><\/p>\n\n\n\n<p>\u2014 Cum adic\u0103 \u201eeste a ta\u201d?<\/p>\n\n\n\n<p><\/p>\n\n\n\n<p>Sofia deschise portiera din spate.<\/p>\n\n\n\n<p><\/p>\n\n\n\n<p>\u00cen ma\u0219in\u0103 aveam \u00eenc\u0103 scaunul auto vechi al nepoatei surorii mele, pe care \u00eel luasem cu c\u00e2teva zile \u00eenainte ca s\u0103 i-l returnez.<\/p>\n\n\n\n<p><\/p>\n\n\n\n<p>Sofia \u00eel privi \u0219i aproape c\u0103 r\u00e2se.<\/p>\n\n\n\n<p><\/p>\n\n\n\n<p>\u2014 N-o s\u0103 crezi, dar chiar aveam nevoie de unul.<\/p>\n\n\n\n<p><\/p>\n\n\n\n<p>\u2014 Sofia!<\/p>\n\n\n\n<p><\/p>\n\n\n\n<p>Feti\u021ba tres\u0103ri la vocea mea.<\/p>\n\n\n\n<p><\/p>\n\n\n\n<p>\u2014 Mam\u0103, te rog. Nu aici.<\/p>\n\n\n\n<p><\/p>\n\n\n\n<p>Am cobor\u00e2t imediat tonul.<\/p>\n\n\n\n<p><\/p>\n\n\n\n<p>Sofia fix\u0103 copilul cu grij\u0103 \u00een scaun.<\/p>\n\n\n\n<p><\/p>\n\n\n\n<p>Mi\u0219c\u0103rile ei erau prea sigure.<\/p>\n\n\n\n<p><\/p>\n\n\n\n<p>Nu \u021binea pentru prima dat\u0103 acel bebelu\u0219.<\/p>\n\n\n\n<p><\/p>\n\n\n\n<p>Am urcat la volan.<\/p>\n\n\n\n<p>\u2014 Acum vorbe\u0219te.<\/p>\n\n\n\n<p>Sofia \u00ee\u0219i str\u00e2nse m\u00e2inile.<\/p>\n\n\n\n<p>\u2014 O cheam\u0103 Mara.<\/p>\n\n\n\n<p>\u2014 Cine este mama ei?<\/p>\n\n\n\n<p>\u2014 O fat\u0103 care lucra aici.<\/p>\n\n\n\n<p>\u2014 Unde este?<\/p>\n\n\n\n<p>T\u0103cere.<\/p>\n\n\n\n<p>\u2014 Sofia.<\/p>\n\n\n\n<p>\u2014 A murit.<\/p>\n\n\n\n<p>Mi-a disp\u0103rut toat\u0103 furia.<\/p>\n\n\n\n<hr class=\"wp-block-separator has-alpha-channel-opacity\"\/>\n\n\n\n<p>O chema Alina.<\/p>\n\n\n\n<p>Avea dou\u0103zeci de ani \u0219i lucra \u00een buc\u0103t\u0103ria complexului.<\/p>\n\n\n\n<p>Sofia o cunoscuse la \u00eenceputul verii.<\/p>\n\n\n\n<p>\u2014 Era \u00eens\u0103rcinat\u0103 c\u00e2nd ai venit aici?<\/p>\n\n\n\n<p>\u2014 Da.<\/p>\n\n\n\n<p>\u2014 \u0218i nu mi-ai spus niciodat\u0103?<\/p>\n\n\n\n<p>\u2014 Nu era povestea mea de spus.<\/p>\n\n\n\n<p>Alina nu avea familie apropiat\u0103. Crescuse mai mult prin centre de plasament \u0219i la rude care o primeau pentru c\u00e2teva luni, apoi o trimiteau mai departe.<\/p>\n\n\n\n<p>Tat\u0103l copilului disp\u0103ruse imediat ce aflase despre sarcin\u0103.<\/p>\n\n\n\n<p>Cu trei s\u0103pt\u0103m\u00e2ni \u00eenainte, Alina intrase prematur \u00een travaliu.<\/p>\n\n\n\n<p>Mara se n\u0103scuse mic\u0103, dar s\u0103n\u0103toas\u0103.<\/p>\n\n\n\n<p>Alina \u00eens\u0103 dezvoltase complica\u021bii grave dup\u0103 na\u0219tere.<\/p>\n\n\n\n<p>\u2014 Sofia\u2026<\/p>\n\n\n\n<p>Fiica mea privea prin parbriz.<\/p>\n\n\n\n<p>\u2014 Am fost la spital aproape \u00een fiecare zi.<\/p>\n\n\n\n<p>\u2014 \u0218i mie \u00eemi spuneai c\u0103 e\u0219ti la munc\u0103.<\/p>\n\n\n\n<p>\u2014 Uneori chiar eram. Alteori eram cu ea.<\/p>\n\n\n\n<p>\u2014 De ce nu m-ai sunat?<\/p>\n\n\n\n<p>Atunci Sofia \u00eencepu s\u0103 pl\u00e2ng\u0103.<\/p>\n\n\n\n<p>\u2014 Pentru c\u0103 nu \u0219tiam cum s\u0103-\u021bi spun.<\/p>\n\n\n\n<hr class=\"wp-block-separator has-alpha-channel-opacity\"\/>\n\n\n\n<p>Alina murise cu nou\u0103 zile \u00eenainte.<\/p>\n\n\n\n<p>Dar asta \u00eenc\u0103 nu explica propozi\u021bia Sofiei.<\/p>\n\n\n\n<p><strong>\u201eAcum este a mea.\u201d<\/strong><\/p>\n\n\n\n<p>\u2014 Un copil nu devine pur \u0219i simplu al t\u0103u pentru c\u0103 mama lui moare, i-am spus.<\/p>\n\n\n\n<p>\u2014 \u0218tiu.<\/p>\n\n\n\n<p>\u2014 Atunci?<\/p>\n\n\n\n<p>Sofia deschise geanta.<\/p>\n\n\n\n<p>Scoase un dosar.<\/p>\n\n\n\n<p>\u2014 Am \u00eenceput procedurile legale.<\/p>\n\n\n\n<p>Am r\u0103mas cu gura \u00eentredeschis\u0103.<\/p>\n\n\n\n<p>\u2014 Tu ai nou\u0103sprezece ani.<\/p>\n\n\n\n<p>\u2014 \u0218tiu c\u00e2\u021bi ani am.<\/p>\n\n\n\n<p>\u2014 E\u0219ti student\u0103. Nu ai cas\u0103. Nu ai un venit stabil.<\/p>\n\n\n\n<p>\u2014 \u0218tiu \u0219i asta.<\/p>\n\n\n\n<p>\u2014 \u0218i crezi c\u0103 autorit\u0103\u021bile pur \u0219i simplu \u00ee\u021bi dau un nou-n\u0103scut?<\/p>\n\n\n\n<p>\u2014 Nu mi-au dat-o.<\/p>\n\n\n\n<p>Tonul ei deveni mai ap\u0103sat.<\/p>\n\n\n\n<p>\u2014 Sunt \u00eentr-o procedur\u0103 temporar\u0103. Exist\u0103 asisten\u021b\u0103 social\u0103, avocat, evalu\u0103ri. Nu am semnat vreun document magic prin care Mara a devenit copilul meu.<\/p>\n\n\n\n<p>Asta m\u0103 lini\u0219ti pu\u021bin.<\/p>\n\n\n\n<p>Cel pu\u021bin nu f\u0103cuse ceva absurd sau ilegal.<\/p>\n\n\n\n<p>\u2014 Atunci de ce ai spus c\u0103 este a ta?<\/p>\n\n\n\n<p>Sofia \u00ee\u0219i \u0219terse lacrimile.<\/p>\n\n\n\n<p>\u2014 Pentru c\u0103 i-am promis Alinei c\u0103 n-o abandonez.<\/p>\n\n\n\n<hr class=\"wp-block-separator has-alpha-channel-opacity\"\/>\n\n\n\n<p>Mi-a povestit despre ultima lor conversa\u021bie.<\/p>\n\n\n\n<p>Alina era deja foarte bolnav\u0103.<\/p>\n\n\n\n<p>Sofia st\u0103tuse l\u00e2ng\u0103 patul ei.<\/p>\n\n\n\n<p>\u2014 Mi-a spus: \u201e\u0218tiu cum e s\u0103 cre\u0219ti f\u0103r\u0103 s\u0103 existe cineva care s\u0103 te aleag\u0103.\u201d<\/p>\n\n\n\n<p>Sofia \u00eencepu s\u0103 pl\u00e2ng\u0103 din nou.<\/p>\n\n\n\n<p>\u2014 Apoi m-a \u00eentrebat dac\u0103, dac\u0103 se \u00eent\u00e2mpl\u0103 ceva cu ea, pot s\u0103 m\u0103 asigur c\u0103 Mara nu ajunge singur\u0103.<\/p>\n\n\n\n<p>\u2014 Asta nu \u00eenseamn\u0103 neap\u0103rat s\u0103 o cre\u0219ti tu.<\/p>\n\n\n\n<p>\u2014 \u0218tiu.<\/p>\n\n\n\n<p>Apoi m\u0103 privi.<\/p>\n\n\n\n<p>\u2014 Dar vreau.<\/p>\n\n\n\n<p>Am vrut s\u0103-i spun c\u0103 era imposibil.<\/p>\n\n\n\n<p>C\u0103 era copilul meu.<\/p>\n\n\n\n<p>C\u0103 avea via\u021ba \u00eenainte.<\/p>\n\n\n\n<p>C\u0103 trebuia s\u0103 termine facultatea, s\u0103 c\u0103l\u0103toreasc\u0103, s\u0103-\u0219i g\u0103seasc\u0103 un serviciu, s\u0103 se \u00eendr\u0103gosteasc\u0103.<\/p>\n\n\n\n<p>Apoi mi-am dat seama ce f\u0103ceam.<\/p>\n\n\n\n<p>Planificam via\u021ba fiicei mele \u00een timp ce ea \u00eemi spunea ce via\u021b\u0103 alesese.<\/p>\n\n\n\n<p>\u2014 \u0218i ce a spus asisten\u021ba social\u0103?<\/p>\n\n\n\n<p>\u2014 C\u0103 situa\u021bia e complicat\u0103.<\/p>\n\n\n\n<p>\u2014 Normal c\u0103 este.<\/p>\n\n\n\n<p>Pentru prima dat\u0103, Sofia z\u00e2mbi.<\/p>\n\n\n\n<p>\u2014 Au spus c\u0103 \u0219ansele mele singur\u0103 nu sunt grozave.<\/p>\n\n\n\n<p>\u2014 Sofia\u2026<\/p>\n\n\n\n<p>\u2014 Dar au \u00eentrebat dac\u0103 am familie care m\u0103 poate sprijini.<\/p>\n\n\n\n<p>Atunci am \u00een\u021beles de ce \u00eei tremurau m\u00e2inile.<\/p>\n\n\n\n<p>Nu se temea c\u0103 aveam s\u0103 \u021bip.<\/p>\n\n\n\n<p>Se temea c\u0103 voi spune&nbsp;<strong>nu<\/strong>.<\/p>\n\n\n\n<hr class=\"wp-block-separator has-alpha-channel-opacity\"\/>\n\n\n\n<p>M-am \u00eentors spre bancheta din spate.<\/p>\n\n\n\n<p>Mara dormea.<\/p>\n\n\n\n<p>Avea pumnii minusculi str\u00e2n\u0219i l\u00e2ng\u0103 fa\u021b\u0103.<\/p>\n\n\n\n<p>\u2014 Pot s-o \u021bin?<\/p>\n\n\n\n<p>Sofia m\u0103 privi surprins\u0103.<\/p>\n\n\n\n<p>\u2014 Sigur.<\/p>\n\n\n\n<p>Am luat copilul \u00een bra\u021be.<\/p>\n\n\n\n<p>Era at\u00e2t de u\u0219oar\u0103 \u00eenc\u00e2t aproape m-a speriat.<\/p>\n\n\n\n<p>Mara deschise ochii pentru o secund\u0103, apoi \u00eei \u00eenchise la loc.<\/p>\n\n\n\n<p>\u0218i atunci am \u00eenceput s\u0103 pl\u00e2ng.<\/p>\n\n\n\n<p>\u2014 Mam\u0103?<\/p>\n\n\n\n<p>\u2014 Sunt foarte sup\u0103rat\u0103 pe tine.<\/p>\n\n\n\n<p>Sofia \u00eenghe\u021b\u0103.<\/p>\n\n\n\n<p>\u2014 Pentru c\u0103 nu mi-ai spus.<\/p>\n\n\n\n<p>\u2014 \u0218tiu.<\/p>\n\n\n\n<p>\u2014 Pentru c\u0103 ai dus singur\u0103 ceva at\u00e2t de mare.<\/p>\n\n\n\n<p>\u2014 \u0218tiu.<\/p>\n\n\n\n<p>Am privit feti\u021ba.<\/p>\n\n\n\n<p>\u2014 Dar nu sunt sup\u0103rat\u0103 pe ea.<\/p>\n\n\n\n<p>Sofia \u00ee\u0219i acoperi gura cu m\u00e2na.<\/p>\n\n\n\n<p>\u2014 Asta \u00eenseamn\u0103\u2026<\/p>\n\n\n\n<p>\u2014 \u00censeamn\u0103 c\u0103 mergem acas\u0103 \u0219i afl\u0103m exact ce presupune totul. Cu avocat, cu asisten\u021b\u0103 social\u0103, cu toate evalu\u0103rile necesare. Nu facem promisiuni pe care nu le putem \u021bine.<\/p>\n\n\n\n<p>\u2014 Bine.<\/p>\n\n\n\n<p>\u2014 \u0218i dac\u0103 tu vrei s\u0103 faci asta, trebuie s\u0103 \u00een\u021belegi c\u0103 nu e o poveste frumoas\u0103 de var\u0103. \u00censeamn\u0103 nop\u021bi nedormite, bani, facultate reorganizat\u0103, medic, cre\u0219\u0103, responsabilitate pentru ani \u00eentregi.<\/p>\n\n\n\n<p>Sofia d\u0103du din cap.<\/p>\n\n\n\n<p>\u2014 \u0218tiu.<\/p>\n\n\n\n<p>\u2014 Nu. \u00cenc\u0103 nu \u0219tii.<\/p>\n\n\n\n<p>Am privit-o.<\/p>\n\n\n\n<p>\u2014 Dar putem afla \u00eempreun\u0103.<\/p>\n\n\n\n<p>Atunci fiica mea s-a aruncat \u00een bra\u021bele mele.<\/p>\n\n\n\n<p>Cu mare grij\u0103, pentru c\u0103 \u00eentre noi era Mara.<\/p>\n\n\n\n<hr class=\"wp-block-separator has-alpha-channel-opacity\"\/>\n\n\n\n<p>Urm\u0103toarele luni n-au sem\u0103nat deloc cu finalul perfect pe care oamenii \u0219i-l imagineaz\u0103 \u00een astfel de pove\u0219ti.<\/p>\n\n\n\n<p>Au fost interviuri.<\/p>\n\n\n\n<p>Vizite acas\u0103.<\/p>\n\n\n\n<p>Documente.<\/p>\n\n\n\n<p>Evalu\u0103ri.<\/p>\n\n\n\n<p>Discu\u021bii despre venituri \u0219i despre facultatea Sofiei.<\/p>\n\n\n\n<p>Autorit\u0103\u021bile au c\u0103utat rude biologice ale Marei.<\/p>\n\n\n\n<p>Tat\u0103l biologic a fost identificat \u0219i contactat.<\/p>\n\n\n\n<p>Nu \u0219i-a dorit s\u0103 creasc\u0103 feti\u021ba, dar procedurile legale tot trebuiau respectate.<\/p>\n\n\n\n<p>Eu am fost evaluat\u0103 ca parte a re\u021belei de sprijin a Sofiei.<\/p>\n\n\n\n<p>\u0218i am aflat ceva important:<\/p>\n\n\n\n<p>Promisiunea f\u0103cut\u0103 unei femei pe patul de spital nu era suficient\u0103 pentru a decide juridic viitorul unui copil.<\/p>\n\n\n\n<p>\u0218i nici nu trebuia s\u0103 fie.<\/p>\n\n\n\n<p>Trebuia stabilit ce era mai bine pentru Mara.<\/p>\n\n\n\n<hr class=\"wp-block-separator has-alpha-channel-opacity\"\/>\n\n\n\n<p>Sofia s-a \u00eentors la facultate.<\/p>\n\n\n\n<p>\u0218i-a redus temporar num\u0103rul de cursuri.<\/p>\n\n\n\n<p>Eu am continuat s\u0103 lucrez.<\/p>\n\n\n\n<p>Am \u00eemp\u0103r\u021bit nop\u021bile.<\/p>\n\n\n\n<p>Uneori, la trei diminea\u021ba, c\u00e2nd Mara urla \u0219i Sofia pl\u00e2ngea de oboseal\u0103, \u00eei spuneam:<\/p>\n\n\n\n<p>\u2014 \u00cenc\u0103 po\u021bi s\u0103-mi spui c\u0103 a fost o idee nebuneasc\u0103.<\/p>\n\n\n\n<p>Ea \u00ee\u0219i \u0219tergea ochii.<\/p>\n\n\n\n<p>\u2014 A fost o idee nebuneasc\u0103.<\/p>\n\n\n\n<p>\u2014 \u0218i?<\/p>\n\n\n\n<p>Lua copilul \u00een bra\u021be.<\/p>\n\n\n\n<p>\u2014 \u0218i tot o vreau.<\/p>\n\n\n\n<hr class=\"wp-block-separator has-alpha-channel-opacity\"\/>\n\n\n\n<p>Dup\u0103 mai bine de un an, lucrurile s-au clarificat legal.<\/p>\n\n\n\n<p>\u00cen ziua \u00een care Sofia a primit vestea pe care o a\u0219teptase at\u00e2t, n-a f\u0103cut nimic spectaculos.<\/p>\n\n\n\n<p>A venit acas\u0103.<\/p>\n\n\n\n<p>A pus geanta jos.<\/p>\n\n\n\n<p>A luat-o pe Mara \u00een bra\u021be.<\/p>\n\n\n\n<p>\u0218i a pl\u00e2ns.<\/p>\n\n\n\n<p>\u2014 Gata? am \u00eentrebat.<\/p>\n\n\n\n<p>D\u0103du din cap.<\/p>\n\n\n\n<p>\u2014 Gata.<\/p>\n\n\n\n<p>M-am apropiat de ele.<\/p>\n\n\n\n<p>\u2014 Atunci presupun c\u0103 trebuie s\u0103 m\u0103 obi\u0219nuiesc cu ceva.<\/p>\n\n\n\n<p>\u2014 Cu ce?<\/p>\n\n\n\n<p>Am atins nasul Marei.<\/p>\n\n\n\n<p>\u2014 Cu faptul c\u0103 la cincizeci \u0219i ceva de ani am devenit bunic\u0103 f\u0103r\u0103 s\u0103 fi \u0219tiut m\u0103car c\u0103 urmeaz\u0103.<\/p>\n\n\n\n<p>Sofia r\u00e2se printre lacrimi.<\/p>\n\n\n\n<hr class=\"wp-block-separator has-alpha-channel-opacity\"\/>\n\n\n\n<p>Mara are acum cinci ani.<\/p>\n\n\n\n<p>\u0218tie c\u0103 a avut o mam\u0103 pe nume Alina.<\/p>\n\n\n\n<p>Avem o fotografie cu ea \u00eentr-o ram\u0103 \u00een camera Marei.<\/p>\n\n\n\n<p>Sofia nu a \u00eencercat niciodat\u0103 s\u0103-i ia locul.<\/p>\n\n\n\n<p>\u00cen fiecare an, de ziua Alinei, merg \u00eempreun\u0103 s\u0103 lase flori.<\/p>\n\n\n\n<p>\u00centr-o zi, Mara m-a \u00eentrebat:<\/p>\n\n\n\n<p>\u2014 Bunico, mama Sofia m-a ales?<\/p>\n\n\n\n<p>M-am uitat spre fiica mea.<\/p>\n\n\n\n<p>Sofia avea lacrimi \u00een ochi.<\/p>\n\n\n\n<p>\u2014 Da, iubita mea.<\/p>\n\n\n\n<p>\u2014 Dar tu?<\/p>\n\n\n\n<p>\u2014 Ce eu?<\/p>\n\n\n\n<p>\u2014 Tu m-ai ales?<\/p>\n\n\n\n<p>Am z\u00e2mbit.<\/p>\n\n\n\n<p>Mi-am amintit de parcarea complexului.<\/p>\n\n\n\n<p>De fiica mea de nou\u0103sprezece ani.<\/p>\n\n\n\n<p>De geanta cu scutece.<\/p>\n\n\n\n<p>De copilul minuscul pe care nu m\u0103 a\u0219teptasem s\u0103-l v\u0103d.<\/p>\n\n\n\n<p>\u0218i de cele patru cuvinte care \u00eemi schimbaser\u0103 via\u021ba:<\/p>\n\n\n\n<p><strong>\u201eMam\u0103\u2026 acum este a mea.\u201d<\/strong><\/p>\n\n\n\n<p>Am luat-o pe Mara \u00een bra\u021be.<\/p>\n\n\n\n<p>\u2014 Nu chiar din prima secund\u0103.<\/p>\n\n\n\n<p>Sofia izbucni \u00een r\u00e2s.<\/p>\n\n\n\n<p>\u2014 Mam\u0103!<\/p>\n\n\n\n<p>\u2014 Ce? Vrei s\u0103 mint copilul?<\/p>\n\n\n\n<p>Mara r\u00e2dea \u0219i ea.<\/p>\n\n\n\n<p>Apoi am s\u0103rutat-o pe frunte.<\/p>\n\n\n\n<p>\u2014 Dar dup\u0103 aceea, \u00een fiecare zi.<\/p>\n\n\n\n<p>Pentru c\u0103 asta am \u00eenv\u0103\u021bat \u00een vara \u00een care fiica mea s-a \u00eentors acas\u0103 cu un nou-n\u0103scut \u00een bra\u021be:<\/p>\n\n\n\n<p><strong>Uneori familia \u00eencepe prin s\u00e2nge. Alteori \u00eencepe printr-o promisiune. Dar devine cu adev\u0103rat familie atunci c\u00e2nd, zi dup\u0103 zi, cineva continu\u0103 s\u0103 te aleag\u0103.<\/strong><\/p>\n\n\n\n<p><a href=\"https:\/\/www.pinterest.com\/pin\/create\/button\/?url=https%3A%2F%2Fbumzi.ro%2F%3Fp%3D28497&amp;description=M-am+dus+s%C4%83-mi+iau+fiica+de+19+ani+dup%C4%83+ce+%C3%AE%C8%99i+terminase+slujba+de+var%C4%83+la+un+complex+turistic\" target=\"_blank\" rel=\"noreferrer noopener\"><\/a><\/p>\n\n\n\n<p><a href=\"https:\/\/www.facebook.com\/sharer\/sharer.php?u=https%3A%2F%2Fbumzi.ro%2F%3Fp%3D28497\" target=\"_blank\" rel=\"noreferrer noopener\"><\/a><\/p>\n\n\n\n<p><a href=\"https:\/\/twitter.com\/intent\/tweet?url=https%3A%2F%2Fbumzi.ro%2F%3Fp%3D28497&amp;text=M-am+dus+s%C4%83-mi+iau+fiica+de+19+ani+dup%C4%83+ce+%C3%AE%C8%99i+terminase+slujba+de+var%C4%83+la+un+complex+turistic\" target=\"_blank\" rel=\"noreferrer noopener\"><\/a><\/p>\n\n\n\n<p><em>Aceast\u0103 lucrare este inspirat\u0103 din evenimente \u0219i persoane reale, \u00eens\u0103 a fost fic\u021bionalizat\u0103 \u00een scopuri creative. Numele, personajele \u0219i detaliile au fost schimbate pentru a proteja intimitatea \u0219i pentru a \u00eembun\u0103t\u0103\u021bi nara\u021biunea. Orice asem\u0103nare cu persoane reale, \u00een via\u021b\u0103 sau decedate, sau cu evenimente reale este pur \u00eent\u00e2mpl\u0103toare \u0219i nu este inten\u021bionat\u0103 de c\u0103tre autor.<\/em><\/p>\n\n\n\n<p><em>Autorul \u0219i editorul nu \u00ee\u0219i asum\u0103 responsabilitatea pentru exactitatea evenimentelor sau pentru modul \u00een care sunt portretizate personajele \u0219i nu sunt r\u0103spunz\u0103tori pentru eventuale interpret\u0103ri gre\u0219ite. Aceast\u0103 poveste este oferit\u0103 \u201eca atare\u201d, iar orice opinii exprimate apar\u021bin personajelor \u0219i nu reflect\u0103 punctele de vedere ale autorului sau ale editorului.<\/em><\/p>\n","protected":false},"excerpt":{"rendered":"<p>Pentru c\u00e2teva secunde, am fost convins\u0103 c\u0103 nu auzisem bine. \u2014 Cum adic\u0103 \u201eeste a ta\u201d? Sofia deschise portiera din spate. \u00cen ma\u0219in\u0103 aveam \u00eenc\u0103<\/p>\n","protected":false},"author":1,"featured_media":49985,"comment_status":"closed","ping_status":"closed","sticky":false,"template":"","format":"standard","meta":[],"categories":[1],"tags":[],"_links":{"self":[{"href":"https:\/\/calatorinromania.com\/index.php?rest_route=\/wp\/v2\/posts\/50124"}],"collection":[{"href":"https:\/\/calatorinromania.com\/index.php?rest_route=\/wp\/v2\/posts"}],"about":[{"href":"https:\/\/calatorinromania.com\/index.php?rest_route=\/wp\/v2\/types\/post"}],"author":[{"embeddable":true,"href":"https:\/\/calatorinromania.com\/index.php?rest_route=\/wp\/v2\/users\/1"}],"replies":[{"embeddable":true,"href":"https:\/\/calatorinromania.com\/index.php?rest_route=%2Fwp%2Fv2%2Fcomments&post=50124"}],"version-history":[{"count":1,"href":"https:\/\/calatorinromania.com\/index.php?rest_route=\/wp\/v2\/posts\/50124\/revisions"}],"predecessor-version":[{"id":50125,"href":"https:\/\/calatorinromania.com\/index.php?rest_route=\/wp\/v2\/posts\/50124\/revisions\/50125"}],"wp:featuredmedia":[{"embeddable":true,"href":"https:\/\/calatorinromania.com\/index.php?rest_route=\/wp\/v2\/media\/49985"}],"wp:attachment":[{"href":"https:\/\/calatorinromania.com\/index.php?rest_route=%2Fwp%2Fv2%2Fmedia&parent=50124"}],"wp:term":[{"taxonomy":"category","embeddable":true,"href":"https:\/\/calatorinromania.com\/index.php?rest_route=%2Fwp%2Fv2%2Fcategories&post=50124"},{"taxonomy":"post_tag","embeddable":true,"href":"https:\/\/calatorinromania.com\/index.php?rest_route=%2Fwp%2Fv2%2Ftags&post=50124"}],"curies":[{"name":"wp","href":"https:\/\/api.w.org\/{rel}","templated":true}]}}