{"id":50106,"date":"2026-09-01T08:12:55","date_gmt":"2026-09-01T08:12:55","guid":{"rendered":"https:\/\/calatorinromania.com\/?p=50106"},"modified":"2026-09-01T08:12:55","modified_gmt":"2026-09-01T08:12:55","slug":"50106","status":"publish","type":"post","link":"https:\/\/calatorinromania.com\/?p=50106","title":{"rendered":""},"content":{"rendered":"\n<p>\u00centr-o lume \u00een care adev\u0103rul este adesea \u00eengropat sub minciuni \u0219i ne\u00een\u021belegeri, povestea Ramirei \u0219i a fiicei sale, Salom\u00e9, ne arat\u0103 cum o simpl\u0103 m\u0103rturie poate schimba soarta unei vie\u021bi. \u021aip\u0103tul Ramirei, plin de disperare \u0219i speran\u021b\u0103, r\u0103sun\u0103 \u00een camera de vizit\u0103 a \u00eenchisorii, aduc\u00e2nd la suprafa\u021b\u0103 secrete \u00eentunecate \u0219i adev\u0103ruri ne\u0219tiute. Aceasta este o poveste despre curaj, despre puterea de a vorbi \u0219i despre cum, uneori, cei mai nevinova\u021bi dintre noi poart\u0103 povara adev\u0103rului.<\/p>\n\n\n\n<h2>\u00cent\u00e2lnirea \u00een camera de vizit\u0103<\/h2>\n\n\n\n<p>\u021aip\u0103tul Ramirei a r\u0103sunat pe pere\u021bii reci de beton ai camerei de vizit\u0103, zguduind ceva \u00een fiecare persoan\u0103 prezent\u0103, pentru c\u0103 nu era \u021bip\u0103tul unei prizoniere disperate, ci al cuiva care v\u0103zuse brusc lumina dup\u0103 ani de \u00eentuneric.<\/p>\n\n\n\n<p>G\u0103rzile au apucat-o de bra\u021be, \u00eencerc\u00e2nd s\u0103 o \u00eemping\u0103 \u00eenapoi \u00een scaun, dar Ramira s-a opus cu o for\u021b\u0103 n\u0103scut\u0103 din ceva mai profund dec\u00e2t furia, ceva mai apropiat de adev\u0103rul care \u00een sf\u00e2r\u0219it \u00ee\u0219i g\u0103sea aerul.<\/p>\n\n\n\n<p>Colonelul M\u00e9ndez, care observase din prag, a p\u0103\u0219it \u00eencet \u00eenainte, ridic\u00e2nd o m\u00e2n\u0103 pentru a le ordona gardienilor s\u0103 se opreasc\u0103 \u00eenainte ca situa\u021bia s\u0103 se transforme \u00eentr-un alt incident violent consemnat \u00een registrul \u00eenchisorii.<\/p>\n\n\n\n<p>\u201eL\u0103sa\u021bi-o s\u0103 vorbeasc\u0103\u201d, spuse M\u00e9ndez calm, vocea lui av\u00e2nd o autoritate care i-a \u00eencremenit instantaneu pe gardieni.<\/p>\n\n\n\n<h2>M\u0103rturia Salom\u00e9i<\/h2>\n\n\n\n<p>Ramira \u00eel privea cu ochi arz\u0103tori, cu lacrimi \u0219iroindu-i \u00eenc\u0103 pe obraji, dar acum acele lacrimi purtau un amestec ciudat de durere, u\u0219urare \u0219i o hot\u0103r\u00e2re aprig\u0103 care nu existase cu c\u00e2teva minute mai devreme.<\/p>\n\n\n\n<p>\u201eFiica mea \u0219tie ceva\u201d, a spus ea, respir\u00e2nd greu. \u201eCeva ce n-a mai \u00eentrebat-o nimeni p\u00e2n\u0103 acum\u2026 ceva care poate dovedi c\u0103 tot ce m-au acuzat a fost o minciun\u0103.\u201d<\/p>\n\n\n\n<p>Asistenta social\u0103 se \u00eencrunt\u0103 u\u0219or, evident st\u00e2njenit\u0103, pentru c\u0103 sistemul juridic \u00eenchisese deja cazul Ramirei Fuentes de mult timp, iar redeschiderea oric\u0103rui lucru p\u0103rea acum imposibil\u0103.<\/p>\n\n\n\n<p>\u201eE doar o copil\u0103\u201d, spuse asistenta social\u0103 cu grij\u0103, ca \u0219i cum ar fi \u00eencercat s\u0103 calmeze o situa\u021bie care ar fi putut deveni sc\u0103pat\u0103 de sub control.<\/p>\n\n\n\n<p>Salom\u00e9 \u0219i-a \u00eentors \u00eencet capul spre femeie \u0219i a vorbit cu un calm care p\u0103rea aproape tulbur\u0103tor pentru cineva de v\u00e2rsta ei.<\/p>\n\n\n\n<p>\u201eDar \u00eemi amintesc lucruri pe care adul\u021bii au uitat s\u0103 le \u00eentrebe\u201d, a r\u0103spuns fata \u00eencet.<\/p>\n\n\n\n<p>T\u0103cerea a umplut din nou camera mic\u0103, mai ap\u0103s\u0103toare dec\u00e2t \u00eenainte.<\/p>\n\n\n\n<h2>Revela\u021bii nea\u0219teptate<\/h2>\n\n\n\n<p>Colonelul M\u00e9ndez se ghemui u\u0219or, astfel \u00eenc\u00e2t ochii s\u0103 fie la nivelul celor ai Salom\u00e9i, studiindu-i fa\u021ba cu acela\u0219i instinct pe care \u00eel dob\u00e2ndise dup\u0103 decenii de interogare a criminalilor.<\/p>\n\n\n\n<p>Ceea ce a v\u0103zut acolo nu era fric\u0103. Era o certitudine.<\/p>\n\n\n\n<p>\u201eCe i-ai spus mai exact mamei tale?\u201d, a \u00eentrebat M\u00e9ndez.<\/p>\n\n\n\n<p>Salom\u00e9 s-a uitat mai \u00eent\u00e2i la Ramira, ca \u0219i cum i-ar fi cerut permisiunea, iar mama ei a dat imediat din cap, apuc\u00e2nd marginea mesei cu m\u00e2ini tremur\u00e2nde.<\/p>\n\n\n\n<p>Fata a respirat ad\u00e2nc.<\/p>\n\n\n\n<p>\u201eB\u0103rbatul care a murit \u00een noaptea aceea\u2026 nu era singur \u00een cas\u0103\u201d, a spus ea \u00eencet.<\/p>\n\n\n\n<p>Cuvintele au aterizat \u00een camer\u0103 ca o piatr\u0103 sc\u0103pat\u0103 \u00eentr-o ap\u0103 lini\u0219tit\u0103.<\/p>\n\n\n\n<p>Ramira \u00eenchise ochii o clip\u0103, ca \u0219i cum ar fi retr\u0103it noaptea care \u00eei distrusese via\u021ba.<\/p>\n\n\n\n<p>\u201eLe-am spus asta\u201d, a \u0219optit ea. \u201eDar nimeni nu m-a ascultat.\u201d<\/p>\n\n\n\n<h2>Consecin\u021bele m\u0103rturiei<\/h2>\n\n\n\n<p>M\u00e9ndez se ridic\u0103 \u00eencet, mintea lui retr\u0103ind deja dosarul procesului care p\u0103ruse at\u00e2t de complet.<\/p>\n\n\n\n<p>Exista un martor care pretindea c\u0103 o v\u0103zuse pe Ramira ie\u0219ind din cas\u0103.<\/p>\n\n\n\n<p>Amprente de degete pe cu\u021bit.<\/p>\n\n\n\n<p>S\u00e2nge pe hainele ei.<\/p>\n\n\n\n<p>Toate piesele se potriviser\u0103 prea perfect.<\/p>\n\n\n\n<p>Poate prea perfect.<\/p>\n\n\n\n<p>\u201eCine mai era acolo?\u201d a \u00eentrebat-o M\u00e9ndez cu aten\u021bie pe fat\u0103.<\/p>\n\n\n\n<p>Salom\u00e9 l-a privit direct \u00een ochi, iar ceva din privirea ei l-a f\u0103cut pe ofi\u021berul experimentat s\u0103 se simt\u0103 nea\u0219teptat de nelini\u0219tit.<\/p>\n\n\n\n<p>\u201eUnchiul meu Mateo\u201d, a spus ea.<\/p>\n\n\n\n<p>Ramira a g\u00e2f\u00e2it.<\/p>\n\n\n\n<p>Numele a lovit-o ca tr\u0103snetul, deoarece Mateo fusese fratele mai mic al so\u021bului ei, b\u0103rbatul care depusese m\u0103rturie \u00een timpul anchetei, sus\u021bin\u00e2nd c\u0103 sosise dup\u0103 ce crima se petrecuse deja.<\/p>\n\n\n\n<p>\u201eNu\u2026\u201d a \u0219optit Ramira, cl\u0103tin\u00e2nd \u00eencet din cap.<\/p>\n\n\n\n<p>Dar Salom\u00e9 a continuat.<\/p>\n\n\n\n<p>\u201eL-am v\u0103zut \u00een noaptea aceea\u201d, a spus fata \u00eencet. \u201eMi-a spus s\u0103 stau \u00een camer\u0103 \u0219i s\u0103 nu ies, pentru c\u0103 adul\u021bii vorbeau.\u201d<\/p>\n\n\n\n<p>Asistenta social\u0103 s-a \u00eendreptat imediat.<\/p>\n\n\n\n<p>\u201eSalom\u00e9, n-ai men\u021bionat niciodat\u0103 asta \u00een timpul anchetei\u201d, a spus ea, cu vocea acum \u00eencordat\u0103.<\/p>\n\n\n\n<p>Salom\u00e9 \u0219i-a cobor\u00e2t u\u0219or privirea.<\/p>\n\n\n\n<p>\u201eNimeni nu m-a \u00eentrebat ce am v\u0103zut\u201d, a r\u0103spuns ea simplu.<\/p>\n\n\n\n<p>Acele opt cuvinte au f\u0103cut ca aerul din camer\u0103 s\u0103 par\u0103 mai greu.<\/p>\n\n\n\n<h2>O nou\u0103 speran\u021b\u0103<\/h2>\n\n\n\n<p>M\u00e9ndez \u0219i-a frecat \u00eencet b\u0103rbia.<\/p>\n\n\n\n<p>\u00ce\u0219i amintea c\u0103 citise c\u0103 fata dormise \u00een timpul incidentului.<\/p>\n\n\n\n<p>Aceast\u0103 presupunere fusese acceptat\u0103 f\u0103r\u0103 a fi pus\u0103 la \u00eendoial\u0103.<\/p>\n\n\n\n<p><\/p>\n\n\n\n<p>\u201eCe ai v\u0103zut mai exact?\u201d, a \u00eentrebat el din nou.<\/p>\n\n\n\n<p>Salom\u00e9 a tras \u00eenc\u0103 o gur\u0103 de aer.<\/p>\n\n\n\n<p>\u201eM-am trezit pentru c\u0103 se certau\u201d, a spus ea. \u201eTat\u0103l meu \u021bipa, iar unchiul Mateo \u021bipa \u0219i mai tare.\u201d<\/p>\n\n\n\n<p>M\u00e2inile Ramirei au \u00eenceput s\u0103 tremure din nou, dar de data aceasta de \u0219oc, nu de disperare.<\/p>\n\n\n\n<p>\u201eDespre ce se certau?\u201d, a \u00eentrebat M\u00e9ndez.<\/p>\n\n\n\n<p>\u201eBani\u201d, a r\u0103spuns Salom\u00e9. \u201e\u0218i ceva ce tat\u0103l meu a numit tr\u0103dare.\u201d<\/p>\n\n\n\n<p>Colonelul sim\u021bi o senza\u021bie rece care i se t\u00e2ra pe \u0219ira spin\u0103rii.<\/p>\n\n\n\n<p>Raportul oficial afirmase c\u0103 victima, so\u021bul Ramirei, fusese atacat brusc, f\u0103r\u0103 avertisment.<\/p>\n\n\n\n<p>Nicio men\u021biune de ceart\u0103.<\/p>\n\n\n\n<p>Nicio men\u021biune c\u0103 Mateo ar fi fost prezent mai devreme.<\/p>\n\n\n\n<p>\u201eAtunci ce s-a \u00eent\u00e2mplat?\u201d a \u00eentrebat \u00eencet M\u00e9ndez.<\/p>\n\n\n\n<p>Vocea Salom\u00e9i deveni \u0219i mai slab\u0103.<\/p>\n\n\n\n<p>\u201eAm auzit ceva c\u0103z\u00e2nd\u2026 ca un scaun\u201d, a spus ea. \u201eApoi tat\u0103l meu a mai strigat o dat\u0103, iar dup\u0103 aceea totul s-a lini\u0219tit.\u201d<\/p>\n\n\n\n<p>Ramira \u0219i-a acoperit gura, lacrimile \u0219iroindu-i din nou.<\/p>\n\n\n\n<p>\u201eO, Doamne\u2026\u201d a \u0219optit ea.<\/p>\n\n\n\n<p>Salom\u00e9 s-a uitat la mama ei \u0219i a continuat s\u0103 vorbeasc\u0103 cu bl\u00e2nde\u021be.<\/p>\n\n\n\n<p>\u201eC\u00e2nd am deschis pu\u021bin u\u0219a, l-am v\u0103zut pe unchiul Mateo \u021bin\u00e2nd cu\u021bitul \u00een m\u00e2n\u0103\u201d, a spus fata.<\/p>\n\n\n\n<p>Camera a \u00eenghe\u021bat.<\/p>\n\n\n\n<p>Chiar \u0219i gardienii au \u00eencetat s\u0103 respire pentru o clip\u0103.<\/p>\n\n\n\n<p>\u201eM-a v\u0103zut cum te priveam\u201d, a continuat Salom\u00e9. \u201eMi-a spus c\u0103 dac\u0103 spun ceva, vei pleca pentru totdeauna.\u201d<\/p>\n\n\n\n<p>Ramira se pr\u0103bu\u0219i pe spate \u00een scaun, tremur\u00e2nd violent.<\/p>\n\n\n\n<p>Cinci ani.<\/p>\n\n\n\n<p>Cinci ani crez\u00e2nd c\u0103 fiica ei dormise \u00een tot co\u0219marul.<\/p>\n\n\n\n<p>Cinci ani, f\u0103r\u0103 s\u0103 \u0219tie c\u0103 acel copil purtase singur adev\u0103rul.<\/p>\n\n\n\n<p>Mintea lui M\u00e9ndez deja se gr\u0103bea s\u0103 analizeze consecin\u021bele legale care i se desf\u0103\u0219urau \u00een fa\u021b\u0103.<\/p>\n\n\n\n<p>Dac\u0103 m\u0103rturia fetei era corect\u0103, \u00eentreaga anchet\u0103 fusese construit\u0103 pe o cronologie manipulat\u0103.<\/p>\n\n\n\n<p>Mateo o plasase pe Ramira la fa\u021ba locului, ascunz\u00e2ndu-\u0219i propria prezen\u021b\u0103.<\/p>\n\n\n\n<p>\u0218i amprentele Ramirei de pe cu\u021bit au c\u0103p\u0103tat dintr-o dat\u0103 un sens teribil.<\/p>\n\n\n\n<p>\u201eM-a obligat s\u0103-l ridic\u201d, a \u0219optit brusc Ramira, amintindu-\u0219i ceva ce \u00eengropase sub anii de traume. \u201eA spus c\u0103 dac\u0103 nu o fac, o va r\u0103ni pe Salom\u00e9.\u201d<\/p>\n\n\n\n<p>Expresia colonelului s-a \u00een\u0103sprit.<\/p>\n\n\n\n<p>Totul \u00eencepea s\u0103 se lege.<\/p>\n\n\n\n<p>Mateo manipulase locul crimei \u00eenainte de a chema poli\u021bia.<\/p>\n\n\n\n<p>\u0218i sistemul acceptase versiunea lui pentru c\u0103 se potrivea cu dovezile.<\/p>\n\n\n\n<p>Dovezi pe care le aranjase chiar el.<\/p>\n\n\n\n<p>\u201eDe ce spui asta acum?\u201d, a \u00eentrebat-o asistenta social\u0103 pe Salom\u00e9, \u00eencerc\u00e2nd \u00eenc\u0103 s\u0103 proceseze ceea ce auzea.<\/p>\n\n\n\n<p>Fata \u0219i-a privit m\u00e2inile mici pre\u021b de o clip\u0103.<\/p>\n\n\n\n<p>\u201ePentru c\u0103 ieri l-am v\u0103zut din nou\u201d, spuse ea \u00eencet.<\/p>\n\n\n\n<p>Fiecare adult din camer\u0103 a sim\u021bit un fior rece str\u0103b\u0103t\u00e2ndu-le trupurile.<\/p>\n\n\n\n<p>\u201eUnde?\u201d, a \u00eentrebat imediat M\u00e9ndez.<\/p>\n\n\n\n<p>\u201e\u00cen afara orfelinatului\u201d, a r\u0103spuns Salom\u00e9. \u201eA venit cu o ma\u0219in\u0103 \u0219i a p\u0103zit poarta.\u201d<\/p>\n\n\n\n<p>Ramira se ridic\u0103 brusc din nou, cu panica \u00eenv\u0103luit\u0103 \u00een fa\u021ba ei.<\/p>\n\n\n\n<p>\u201eVrea s\u0103 m\u0103 asigure c\u0103 mor\u201d, a strigat ea. \u201eVrea ca adev\u0103rul s\u0103 fie \u00eengropat pentru totdeauna!\u201d<\/p>\n\n\n\n<p>G\u0103rzile s-au uitat spre M\u00e9ndez pentru instruc\u021biuni.<\/p>\n\n\n\n<p>Colonelul a r\u0103mas t\u0103cut c\u00e2teva secunde, cu ochii a\u021binti\u021bi asupra feti\u021bei care st\u0103tea l\u00e2ng\u0103 mas\u0103.<\/p>\n\n\n\n<p><\/p>\n\n\n\n<p>Dup\u0103 treizeci de ani petrecu\u021bi \u00een administra\u021bia penitenciarelor, \u00eenv\u0103\u021base un lucru mai presus de toate celelalte.<\/p>\n\n\n\n<p>Copiii rareori min\u021beau \u00een leg\u0103tur\u0103 cu frica.<\/p>\n\n\n\n<p>\u0218i Salom\u00e9 nu vorbea ca un copil care inventeaz\u0103 o poveste.<\/p>\n\n\n\n<p>Vorbea ca \u0219i cum cineva ar fi dezv\u0103luit \u00een sf\u00e2r\u0219it un secret care devenise prea greu de c\u0103rat singur\u0103.<\/p>\n\n\n\n<p>M\u00e9ndez s-a \u00eentors spre gardieni.<\/p>\n\n\n\n<p>\u201eAnula\u021bi ordinul de execu\u021bie\u201d, a spus el ferm.<\/p>\n\n\n\n<p>Sala a explodat de reac\u021bii.<\/p>\n\n\n\n<h2>O nou\u0103 er\u0103 a justi\u021biei<\/h2>\n\n\n\n<p>\u201eDomnule colonel, nu pute\u021bi face asta f\u0103r\u0103 autoriza\u021bie\u201d, a protestat imediat asistentul social.<\/p>\n\n\n\n<p>Dar M\u00e9ndez \u00ee\u0219i scosese deja telefonul.<\/p>\n\n\n\n<p>\u201eAtunci voi ob\u021bine autoriza\u021bia\u201d, a r\u0103spuns el rece.<\/p>\n\n\n\n<p>\u00cen c\u00e2teva minute, apelurile au \u00eenceput s\u0103 se r\u0103sp\u00e2ndeasc\u0103 prin administra\u021bia \u00eenchisorii, apoi prin biroul procurorului \u0219i, \u00een final, c\u0103tre judec\u0103torul care prezidase procesul ini\u021bial al Ramirei.<\/p>\n\n\n\n<p>\u00centre timp, Ramira o \u021binea str\u00e2ns pe Salom\u00e9, \u0219optindu-\u0219i scuze printre suspine pentru anii pe care fiica ei \u00eei petrecuse singur\u0103.<\/p>\n\n\n\n<p>Fata doar a \u00eembr\u0103\u021bi\u0219at-o \u00eenapoi \u00een t\u0103cere.<\/p>\n\n\n\n<p>Dou\u0103 ore mai t\u00e2rziu, o unitate de poli\u021bie era deja \u00een drum spre localizarea lui Mateo Fuentes.<\/p>\n\n\n\n<p>Cazul care p\u0103rea \u00eenchis pentru totdeauna a revenit brusc la via\u021b\u0103.<\/p>\n\n\n\n<p>\u0218i undeva \u00een cealalt\u0103 parte a ora\u0219ului, un b\u0103rbat care credea c\u0103 crima sa fusese perfect ascuns\u0103 era pe cale s\u0103 descopere c\u0103 cel mai mic martor tocmai \u00eei zdruncinase libertatea.<\/p>\n\n\n\n<p>\u00cenapoi \u00een camera de vizit\u0103 a \u00eenchisorii, colonelul M\u00e9ndez le-a privit pe mam\u0103 \u0219i fiic\u0103 \u021bin\u00e2ndu-se \u00een bra\u021be \u0219i a sim\u021bit ceva rar mi\u0219c\u00e2ndu-se \u00een interiorul s\u0103u.<\/p>\n\n\n\n<p>Pentru c\u0103 uneori adev\u0103rul nu ajungea prin intermediul avoca\u021bilor sau anchetatorilor.<\/p>\n\n\n\n<p>Uneori, sosea prin vocea lini\u0219tit\u0103 a unui copil care a decis \u00een sf\u00e2r\u0219it c\u0103 era timpul ca lumea s\u0103 aud\u0103 ceea ce v\u0103zuse ea.<\/p>\n\n\n\n<p>Vestea nu s-a r\u0103sp\u00e2ndit dintr-o dat\u0103.<\/p>\n\n\n\n<p>La \u00eenceput s-a mi\u0219cat \u00een lini\u0219te, ca o cr\u0103p\u0103tur\u0103 care se forma sub suprafa\u021ba a ceva crezut mult timp a fi de ne\u00eenvins.<\/p>\n\n\n\n<p>Un apel. Apoi \u00eenc\u0103 unul. Un dosar redeschis. Un nume \u0219optit \u00een birouri unde Ramira Fuentes nu fusese c\u00e2ndva dec\u00e2t un num\u0103r de dosar \u00eenchis.<\/p>\n\n\n\n<p>\u0218i apoi, spre diminea\u021b\u0103, totul a \u00eenceput s\u0103 se schimbe.<\/p>\n\n\n\n<p>Execu\u021bia a fost oprit\u0103 la ora 2:17 diminea\u021ba.<\/p>\n\n\n\n<p>Nicio ceremonie. Niciun anun\u021b public. Doar un singur ordin semnat, trimis prin sistemul penitenciar, \u0219tampilat cu urgen\u021b\u0103 \u0219i ne\u00eencredere.<\/p>\n\n\n\n<p>Ramira nu a dormit \u00een noaptea aceea.<\/p>\n\n\n\n<p>St\u0103tea pe marginea patului ei \u00eengust, cu m\u00e2inile \u00eenc\u0103 tremur\u00e2ndu-i, corpul prea cople\u0219it ca s\u0103 se mai odihneasc\u0103, mintea ei repet\u00e2nd fiecare cuv\u00e2nt rostit de Salom\u00e9.<\/p>\n\n\n\n<p>Unchiul meu, Mateo.<\/p>\n\n\n\n<p>Adev\u0103rul fusese mereu acolo.<\/p>\n\n\n\n<p>Respir\u00e2nd l\u00e2ng\u0103 ea.<\/p>\n\n\n\n<p>Cresc\u00e2nd f\u0103r\u0103 ea.<\/p>\n\n\n\n<p>Purt\u00e2nd o povar\u0103 care nu apar\u021binuse niciodat\u0103 unui copil.<\/p>\n\n\n\n<p>\u0218i acum, \u00een sf\u00e2r\u0219it \u2013 \u00een sf\u00e2r\u0219it \u2013 fusese rostit cu voce tare.<\/p>\n\n\n\n<h2>Finalul unei lupte<\/h2>\n\n\n\n<p>Trei zile mai t\u00e2rziu, a fost efectuat\u0103 arestarea.<\/p>\n\n\n\n<p>Mateo Fuentes nu a candidat.<\/p>\n\n\n\n<p>Acesta a fost primul lucru care i-a nelini\u0219tit pe ofi\u021beri.<\/p>\n\n\n\n<p>A deschis el \u00eensu\u0219i u\u0219a, \u00eembr\u0103cat \u00eengrijit, cu o expresie calm\u0103, \u00eentr-un fel care p\u0103rea mai degrab\u0103 exersat dec\u00e2t natural. Nu i-a \u00eentrebat de ce erau acolo.<\/p>\n\n\n\n<p>El \u0219tia deja.<\/p>\n\n\n\n<p>Pentru c\u0103 vinov\u0103\u021bia, atunci c\u00e2nd a fost \u00eengropat\u0103 suficient de mult timp, \u00eenva\u021b\u0103 s\u0103 recunoasc\u0103 sunetul propriilor pa\u0219i care se \u00eentorc.<\/p>\n\n\n\n<p>\u201eDomnule Mateo Fuentes\u201d, spuse ofi\u021berul \u0219ef cu o voce ferm\u0103, dar m\u0103surat\u0103, \u201esunte\u021bi re\u021binut \u00een leg\u0103tur\u0103 cu uciderea lui Javier Fuentes.\u201d<\/p>\n\n\n\n<p>Mateo a z\u00e2mbit slab.<\/p>\n\n\n\n<p>Nu negare.<\/p>\n\n\n\n<p>Doar un z\u00e2mbet lini\u0219tit, obosit.\u201e<\/p>\n\n\n\n<p><\/p>\n\n\n\n<p>Aceast\u0103 lucrare este inspirat\u0103 din evenimente \u0219i persoane reale, \u00eens\u0103 a fost fic\u021bionalizat\u0103 \u00een scopuri creative. Numele, personajele \u0219i detaliile au fost schimbate pentru a proteja intimitatea \u0219i pentru a \u00eembun\u0103t\u0103\u021bi nara\u021biunea. Orice asem\u0103nare cu persoane reale, \u00een via\u021b\u0103 sau decedate, sau cu evenimente reale este pur \u00eent\u00e2mpl\u0103toare \u0219i nu este inten\u021bionat\u0103 de c\u0103tre autor.<\/p>\n\n\n\n<p>Autorul \u0219i editorul nu \u00ee\u0219i asum\u0103 responsabilitatea pentru exactitatea evenimentelor sau pentru modul \u00een care sunt portretizate personajele \u0219i nu sunt r\u0103spunz\u0103tori pentru eventuale interpret\u0103ri gre\u0219ite. Aceast\u0103 poveste este oferit\u0103 \u201eca atare\u201d, iar orice opinii exprimate apar\u021bin personajelor \u0219i nu reflect\u0103 punctele de vedere ale autorului sau ale editorului.<\/p>\n","protected":false},"excerpt":{"rendered":"<p>\u00centr-o lume \u00een care adev\u0103rul este adesea \u00eengropat sub minciuni \u0219i ne\u00een\u021belegeri, povestea Ramirei \u0219i a fiicei sale, Salom\u00e9, ne arat\u0103 cum o simpl\u0103 m\u0103rturie<\/p>\n","protected":false},"author":1,"featured_media":49985,"comment_status":"closed","ping_status":"closed","sticky":false,"template":"","format":"standard","meta":[],"categories":[1],"tags":[],"_links":{"self":[{"href":"https:\/\/calatorinromania.com\/index.php?rest_route=\/wp\/v2\/posts\/50106"}],"collection":[{"href":"https:\/\/calatorinromania.com\/index.php?rest_route=\/wp\/v2\/posts"}],"about":[{"href":"https:\/\/calatorinromania.com\/index.php?rest_route=\/wp\/v2\/types\/post"}],"author":[{"embeddable":true,"href":"https:\/\/calatorinromania.com\/index.php?rest_route=\/wp\/v2\/users\/1"}],"replies":[{"embeddable":true,"href":"https:\/\/calatorinromania.com\/index.php?rest_route=%2Fwp%2Fv2%2Fcomments&post=50106"}],"version-history":[{"count":1,"href":"https:\/\/calatorinromania.com\/index.php?rest_route=\/wp\/v2\/posts\/50106\/revisions"}],"predecessor-version":[{"id":50107,"href":"https:\/\/calatorinromania.com\/index.php?rest_route=\/wp\/v2\/posts\/50106\/revisions\/50107"}],"wp:featuredmedia":[{"embeddable":true,"href":"https:\/\/calatorinromania.com\/index.php?rest_route=\/wp\/v2\/media\/49985"}],"wp:attachment":[{"href":"https:\/\/calatorinromania.com\/index.php?rest_route=%2Fwp%2Fv2%2Fmedia&parent=50106"}],"wp:term":[{"taxonomy":"category","embeddable":true,"href":"https:\/\/calatorinromania.com\/index.php?rest_route=%2Fwp%2Fv2%2Fcategories&post=50106"},{"taxonomy":"post_tag","embeddable":true,"href":"https:\/\/calatorinromania.com\/index.php?rest_route=%2Fwp%2Fv2%2Ftags&post=50106"}],"curies":[{"name":"wp","href":"https:\/\/api.w.org\/{rel}","templated":true}]}}