{"id":50104,"date":"2026-09-01T08:04:57","date_gmt":"2026-09-01T08:04:57","guid":{"rendered":"https:\/\/calatorinromania.com\/?p=50104"},"modified":"2026-09-01T08:04:57","modified_gmt":"2026-09-01T08:04:57","slug":"daca-pana-la-anul-tot-cu-mana-goala-vii-pe-la-mine-sa-nu-ma-mai-cauti-mi-a-spus-tata-la-masa-de-duminica-eu-n-am-crescut-fata-ca-sa-moara-casa-goala","status":"publish","type":"post","link":"https:\/\/calatorinromania.com\/?p=50104","title":{"rendered":"\u201eDac\u0103 p\u00e2n\u0103 la anul tot cu m\u00e2na goal\u0103 vii pe la mine, s\u0103 nu m\u0103 mai cau\u021bi\u201d, mi-a spus tata la masa de duminic\u0103. \u201eEu n-am crescut fat\u0103 ca s\u0103 moar\u0103 casa goal\u0103.\u201d"},"content":{"rendered":"\n<p><\/p>\n\n\n\n<p><em>Partea a 2-a \u2013 Continuarea pove\u0219tii<\/em>\u00a0\u00a0Trei s\u0103pt\u0103m\u00e2ni.<\/p>\n\n\n\n<p>At\u00e2t a trecut f\u0103r\u0103 s\u0103 primesc niciun semn de la tata.<\/p>\n\n\n\n<p><\/p>\n\n\n\n<p>Nu m\u0103 suna.<\/p>\n\n\n\n<p><\/p>\n\n\n\n<p>Nu-mi scria.<\/p>\n\n\n\n<p><\/p>\n\n\n\n<p>Nu r\u0103spundea nici m\u0103car cu acel \u201ebine\u201d sec pe care \u00eel trimitea de obicei c\u00e2nd era sup\u0103rat.<\/p>\n\n\n\n<p><\/p>\n\n\n\n<p>La \u00eenceput mi-am spus c\u0103 asta \u00eemi dorisem.<\/p>\n\n\n\n<p><\/p>\n\n\n\n<p><\/p>\n\n\n\n<p>Lini\u0219te.<\/p>\n\n\n\n<p>S\u0103 nu-mi mai tresar\u0103 stomacul c\u00e2nd vedeam \u201eTata\u201d pe ecran.<\/p>\n\n\n\n<p><\/p>\n\n\n\n<p>S\u0103 nu mai aud \u00eentreb\u0103ri despre copii, despre v\u00e2rst\u0103, despre \u201ece zice lumea\u201d sau despre casa care, \u00een mintea lui, trebuia neap\u0103rat umplut\u0103 de nepo\u021bi.<\/p>\n\n\n\n<p>Dar lini\u0219tea nu sem\u0103na deloc cu libertatea pe care mi-o imaginasem.<\/p>\n\n\n\n<p>\u00cen fiecare sear\u0103 \u00eemi verificam telefonul.<\/p>\n\n\n\n<p>De c\u00e2teva ori am deschis conversa\u021bia cu el \u0219i am \u00eenceput s\u0103 scriu.<\/p>\n\n\n\n<p>\u201eTat\u0103, hai s\u0103 nu r\u0103m\u00e2nem a\u0219a\u2026\u201d<\/p>\n\n\n\n<p>Apoi \u0219tergeam.<\/p>\n\n\n\n<p>\u00centr-o sear\u0103, Radu m-a v\u0103zut.<\/p>\n\n\n\n<p>\u2014 Vrei s\u0103-l suni?<\/p>\n\n\n\n<p>\u2014 Da.<\/p>\n\n\n\n<p>\u2014 Atunci sun\u0103-l.<\/p>\n\n\n\n<p>M-am uitat surprins\u0103 la el.<\/p>\n\n\n\n<p>\u2014 Credeam c\u0103 o s\u0103-mi spui s\u0103 nu cedez.<\/p>\n\n\n\n<p>\u2014 S\u0103-l suni pentru c\u0103 \u00ee\u021bi este dor de el nu \u00eenseamn\u0103 s\u0103 cedezi.<\/p>\n\n\n\n<p>A f\u0103cut o pauz\u0103.<\/p>\n\n\n\n<p>\u2014 S\u0103-i promi\u021bi un copil doar ca s\u0103 te iubeasc\u0103 din nou ar \u00eensemna.<\/p>\n\n\n\n<p>Am l\u0103sat telefonul jos.<\/p>\n\n\n\n<p>Asta era diferen\u021ba pe care trebuia s-o \u00eenv\u0103\u021b.<\/p>\n\n\n\n<p>Puteam s\u0103-mi iubesc tat\u0103l f\u0103r\u0103 s\u0103-i dau dreptul s\u0103-mi conduc\u0103 via\u021ba.<\/p>\n\n\n\n<p>Primul semn a venit de la mama.<\/p>\n\n\n\n<p>M-a sunat \u00eentr-o miercuri sear\u0103.<\/p>\n\n\n\n<p>Dup\u0103 c\u00e2teva minute \u00een care mi-a povestit despre vecini, gr\u0103din\u0103 \u0219i pre\u021bul ro\u0219iilor, vocea i s-a schimbat.<\/p>\n\n\n\n<p>\u2014 Taic\u0103-tu a \u00eentrebat de tine.<\/p>\n\n\n\n<p>Am r\u0103mas t\u0103cut\u0103.<\/p>\n\n\n\n<p>\u2014 Ce a \u00eentrebat?<\/p>\n\n\n\n<p>\u2014 Dac\u0103 sunte\u021bi bine.<\/p>\n\n\n\n<p>At\u00e2t de pu\u021bin.<\/p>\n\n\n\n<p>\u0218i totu\u0219i, venind de la el, p\u0103rea enorm.<\/p>\n\n\n\n<p>\u2014 \u0218i ce i-ai spus?<\/p>\n\n\n\n<p>\u2014 C\u0103 sunte\u021bi bine.<\/p>\n\n\n\n<p>Mama a ezitat.<\/p>\n\n\n\n<p>\u2014 Ioana\u2026 s\u0103 \u0219tii c\u0103 mai cite\u0219te mesajul t\u0103u.<\/p>\n\n\n\n<p>\u2014 De unde \u0219tii?<\/p>\n\n\n\n<p>\u2014 L-am v\u0103zut.<\/p>\n\n\n\n<p>Am \u00eenchis ochii.<\/p>\n\n\n\n<p>\u2014 \u0218i ce spune?<\/p>\n\n\n\n<p>\u2014 Nimic.<\/p>\n\n\n\n<p>Am z\u00e2mbit amar.<\/p>\n\n\n\n<p>Asta era tata.<\/p>\n\n\n\n<p>C\u00e2nd nu \u0219tia cum s\u0103 repare ceva, se purta de parc\u0103 problema ar fi disp\u0103rut dac\u0103 nu vorbea despre ea.<\/p>\n\n\n\n<p>Dup\u0103 \u00eenc\u0103 o s\u0103pt\u0103m\u00e2n\u0103, \u00eentr-o sear\u0103, telefonul a sunat.<\/p>\n\n\n\n<p>\u201eTata\u201d.<\/p>\n\n\n\n<p>M-am uitat la ecran p\u00e2n\u0103 aproape s\u0103 se opreasc\u0103.<\/p>\n\n\n\n<p>Apoi am r\u0103spuns.<\/p>\n\n\n\n<p>\u2014 Da?<\/p>\n\n\n\n<p>\u2014 Ce faci?<\/p>\n\n\n\n<p>Vocea lui era exact cum o \u0219tiam.<\/p>\n\n\n\n<p>Nici cald\u0103.<\/p>\n\n\n\n<p>Nici rece.<\/p>\n\n\n\n<p>\u2014 Bine. Tu?<\/p>\n\n\n\n<p>\u2014 Pe aici.<\/p>\n\n\n\n<p>Pauz\u0103.<\/p>\n\n\n\n<p>Apoi:<\/p>\n\n\n\n<p>\u2014 Ai schimbat cauciucurile la ma\u0219in\u0103?<\/p>\n\n\n\n<p>Am sim\u021bit c\u0103 m\u0103 bufne\u0219te pl\u00e2nsul.<\/p>\n\n\n\n<p>Dup\u0103 toate lucrurile pe care ni le spuseser\u0103m, tata m\u0103 suna s\u0103 m\u0103 \u00eentrebe de cauciucuri.<\/p>\n\n\n\n<p>\u2014 Da.<\/p>\n\n\n\n<p>\u2014 Ce marc\u0103 ai pus?<\/p>\n\n\n\n<p>I-am spus.<\/p>\n\n\n\n<p>\u2014 Sunt bune, a morm\u0103it. S\u0103 verifici presiunea.<\/p>\n\n\n\n<p>\u2014 O verific.<\/p>\n\n\n\n<p>Alt\u0103 pauz\u0103.<\/p>\n\n\n\n<p>A\u0219teptam.<\/p>\n\n\n\n<p>Poate un \u201e\u00eemi pare r\u0103u\u201d.<\/p>\n\n\n\n<p>Poate un \u201eam exagerat\u201d.<\/p>\n\n\n\n<p>N-a venit.<\/p>\n\n\n\n<p>Dar nici \u00eentrebarea despre copii n-a venit.<\/p>\n\n\n\n<p>\u2014 Radu ce face?<\/p>\n\n\n\n<p>\u2014 Bine.<\/p>\n\n\n\n<p>\u2014 Munce\u0219te mult?<\/p>\n\n\n\n<p>\u2014 Ca de obicei.<\/p>\n\n\n\n<p>\u2014 Bine.<\/p>\n\n\n\n<p>\u0218i chiar \u00eenainte s\u0103 \u00eenchid\u0103, a spus:<\/p>\n\n\n\n<p>\u2014 S\u0103 ave\u021bi grij\u0103 de voi.<\/p>\n\n\n\n<p>Am r\u0103mas c\u00e2teva secunde cu telefonul la ureche dup\u0103 ce convorbirea se terminase.<\/p>\n\n\n\n<p>Radu m-a privit.<\/p>\n\n\n\n<p>\u2014 Ce-a zis?<\/p>\n\n\n\n<p>Am r\u00e2s printre lacrimi.<\/p>\n\n\n\n<p>\u2014 S\u0103 verific presiunea \u00een cauciucuri.<\/p>\n\n\n\n<p>Radu a z\u00e2mbit.<\/p>\n\n\n\n<p>\u2014 Declara\u021bie de dragoste marca Vasile.<\/p>\n\n\n\n<p>Peste dou\u0103 s\u0103pt\u0103m\u00e2ni, mama ne-a chemat la mas\u0103.<\/p>\n\n\n\n<p>\u2014 Veni\u021bi \u0219i voi duminic\u0103. Fac sarmale.<\/p>\n\n\n\n<p>Prima mea reac\u021bie a fost s\u0103 inventez o scuz\u0103.<\/p>\n\n\n\n<p>Apoi am \u00eentrebat:<\/p>\n\n\n\n<p>\u2014 Tata \u0219tie?<\/p>\n\n\n\n<p>\u2014 El mi-a spus s\u0103 v\u0103 chem.<\/p>\n\n\n\n<p>Duminic\u0103 am plecat spre Buz\u0103u.<\/p>\n\n\n\n<p>Cu c\u00e2t ne apropiam de casa p\u0103rin\u021bilor mei, cu at\u00e2t sim\u021beam nodul acela vechi \u00een stomac.<\/p>\n\n\n\n<p>Radu mi-a prins m\u00e2na.<\/p>\n\n\n\n<p>\u2014 Dac\u0103 \u00eencepe iar, plec\u0103m.<\/p>\n\n\n\n<p>\u2014 F\u0103r\u0103 scandal.<\/p>\n\n\n\n<p>\u2014 F\u0103r\u0103 scandal.<\/p>\n\n\n\n<p>Tata era \u00een curte c\u00e2nd am ajuns.<\/p>\n\n\n\n<p>Avea m\u00e2inile la spate \u0219i se uita la ni\u0219te ro\u0219ii pe care le legase de araci.<\/p>\n\n\n\n<p>C\u00e2nd m-a v\u0103zut, s-a oprit.<\/p>\n\n\n\n<p>\u0218i eu m-am oprit.<\/p>\n\n\n\n<p>Pentru c\u00e2teva secunde, niciunul dintre noi n-a \u0219tiut ce s\u0103 fac\u0103.<\/p>\n\n\n\n<p>Apoi tata s-a uitat atent la mine.<\/p>\n\n\n\n<p>\u2014 Ai sl\u0103bit.<\/p>\n\n\n\n<p>Aproape am r\u00e2s.<\/p>\n\n\n\n<p>\u2014 Bun\u0103 \u0219i \u021bie, tat\u0103.<\/p>\n\n\n\n<p>A dat din cap.<\/p>\n\n\n\n<p>\u2014 Hai \u00een cas\u0103. Se r\u0103cesc sarmalele.<\/p>\n\n\n\n<p>At\u00e2t.<\/p>\n\n\n\n<p>Nu m-a \u00eembr\u0103\u021bi\u0219at.<\/p>\n\n\n\n<p>Nu \u0219i-a cerut iertare.<\/p>\n\n\n\n<p>Dar nici nu m-a \u00eentrebat c\u00e2nd \u00eei fac nepot.<\/p>\n\n\n\n<p>La mas\u0103 am vorbit despre lucruri mici.<\/p>\n\n\n\n<p>Despre serviciul meu.<\/p>\n\n\n\n<p>Despre o problem\u0103 la ma\u0219ina lui Radu.<\/p>\n\n\n\n<p>Despre vecinul care \u00ee\u0219i ridicase un gard prea \u00eenalt.<\/p>\n\n\n\n<p>Despre ro\u0219ii.<\/p>\n\n\n\n<p>Mama ne privea c\u00e2nd pe mine, c\u00e2nd pe tata, de parc\u0103 se temea c\u0103 o singur\u0103 propozi\u021bie gre\u0219it\u0103 ar putea arunca din nou totul \u00een aer.<\/p>\n\n\n\n<p>Dar propozi\u021bia aceea n-a venit.<\/p>\n\n\n\n<p>Dup\u0103 mas\u0103, c\u00e2nd Radu o ajuta pe mama s\u0103 str\u00e2ng\u0103 farfuriile, am ie\u0219it \u00een curte.<\/p>\n\n\n\n<p>Tata era l\u00e2ng\u0103 poart\u0103.<\/p>\n\n\n\n<p>M-am dus l\u00e2ng\u0103 el.<\/p>\n\n\n\n<p>\u2014 Tat\u0103\u2026<\/p>\n\n\n\n<p>\u2014 Da?<\/p>\n\n\n\n<p>\u2014 Mesajul pe care \u021bi l-am trimis\u2026<\/p>\n\n\n\n<p>A oftat.<\/p>\n\n\n\n<p>\u2014 L-am citit.<\/p>\n\n\n\n<p>\u2014 \u0218tiu.<\/p>\n\n\n\n<p>A t\u0103cut.<\/p>\n\n\n\n<p>\u2014 N-am vrut s\u0103 te r\u0103nesc, am spus. Dar nici nu mai puteam continua a\u0219a.<\/p>\n\n\n\n<p>Tata s-a uitat spre gr\u0103din\u0103.<\/p>\n\n\n\n<p>\u2014 Eu am crezut c\u0103 fac ce trebuie.<\/p>\n\n\n\n<p>\u2014 Pentru cine?<\/p>\n\n\n\n<p>\u00centrebarea l-a f\u0103cut s\u0103 se uite la mine.<\/p>\n\n\n\n<p>\u2014 Pentru tine.<\/p>\n\n\n\n<p>\u2014 Dar eu \u00ee\u021bi spuneam c\u0103 m\u0103 r\u0103ne\u0219te.<\/p>\n\n\n\n<p>N-a r\u0103spuns imediat.<\/p>\n\n\n\n<p>\u2014 Pe vremea noastr\u0103 lucrurile erau altfel.<\/p>\n\n\n\n<p>\u2014 \u0218tiu.<\/p>\n\n\n\n<p>\u2014 Te c\u0103s\u0103toreai, f\u0103ceai copii\u2026<\/p>\n\n\n\n<p>\u2014 \u0218tiu.<\/p>\n\n\n\n<p>\u2014 A\u0219a am crescut.<\/p>\n\n\n\n<p>Am dat din cap.<\/p>\n\n\n\n<p>\u2014 Dar eu nu sunt obligat\u0103 s\u0103 tr\u0103iesc aceea\u0219i via\u021b\u0103 doar pentru c\u0103 tu ai tr\u0103it-o.<\/p>\n\n\n\n<p>Tata \u0219i-a frecat palma de b\u0103rbie.<\/p>\n\n\n\n<p>\u2014 Nu \u00een\u021beleg toate lucrurile astea, Ioana.<\/p>\n\n\n\n<p>Era probabil cea mai sincer\u0103 propozi\u021bie pe care mi-o spusese \u00een ultimele luni.<\/p>\n\n\n\n<p>\u2014 Nu trebuie s\u0103 le \u00een\u021belegi pe toate.<\/p>\n\n\n\n<p>\u2014 Atunci ce trebuie?<\/p>\n\n\n\n<p>\u2014 S\u0103 accep\u021bi c\u0103 sunt alegerile mele.<\/p>\n\n\n\n<p>A r\u0103mas t\u0103cut.<\/p>\n\n\n\n<p>Nu mi-a spus c\u0103 am dreptate.<\/p>\n\n\n\n<p>Tata nu era omul care s\u0103 se transforme \u00eentr-o dup\u0103-amiaz\u0103.<\/p>\n\n\n\n<p>Dar nici nu s-a certat cu mine.<\/p>\n\n\n\n<p>Dup\u0103 c\u00e2teva clipe a \u00eentrebat:<\/p>\n\n\n\n<p>\u2014 E\u0219ti bine cu Radu?<\/p>\n\n\n\n<p>\u2014 Da.<\/p>\n\n\n\n<p>\u2014 Te respect\u0103?<\/p>\n\n\n\n<p>\u2014 Da.<\/p>\n\n\n\n<p>\u2014 E\u0219ti fericit\u0103?<\/p>\n\n\n\n<p>Am z\u00e2mbit.<\/p>\n\n\n\n<p>\u2014 Da.<\/p>\n\n\n\n<p>Tata a dat \u00eencet din cap.<\/p>\n\n\n\n<p>\u2014 Atunci\u2026<\/p>\n\n\n\n<p>S-a oprit.<\/p>\n\n\n\n<p>\u2014 Atunci ce?<\/p>\n\n\n\n<p>\u2014 Atunci m\u0103car at\u00e2t am f\u0103cut bine.<\/p>\n\n\n\n<p>M-au usturat ochii.<\/p>\n\n\n\n<p>Am \u00een\u021beles ce voia s\u0103 spun\u0103.<\/p>\n\n\n\n<p>M\u0103 crescuse suficient de \u00eenc\u0103p\u0103\u021b\u00e2nat\u0103 \u00eenc\u00e2t, \u00eentr-o zi, s\u0103 am curajul s\u0103 m\u0103 \u00eempotrivesc chiar lui.<\/p>\n\n\n\n<p>C\u00e2nd ne-am preg\u0103tit s\u0103 plec\u0103m, mama m-a \u00eembr\u0103\u021bi\u0219at.<\/p>\n\n\n\n<p>Radu a dus o saco\u0219\u0103 cu legume la ma\u0219in\u0103.<\/p>\n\n\n\n<p>Tata a r\u0103mas \u00een poart\u0103.<\/p>\n\n\n\n<p>Am deschis portiera.<\/p>\n\n\n\n<p>\u2014 Ioana.<\/p>\n\n\n\n<p>M-am \u00eentors.<\/p>\n\n\n\n<p>\u2014 Da?<\/p>\n\n\n\n<p>S-a uitat spre mine, apoi spre Radu.<\/p>\n\n\n\n<p>\u2014 S\u0103 mai veni\u021bi pe la noi.<\/p>\n\n\n\n<p>Am a\u0219teptat.<\/p>\n\n\n\n<p>\u2014 Voi doi.<\/p>\n\n\n\n<p>N-a fost o cerere de iertare.<\/p>\n\n\n\n<p>N-a \u0219ters cuvintele pe care mi le spusese.<\/p>\n\n\n\n<p>\u0218i nici nu \u00eensemna c\u0103 tata \u00een\u021belesese dintr-odat\u0103 toate alegerile mele.<\/p>\n\n\n\n<p>Dar pentru prima dat\u0103 nu vorbea despre familia pe care credea c\u0103 ar trebui s-o am.<\/p>\n\n\n\n<p>Vorbea despre familia pe care o aveam deja.<\/p>\n\n\n\n<p>Eu \u0219i Radu.<\/p>\n\n\n\n<p>\u2014 Venim, tat\u0103.<\/p>\n\n\n\n<p>\u00cen lunile care au urmat, rela\u021bia noastr\u0103 nu a devenit perfect\u0103.<\/p>\n\n\n\n<p>Uneori \u00eenc\u0103 sim\u021beam c\u0103 tata voia s\u0103 spun\u0103 ceva \u0219i se oprea.<\/p>\n\n\n\n<p>Uneori mama \u00eemi m\u0103rturisea c\u0103 \u00eel mai auzea vorbind despre nepo\u021bi.<\/p>\n\n\n\n<p>Dar nu m-a mai \u00eentrebat.<\/p>\n\n\n\n<p>Nu m-a mai amenin\u021bat.<\/p>\n\n\n\n<p>\u0218i nu mi-a mai spus c\u0103 via\u021ba mea trebuie s\u0103 arate \u00eentr-un anumit fel pentru ca eu s\u0103 r\u0103m\u00e2n fiica lui.<\/p>\n\n\n\n<p>Poate \u00eentr-o zi eu \u0219i Radu vom avea un copil.<\/p>\n\n\n\n<p>Poate nu.<\/p>\n\n\n\n<p>Nu \u0219tiu.<\/p>\n\n\n\n<p>Dar dac\u0103 se va \u00eent\u00e2mpla vreodat\u0103, acel copil nu va veni pe lume pentru a umple casa tat\u0103lui meu, pentru a continua un nume sau pentru a opri \u00eentreb\u0103rile oamenilor.<\/p>\n\n\n\n<p>Va veni pentru c\u0103 noi l-am dorit.<\/p>\n\n\n\n<p>Iar dac\u0103 nu va veni niciodat\u0103, via\u021ba noastr\u0103 nu va fi mai pu\u021bin \u00eentreag\u0103.<\/p>\n\n\n\n<p>Mi-a luat 34 de ani s\u0103 \u00een\u021beleg ceva ce ar fi trebuit s\u0103 \u0219tiu mult mai devreme:<\/p>\n\n\n\n<p>Po\u021bi s\u0103-\u021bi iube\u0219ti p\u0103rin\u021bii f\u0103r\u0103 s\u0103 le tr\u0103ie\u0219ti via\u021ba pe care au ales-o ei pentru tine.<\/p>\n\n\n\n<p>\u0218i uneori cea mai grea limit\u0103 nu este cea pe care o pui unui str\u0103in.<\/p>\n\n\n\n<p>Este cea pe care ai curajul s\u0103 i-o pui omului pe care \u00eenc\u0103 \u00eel nume\u0219ti \u201etat\u0103\u201d.<\/p>\n","protected":false},"excerpt":{"rendered":"<p>Partea a 2-a \u2013 Continuarea pove\u0219tii\u00a0\u00a0Trei s\u0103pt\u0103m\u00e2ni. At\u00e2t a trecut f\u0103r\u0103 s\u0103 primesc niciun semn de la tata. Nu m\u0103 suna. Nu-mi scria. Nu r\u0103spundea<\/p>\n","protected":false},"author":1,"featured_media":49985,"comment_status":"closed","ping_status":"closed","sticky":false,"template":"","format":"standard","meta":[],"categories":[1],"tags":[],"_links":{"self":[{"href":"https:\/\/calatorinromania.com\/index.php?rest_route=\/wp\/v2\/posts\/50104"}],"collection":[{"href":"https:\/\/calatorinromania.com\/index.php?rest_route=\/wp\/v2\/posts"}],"about":[{"href":"https:\/\/calatorinromania.com\/index.php?rest_route=\/wp\/v2\/types\/post"}],"author":[{"embeddable":true,"href":"https:\/\/calatorinromania.com\/index.php?rest_route=\/wp\/v2\/users\/1"}],"replies":[{"embeddable":true,"href":"https:\/\/calatorinromania.com\/index.php?rest_route=%2Fwp%2Fv2%2Fcomments&post=50104"}],"version-history":[{"count":1,"href":"https:\/\/calatorinromania.com\/index.php?rest_route=\/wp\/v2\/posts\/50104\/revisions"}],"predecessor-version":[{"id":50105,"href":"https:\/\/calatorinromania.com\/index.php?rest_route=\/wp\/v2\/posts\/50104\/revisions\/50105"}],"wp:featuredmedia":[{"embeddable":true,"href":"https:\/\/calatorinromania.com\/index.php?rest_route=\/wp\/v2\/media\/49985"}],"wp:attachment":[{"href":"https:\/\/calatorinromania.com\/index.php?rest_route=%2Fwp%2Fv2%2Fmedia&parent=50104"}],"wp:term":[{"taxonomy":"category","embeddable":true,"href":"https:\/\/calatorinromania.com\/index.php?rest_route=%2Fwp%2Fv2%2Fcategories&post=50104"},{"taxonomy":"post_tag","embeddable":true,"href":"https:\/\/calatorinromania.com\/index.php?rest_route=%2Fwp%2Fv2%2Ftags&post=50104"}],"curies":[{"name":"wp","href":"https:\/\/api.w.org\/{rel}","templated":true}]}}