{"id":50100,"date":"2026-09-01T07:53:56","date_gmt":"2026-09-01T07:53:56","guid":{"rendered":"https:\/\/calatorinromania.com\/?p=50100"},"modified":"2026-09-01T07:53:57","modified_gmt":"2026-09-01T07:53:57","slug":"am-gasit-o-pe-batrana-mea-pisica-moarta-in-sertarul-inchis-din-bucatarie","status":"publish","type":"post","link":"https:\/\/calatorinromania.com\/?p=50100","title":{"rendered":"Am g\u0103sit-o pe b\u0103tr\u00e2na mea pisic\u0103 moart\u0103 \u00een sertarul \u00eenchis din buc\u0103t\u0103rie"},"content":{"rendered":"\n<p>\u00cen spatele prosopului pe care scria \u201eEldon\u201d era al treilea, cel mai mic. Pe el, cu litere albastre, Cora brodase un singur cuv\u00e2nt:<\/p>\n\n\n\n<p><\/p>\n\n\n\n<p><strong>\u201e\u00cempreun\u0103\u201d.<\/strong><\/p>\n\n\n\n<p>Am stat c\u00e2teva secunde f\u0103r\u0103 s\u0103 respir.<\/p>\n\n\n\n<p><\/p>\n\n\n\n<p>Apoi am \u00eenceput s\u0103 pl\u00e2ng. Nu tare. La v\u00e2rsta mea, pl\u00e2nsul nu mai vine cu zgomot. Doar \u00ee\u021bi curg lacrimile \u0219i nu mai ai energie s\u0103 le opre\u0219ti.<\/p>\n\n\n\n<p><\/p>\n\n\n\n<p>Am ridicat prosopul de l\u00e2ng\u0103 Clover \u0219i l-am str\u00e2ns \u00een m\u00e2ini.<\/p>\n\n\n\n<p><\/p>\n\n\n\n<p>\u2014 \u0218i tu ai g\u0103sit-o, nu-i a\u0219a? am \u0219optit. Ai g\u0103sit partea ei pe care eu n-am mai v\u0103zut-o.<\/p>\n\n\n\n<p><\/p>\n\n\n\n<p>Clover st\u0103tea nemi\u0219cat\u0103. Am m\u00e2ng\u00e2iat-o o ultim\u0103 dat\u0103 pe cap. Era rece, dar blana ei \u00eenc\u0103 era moale.<\/p>\n\n\n\n<p><\/p>\n\n\n\n<p>Pe la \u0219ase f\u0103r\u0103 un sfert am sunat medicul veterinar. Mi-a spus s\u0103 o duc la cabinet pentru confirmare, de\u0219i \u0219tiam deja. A murit b\u0103tr\u00e2n\u0103, probabil \u00een somn. Faptul c\u0103 a intrat \u00een sertar nu \u00eensemna c\u0103 suferea. Probabil c\u0103utase un loc cald \u0219i lini\u0219tit, exact cum f\u0103cea mereu.<\/p>\n\n\n\n<p><\/p>\n\n\n\n<p>Totu\u0219i, vinov\u0103\u021bia nu ascult\u0103 de logic\u0103.<\/p>\n\n\n\n<p><\/p>\n\n\n\n<p>Am scos sertarul complet \u0219i l-am cur\u0103\u021bat. \u00cen col\u021b am g\u0103sit c\u00e2teva fire de p\u0103r ro\u0219cat \u0219i un nasture vechi de la bluza Corei. Clover probabil \u00eel \u00eempinsese acolo cu ani \u00een urm\u0103.<\/p>\n\n\n\n<p><\/p>\n\n\n\n<p>Atunci mi-am dat seama de ceva.<\/p>\n\n\n\n<p><\/p>\n\n\n\n<p>Nu eu o pierdusem pe Clover \u00een sertarul acela.<\/p>\n\n\n\n<p><\/p>\n\n\n\n<p>Clover murise \u00een casa \u00een care se sim\u021bise \u00een siguran\u021b\u0103.<\/p>\n\n\n\n<p><\/p>\n\n\n\n<p>\u0218i poate c\u0103 asta era diferen\u021ba.<\/p>\n\n\n\n<p><\/p>\n\n\n\n<p>\u00cen dup\u0103-amiaza aceea, am \u00eengropat-o \u00een gr\u0103din\u0103, l\u00e2ng\u0103 tufa de lavand\u0103 pe care Cora o plantase \u00een primul nostru an acolo. Am pus deasupra o piatr\u0103 simpl\u0103.<\/p>\n\n\n\n<p><\/p>\n\n\n\n<p>Nu am scris \u201eClover\u201d.<\/p>\n\n\n\n<p><\/p>\n\n\n\n<p>Am scris:<\/p>\n\n\n\n<p><\/p>\n\n\n\n<p><strong>\u201e\u00cempreun\u0103.\u201d<\/strong><\/p>\n\n\n\n<p>Seara, casa era iar lini\u0219tit\u0103. Prea lini\u0219tit\u0103.<\/p>\n\n\n\n<p>Am intrat \u00een buc\u0103t\u0103rie \u0219i am v\u0103zut sertarul deschis.<\/p>\n\n\n\n<p>Pentru o clip\u0103, am avut senza\u021bia c\u0103 Clover o s\u0103 apar\u0103 din nou, o s\u0103 se uite la mine \u0219i o s\u0103 clipeasc\u0103 \u00eencet.<\/p>\n\n\n\n<p>Dar nu a venit.<\/p>\n\n\n\n<p>Am deschis dulapul \u0219i am scos prosopul cu numele meu. L-am a\u0219ezat pe mas\u0103. L\u00e2ng\u0103 el am pus prosopul cu \u201eCora\u201d \u0219i pe cel cu \u201e\u00cempreun\u0103\u201d.<\/p>\n\n\n\n<p>Trei buc\u0103\u021bi de p\u00e2nz\u0103.<\/p>\n\n\n\n<p>Trei cuvinte.<\/p>\n\n\n\n<p>O via\u021b\u0103 \u00eentreag\u0103.<\/p>\n\n\n\n<p>\u00cen noaptea aceea n-am mai \u00eenchis sertarul.<\/p>\n\n\n\n<p>L-am l\u0103sat deschis, exact cum \u00eel g\u0103sisem diminea\u021ba.<\/p>\n\n\n\n<p>\u0218i, pentru prima dat\u0103 dup\u0103 mult timp, nu mi s-a mai p\u0103rut c\u0103 locuiesc singur.<\/p>\n\n\n\n<p>Mi s-a p\u0103rut c\u0103, \u00eentr-un fel pe care nu-l pot explica, casa \u00ee\u0219i amintea de noi.<\/p>\n\n\n\n<p>De Cora.<\/p>\n\n\n\n<p>De Clover.<\/p>\n\n\n\n<p>\u0218i de mine.<\/p>\n\n\n\n<p>A doua zi am sunat-o pe fiica mea, dup\u0103 aproape trei luni \u00een care vorbisem doar c\u00e2teva minute.<\/p>\n\n\n\n<p>C\u00e2nd mi-a r\u0103spuns, am spus simplu:<\/p>\n\n\n\n<p>\u2014 Dac\u0103 e\u0219ti liber\u0103 duminic\u0103, vino s\u0103 bem o cafea.<\/p>\n\n\n\n<p>A f\u0103cut o pauz\u0103.<\/p>\n\n\n\n<p>\u2014 Tat\u0103\u2026 sigur.<\/p>\n\n\n\n<p>Am z\u00e2mbit.<\/p>\n\n\n\n<p>Am pus dou\u0103 c\u0103ni pe mas\u0103.<\/p>\n\n\n\n<p>Nu pentru c\u0103 uitasem c\u0103 eram singur.<\/p>\n\n\n\n<p>Ci pentru c\u0103, \u00een sf\u00e2r\u0219it, \u00eencepusem s\u0103 \u00een\u021beleg c\u0103 nu trebuia s\u0103 r\u0103m\u00e2n a\u0219a.<\/p>\n","protected":false},"excerpt":{"rendered":"<p>\u00cen spatele prosopului pe care scria \u201eEldon\u201d era al treilea, cel mai mic. Pe el, cu litere albastre, Cora brodase un singur cuv\u00e2nt: \u201e\u00cempreun\u0103\u201d. Am<\/p>\n","protected":false},"author":1,"featured_media":49985,"comment_status":"closed","ping_status":"closed","sticky":false,"template":"","format":"standard","meta":[],"categories":[1],"tags":[],"_links":{"self":[{"href":"https:\/\/calatorinromania.com\/index.php?rest_route=\/wp\/v2\/posts\/50100"}],"collection":[{"href":"https:\/\/calatorinromania.com\/index.php?rest_route=\/wp\/v2\/posts"}],"about":[{"href":"https:\/\/calatorinromania.com\/index.php?rest_route=\/wp\/v2\/types\/post"}],"author":[{"embeddable":true,"href":"https:\/\/calatorinromania.com\/index.php?rest_route=\/wp\/v2\/users\/1"}],"replies":[{"embeddable":true,"href":"https:\/\/calatorinromania.com\/index.php?rest_route=%2Fwp%2Fv2%2Fcomments&post=50100"}],"version-history":[{"count":1,"href":"https:\/\/calatorinromania.com\/index.php?rest_route=\/wp\/v2\/posts\/50100\/revisions"}],"predecessor-version":[{"id":50101,"href":"https:\/\/calatorinromania.com\/index.php?rest_route=\/wp\/v2\/posts\/50100\/revisions\/50101"}],"wp:featuredmedia":[{"embeddable":true,"href":"https:\/\/calatorinromania.com\/index.php?rest_route=\/wp\/v2\/media\/49985"}],"wp:attachment":[{"href":"https:\/\/calatorinromania.com\/index.php?rest_route=%2Fwp%2Fv2%2Fmedia&parent=50100"}],"wp:term":[{"taxonomy":"category","embeddable":true,"href":"https:\/\/calatorinromania.com\/index.php?rest_route=%2Fwp%2Fv2%2Fcategories&post=50100"},{"taxonomy":"post_tag","embeddable":true,"href":"https:\/\/calatorinromania.com\/index.php?rest_route=%2Fwp%2Fv2%2Ftags&post=50100"}],"curies":[{"name":"wp","href":"https:\/\/api.w.org\/{rel}","templated":true}]}}