{"id":50097,"date":"2026-09-01T07:42:37","date_gmt":"2026-09-01T07:42:37","guid":{"rendered":"https:\/\/calatorinromania.com\/?p=50097"},"modified":"2026-09-01T07:44:07","modified_gmt":"2026-09-01T07:44:07","slug":"continuarea-16","status":"publish","type":"post","link":"https:\/\/calatorinromania.com\/?p=50097","title":{"rendered":"CONTINUAREA:"},"content":{"rendered":"\n<p><strong>PARTEA A DOUA<\/strong><\/p>\n\n\n\n<p>\u00cen primele zece minute de zbor am \u00eencercat doar s\u0103-mi p\u0103strez calmul. Leo dormea lini\u0219tit la pieptul meu, dar eu nu-mi puteam desprinde privirea de la r\u00e2ndul 11.<\/p>\n\n\n\n<p><\/p>\n\n\n\n<p>Maya st\u0103tea dreapt\u0103 \u0219i nemi\u0219cat\u0103 l\u00e2ng\u0103 femeia care ne ocupase locul. \u00cei cuno\u0219team postura: \u00eencerca s\u0103 par\u0103 curajoas\u0103, de\u0219i se sim\u021bea profund incomod.<\/p>\n\n\n\n<p><\/p>\n\n\n\n<p>Str\u0103ina \u00ee\u0219i pusese din nou c\u0103\u0219tile \u0219i \u00ee\u0219i \u00eentinsese piciorul gol \u00een spa\u021biul pentru care eu pl\u0103tisem suplimentar. Se comporta de parc\u0103 fiica mea nici m\u0103car nu exista.<\/p>\n\n\n\n<p><\/p>\n\n\n\n<p>Apoi Maya s-a aplecat \u00eencet \u0219i a privit spre podea.<\/p>\n\n\n\n<p><\/p>\n\n\n\n<p>Pentru c\u00e2teva secunde a studiat obiectul ascuns sub piciorul femeii. Dup\u0103 aceea, s-a uitat atent la ea \u0219i \u0219i-a str\u00e2ns rucsacul la piept.<\/p>\n\n\n\n<p><\/p>\n\n\n\n<p>Expresia fiicei mele s-a schimbat brusc.<\/p>\n\n\n\n<p><\/p>\n\n\n\n<p><\/p>\n\n\n\n<p><strong>Nu mai p\u0103rea speriat\u0103. P\u0103rea c\u0103 tocmai \u00een\u021belesese ceva.<\/strong><\/p>\n\n\n\n<p>\u0218i-a desf\u0103cut centura, s-a ridicat \u00een picioare \u0219i a rostit o singur\u0103 propozi\u021bie.<\/p>\n\n\n\n<p><\/p>\n\n\n\n<p>\u00cen acel moment, toate conversa\u021biile din avion s-au oprit\u2026<\/p>\n\n\n\n<p><\/p>\n\n\n\n<p><strong>FINALUL POVE\u0218TII<\/strong><\/p>\n\n\n\n<p>Maya \u0219i-a desf\u0103cut centura, s-a ridicat \u0219i a spus cu voce clar\u0103:<\/p>\n\n\n\n<p>\u2014 Domnule, portofelul pe care \u00eel c\u0103uta\u021bi este sub piciorul acestei femei. V-am v\u0103zut fotografia \u00een\u0103untru.<\/p>\n\n\n\n<p>\u00cen cabin\u0103 s-a f\u0103cut lini\u0219te.<\/p>\n\n\n\n<p>B\u0103rbatul \u00een v\u00e2rst\u0103 de l\u00e2ng\u0103 mine s-a trezit brusc \u0219i \u0219i-a verificat buzunarele. Cu c\u00e2teva minute \u00eenainte crezuse c\u0103 \u00ee\u0219i pusese portofelul \u00een bagaj, dar acum nu-l mai g\u0103sea.<\/p>\n\n\n\n<p>\u00censo\u021bitoarea de bord s-a apropiat de r\u00e2ndul 11.<\/p>\n\n\n\n<p>\u2014 Doamn\u0103, v\u0103 rog s\u0103 ridica\u021bi piciorul.<\/p>\n\n\n\n<p>\u2014 Este ridicol! Nu am nimic acolo! a protestat femeia.<\/p>\n\n\n\n<p>Dar c\u00e2nd \u0219i-a retras piciorul, pe podea a ap\u0103rut un portofel maro. \u00censo\u021bitoarea l-a ridicat, iar \u00een interior se aflau actele \u0219i fotografia pasagerului de l\u00e2ng\u0103 mine.<\/p>\n\n\n\n<p>Femeia a p\u0103lit.<\/p>\n\n\n\n<p>\u2014 L-am g\u0103sit pe culoar. Voiam s\u0103-l \u00eenapoiez dup\u0103 aterizare.<\/p>\n\n\n\n<p>\u2014 Atunci de ce \u00eel ascundea\u021bi sub picior? a \u00eentrebat Maya.<\/p>\n\n\n\n<p>Nimeni nu a mai r\u00e2s.<\/p>\n\n\n\n<p>B\u0103rbatul \u0219i-a verificat portofelul \u0219i a observat c\u0103 lipseau mai multe bancnote. Acestea au fost g\u0103site c\u00e2teva clipe mai t\u00e2rziu \u00een buzunarul trenciului femeii.<\/p>\n\n\n\n<p>C\u00e2nd \u00eenso\u021bitoarea i-a cerut s\u0103 r\u0103m\u00e2n\u0103 calm\u0103, str\u0103ina a \u00eenceput s\u0103 \u021bipe, s\u0103 amenin\u021be echipajul \u0219i s\u0103 \u00eencerce s\u0103 smulg\u0103 portofelul. Situa\u021bia a devenit at\u00e2t de grav\u0103, \u00eenc\u00e2t pilotul a decis s\u0103 aterizeze pe cel mai apropiat aeroport.<\/p>\n\n\n\n<p>Dup\u0103 aterizare, femeia a fost preluat\u0103 de poli\u021bie. Verific\u0103rile au ar\u0103tat c\u0103 mai existau reclama\u021bii asem\u0103n\u0103toare pe numele ei.<\/p>\n\n\n\n<p>\u00cenainte s\u0103 fie cobor\u00e2t\u0103 din avion, m-a privit cu furie. Eu nu i-am spus nimic. Maya st\u0103tea l\u00e2ng\u0103 mine, \u021bin\u00e2ndu-m\u0103 de m\u00e2n\u0103.<\/p>\n\n\n\n<p>Compania aerian\u0103 \u0219i-a cerut scuze pentru felul \u00een care fusese gestionat\u0103 situa\u021bia. Ne-a restituit taxa pl\u0103tit\u0103, iar eu \u0219i Maya ne-am primit locurile al\u0103turate pentru restul c\u0103l\u0103toriei.<\/p>\n\n\n\n<p>B\u0103rbatul \u0219i-a recuperat to\u021bi banii, apoi s-a aplecat spre fiica mea.<\/p>\n\n\n\n<p>\u2014 De ce nu ai spus nimic mai devreme?<\/p>\n\n\n\n<p>Maya \u0219i-a str\u00e2ns rucsacul la piept.<\/p>\n\n\n\n<p>\u2014 Am vrut s\u0103 fiu sigur\u0103. Mama m-a \u00eenv\u0103\u021bat c\u0103 nu trebuie s\u0103 acuzi pe nimeni f\u0103r\u0103 dovezi.<\/p>\n\n\n\n<p>M-am uitat la ea \u0219i am sim\u021bit cum mi se umplu ochii de lacrimi.<\/p>\n\n\n\n<p>Eu crezusem c\u0103 trebuia s\u0103-mi protejez fiica de o lume nedreapt\u0103. \u00cen acea zi, \u00eens\u0103, ea fusese cea care avusese curajul s\u0103 spun\u0103 adev\u0103rul c\u00e2nd to\u021bi ceilal\u021bi preferaser\u0103 s\u0103 tac\u0103.<\/p>\n\n\n\n<p><strong>Femeia \u00eemi luase locul, dar Maya i-a ar\u0103tat \u00eentregului avion c\u0103 bunul-sim\u021b \u0219i adev\u0103rul nu pot fi ocupate cu for\u021ba.<\/strong><\/p>\n\n\n\n<p><\/p>\n\n\n\n<p><\/p>\n\n\n\n<p><\/p>\n\n\n\n<p><\/p>\n\n\n\n<p><\/p>\n\n\n\n<p><\/p>\n\n\n\n<p><\/p>\n\n\n\n<p><\/p>\n\n\n\n<p><\/p>\n\n\n\n<p><\/p>\n","protected":false},"excerpt":{"rendered":"<p>PARTEA A DOUA \u00cen primele zece minute de zbor am \u00eencercat doar s\u0103-mi p\u0103strez calmul. Leo dormea lini\u0219tit la pieptul meu, dar eu nu-mi puteam<\/p>\n","protected":false},"author":1,"featured_media":49985,"comment_status":"closed","ping_status":"closed","sticky":false,"template":"","format":"standard","meta":[],"categories":[1],"tags":[],"_links":{"self":[{"href":"https:\/\/calatorinromania.com\/index.php?rest_route=\/wp\/v2\/posts\/50097"}],"collection":[{"href":"https:\/\/calatorinromania.com\/index.php?rest_route=\/wp\/v2\/posts"}],"about":[{"href":"https:\/\/calatorinromania.com\/index.php?rest_route=\/wp\/v2\/types\/post"}],"author":[{"embeddable":true,"href":"https:\/\/calatorinromania.com\/index.php?rest_route=\/wp\/v2\/users\/1"}],"replies":[{"embeddable":true,"href":"https:\/\/calatorinromania.com\/index.php?rest_route=%2Fwp%2Fv2%2Fcomments&post=50097"}],"version-history":[{"count":2,"href":"https:\/\/calatorinromania.com\/index.php?rest_route=\/wp\/v2\/posts\/50097\/revisions"}],"predecessor-version":[{"id":50099,"href":"https:\/\/calatorinromania.com\/index.php?rest_route=\/wp\/v2\/posts\/50097\/revisions\/50099"}],"wp:featuredmedia":[{"embeddable":true,"href":"https:\/\/calatorinromania.com\/index.php?rest_route=\/wp\/v2\/media\/49985"}],"wp:attachment":[{"href":"https:\/\/calatorinromania.com\/index.php?rest_route=%2Fwp%2Fv2%2Fmedia&parent=50097"}],"wp:term":[{"taxonomy":"category","embeddable":true,"href":"https:\/\/calatorinromania.com\/index.php?rest_route=%2Fwp%2Fv2%2Fcategories&post=50097"},{"taxonomy":"post_tag","embeddable":true,"href":"https:\/\/calatorinromania.com\/index.php?rest_route=%2Fwp%2Fv2%2Ftags&post=50097"}],"curies":[{"name":"wp","href":"https:\/\/api.w.org\/{rel}","templated":true}]}}