{"id":50082,"date":"2026-09-01T05:43:30","date_gmt":"2026-09-01T05:43:30","guid":{"rendered":"https:\/\/calatorinromania.com\/?p=50082"},"modified":"2026-09-01T05:43:30","modified_gmt":"2026-09-01T05:43:30","slug":"mi-am-prins-sotul-si-vecina-avand-o-aventura-in-baie","status":"publish","type":"post","link":"https:\/\/calatorinromania.com\/?p=50082","title":{"rendered":"Mi-am prins so\u021bul \u0219i vecina av\u00e2nd o aventur\u0103 \u00een baie"},"content":{"rendered":"\n<p>Am deschis u\u0219a cu aceea\u0219i lini\u0219te cu care \u00eenchisesem baia.<\/p>\n\n\n\n<p><\/p>\n\n\n\n<p>Mihai st\u0103tea pe prag cu o trus\u0103 de scule \u00een m\u00e2n\u0103 \u0219i cu spr\u00e2ncenele ridicate, u\u0219or \u00eengrijorat.<\/p>\n\n\n\n<p><\/p>\n\n\n\n<p>\u2014 Unde e problema? a \u00eentrebat el.<\/p>\n\n\n\n<p><\/p>\n\n\n\n<p>\u2014 La baia mare, i-am spus. Cred c\u0103 s-a spart ceva serios.<\/p>\n\n\n\n<p><\/p>\n\n\n\n<p>N-am mai ad\u0103ugat nimic. Nici n-a fost nevoie.<\/p>\n\n\n\n<p><\/p>\n\n\n\n<p>C\u00e2nd am ajuns pe hol, zgomotele din spatele u\u0219ii \u00eencuiate erau imposibil de ignorat. Lovituri disperate, voci ridicate, panic\u0103. Mihai s-a oprit brusc.<\/p>\n\n\n\n<p><\/p>\n\n\n\n<p>\u2014 Ce se \u00eent\u00e2mpl\u0103 acolo? a \u00eentrebat, deja cu o nelini\u0219te ap\u0103s\u0103toare.<\/p>\n\n\n\n<p><\/p>\n\n\n\n<p>Am \u00eentins cheia f\u0103r\u0103 s\u0103-l privesc.<\/p>\n\n\n\n<p><\/p>\n\n\n\n<p>\u2014 Mai bine vezi singur.<\/p>\n\n\n\n<p><\/p>\n\n\n\n<p>A descuiat.<\/p>\n\n\n\n<p><\/p>\n\n\n\n<p>U\u0219a s-a deschis larg, iar apa rece, r\u0103mas\u0103 pe gresie, a curs spre hol. Dan \u0219i Elena s-au \u00eentors am\u00e2ndoi, albi la fa\u021b\u0103, cu ochii m\u0103ri\u021bi de spaim\u0103. Mihai a \u00een\u021bepenit. N-a \u021bipat. N-a lovit. N-a spus nimic timp de c\u00e2teva secunde care au p\u0103rut o ve\u0219nicie.<\/p>\n\n\n\n<p><\/p>\n\n\n\n<p>Apoi a l\u0103sat trusa jos.<\/p>\n\n\n\n<p><\/p>\n\n\n\n<p>\u2014 Ie\u0219i\u021bi, a spus calm. Am\u00e2ndoi.<\/p>\n\n\n\n<p><\/p>\n\n\n\n<p>Elena a \u00eenceput s\u0103 pl\u00e2ng\u0103 \u00een hohote. Dan b\u00e2lb\u00e2ia explica\u021bii f\u0103r\u0103 sens. Mihai nu le-a ascultat. S-a uitat la mine, pentru prima dat\u0103.<\/p>\n\n\n\n<p><\/p>\n\n\n\n<p>\u2014 \u0218tiai?<\/p>\n\n\n\n<p><\/p>\n\n\n\n<p>\u2014 De zece minute, i-am r\u0103spuns.<\/p>\n\n\n\n<p><\/p>\n\n\n\n<p>At\u00e2t.<\/p>\n\n\n\n<p><\/p>\n\n\n\n<p>\u00cen seara aceea, Mihai a plecat din casa mea f\u0103r\u0103 s\u0103 se mai uite \u00eenapoi. Elena a plecat dup\u0103 el, \u00eenf\u0103\u0219urat\u0103 \u00eentr-un prosop, umilit\u0103 p\u00e2n\u0103 la os. Dan a r\u0103mas. A \u00eencercat s\u0103 vorbeasc\u0103. S\u0103 explice. S\u0103 repare.<\/p>\n\n\n\n<p><\/p>\n\n\n\n<p>N-am vrut s\u0103 aud nimic.<\/p>\n\n\n\n<p>\u00cen aceea\u0219i noapte i-am spus s\u0103-\u0219i fac\u0103 bagajele. Nu scandal, nu \u021bipete. Doar adev\u0103r.<\/p>\n\n\n\n<p>\u00cen zilele care au urmat, cartierul a \u00eenceput s\u0103 murmure. Priviri pe la col\u021buri. Vecine care \u0219u\u0219oteau la magazin. Prieteni care \u00eentrebau \u201ece s-a \u00eent\u00e2mplat?\u201d. Eu mi-am v\u0103zut de treab\u0103.<\/p>\n\n\n\n<p>Am mers la notar. Am vorbit cu un avocat. Am scos toate actele. Casa era pe numele meu, cump\u0103rat\u0103 cu banii mei, cu ani \u00eenainte de c\u0103s\u0103torie. Conturile erau separate. N-a fost nevoie de lupte.<\/p>\n\n\n\n<p>Dan a realizat prea t\u00e2rziu c\u0103 respectul din cartier nu \u021bine loc de caracter.<\/p>\n\n\n\n<p>Dup\u0103 c\u00e2teva luni, am aflat c\u0103 Mihai a cerut divor\u021b. F\u0103r\u0103 ceart\u0103. F\u0103r\u0103 r\u0103zbun\u0103ri. Doar demnitate. Elena s-a mutat din cartier. Nimeni n-a mai pomenit de ea.<\/p>\n\n\n\n<p>\u00centr-o diminea\u021b\u0103, st\u00e2nd la cafea pe balcon, am sim\u021bit ceva ce nu mai sim\u021bisem de ani buni: lini\u0219te adev\u0103rat\u0103. Nu lini\u0219tea fals\u0103 a unei c\u0103snicii \u201ebune la exterior\u201d, ci lini\u0219tea \u00een care nu mai trebuie s\u0103 te min\u021bi.<\/p>\n\n\n\n<p>Am redecorat baia. Am schimbat tot: faian\u021ba, cada, oglinda. Nu din ur\u0103, ci din nevoie de \u00eenceput curat.<\/p>\n\n\n\n<p>Uneori, femeile cred c\u0103 trebuie s\u0103 \u021bipe ca s\u0103 fie puternice. Eu am \u00eenv\u0103\u021bat altceva.<\/p>\n\n\n\n<p>Puterea e atunci c\u00e2nd nu te cobori. C\u00e2nd la\u0219i adev\u0103rul s\u0103 vorbeasc\u0103 singur. C\u00e2nd \u00eenchizi o u\u0219\u0103 \u0219i deschizi alta, f\u0103r\u0103 s\u0103 te ui\u021bi \u00eenapoi.<\/p>\n\n\n\n<p>\u00cen acea s\u00e2mb\u0103t\u0103, n-am pierdut un so\u021b.<\/p>\n\n\n\n<p>Mi-am c\u00e2\u0219tigat via\u021ba \u00eenapoi.<\/p>\n\n\n\n<p><a href=\"https:\/\/www.pinterest.com\/pin\/create\/button\/?url=https%3A%2F%2Fbumzi.ro%2F%3Fp%3D14692&amp;description=Mi-am+prins+so%C8%9Bul+%C8%99i+vecina+av%C3%A2nd+o+aventur%C4%83+%C3%AEn+baie\" target=\"_blank\" rel=\"noreferrer noopener\"><\/a><\/p>\n\n\n\n<p><a href=\"https:\/\/www.facebook.com\/sharer\/sharer.php?u=https%3A%2F%2Fbumzi.ro%2F%3Fp%3D14692\" target=\"_blank\" rel=\"noreferrer noopener\"><\/a><\/p>\n\n\n\n<p><a href=\"https:\/\/twitter.com\/intent\/tweet?url=https%3A%2F%2Fbumzi.ro%2F%3Fp%3D14692&amp;text=Mi-am+prins+so%C8%9Bul+%C8%99i+vecina+av%C3%A2nd+o+aventur%C4%83+%C3%AEn+baie\" target=\"_blank\" rel=\"noreferrer noopener\"><\/a><\/p>\n\n\n\n<p><em>Aceast\u0103 lucrare este inspirat\u0103 din evenimente \u0219i persoane reale, \u00eens\u0103 a fost fic\u021bionalizat\u0103 \u00een scopuri creative. Numele, personajele \u0219i detaliile au fost schimbate pentru a proteja intimitatea \u0219i pentru a \u00eembun\u0103t\u0103\u021bi nara\u021biunea. Orice asem\u0103nare cu persoane reale, \u00een via\u021b\u0103 sau decedate, sau cu evenimente reale este pur \u00eent\u00e2mpl\u0103toare \u0219i nu este inten\u021bionat\u0103 de c\u0103tre autor.<\/em><\/p>\n\n\n\n<p><em>Autorul \u0219i editorul nu \u00ee\u0219i asum\u0103 responsabilitatea pentru exactitatea evenimentelor sau pentru modul \u00een care sunt portretizate personajele \u0219i nu sunt r\u0103spunz\u0103tori pentru eventuale interpret\u0103ri gre\u0219ite. Aceast\u0103 poveste este oferit\u0103 \u201eca atare\u201d, iar orice opinii exprimate apar\u021bin personajelor \u0219i nu reflect\u0103 punctele de vedere ale autorului sau ale editorului.<\/em><a href=\"https:\/\/bumzi.ro\/?p=14689\"><\/a><\/p>\n","protected":false},"excerpt":{"rendered":"<p>Am deschis u\u0219a cu aceea\u0219i lini\u0219te cu care \u00eenchisesem baia. Mihai st\u0103tea pe prag cu o trus\u0103 de scule \u00een m\u00e2n\u0103 \u0219i cu spr\u00e2ncenele ridicate,<\/p>\n","protected":false},"author":1,"featured_media":49985,"comment_status":"closed","ping_status":"closed","sticky":false,"template":"","format":"standard","meta":[],"categories":[1],"tags":[],"_links":{"self":[{"href":"https:\/\/calatorinromania.com\/index.php?rest_route=\/wp\/v2\/posts\/50082"}],"collection":[{"href":"https:\/\/calatorinromania.com\/index.php?rest_route=\/wp\/v2\/posts"}],"about":[{"href":"https:\/\/calatorinromania.com\/index.php?rest_route=\/wp\/v2\/types\/post"}],"author":[{"embeddable":true,"href":"https:\/\/calatorinromania.com\/index.php?rest_route=\/wp\/v2\/users\/1"}],"replies":[{"embeddable":true,"href":"https:\/\/calatorinromania.com\/index.php?rest_route=%2Fwp%2Fv2%2Fcomments&post=50082"}],"version-history":[{"count":1,"href":"https:\/\/calatorinromania.com\/index.php?rest_route=\/wp\/v2\/posts\/50082\/revisions"}],"predecessor-version":[{"id":50083,"href":"https:\/\/calatorinromania.com\/index.php?rest_route=\/wp\/v2\/posts\/50082\/revisions\/50083"}],"wp:featuredmedia":[{"embeddable":true,"href":"https:\/\/calatorinromania.com\/index.php?rest_route=\/wp\/v2\/media\/49985"}],"wp:attachment":[{"href":"https:\/\/calatorinromania.com\/index.php?rest_route=%2Fwp%2Fv2%2Fmedia&parent=50082"}],"wp:term":[{"taxonomy":"category","embeddable":true,"href":"https:\/\/calatorinromania.com\/index.php?rest_route=%2Fwp%2Fv2%2Fcategories&post=50082"},{"taxonomy":"post_tag","embeddable":true,"href":"https:\/\/calatorinromania.com\/index.php?rest_route=%2Fwp%2Fv2%2Ftags&post=50082"}],"curies":[{"name":"wp","href":"https:\/\/api.w.org\/{rel}","templated":true}]}}