{"id":50078,"date":"2026-09-01T05:37:09","date_gmt":"2026-09-01T05:37:09","guid":{"rendered":"https:\/\/calatorinromania.com\/?p=50078"},"modified":"2026-09-01T05:37:09","modified_gmt":"2026-09-01T05:37:09","slug":"fiul-meu-de-10-ani-s-a-intors-de-la-toaleta-avionului-si-mi-a-soptit","status":"publish","type":"post","link":"https:\/\/calatorinromania.com\/?p=50078","title":{"rendered":"FIUL MEU DE 10 ANI S-A \u00ceNTORS DE LA TOALETA AVIONULUI \u0218I MI-A \u0218OPTIT"},"content":{"rendered":"\n<p>\u2014&nbsp;<strong>Adrian!<\/strong><\/p>\n\n\n\n<p>B\u0103rbatul se \u00eentoarse.<\/p>\n\n\n\n<p>Femeia veni direct spre el \u0219i \u00eel \u00eembr\u0103\u021bi\u0219\u0103.<\/p>\n\n\n\n<p>Eu am \u00eencremenit.<\/p>\n\n\n\n<p>Mihai \u00eemi str\u00e2ngea m\u00e2na at\u00e2t de tare \u00eenc\u00e2t \u00eei sim\u021beam unghiile \u00een piele.<\/p>\n\n\n\n<p>\u2014 Mam\u0103\u2026 \u0219opti el.<\/p>\n\n\n\n<p>\u2014 \u0218tiu.<\/p>\n\n\n\n<p>Femeia avea aproximativ patruzeci de ani. \u00cel s\u0103rut\u0103 pe obraz \u0219i \u00eei lu\u0103 una dintre gen\u021bi.<\/p>\n\n\n\n<p>\u2014 Credeam c\u0103 ai pierdut zborul, Adrian.<\/p>\n\n\n\n<p>Atunci b\u0103rbatul ridic\u0103 privirea.<\/p>\n\n\n\n<p>\u0218i m\u0103 v\u0103zu.<\/p>\n\n\n\n<p>Totul se opri.<\/p>\n\n\n\n<p>Nu a fost expresia unui str\u0103in care se \u00eentreba de ce \u00eel prive\u0219te o femeie.<\/p>\n\n\n\n<p>A fost fric\u0103.<\/p>\n\n\n\n<p>Pur\u0103.<\/p>\n\n\n\n<p>Instantanee.<\/p>\n\n\n\n<p>Mihai \u00ee\u0219i desprinse m\u00e2na din a mea.<\/p>\n\n\n\n<p>\u2014 Tat\u0103!<\/p>\n\n\n\n<p>B\u0103rbatul \u00eenchise ochii.<\/p>\n\n\n\n<p>Doar o secund\u0103.<\/p>\n\n\n\n<p>Dar a fost suficient.<\/p>\n\n\n\n<p>Am sim\u021bit c\u0103 mi se taie picioarele.<\/p>\n\n\n\n<p>\u2014 Gabriel?<\/p>\n\n\n\n<p>Femeia de l\u00e2ng\u0103 el se uit\u0103 confuz\u0103.<\/p>\n\n\n\n<p>\u2014 Cine este Gabriel?<\/p>\n\n\n\n<p>El nu r\u0103spunse.<\/p>\n\n\n\n<p>Mihai f\u0103cu un pas \u00eenainte.<\/p>\n\n\n\n<p>\u2014 Tat\u0103, eu sunt.<\/p>\n\n\n\n<p>Atunci Gabriel se uit\u0103 la fiul nostru.<\/p>\n\n\n\n<p>Chipul i se schimb\u0103 complet.<\/p>\n\n\n\n<p>\u2014 Mihai\u2026<\/p>\n\n\n\n<p>Am sim\u021bit cum tot aerul \u00eemi p\u0103r\u0103se\u0219te pl\u0103m\u00e2nii.<\/p>\n\n\n\n<p>Femeia sc\u0103p\u0103 m\u00e2nerul gen\u021bii.<\/p>\n\n\n\n<p>\u2014 Adrian\u2026 cine sunt oamenii ace\u0219tia?<\/p>\n\n\n\n<p>M-am apropiat.<\/p>\n\n\n\n<p>\u2014 Sunt so\u021bia lui.<\/p>\n\n\n\n<p>\u2014 Ce?<\/p>\n\n\n\n<p>\u2014 Iar acesta este fiul lui.<\/p>\n\n\n\n<p>Gabriel \u00ee\u0219i trecu m\u00e2na peste fa\u021b\u0103.<\/p>\n\n\n\n<p>\u2014 Nu aici.<\/p>\n\n\n\n<p>Am r\u00e2s f\u0103r\u0103 urm\u0103 de veselie.<\/p>\n\n\n\n<p>\u2014 Ai avut aproape trei ani s\u0103 alegi locul.<\/p>\n\n\n\n<p><\/p>\n\n\n\n<p><\/p>\n\n\n\n<hr class=\"wp-block-separator has-alpha-channel-opacity\"\/>\n\n\n\n<p>Ne-am a\u0219ezat \u00eentr-o zon\u0103 mai retras\u0103 a aeroportului.<\/p>\n\n\n\n<p>Femeia se numea Elena.<\/p>\n\n\n\n<p>Era din Malaga.<\/p>\n\n\n\n<p>\u0218i ceea ce am descoperit \u00een urm\u0103toarele dou\u0103zeci de minute a distrus ultima speran\u021b\u0103 c\u0103 exista o explica\u021bie simpl\u0103.<\/p>\n\n\n\n<p>Elena \u00eel cuno\u0219tea drept Adrian Mure\u0219an.<\/p>\n\n\n\n<p>De aproape doi ani.<\/p>\n\n\n\n<p>Nu erau c\u0103s\u0103tori\u021bi.<\/p>\n\n\n\n<p>Dar locuiau \u00eempreun\u0103.<\/p>\n\n\n\n<p>\u2014 Mi-ai spus c\u0103 familia ta a murit, \u0219opti ea.<\/p>\n\n\n\n<p>Gabriel nu o putea privi.<\/p>\n\n\n\n<p>Eu sim\u021beam c\u0103 tremur.<\/p>\n\n\n\n<p>\u2014 Spune-mi ce s-a \u00eent\u00e2mplat acum trei ani.<\/p>\n\n\n\n<p>\u2014 Nu pot explica aici.<\/p>\n\n\n\n<p>\u2014 Ba da.<\/p>\n\n\n\n<p>\u2014 Lucrurile sunt complicate.<\/p>\n\n\n\n<p>\u2014 Barca ta a fost g\u0103sit\u0103 goal\u0103. Poli\u021bia te-a c\u0103utat. Eu am identificat lucrurile r\u0103mase \u00een ea. Fiul t\u0103u a a\u0219teptat trei ani s\u0103 intri pe u\u0219\u0103. Nu-mi spune c\u0103 este \u201ecomplicat\u201d.<\/p>\n\n\n\n<p>Mihai st\u0103tea l\u00e2ng\u0103 mine, complet t\u0103cut.<\/p>\n\n\n\n<p>Gabriel \u00eel privi.<\/p>\n\n\n\n<p>\u2014 \u00cemi pare r\u0103u.<\/p>\n\n\n\n<p>Fiul meu puse o \u00eentrebare care m\u0103 sf\u00e2\u0219ie.<\/p>\n\n\n\n<p>\u2014 Ai \u0219tiut c\u0103 sunt \u00een via\u021b\u0103?<\/p>\n\n\n\n<p>Gabriel \u00ee\u0219i cobor\u00ee capul.<\/p>\n\n\n\n<p>\u2014 Da.<\/p>\n\n\n\n<p>Mihai \u00eencepu s\u0103 pl\u00e2ng\u0103.<\/p>\n\n\n\n<p>Nu zgomotos.<\/p>\n\n\n\n<p>Doar \u00eei curgeau lacrimile.<\/p>\n\n\n\n<p>\u2014 Atunci de ce n-ai venit?<\/p>\n\n\n\n<p>Gabriel nu avu r\u0103spuns.<\/p>\n\n\n\n<p><\/p>\n\n\n\n<p><\/p>\n\n\n\n<hr class=\"wp-block-separator has-alpha-channel-opacity\"\/>\n\n\n\n<p>Adev\u0103rul a ie\u0219it \u00een buc\u0103\u021bi.<\/p>\n\n\n\n<p>Cu c\u00e2teva luni \u00eenainte s\u0103 dispar\u0103, Gabriel acumulase datorii uria\u0219e \u00eentr-o afacere despre care eu nu \u0219tiam nimic.<\/p>\n\n\n\n<p>Folosise bani \u00eemprumuta\u021bi.<\/p>\n\n\n\n<p>Garantase personal anumite sume.<\/p>\n\n\n\n<p>\u0218i \u00eencepuse s\u0103 ascund\u0103 pierderile.<\/p>\n\n\n\n<p>\u2014 C\u00e2t? am \u00eentrebat.<\/p>\n\n\n\n<p>\u2014 Aproape 900.000 de lei.<\/p>\n\n\n\n<p>Am r\u0103mas f\u0103r\u0103 cuvinte.<\/p>\n\n\n\n<p>\u00cen diminea\u021ba partidei de pescuit, nu plecase cu inten\u021bia clar\u0103 de a disp\u0103rea.<\/p>\n\n\n\n<p>Cel pu\u021bin asta sus\u021binea.<\/p>\n\n\n\n<p>Dar furtuna \u00eei oferise ocazia.<\/p>\n\n\n\n<p>Ajunsese la mal cu ajutorul unei alte ambarca\u021biuni dup\u0103 ce barca lui fusese avariat\u0103.<\/p>\n\n\n\n<p>\u00cen loc s\u0103 sune acas\u0103, intrase \u00een panic\u0103.<\/p>\n\n\n\n<p>\u0218tia c\u0103, odat\u0103 \u00eentors, creditorii, datoriile \u0219i minciunile aveau s\u0103 ias\u0103 la suprafa\u021b\u0103.<\/p>\n\n\n\n<p>A\u0219a c\u0103 f\u0103cuse ceva de neconceput.<\/p>\n\n\n\n<p>Plecase.<\/p>\n\n\n\n<p>\u00ce\u0219i l\u0103sase geaca.<\/p>\n\n\n\n<p>Telefonul.<\/p>\n\n\n\n<p>Via\u021ba.<\/p>\n\n\n\n<p>Pe noi.<\/p>\n\n\n\n<p>\u2014 Ne-ai l\u0103sat s\u0103 credem c\u0103 ai murit.<\/p>\n\n\n\n<p>\u2014 La \u00eenceput credeam c\u0103 m\u0103 \u00eentorc dup\u0103 c\u00e2teva zile.<\/p>\n\n\n\n<p>\u2014 \u0218i dup\u0103 o s\u0103pt\u0103m\u00e2n\u0103?<\/p>\n\n\n\n<p>T\u0103cere.<\/p>\n\n\n\n<p>\u2014 Dup\u0103 o lun\u0103?<\/p>\n\n\n\n<p>Nimic.<\/p>\n\n\n\n<p>\u2014 Dup\u0103 primul Cr\u0103ciun \u00een care Mihai a pus o farfurie pentru tine la mas\u0103?<\/p>\n\n\n\n<p>Gabriel \u00eencepu s\u0103 pl\u00e2ng\u0103.<\/p>\n\n\n\n<p>Dar nu-mi mai era mil\u0103.<\/p>\n\n\n\n<p>\u2014 Dup\u0103 al doilea?<\/p>\n\n\n\n<p>\u2014 Mi-a fost ru\u0219ine.<\/p>\n\n\n\n<p>\u2014 Ru\u0219inea nu este o explica\u021bie pentru trei ani.<\/p>\n\n\n\n<p><\/p>\n\n\n\n<p><\/p>\n\n\n\n<hr class=\"wp-block-separator has-alpha-channel-opacity\"\/>\n\n\n\n<p>Elena se ridic\u0103.<\/p>\n\n\n\n<p>\u2014 Eu plec.<\/p>\n\n\n\n<p>Gabriel \u00eentinse m\u00e2na spre ea.<\/p>\n\n\n\n<p>\u2014 Elena\u2026<\/p>\n\n\n\n<p>Ea se feri.<\/p>\n\n\n\n<p>\u2014 Nu m\u0103 atinge.<\/p>\n\n\n\n<p>\u2014 Las\u0103-m\u0103 s\u0103-\u021bi explic.<\/p>\n\n\n\n<p>\u2014 Mi-ai spus c\u0103 nu mai ai pe nimeni.<\/p>\n\n\n\n<p>Se uit\u0103 spre Mihai.<\/p>\n\n\n\n<p>\u2014 Ai un copil.<\/p>\n\n\n\n<p>Apoi spre mine.<\/p>\n\n\n\n<p>\u2014 Ai o so\u021bie.<\/p>\n\n\n\n<p>\u2014 Legal, situa\u021bia\u2026<\/p>\n\n\n\n<p>\u2014 Nu-mi vorbi despre legalitate.<\/p>\n\n\n\n<p>\u00ce\u0219i lu\u0103 geanta \u0219i plec\u0103.<\/p>\n\n\n\n<p>Gabriel r\u0103mase privind dup\u0103 ea.<\/p>\n\n\n\n<p>Pentru o secund\u0103 am v\u0103zut \u00een ochii lui durerea pierderii.<\/p>\n\n\n\n<p>\u0218i m-a revoltat.<\/p>\n\n\n\n<p>Pentru c\u0103 noi tr\u0103iser\u0103m cu aceea\u0219i durere trei ani.<\/p>\n\n\n\n<p>Doar c\u0103 el alesese s\u0103 ne-o provoace.<\/p>\n\n\n\n<p><\/p>\n\n\n\n<p><\/p>\n\n\n\n<hr class=\"wp-block-separator has-alpha-channel-opacity\"\/>\n\n\n\n<p>Nu am rezolvat nimic \u00een aeroport.<\/p>\n\n\n\n<p>Nici nu puteam.<\/p>\n\n\n\n<p>Am sunat autorit\u0103\u021bile \u0219i avocatul cu care lucrasem dup\u0103 dispari\u021bia lui.<\/p>\n\n\n\n<p>Situa\u021bia juridic\u0103 trebuia clarificat\u0103 oficial, inclusiv documentele \u00eentocmite dup\u0103 dispari\u021bie \u0219i implica\u021biile financiare ale faptului c\u0103 Gabriel fusese \u00een via\u021b\u0103 tot timpul.<\/p>\n\n\n\n<p>Nu l-am l\u0103sat pe Mihai singur cu el.<\/p>\n\n\n\n<p>Gabriel mi-a cerut num\u0103rul de telefon.<\/p>\n\n\n\n<p>I-am spus c\u0103 \u00eel avea deja.<\/p>\n\n\n\n<p>Nu se schimbase de \u0219ase ani.<\/p>\n\n\n\n<p>Asta l-a f\u0103cut s\u0103 tac\u0103.<\/p>\n\n\n\n<p><\/p>\n\n\n\n<p><\/p>\n\n\n\n<hr class=\"wp-block-separator has-alpha-channel-opacity\"\/>\n\n\n\n<p>\u00cen lunile urm\u0103toare, adev\u0103rul a devenit \u0219i mai ur\u00e2t.<\/p>\n\n\n\n<p>Unele dintre datoriile lui erau reale.<\/p>\n\n\n\n<p>Altele fuseser\u0103 exagerate c\u00e2nd \u00eencercase s\u0103-\u0219i justifice fuga.<\/p>\n\n\n\n<p>Nu existase nicio amenin\u021bare care s\u0103-l oblige s\u0103 dispar\u0103.<\/p>\n\n\n\n<p>Nicio pierdere de memorie.<\/p>\n\n\n\n<p>Nicio conspira\u021bie.<\/p>\n\n\n\n<p>Nimeni nu-l \u021binuse departe.<\/p>\n\n\n\n<p>Avusese alegeri.<\/p>\n\n\n\n<p>\u0218i, zi dup\u0103 zi, timp de aproape trei ani, alesese s\u0103 nu se \u00eentoarc\u0103.<\/p>\n\n\n\n<p>Cu Mihai am \u00eenceput terapie.<\/p>\n\n\n\n<p>Pentru c\u0103 apari\u021bia tat\u0103lui s\u0103u nu reparase trauma dispari\u021biei.<\/p>\n\n\n\n<p>\u00centr-un fel, o f\u0103cuse mai grea.<\/p>\n\n\n\n<p>C\u00e2nd crezi c\u0103 cineva a murit, po\u021bi \u00eencerca s\u0103 \u00eenve\u021bi s\u0103 tr\u0103ie\u0219ti cu pierderea.<\/p>\n\n\n\n<p>Dar cum explici unui copil c\u0103 tat\u0103l lui fusese \u00een via\u021b\u0103 \u0219i alesese s\u0103 nu-l sune?<\/p>\n\n\n\n<p><\/p>\n\n\n\n<p><\/p>\n\n\n\n<hr class=\"wp-block-separator has-alpha-channel-opacity\"\/>\n\n\n\n<p>Gabriel a \u00eenceput s\u0103-i scrie scrisori.<\/p>\n\n\n\n<p>La \u00eenceput, Mihai nu le deschidea.<\/p>\n\n\n\n<p>Le \u021bineam \u00eentr-un sertar.<\/p>\n\n\n\n<p>Dup\u0103 c\u00e2teva luni, a citit una.<\/p>\n\n\n\n<p>Apoi \u00eenc\u0103 una.<\/p>\n\n\n\n<p>Nu l-am \u00eempins nici spre iertare, nici spre respingere.<\/p>\n\n\n\n<p>Era rela\u021bia lui cu tat\u0103l lui.<\/p>\n\n\n\n<p>Nu a mea.<\/p>\n\n\n\n<p>Prima lor \u00eent\u00e2lnire adev\u0103rat\u0103 a avut loc aproape opt luni dup\u0103 zbor.<\/p>\n\n\n\n<p>\u00centr-un parc.<\/p>\n\n\n\n<p>Eu am stat la distan\u021b\u0103.<\/p>\n\n\n\n<p>Gabriel p\u0103rea \u00eemb\u0103tr\u00e2nit.<\/p>\n\n\n\n<p>Mihai, \u00een schimb, p\u0103rea mai mare dec\u00e2t cei zece ani ai lui.<\/p>\n\n\n\n<p>Au vorbit aproape o or\u0103.<\/p>\n\n\n\n<p>\u00cen ma\u0219in\u0103, la \u00eentoarcere, l-am \u00eentrebat:<\/p>\n\n\n\n<p>\u2014 E\u0219ti bine?<\/p>\n\n\n\n<p>S-a uitat pe geam.<\/p>\n\n\n\n<p>\u2014 Cred c\u0103 da.<\/p>\n\n\n\n<p>Dup\u0103 c\u00e2teva minute, a ad\u0103ugat:<\/p>\n\n\n\n<p>\u2014 Mam\u0103?<\/p>\n\n\n\n<p>\u2014 Da?<\/p>\n\n\n\n<p>\u2014 Tata a spus c\u0103 \u00eei pare r\u0103u.<\/p>\n\n\n\n<p>\u2014 \u0218tiu.<\/p>\n\n\n\n<p>\u2014 Dar dac\u0103 \u00ee\u021bi pare r\u0103u nu \u00eenseamn\u0103 c\u0103 se repar\u0103, nu?<\/p>\n\n\n\n<p>Am str\u00e2ns volanul.<\/p>\n\n\n\n<p>\u2014 Nu. Uneori \u00eenseamn\u0103 doar c\u0103 \u00eencepi s\u0103 \u00een\u021belegi ce ai stricat.<\/p>\n\n\n\n<p>Mihai d\u0103du din cap.<\/p>\n\n\n\n<p><\/p>\n\n\n\n<p><\/p>\n\n\n\n<hr class=\"wp-block-separator has-alpha-channel-opacity\"\/>\n\n\n\n<p>La aproape un an dup\u0103 ziua aceea, am zburat din nou.<\/p>\n\n\n\n<p>Doar eu \u0219i Mihai.<\/p>\n\n\n\n<p>De data aceasta spre Roma.<\/p>\n\n\n\n<p>C\u00e2nd s-a \u00eentors de la toaleta avionului, s-a oprit l\u00e2ng\u0103 scaunul meu.<\/p>\n\n\n\n<p>Pentru o frac\u021biune de secund\u0103, inima mi-a s\u0103rit din piept.<\/p>\n\n\n\n<p>Apoi a z\u00e2mbit.<\/p>\n\n\n\n<p>\u2014 Mam\u0103, pot s\u0103-mi iau ceva de b\u0103ut?<\/p>\n\n\n\n<p>Am \u00eenceput s\u0103 r\u00e2d.<\/p>\n\n\n\n<p>\u2014 Sigur.<\/p>\n\n\n\n<p>S-a a\u0219ezat l\u00e2ng\u0103 mine \u0219i \u0219i-a sprijinit capul pe um\u0103rul meu.<\/p>\n\n\n\n<p>Sub noi erau norii.<\/p>\n\n\n\n<p>Aceia\u0219i nori care, cu un an \u00eenainte, p\u0103ruser\u0103 s\u0103 ascund\u0103 un om \u00eentors dintre mor\u021bi.<\/p>\n\n\n\n<p>Gabriel nu fusese mort.<\/p>\n\n\n\n<p>Dar nici b\u0103rbatul pe care \u00eel a\u0219teptasem trei ani nu mai exista.<\/p>\n\n\n\n<p>Poate c\u0103 nu existase niciodat\u0103 exact a\u0219a cum \u00eel v\u0103zusem eu.<\/p>\n\n\n\n<p>\u00cen avionul acela, Mihai m-a \u00eentrebat:<\/p>\n\n\n\n<p>\u2014 Crezi c\u0103 o s\u0103-l iert vreodat\u0103?<\/p>\n\n\n\n<p>M-am g\u00e2ndit \u00eenainte s\u0103 r\u0103spund.<\/p>\n\n\n\n<p>\u2014 Poate. Dar iertarea \u0219i \u00eencrederea sunt dou\u0103 lucruri diferite.<\/p>\n\n\n\n<p>A r\u0103mas t\u0103cut.<\/p>\n\n\n\n<p>Apoi mi-a luat m\u00e2na.<\/p>\n\n\n\n<p>\u0218i atunci am \u00een\u021beles c\u0103, \u00een ziua \u00een care fiul meu \u00ee\u0219i recunoscuse tat\u0103l \u00eentr-un avion, nu ni se \u00eentorsese via\u021ba pe care o pierduser\u0103m.<\/p>\n\n\n\n<p>Primiser\u0103m doar adev\u0103rul.<\/p>\n\n\n\n<p>Iar uneori adev\u0103rul nu aduce \u00eenapoi ceea ce ai pierdut.<\/p>\n\n\n\n<p><strong>Doar \u00ee\u021bi permite, \u00een sf\u00e2r\u0219it, s\u0103 nu mai a\u0219tep\u021bi la u\u0219\u0103.<\/strong><\/p>\n\n\n\n<p><a href=\"https:\/\/www.pinterest.com\/pin\/create\/button\/?url=https%3A%2F%2Fbumzi.ro%2F%3Fp%3D28477&amp;description=FIUL+MEU+DE+10+ANI+S-A+%C3%8ENTORS+DE+LA+TOALETA+AVIONULUI+%C8%98I+MI-A+%C8%98OPTIT\" target=\"_blank\" rel=\"noreferrer noopener\"><\/a><\/p>\n\n\n\n<p><a href=\"https:\/\/www.facebook.com\/sharer\/sharer.php?u=https%3A%2F%2Fbumzi.ro%2F%3Fp%3D28477\" target=\"_blank\" rel=\"noreferrer noopener\"><\/a><\/p>\n\n\n\n<p><a href=\"https:\/\/twitter.com\/intent\/tweet?url=https%3A%2F%2Fbumzi.ro%2F%3Fp%3D28477&amp;text=FIUL+MEU+DE+10+ANI+S-A+%C3%8ENTORS+DE+LA+TOALETA+AVIONULUI+%C8%98I+MI-A+%C8%98OPTIT\" target=\"_blank\" rel=\"noreferrer noopener\"><\/a><\/p>\n\n\n\n<p><em>Aceast\u0103 lucrare este inspirat\u0103 din evenimente \u0219i persoane reale, \u00eens\u0103 a fost fic\u021bionalizat\u0103 \u00een scopuri creative. Numele, personajele \u0219i detaliile au fost schimbate pentru a proteja intimitatea \u0219i pentru a \u00eembun\u0103t\u0103\u021bi nara\u021biunea. Orice asem\u0103nare cu persoane reale, \u00een via\u021b\u0103 sau decedate, sau cu evenimente reale este pur \u00eent\u00e2mpl\u0103toare \u0219i nu este inten\u021bionat\u0103 de c\u0103tre autor.<\/em><\/p>\n\n\n\n<p><em>Autorul \u0219i editorul nu \u00ee\u0219i asum\u0103 responsabilitatea pentru exactitatea evenimentelor sau pentru modul \u00een care sunt portretizate personajele \u0219i nu sunt r\u0103spunz\u0103tori pentru eventuale interpret\u0103ri gre\u0219ite. Aceast\u0103 poveste este oferit\u0103 \u201eca atare\u201d, iar orice opinii exprimate apar\u021bin personajelor \u0219i nu reflect\u0103 punctele de vedere ale autorului sau ale editorului.<\/em><\/p>\n","protected":false},"excerpt":{"rendered":"<p>\u2014&nbsp;Adrian! B\u0103rbatul se \u00eentoarse. Femeia veni direct spre el \u0219i \u00eel \u00eembr\u0103\u021bi\u0219\u0103. Eu am \u00eencremenit. Mihai \u00eemi str\u00e2ngea m\u00e2na at\u00e2t de tare \u00eenc\u00e2t \u00eei sim\u021beam<\/p>\n","protected":false},"author":1,"featured_media":49985,"comment_status":"closed","ping_status":"closed","sticky":false,"template":"","format":"standard","meta":[],"categories":[1],"tags":[],"_links":{"self":[{"href":"https:\/\/calatorinromania.com\/index.php?rest_route=\/wp\/v2\/posts\/50078"}],"collection":[{"href":"https:\/\/calatorinromania.com\/index.php?rest_route=\/wp\/v2\/posts"}],"about":[{"href":"https:\/\/calatorinromania.com\/index.php?rest_route=\/wp\/v2\/types\/post"}],"author":[{"embeddable":true,"href":"https:\/\/calatorinromania.com\/index.php?rest_route=\/wp\/v2\/users\/1"}],"replies":[{"embeddable":true,"href":"https:\/\/calatorinromania.com\/index.php?rest_route=%2Fwp%2Fv2%2Fcomments&post=50078"}],"version-history":[{"count":1,"href":"https:\/\/calatorinromania.com\/index.php?rest_route=\/wp\/v2\/posts\/50078\/revisions"}],"predecessor-version":[{"id":50079,"href":"https:\/\/calatorinromania.com\/index.php?rest_route=\/wp\/v2\/posts\/50078\/revisions\/50079"}],"wp:featuredmedia":[{"embeddable":true,"href":"https:\/\/calatorinromania.com\/index.php?rest_route=\/wp\/v2\/media\/49985"}],"wp:attachment":[{"href":"https:\/\/calatorinromania.com\/index.php?rest_route=%2Fwp%2Fv2%2Fmedia&parent=50078"}],"wp:term":[{"taxonomy":"category","embeddable":true,"href":"https:\/\/calatorinromania.com\/index.php?rest_route=%2Fwp%2Fv2%2Fcategories&post=50078"},{"taxonomy":"post_tag","embeddable":true,"href":"https:\/\/calatorinromania.com\/index.php?rest_route=%2Fwp%2Fv2%2Ftags&post=50078"}],"curies":[{"name":"wp","href":"https:\/\/api.w.org\/{rel}","templated":true}]}}