{"id":50076,"date":"2026-09-01T05:35:33","date_gmt":"2026-09-01T05:35:33","guid":{"rendered":"https:\/\/calatorinromania.com\/?p=50076"},"modified":"2026-09-01T05:35:34","modified_gmt":"2026-09-01T05:35:34","slug":"familia-mea-formata-aproape-in-intregime-din-medici","status":"publish","type":"post","link":"https:\/\/calatorinromania.com\/?p=50076","title":{"rendered":"Familia mea, format\u0103 aproape \u00een \u00eentregime din medici"},"content":{"rendered":"\n<p>\u2014 \u2026am \u00eencercat s\u0103 aflu cine a creat aceast\u0103 burs\u0103.<\/p>\n\n\n\n<p><\/p>\n\n\n\n<p>Nathan z\u00e2mbi spre invita\u021bi.<\/p>\n\n\n\n<p><\/p>\n\n\n\n<p>\u2014 Spitalul mi-a spus mereu acela\u0219i lucru: fondatorul dore\u0219te s\u0103 r\u0103m\u00e2n\u0103 anonim.<\/p>\n\n\n\n<p><\/p>\n\n\n\n<p>Mama st\u0103tea la masa familiei, perfect relaxat\u0103.<\/p>\n\n\n\n<p><\/p>\n\n\n\n<p>Camelia \u00ee\u0219i \u021binea paharul \u00een m\u00e2n\u0103.<\/p>\n\n\n\n<p><\/p>\n\n\n\n<p>Nathan continu\u0103:<\/p>\n\n\n\n<p><\/p>\n\n\n\n<p>\u2014 Bursa Adela Marinescu nu mi-a pl\u0103tit doar un program de cercetare. Mi-a schimbat felul \u00een care privesc medicina.<\/p>\n\n\n\n<p><\/p>\n\n\n\n<p>Apoi privirea lui se opri asupra mea.<\/p>\n\n\n\n<p><\/p>\n\n\n\n<p>\u2014 Acum trei zile am aflat cine a creat-o.<\/p>\n\n\n\n<p><\/p>\n\n\n\n<p>\u00cen jurul meu se f\u0103cu lini\u0219te.<\/p>\n\n\n\n<p><\/p>\n\n\n\n<p>Am sim\u021bit m\u00e2na lui Iona peste a mea.<\/p>\n\n\n\n<p><\/p>\n\n\n\n<p>Nathan ridic\u0103 paharul.<\/p>\n\n\n\n<p><\/p>\n\n\n\n<p>\u2014 Mara, te rog s\u0103 te ridici.<\/p>\n\n\n\n<p><\/p>\n\n\n\n<p>Nu m-am mi\u0219cat.<\/p>\n\n\n\n<p><\/p>\n\n\n\n<p>La masa familiei mele, mama se \u00eencrunt\u0103.<\/p>\n\n\n\n<p><\/p>\n\n\n\n<p>Camelia se \u00eentoarse spre mine.<\/p>\n\n\n\n<p><\/p>\n\n\n\n<p>\u2014 Mara Popescu este fondatoarea Northlight \u0219i femeia care a creat \u0219i finan\u021bat Bursa Adela Marinescu.<\/p>\n\n\n\n<p><\/p>\n\n\n\n<p>Pentru c\u00e2teva secunde, nimeni nu spuse nimic.<\/p>\n\n\n\n<p><\/p>\n\n\n\n<p>Apoi sala izbucni \u00een aplauze.<\/p>\n\n\n\n<p><\/p>\n\n\n\n<p>Eu nu auzeam aproape nimic.<\/p>\n\n\n\n<p><\/p>\n\n\n\n<p>M\u0103 uitam doar la familia mea.<\/p>\n\n\n\n<p><\/p>\n\n\n\n<p>Tata avea paharul oprit la jum\u0103tatea drumului spre gur\u0103.<\/p>\n\n\n\n<p><\/p>\n\n\n\n<p>Mama r\u0103m\u0103sese complet nemi\u0219cat\u0103.<\/p>\n\n\n\n<p><\/p>\n\n\n\n<p>Iar Camelia se uita c\u00e2nd la mine, c\u00e2nd la Nathan.<\/p>\n\n\n\n<p>\u2014 Fondatoarea Northlight? \u0219opti ea.<\/p>\n\n\n\n<p>Nathan o auzi.<\/p>\n\n\n\n<p>\u2014 Da.<\/p>\n\n\n\n<p>\u2014 Compania de \u00eengrijire la domiciliu?<\/p>\n\n\n\n<p>\u2014 Nu doar o companie de \u00eengrijire la domiciliu, r\u0103spunse el. Este unul dintre partenerii no\u0219tri importan\u021bi pentru continuitatea \u00eengrijirii dup\u0103 externare.<\/p>\n\n\n\n<p>Camelia p\u0103li.<\/p>\n\n\n\n<p>Nathan p\u0103rea sincer nedumerit.<\/p>\n\n\n\n<p>\u2014 Stai\u2026 chiar nu \u0219tia\u021bi cine este?<\/p>\n\n\n\n<p>Mama deschise gura.<\/p>\n\n\n\n<p>Niciun cuv\u00e2nt nu ie\u0219i.<\/p>\n\n\n\n<p>M-am ridicat \u00eencet.<\/p>\n\n\n\n<p>Nou\u0103 ani.<\/p>\n\n\n\n<p>Nou\u0103 ani \u00een care m\u0103 reduseser\u0103 la \u201efata care lucreaz\u0103 \u00een \u00eengrijire la domiciliu\u201d.<\/p>\n\n\n\n<p>M-am uitat la ei \u0219i am z\u00e2mbit.<\/p>\n\n\n\n<p>\u2014 Chiar nu ave\u021bi nicio idee, nu-i a\u0219a?<\/p>\n\n\n\n<p><\/p>\n\n\n\n<p><\/p>\n\n\n\n<hr class=\"wp-block-separator has-alpha-channel-opacity\"\/>\n\n\n\n<p>Nu am \u021binut niciun discurs despre c\u00e2t de mult c\u00e2\u0219tiga Northlight.<\/p>\n\n\n\n<p>Nu am enumerat angaja\u021bi.<\/p>\n\n\n\n<p>Nu am vorbit despre contracte.<\/p>\n\n\n\n<p>Nu aveam nevoie.<\/p>\n\n\n\n<p>Dar Nathan \u00eenc\u0103 nu terminase.<\/p>\n\n\n\n<p>\u2014 Exist\u0103 un motiv pentru care programul poart\u0103 numele Adelei Marinescu, continu\u0103 el. Am aflat c\u0103 a fost bunica Marei \u0219i c\u0103 a lucrat patruzeci de ani ca asistent\u0103 medical\u0103.<\/p>\n\n\n\n<p>Mama \u00ee\u0219i cobor\u00ee privirea.<\/p>\n\n\n\n<p>\u2014 Medicina nu se termin\u0103 c\u00e2nd pacientul iese pe u\u0219a spitalului, spuse Nathan. Uneori partea care \u00eei salveaz\u0103 cu adev\u0103rat via\u021ba \u00eencepe dup\u0103 aceea.<\/p>\n\n\n\n<p>Exact partea de medicin\u0103 pe care mama o numise c\u00e2ndva \u201emunc\u0103 de suport\u201d.<\/p>\n\n\n\n<p>Iona \u00eemi str\u00e2nse m\u00e2na.<\/p>\n\n\n\n<p>Eu nu sim\u021beam triumf.<\/p>\n\n\n\n<p>Sim\u021beam ceva mult mai lini\u0219tit.<\/p>\n\n\n\n<p>Ca \u0219i cum rama aceea goal\u0103 din casa copil\u0103riei mele tocmai \u00eencetase s\u0103 mai conteze.<\/p>\n\n\n\n<p><\/p>\n\n\n\n<p><\/p>\n\n\n\n<hr class=\"wp-block-separator has-alpha-channel-opacity\"\/>\n\n\n\n<p>Dup\u0103 discursuri, Camelia m-a g\u0103sit pe terasa conacului.<\/p>\n\n\n\n<p>\u2014 De ce nu mi-ai spus?<\/p>\n\n\n\n<p>M-am \u00eentors spre ea.<\/p>\n\n\n\n<p>\u2014 C\u00e2nd?<\/p>\n\n\n\n<p>\u2014 Despre Northlight.<\/p>\n\n\n\n<p>Am r\u0103mas c\u00e2teva secunde privind-o.<\/p>\n\n\n\n<p>\u2014 \u00cen care dintre ultimii nou\u0103 ani ai fi vrut s\u0103-\u021bi spun?<\/p>\n\n\n\n<p>A clipit.<\/p>\n\n\n\n<p>\u2014 Nu trebuie s\u0103 fii sarcastic\u0103.<\/p>\n\n\n\n<p>\u2014 Nu sunt.<\/p>\n\n\n\n<p>\u2014 Nathan este so\u021bul meu.<\/p>\n\n\n\n<p>\u2014 \u0218tiu.<\/p>\n\n\n\n<p>\u2014 \u0218i tu ai finan\u021bat programul lui.<\/p>\n\n\n\n<p>\u2014 \u00cenainte s\u0103 \u0219tiu c\u0103 v\u0103 cunoa\u0219te\u021bi.<\/p>\n\n\n\n<p>\u2014 Tot trebuia s\u0103-mi spui.<\/p>\n\n\n\n<p>Aproape am r\u00e2s.<\/p>\n\n\n\n<p>\u2014 Tu i-ai spus so\u021bului t\u0103u c\u0103 nu exist.<\/p>\n\n\n\n<p>Camelia t\u0103cu.<\/p>\n\n\n\n<p>Atunci mama ap\u0103ru \u00een spatele ei.<\/p>\n\n\n\n<p>\u2014 Mara, trebuie s\u0103 discut\u0103m.<\/p>\n\n\n\n<p>Tonul ei era diferit.<\/p>\n\n\n\n<p>Nu cald.<\/p>\n\n\n\n<p>Dar atent.<\/p>\n\n\n\n<p>Calculat.<\/p>\n\n\n\n<p>\u00cel cuno\u0219team.<\/p>\n\n\n\n<p>\u2014 Despre ce?<\/p>\n\n\n\n<p>\u2014 Despre familie.<\/p>\n\n\n\n<p>Am privit-o.<\/p>\n\n\n\n<p>\u2014 Acum sunt din nou familie?<\/p>\n\n\n\n<p>\u2014 Nu face asta.<\/p>\n\n\n\n<p>\u2014 Ce anume?<\/p>\n\n\n\n<p>\u2014 Nu transforma o ne\u00een\u021belegere veche \u00eentr-o tragedie.<\/p>\n\n\n\n<p>O ne\u00een\u021belegere.<\/p>\n\n\n\n<p>Doi saci de gunoi.<\/p>\n\n\n\n<p>O lumin\u0103 stins\u0103 pe verand\u0103.<\/p>\n\n\n\n<p>Nou\u0103 ani de t\u0103cere.<\/p>\n\n\n\n<p>O invita\u021bie de nunt\u0103 returnat\u0103 cu \u201eNu te face de r\u00e2s\u201d.<\/p>\n\n\n\n<p>Toate deveniser\u0103 o ne\u00een\u021belegere.<\/p>\n\n\n\n<p>\u2014 Mam\u0103, voi m-a\u021bi exclus din familie.<\/p>\n\n\n\n<p>\u2014 Ai ales s\u0103 pleci.<\/p>\n\n\n\n<p>\u2014 Aveam nou\u0103sprezece ani.<\/p>\n\n\n\n<p>\u2014 Ai f\u0103cut o alegere.<\/p>\n\n\n\n<p>\u2014 Da.<\/p>\n\n\n\n<p>Am dat din cap.<\/p>\n\n\n\n<p>\u2014 \u0218i a fost cea mai bun\u0103 alegere pe care am f\u0103cut-o vreodat\u0103.<\/p>\n\n\n\n<p>A durut-o.<\/p>\n\n\n\n<p>Am v\u0103zut.<\/p>\n\n\n\n<p>Dar nu spusesem asta ca s-o r\u0103nesc.<\/p>\n\n\n\n<p>Era pur \u0219i simplu adev\u0103rul.<\/p>\n\n\n\n<p><\/p>\n\n\n\n<p><\/p>\n\n\n\n<hr class=\"wp-block-separator has-alpha-channel-opacity\"\/>\n\n\n\n<p>\u00cen acea noapte, dup\u0103 ce ne-am \u00eentors la hotel, nu puteam dormi.<\/p>\n\n\n\n<p>Iona era \u00een baie.<\/p>\n\n\n\n<p>Eu st\u0103team pe marginea patului c\u00e2nd am observat vechiul ceas metalic al bunicii pe \u00eencheietura mea.<\/p>\n\n\n\n<p>\u00cel purtasem la nunt\u0103.<\/p>\n\n\n\n<p>Am luat telefonul.<\/p>\n\n\n\n<p>Am deschis mesajul vocal salvat de cinci ani.<\/p>\n\n\n\n<p>Patruzeci \u0219i una de secunde.<\/p>\n\n\n\n<p>Am ap\u0103sat \u201eRedare\u201d.<\/p>\n\n\n\n<p>\u201eMara, draga mea. Sunt bunica\u2026\u201d<\/p>\n\n\n\n<p>Am sim\u021bit nodul familiar \u00een g\u00e2t.<\/p>\n\n\n\n<p>Dou\u0103sprezece secunde.<\/p>\n\n\n\n<p>De obicei m\u0103 opream acolo.<\/p>\n\n\n\n<p>De data aceasta am continuat.<\/p>\n\n\n\n<p>Vocea ei era slab\u0103.<\/p>\n\n\n\n<p>\u201eNu \u0219tiu dac\u0103 mama ta te va l\u0103sa s\u0103 vii. A\u0219a c\u0103 trebuie s\u0103-\u021bi spun ceva ce n-am reu\u0219it s\u0103 termin \u00een seara \u00een care ai plecat.\u201d<\/p>\n\n\n\n<p>Mi-am acoperit gura.<\/p>\n\n\n\n<p>Apoi am auzit-o.<\/p>\n\n\n\n<p>\u201eTu n-ai fost niciodat\u0103 rama goal\u0103, Mara.\u201d<\/p>\n\n\n\n<p>Am \u00eenceput s\u0103 pl\u00e2ng.<\/p>\n\n\n\n<p>\u201eEi au pus rama aceea acolo pentru c\u0103 nu puteau vedea dec\u00e2t un singur fel de succes.\u201d<\/p>\n\n\n\n<p>Vocea bunicii tremura.<\/p>\n\n\n\n<p>\u201eDar tu ai ceva ce nu \u00eencape \u00eentr-o diplom\u0103. Tu vezi oamenii c\u00e2nd ceilal\u021bi v\u0103d doar pacien\u021bi.\u201d<\/p>\n\n\n\n<p>Am \u00eenchis ochii.<\/p>\n\n\n\n<p>Ultimele ei cuvinte au venit dup\u0103 o pauz\u0103.<\/p>\n\n\n\n<p>\u201eNu-\u021bi petrece via\u021ba \u00eencerc\u00e2nd s\u0103 umpli rama altcuiva. Construie\u0219te-\u021bi propriul perete.\u201d<\/p>\n\n\n\n<p>Mesajul s-a terminat.<\/p>\n\n\n\n<p>Am r\u0103mas cu telefonul \u00een m\u00e2n\u0103 \u0219i am pl\u00e2ns pentru prima dat\u0103 dup\u0103 foarte mul\u021bi ani pentru fata care plecase de acas\u0103 cu hainele \u00een saci negri.<\/p>\n\n\n\n<p>Iona ie\u0219i din baie.<\/p>\n\n\n\n<p>Nu \u00eentreb\u0103 nimic.<\/p>\n\n\n\n<p>Se a\u0219ez\u0103 l\u00e2ng\u0103 mine.<\/p>\n\n\n\n<p>I-am dat telefonul.<\/p>\n\n\n\n<p>A ascultat mesajul.<\/p>\n\n\n\n<p>Apoi m-a \u00eembr\u0103\u021bi\u0219at.<\/p>\n\n\n\n<p><\/p>\n\n\n\n<p><\/p>\n\n\n\n<hr class=\"wp-block-separator has-alpha-channel-opacity\"\/>\n\n\n\n<p>C\u00e2teva luni mai t\u00e2rziu, am primit un colet.<\/p>\n\n\n\n<p>De la mama.<\/p>\n\n\n\n<p>\u00cen\u0103untru era vechea ram\u0103 goal\u0103.<\/p>\n\n\n\n<p>Aceea\u0219i ram\u0103.<\/p>\n\n\n\n<p>Pe spate, mama scrisese:<\/p>\n\n\n\n<p>\u201ePoate acum ai ceva potrivit pentru ea.\u201d<\/p>\n\n\n\n<p>Am privit-o mult timp.<\/p>\n\n\n\n<p>Apoi am pus rama \u00eentr-un dulap.<\/p>\n\n\n\n<p>Nu aveam nevoie de ea.<\/p>\n\n\n\n<p>\u00cen schimb, \u00een noul centru de preg\u0103tire Northlight am amenajat un coridor cu fotografii ale oamenilor care construiser\u0103 compania.<\/p>\n\n\n\n<p>\u00cengrijitori.<\/p>\n\n\n\n<p>Asistente.<\/p>\n\n\n\n<p>Coordonatori.<\/p>\n\n\n\n<p>Fizioterapeu\u021bi.<\/p>\n\n\n\n<p>\u0218oferi.<\/p>\n\n\n\n<p>Medici parteneri.<\/p>\n\n\n\n<p>Familii care ne permiseser\u0103 s\u0103 le fim al\u0103turi \u00een cele mai grele momente.<\/p>\n\n\n\n<p>\u00cen mijloc am pus fotografia bunicii Adela.<\/p>\n\n\n\n<p>Sub ea nu am trecut diplomele ei.<\/p>\n\n\n\n<p>Nici anii de munc\u0103.<\/p>\n\n\n\n<p>Am scris doar cuvintele ei:<\/p>\n\n\n\n<p><strong>\u201eTu vezi oamenii c\u00e2nd ceilal\u021bi v\u0103d doar pacien\u021bi.\u201d<\/strong><\/p>\n\n\n\n<p>Pentru c\u0103 familia mea petrecuse genera\u021bii \u00eentregi umpl\u00e2nd un perete cu diplome \u0219i m\u0103 f\u0103cuse s\u0103 cred c\u0103 locul meu gol dovedea c\u0103 nu valoram suficient.<\/p>\n\n\n\n<p>Mi-au trebuit ani ca s\u0103 \u00een\u021beleg adev\u0103rul.<\/p>\n\n\n\n<p><strong>Eu nu e\u0219uasem s\u0103 umplu rama pe care mi-o preg\u0103tiser\u0103 ei. Pur \u0219i simplu construisem ceva prea mare ca s\u0103 \u00eencap\u0103 \u00een ea.<\/strong><\/p>\n\n\n\n<p><a href=\"https:\/\/www.pinterest.com\/pin\/create\/button\/?url=https%3A%2F%2Fbumzi.ro%2F%3Fp%3D28473&amp;description=Familia+mea%2C+format%C4%83+aproape+%C3%AEn+%C3%AEntregime+din+medici\" target=\"_blank\" rel=\"noreferrer noopener\"><\/a><\/p>\n\n\n\n<p><a href=\"https:\/\/www.facebook.com\/sharer\/sharer.php?u=https%3A%2F%2Fbumzi.ro%2F%3Fp%3D28473\" target=\"_blank\" rel=\"noreferrer noopener\"><\/a><\/p>\n\n\n\n<p><a href=\"https:\/\/twitter.com\/intent\/tweet?url=https%3A%2F%2Fbumzi.ro%2F%3Fp%3D28473&amp;text=Familia+mea%2C+format%C4%83+aproape+%C3%AEn+%C3%AEntregime+din+medici\" target=\"_blank\" rel=\"noreferrer noopener\"><\/a><\/p>\n\n\n\n<p><em>Aceast\u0103 lucrare este inspirat\u0103 din evenimente \u0219i persoane reale, \u00eens\u0103 a fost fic\u021bionalizat\u0103 \u00een scopuri creative. Numele, personajele \u0219i detaliile au fost schimbate pentru a proteja intimitatea \u0219i pentru a \u00eembun\u0103t\u0103\u021bi nara\u021biunea. Orice asem\u0103nare cu persoane reale, \u00een via\u021b\u0103 sau decedate, sau cu evenimente reale este pur \u00eent\u00e2mpl\u0103toare \u0219i nu este inten\u021bionat\u0103 de c\u0103tre autor.<\/em><\/p>\n\n\n\n<p><em>Autorul \u0219i editorul nu \u00ee\u0219i asum\u0103 responsabilitatea pentru exactitatea evenimentelor sau pentru modul \u00een care sunt portretizate personajele \u0219i nu sunt r\u0103spunz\u0103tori pentru eventuale interpret\u0103ri gre\u0219ite. Aceast\u0103 poveste este oferit\u0103 \u201eca atare\u201d, iar orice opinii exprimate apar\u021bin personajelor \u0219i nu reflect\u0103 punctele de vedere ale autorului sau ale editorului.<\/em><a href=\"https:\/\/bumzi.ro\/?p=28471\"><\/a><\/p>\n","protected":false},"excerpt":{"rendered":"<p>\u2014 \u2026am \u00eencercat s\u0103 aflu cine a creat aceast\u0103 burs\u0103. Nathan z\u00e2mbi spre invita\u021bi. \u2014 Spitalul mi-a spus mereu acela\u0219i lucru: fondatorul dore\u0219te s\u0103 r\u0103m\u00e2n\u0103<\/p>\n","protected":false},"author":1,"featured_media":49985,"comment_status":"closed","ping_status":"closed","sticky":false,"template":"","format":"standard","meta":[],"categories":[1],"tags":[],"_links":{"self":[{"href":"https:\/\/calatorinromania.com\/index.php?rest_route=\/wp\/v2\/posts\/50076"}],"collection":[{"href":"https:\/\/calatorinromania.com\/index.php?rest_route=\/wp\/v2\/posts"}],"about":[{"href":"https:\/\/calatorinromania.com\/index.php?rest_route=\/wp\/v2\/types\/post"}],"author":[{"embeddable":true,"href":"https:\/\/calatorinromania.com\/index.php?rest_route=\/wp\/v2\/users\/1"}],"replies":[{"embeddable":true,"href":"https:\/\/calatorinromania.com\/index.php?rest_route=%2Fwp%2Fv2%2Fcomments&post=50076"}],"version-history":[{"count":1,"href":"https:\/\/calatorinromania.com\/index.php?rest_route=\/wp\/v2\/posts\/50076\/revisions"}],"predecessor-version":[{"id":50077,"href":"https:\/\/calatorinromania.com\/index.php?rest_route=\/wp\/v2\/posts\/50076\/revisions\/50077"}],"wp:featuredmedia":[{"embeddable":true,"href":"https:\/\/calatorinromania.com\/index.php?rest_route=\/wp\/v2\/media\/49985"}],"wp:attachment":[{"href":"https:\/\/calatorinromania.com\/index.php?rest_route=%2Fwp%2Fv2%2Fmedia&parent=50076"}],"wp:term":[{"taxonomy":"category","embeddable":true,"href":"https:\/\/calatorinromania.com\/index.php?rest_route=%2Fwp%2Fv2%2Fcategories&post=50076"},{"taxonomy":"post_tag","embeddable":true,"href":"https:\/\/calatorinromania.com\/index.php?rest_route=%2Fwp%2Fv2%2Ftags&post=50076"}],"curies":[{"name":"wp","href":"https:\/\/api.w.org\/{rel}","templated":true}]}}