{"id":50074,"date":"2026-09-01T05:31:39","date_gmt":"2026-09-01T05:31:39","guid":{"rendered":"https:\/\/calatorinromania.com\/?p=50074"},"modified":"2026-09-01T05:31:40","modified_gmt":"2026-09-01T05:31:40","slug":"in-timp-ce-eram-in-travaliu-cu-dilatatie-de-10-centimetri","status":"publish","type":"post","link":"https:\/\/calatorinromania.com\/?p=50074","title":{"rendered":"\u00cen timp ce eram \u00een travaliu, cu dilata\u021bie de 10 centimetri"},"content":{"rendered":"\n<p>\u2014 Primul? \u00eentreb\u0103 Febe.<\/p>\n\n\n\n<p>Mi-am privit fiica.<\/p>\n\n\n\n<p>\u2014 Activeaz\u0103 clauza de protec\u021bie a fondului.<\/p>\n\n\n\n<p>\u2014 Al doilea?<\/p>\n\n\n\n<p>\u2014 Suspend\u0103 orice distribu\u021bie discre\u021bionar\u0103 c\u0103tre Filip p\u00e2n\u0103 la finalizarea verific\u0103rii.<\/p>\n\n\n\n<p>Febe t\u0103cu o clip\u0103.<\/p>\n\n\n\n<p>\u0218tia ce \u00eensemna asta.<\/p>\n\n\n\n<p>Filip tr\u0103ia ca un miliardar, dar o parte important\u0103 dintre activele pe care le considera \u201eale lui\u201d erau de\u021binute prin structurile familiei.<\/p>\n\n\n\n<p>\u2014 \u0218i al treilea?<\/p>\n\n\n\n<p>Am inspirat \u00eencet.<\/p>\n\n\n\n<p>\u2014 Preg\u0103te\u0219te divor\u021bul. Dar nu-l depune \u00eenc\u0103.<\/p>\n\n\n\n<p>\u2014 De ce?<\/p>\n\n\n\n<p>Mi-am s\u0103rutat fiica pe frunte.<\/p>\n\n\n\n<p>\u2014 Pentru c\u0103 vreau mai \u00eent\u00e2i s\u0103 aflu cine este copilul acela \u0219i ce a f\u0103cut Filip cu banii fondului.<\/p>\n\n\n\n<p><\/p>\n\n\n\n<p><\/p>\n\n\n\n<hr class=\"wp-block-separator has-alpha-channel-opacity\"\/>\n\n\n\n<p>\u00cen diminea\u021ba urm\u0103toare, Filip ap\u0103ru la spital purt\u00e2nd o pung\u0103 cu vitamine \u0219i suplimente.<\/p>\n\n\n\n<p>Gestul era aproape insult\u0103tor.<\/p>\n\n\n\n<p>Intrase \u00een salon ca \u0219i cum seara precedent\u0103 nu se \u00eent\u00e2mplase.<\/p>\n\n\n\n<p>Dar se opri \u00een prag.<\/p>\n\n\n\n<p>Febe era l\u00e2ng\u0103 fereastr\u0103.<\/p>\n\n\n\n<p>Un expert financiar st\u0103tea la mas\u0103 cu laptopul deschis.<\/p>\n\n\n\n<p>Iar l\u00e2ng\u0103 patul meu se afla un notar cu dou\u0103 mape groase.<\/p>\n\n\n\n<p>\u2014 Ce naiba se \u00eent\u00e2mpl\u0103 aici?<\/p>\n\n\n\n<p>\u2014 Bun\u0103 diminea\u021ba, Filip.<\/p>\n\n\n\n<p>Privirea lui c\u0103zu asupra documentelor.<\/p>\n\n\n\n<p>\u2014 Cine sunt oamenii \u0103\u0219tia?<\/p>\n\n\n\n<p>Febe \u00eei r\u0103spunse:<\/p>\n\n\n\n<p>\u2014 Oamenii care se ocup\u0103 de consecin\u021be.<\/p>\n\n\n\n<p>Filip r\u00e2se.<\/p>\n\n\n\n<p>\u2014 Mabel, tocmai ai n\u0103scut. Nu este momentul pentru teatru.<\/p>\n\n\n\n<p>\u2014 Sunt de acord.<\/p>\n\n\n\n<p>Am \u00eentins m\u00e2na.<\/p>\n\n\n\n<p>Febe \u00eemi d\u0103du prima map\u0103.<\/p>\n\n\n\n<p>\u2014 De aceea nu fac teatru.<\/p>\n\n\n\n<p>Filip deschise documentul.<\/p>\n\n\n\n<p>Dup\u0103 c\u00e2teva secunde, chipul i se schimb\u0103.<\/p>\n\n\n\n<p>\u2014 Ai suspendat distribu\u021biile mele?<\/p>\n\n\n\n<p>\u2014 Temporar.<\/p>\n\n\n\n<p>\u2014 Nu po\u021bi face asta.<\/p>\n\n\n\n<p>\u2014 Ba da.<\/p>\n\n\n\n<p>\u2014 Este fondul familiei mele!<\/p>\n\n\n\n<p>\u2014 Iar eu sunt administratorul desemnat prin documentele semnate inclusiv de tat\u0103l t\u0103u.<\/p>\n\n\n\n<p>Filip arunc\u0103 mapa pe mas\u0103.<\/p>\n\n\n\n<p>\u2014 Anuleaz\u0103 ordinul.<\/p>\n\n\n\n<p>\u2014 Nu.<\/p>\n\n\n\n<p>Atunci vocea \u00eei deveni amenin\u021b\u0103toare.<\/p>\n\n\n\n<p>\u2014 Ai grij\u0103 ce faci.<\/p>\n\n\n\n<p>Febe z\u00e2mbi rece.<\/p>\n\n\n\n<p>\u2014 Exact asta face.<\/p>\n\n\n\n<p><\/p>\n\n\n\n<p><\/p>\n\n\n\n<hr class=\"wp-block-separator has-alpha-channel-opacity\"\/>\n\n\n\n<p>Investiga\u021bia \u00eencepuse deja.<\/p>\n\n\n\n<p>Iar p\u00e2n\u0103 la pr\u00e2nz am primit prima surpriz\u0103.<\/p>\n\n\n\n<p>Filip nu finan\u021base doar apartamentul Selenei.<\/p>\n\n\n\n<p>Timp de aproape doi ani, pl\u0103tise din conturile unei subsidiare controlate indirect de fond:<\/p>\n\n\n\n<p>chirie;<\/p>\n\n\n\n<p>ma\u0219in\u0103;<\/p>\n\n\n\n<p>c\u0103l\u0103torii;<\/p>\n\n\n\n<p>servicii medicale;<\/p>\n\n\n\n<p>\u0219i transferuri lunare consistente.<\/p>\n\n\n\n<p>\u00cen contabilitate ap\u0103reau drept \u201eservicii de consultan\u021b\u0103\u201d.<\/p>\n\n\n\n<p>\u2014 C\u00e2t? am \u00eentrebat.<\/p>\n\n\n\n<p>Expertul financiar \u00eentoarse laptopul spre mine.<\/p>\n\n\n\n<p>Aproape 2,8 milioane de lei.<\/p>\n\n\n\n<p>Am sim\u021bit furia ridic\u00e2ndu-se.<\/p>\n\n\n\n<p>Dar Febe \u00eemi puse o m\u00e2n\u0103 pe bra\u021b.<\/p>\n\n\n\n<p>\u2014 Mai este ceva.<\/p>\n\n\n\n<p>\u2014 Ce?<\/p>\n\n\n\n<p>\u2014 Copilul.<\/p>\n\n\n\n<p>Am privit-o.<\/p>\n\n\n\n<p>\u2014 Fiul lui Filip?<\/p>\n\n\n\n<p>\u2014 Asta spune el.<\/p>\n\n\n\n<p>\u2014 Ce vrei s\u0103 spui?<\/p>\n\n\n\n<p>Febe a\u0219ez\u0103 \u00een fa\u021ba mea o copie a certificatului de na\u0219tere.<\/p>\n\n\n\n<p>La rubrica \u201etat\u0103\u201d nu ap\u0103rea Filip.<\/p>\n\n\n\n<p>\u2014 Poate nu l-a recunoscut oficial.<\/p>\n\n\n\n<p>\u2014 Posibil. Dar am g\u0103sit ceva \u0219i mai interesant.<\/p>\n\n\n\n<p>Selena fusese c\u0103s\u0103torit\u0103 \u00een perioada \u00een care copilul fusese conceput.<\/p>\n\n\n\n<p>Cu un b\u0103rbat pe nume Andrei Pavel.<\/p>\n\n\n\n<p>Divor\u021baser\u0103 ulterior.<\/p>\n\n\n\n<p>\u2014 Filip \u0219tie?<\/p>\n\n\n\n<p>\u2014 Asta trebuie s\u0103-l \u00eentrebi pe el.<\/p>\n\n\n\n<p><\/p>\n\n\n\n<p><\/p>\n\n\n\n<hr class=\"wp-block-separator has-alpha-channel-opacity\"\/>\n\n\n\n<p>Nu a trebuit.<\/p>\n\n\n\n<p>\u00cen aceea\u0219i dup\u0103-amiaz\u0103, Selena a venit la spital.<\/p>\n\n\n\n<p>Singur\u0103.<\/p>\n\n\n\n<p>Era palid\u0103.<\/p>\n\n\n\n<p>\u2014 Trebuie s\u0103 vorbesc cu tine.<\/p>\n\n\n\n<p>Febe voia s\u0103 r\u0103m\u00e2n\u0103.<\/p>\n\n\n\n<p>Am l\u0103sat-o.<\/p>\n\n\n\n<p>Selena se a\u0219ez\u0103.<\/p>\n\n\n\n<p>\u2014 Filip \u021bi-a spus c\u0103 b\u0103iatul meu este al lui.<\/p>\n\n\n\n<p>\u2014 Da.<\/p>\n\n\n\n<p>\u00cencepu s\u0103 pl\u00e2ng\u0103.<\/p>\n\n\n\n<p>\u2014 Nu \u0219tie.<\/p>\n\n\n\n<p>\u2014 Ce nu \u0219tie?<\/p>\n\n\n\n<p>\u2014 Nu am f\u0103cut niciodat\u0103 testul.<\/p>\n\n\n\n<p>Am r\u0103mas t\u0103cut\u0103.<\/p>\n\n\n\n<p>Selena \u00eemi povesti c\u0103 ea \u0219i Filip \u00eencepuser\u0103 rela\u021bia c\u00e2nd \u00eenc\u0103 lucra pentru companie.<\/p>\n\n\n\n<p>\u00cen aceea\u0219i perioad\u0103, c\u0103snicia ei se destr\u0103ma.<\/p>\n\n\n\n<p>C\u00e2nd r\u0103m\u0103sese \u00eens\u0103rcinat\u0103, Filip presupusese c\u0103 era copilul lui.<\/p>\n\n\n\n<p>Iar Selena \u00eel l\u0103sase s\u0103 cread\u0103.<\/p>\n\n\n\n<p>\u2014 De ce?<\/p>\n\n\n\n<p>\u00ce\u0219i \u0219terse lacrimile.<\/p>\n\n\n\n<p>\u2014 Pentru c\u0103 mi-a promis c\u0103 va avea grij\u0103 de noi.<\/p>\n\n\n\n<p>Am privit-o lung.<\/p>\n\n\n\n<p>\u2014 \u0218i ieri ai venit \u00een sala \u00een care \u00eei n\u0103\u0219team fiica.<\/p>\n\n\n\n<p>\u00ce\u0219i cobor\u00ee capul.<\/p>\n\n\n\n<p>\u2014 A fost ideea lui. Voia s\u0103-\u021bi arate c\u0103 decizia era luat\u0103.<\/p>\n\n\n\n<p>\u2014 Ce decizie?<\/p>\n\n\n\n<p>\u2014 S\u0103 divor\u021beze de tine \u0219i s\u0103 m\u0103 prezinte familiei dup\u0103 na\u0219tere.<\/p>\n\n\n\n<p>Febe se ridic\u0103.<\/p>\n\n\n\n<p>\u2014 Selena, \u00eenainte s\u0103 mai spui ceva, trebuie s\u0103 \u00een\u021belegi c\u0103 anumite transferuri sunt investigate.<\/p>\n\n\n\n<p>Ochii femeii se m\u0103rir\u0103.<\/p>\n\n\n\n<p>\u2014 Eu nu \u0219tiam de unde veneau banii.<\/p>\n\n\n\n<p>\u2014 Atunci va fi u\u0219or s\u0103 demonstrezi.<\/p>\n\n\n\n<p><\/p>\n\n\n\n<p><\/p>\n\n\n\n<hr class=\"wp-block-separator has-alpha-channel-opacity\"\/>\n\n\n\n<p>Filip a acceptat testul de paternitate abia dup\u0103 ce problema a devenit imposibil de ignorat.<\/p>\n\n\n\n<p>Rezultatul a venit c\u00e2teva s\u0103pt\u0103m\u00e2ni mai t\u00e2rziu.<\/p>\n\n\n\n<p>Nu era tat\u0103l b\u0103iatului.<\/p>\n\n\n\n<p>\u00cemi imaginam c\u0103 vestea m\u0103 va face s\u0103 simt satisfac\u021bie.<\/p>\n\n\n\n<p>Nu a f\u0103cut-o.<\/p>\n\n\n\n<p>Copilul acela nu avea nicio vin\u0103.<\/p>\n\n\n\n<p>Nici fiica mea.<\/p>\n\n\n\n<p>Singurul lucru pe care \u00eel sim\u021beam era triste\u021bea c\u0103 doi copii fuseser\u0103 transforma\u021bi \u00een piese \u00eentr-un joc al adul\u021bilor.<\/p>\n\n\n\n<p>Filip \u00eens\u0103 a explodat.<\/p>\n\n\n\n<p>A acuzat-o pe Selena.<\/p>\n\n\n\n<p>A amenin\u021bat.<\/p>\n\n\n\n<p>A cerut banii \u00eenapoi.<\/p>\n\n\n\n<p>Apoi a venit la mine.<\/p>\n\n\n\n<p>\u2014 Mabel, am f\u0103cut o gre\u0219eal\u0103.<\/p>\n\n\n\n<p>\u2014 Nu.<\/p>\n\n\n\n<p>S-a oprit.<\/p>\n\n\n\n<p>\u2014 Cum adic\u0103?<\/p>\n\n\n\n<p>\u2014 O gre\u0219eal\u0103 este c\u00e2nd trimi\u021bi un e-mail persoanei gre\u0219ite. Tu ai avut o rela\u021bie timp de aproape doi ani. Ai ascuns un copil despre care credeai c\u0103 este al t\u0103u. Ai folosit bani din structurile companiei ca s\u0103-i finan\u021bezi via\u021ba. \u0218i ai venit \u00een sala de na\u0219teri ca s\u0103-i spui so\u021biei tale c\u0103 propria fiic\u0103 valoreaz\u0103 mai pu\u021bin pentru c\u0103 este fat\u0103.<\/p>\n\n\n\n<p>Filip \u00ee\u0219i trecu m\u00e2na prin p\u0103r.<\/p>\n\n\n\n<p>\u2014 Eram sub presiune.<\/p>\n\n\n\n<p>\u2014 \u0218i eu eram la zece centimetri dilata\u021bie.<\/p>\n\n\n\n<p>N-a mai g\u0103sit nimic de spus.<\/p>\n\n\n\n<p>Am scos documentele.<\/p>\n\n\n\n<p>\u2014 Acum putem vorbi despre divor\u021b.<\/p>\n\n\n\n<p><\/p>\n\n\n\n<p><\/p>\n\n\n\n<hr class=\"wp-block-separator has-alpha-channel-opacity\"\/>\n\n\n\n<p>Auditul a durat luni.<\/p>\n\n\n\n<p>Nu i-am \u201eluat\u201d lui Filip imperiul.<\/p>\n\n\n\n<p>Nu era at\u00e2t de simplu \u0219i nici legal.<\/p>\n\n\n\n<p>Dar administrarea fondului fusese creat\u0103 tocmai pentru a \u00eempiedica folosirea activelor \u00een interes personal.<\/p>\n\n\n\n<p>Transferurile nejustificate au fost investigate \u0219i regularizate, iar Filip \u0219i-a pierdut pozi\u021biile care depindeau de \u00eencrederea administratorului \u0219i a celorlal\u021bi membri ai structurii de conducere.<\/p>\n\n\n\n<p>Divor\u021bul nostru s-a \u00eencheiat f\u0103r\u0103 spectacol.<\/p>\n\n\n\n<p>Am cerut ceea ce \u00eemi revenea legal.<\/p>\n\n\n\n<p>Nimic mai mult.<\/p>\n\n\n\n<p>Iar fiica mea?<\/p>\n\n\n\n<p>Am numit-o Emilia.<\/p>\n\n\n\n<p>Nu a fost exclus\u0103 din nimic.<\/p>\n\n\n\n<p>De fapt, am modificat ulterior structurile pe care aveam dreptul legal s\u0103 le modific astfel \u00eenc\u00e2t niciun copil s\u0103 nu poat\u0103 fi dezavantajat doar pentru c\u0103 se n\u0103scuse fat\u0103.<\/p>\n\n\n\n<p><\/p>\n\n\n\n<p><\/p>\n\n\n\n<hr class=\"wp-block-separator has-alpha-channel-opacity\"\/>\n\n\n\n<p>La aproape un an dup\u0103 na\u0219tere, Filip a venit s\u0103 o vad\u0103 pe Emilia.<\/p>\n\n\n\n<p>\u00cencepuse, \u00eencet, s\u0103 construiasc\u0103 o rela\u021bie cu ea.<\/p>\n\n\n\n<p>Nu l-am \u00eempiedicat.<\/p>\n\n\n\n<p>Divor\u021basem de so\u021bul meu.<\/p>\n\n\n\n<p>Emilia nu divor\u021base de tat\u0103l ei.<\/p>\n\n\n\n<p>\u00cen timp ce o \u021binea \u00een bra\u021be, feti\u021ba \u00eei apuc\u0103 degetul.<\/p>\n\n\n\n<p>Filip z\u00e2mbi.<\/p>\n\n\n\n<p>Apoi ochii i se umplur\u0103 de lacrimi.<\/p>\n\n\n\n<p>\u2014 Nu \u00een\u021beleg cum am putut s\u0103 m\u0103 uit la ea \u00een ziua \u00een care s-a n\u0103scut \u0219i s\u0103 plec.<\/p>\n\n\n\n<p>\u2014 Pentru c\u0103 atunci nu vedeai un copil.<\/p>\n\n\n\n<p>M\u0103 privi.<\/p>\n\n\n\n<p>\u2014 Ce vedeam?<\/p>\n\n\n\n<p>\u2014 Un mo\u0219tenitor care nu corespundea planului t\u0103u.<\/p>\n\n\n\n<p>\u00ce\u0219i cobor\u00ee privirea.<\/p>\n\n\n\n<p>\u2014 \u00cemi pare r\u0103u.<\/p>\n\n\n\n<p>Nu i-am spus c\u0103 \u00eel iert.<\/p>\n\n\n\n<p>Unele lucruri au nevoie de mai mult dec\u00e2t dou\u0103 cuvinte.<\/p>\n\n\n\n<p>Dar nici nu i-am luat copilul din bra\u021be.<\/p>\n\n\n\n<p><\/p>\n\n\n\n<p><\/p>\n\n\n\n<hr class=\"wp-block-separator has-alpha-channel-opacity\"\/>\n\n\n\n<p>\u00cen seara aceea, dup\u0103 ce Filip plecase, am dus-o pe Emilia la fereastr\u0103.<\/p>\n\n\n\n<p>Luminile Bucure\u0219tiului se \u00eentindeau sub noi.<\/p>\n\n\n\n<p>Mi-am amintit aceea\u0219i priveli\u0219te din noaptea \u00een care se n\u0103scuse.<\/p>\n\n\n\n<p>Atunci o \u021bineam la piept \u0219i credeam c\u0103 tat\u0103l ei tocmai \u00eei luase jum\u0103tate din identitate.<\/p>\n\n\n\n<p>Acum \u00een\u021belegeam c\u00e2t de mult m\u0103 \u00een\u0219elasem.<\/p>\n\n\n\n<p>Numele unui b\u0103rbat nu-i putea oferi valoare.<\/p>\n\n\n\n<p>Un fond fiduciar nu-i putea oferi valoare.<\/p>\n\n\n\n<p>Nici m\u0103car miliardele unei familii nu puteau face asta.<\/p>\n\n\n\n<p>Emilia se n\u0103scuse deja cu tot ce avea nevoie pentru a conta.<\/p>\n\n\n\n<p>Am s\u0103rutat-o pe frunte.<\/p>\n\n\n\n<p>Filip \u00eemi spusese c\u0103 m\u0103 va desp\u0103gubi cu bani pentru copilul pe care nu-l considera demn de numele lui.<\/p>\n\n\n\n<p>La final, nu eu fusesem cea care avea nevoie de desp\u0103gubiri.<\/p>\n\n\n\n<p><strong>El fusese cel care trebuise s\u0103 \u00eenve\u021be c\u0103 cea mai scump\u0103 mo\u0219tenire pe care o po\u021bi pierde nu este averea familiei, ci dreptul de a fi iubit de propriul copil.<\/strong><\/p>\n\n\n\n<p><a href=\"https:\/\/www.pinterest.com\/pin\/create\/button\/?url=https%3A%2F%2Fbumzi.ro%2F%3Fp%3D28465&amp;description=%C3%8En+timp+ce+eram+%C3%AEn+travaliu%2C+cu+dilata%C8%9Bie+de+10+centimetri\" target=\"_blank\" rel=\"noreferrer noopener\"><\/a><\/p>\n\n\n\n<p><a href=\"https:\/\/www.facebook.com\/sharer\/sharer.php?u=https%3A%2F%2Fbumzi.ro%2F%3Fp%3D28465\" target=\"_blank\" rel=\"noreferrer noopener\"><\/a><\/p>\n\n\n\n<p><a href=\"https:\/\/twitter.com\/intent\/tweet?url=https%3A%2F%2Fbumzi.ro%2F%3Fp%3D28465&amp;text=%C3%8En+timp+ce+eram+%C3%AEn+travaliu%2C+cu+dilata%C8%9Bie+de+10+centimetri\" target=\"_blank\" rel=\"noreferrer noopener\"><\/a><\/p>\n\n\n\n<p><em>Aceast\u0103 lucrare este inspirat\u0103 din evenimente \u0219i persoane reale, \u00eens\u0103 a fost fic\u021bionalizat\u0103 \u00een scopuri creative. Numele, personajele \u0219i detaliile au fost schimbate pentru a proteja intimitatea \u0219i pentru a \u00eembun\u0103t\u0103\u021bi nara\u021biunea. Orice asem\u0103nare cu persoane reale, \u00een via\u021b\u0103 sau decedate, sau cu evenimente reale este pur \u00eent\u00e2mpl\u0103toare \u0219i nu este inten\u021bionat\u0103 de c\u0103tre autor.<\/em><\/p>\n\n\n\n<p><em>Autorul \u0219i editorul nu \u00ee\u0219i asum\u0103 responsabilitatea pentru exactitatea evenimentelor sau pentru modul \u00een care sunt portretizate personajele \u0219i nu sunt r\u0103spunz\u0103tori pentru eventuale interpret\u0103ri gre\u0219ite. Aceast\u0103 poveste este oferit\u0103 \u201eca atare\u201d, iar orice opinii exprimate apar\u021bin personajelor \u0219i nu reflect\u0103 punctele de vedere ale autorului sau ale editorului.<\/em><a href=\"https:\/\/bumzi.ro\/?p=28463\"><\/a><\/p>\n","protected":false},"excerpt":{"rendered":"<p>\u2014 Primul? \u00eentreb\u0103 Febe. Mi-am privit fiica. \u2014 Activeaz\u0103 clauza de protec\u021bie a fondului. \u2014 Al doilea? \u2014 Suspend\u0103 orice distribu\u021bie discre\u021bionar\u0103 c\u0103tre Filip p\u00e2n\u0103<\/p>\n","protected":false},"author":1,"featured_media":49985,"comment_status":"closed","ping_status":"closed","sticky":false,"template":"","format":"standard","meta":[],"categories":[1],"tags":[],"_links":{"self":[{"href":"https:\/\/calatorinromania.com\/index.php?rest_route=\/wp\/v2\/posts\/50074"}],"collection":[{"href":"https:\/\/calatorinromania.com\/index.php?rest_route=\/wp\/v2\/posts"}],"about":[{"href":"https:\/\/calatorinromania.com\/index.php?rest_route=\/wp\/v2\/types\/post"}],"author":[{"embeddable":true,"href":"https:\/\/calatorinromania.com\/index.php?rest_route=\/wp\/v2\/users\/1"}],"replies":[{"embeddable":true,"href":"https:\/\/calatorinromania.com\/index.php?rest_route=%2Fwp%2Fv2%2Fcomments&post=50074"}],"version-history":[{"count":1,"href":"https:\/\/calatorinromania.com\/index.php?rest_route=\/wp\/v2\/posts\/50074\/revisions"}],"predecessor-version":[{"id":50075,"href":"https:\/\/calatorinromania.com\/index.php?rest_route=\/wp\/v2\/posts\/50074\/revisions\/50075"}],"wp:featuredmedia":[{"embeddable":true,"href":"https:\/\/calatorinromania.com\/index.php?rest_route=\/wp\/v2\/media\/49985"}],"wp:attachment":[{"href":"https:\/\/calatorinromania.com\/index.php?rest_route=%2Fwp%2Fv2%2Fmedia&parent=50074"}],"wp:term":[{"taxonomy":"category","embeddable":true,"href":"https:\/\/calatorinromania.com\/index.php?rest_route=%2Fwp%2Fv2%2Fcategories&post=50074"},{"taxonomy":"post_tag","embeddable":true,"href":"https:\/\/calatorinromania.com\/index.php?rest_route=%2Fwp%2Fv2%2Ftags&post=50074"}],"curies":[{"name":"wp","href":"https:\/\/api.w.org\/{rel}","templated":true}]}}