{"id":50065,"date":"2026-08-31T08:04:54","date_gmt":"2026-08-31T08:04:54","guid":{"rendered":"https:\/\/calatorinromania.com\/?p=50065"},"modified":"2026-08-31T08:04:54","modified_gmt":"2026-08-31T08:04:54","slug":"la-mai-putin-de-treizeci-de-minute-dupa-ce-divortul-nostru-a-devenit-oficial","status":"publish","type":"post","link":"https:\/\/calatorinromania.com\/?p=50065","title":{"rendered":"La mai pu\u021bin de treizeci de minute dup\u0103 ce divor\u021bul nostru a devenit oficial"},"content":{"rendered":"\n<p>\u2014 Pentru c\u0103, domnule Marinescu, \u00eencep\u00e2nd de ast\u0103zi nu mai ave\u021bi niciun drept de folosin\u021b\u0103 asupra acestei propriet\u0103\u021bi.<\/p>\n\n\n\n<p><\/p>\n\n\n\n<p>Gabriel r\u0103mase cu gura \u00eentredeschis\u0103.<\/p>\n\n\n\n<p><\/p>\n\n\n\n<p>\u2014 Poftim?<\/p>\n\n\n\n<p><\/p>\n\n\n\n<p>Patricia izbucni:<\/p>\n\n\n\n<p><\/p>\n\n\n\n<p>\u2014 Este casa fiului meu!<\/p>\n\n\n\n<p><\/p>\n\n\n\n<p>Avocatul meu, Mihai Popa, deschise mapa.<\/p>\n\n\n\n<p><\/p>\n\n\n\n<p>\u2014 Nu. Nu a fost niciodat\u0103 casa fiului dumneavoastr\u0103.<\/p>\n\n\n\n<p><\/p>\n\n\n\n<p>Patricia se \u00eentoarse spre mine.<\/p>\n\n\n\n<p><\/p>\n\n\n\n<p>Pentru prima dat\u0103 \u00een opt ani, nu mai avea nimic sarcastic de spus.<\/p>\n\n\n\n<p><\/p>\n\n\n\n<p>\u2014 Alina\u2026 despre ce vorbe\u0219te?<\/p>\n\n\n\n<p><\/p>\n\n\n\n<p>Am cobor\u00e2t din ma\u0219in\u0103.<\/p>\n\n\n\n<p><\/p>\n\n\n\n<p>\u2014 Despre actele pe care niciunul dintre voi nu s-a obosit vreodat\u0103 s\u0103 le citeasc\u0103.<\/p>\n\n\n\n<p><\/p>\n\n\n\n<p>Gabriel \u00eencepu s\u0103 r\u00e2d\u0103 nervos.<\/p>\n\n\n\n<p>\u2014 Am locuit aici opt ani.<\/p>\n\n\n\n<p>\u2014 Da.<\/p>\n\n\n\n<p>\u2014 Am renovat casa.<\/p>\n\n\n\n<p>\u2014 Cu banii mei.<\/p>\n\n\n\n<p>\u2014 Adresa asta apare \u00een toate documentele mele!<\/p>\n\n\n\n<p>\u2014 \u0218i totu\u0219i, proprietarul nu e\u0219ti tu.<\/p>\n\n\n\n<p>Patricia \u00ee\u0219i pierdu r\u0103bdarea.<\/p>\n\n\n\n<p>\u2014 Atunci cine este?<\/p>\n\n\n\n<p>M-am uitat direct la ea.<\/p>\n\n\n\n<p>\u2014 Eu.<\/p>\n\n\n\n<p>T\u0103cere.<\/p>\n\n\n\n<p>Casa fusese cump\u0103rat\u0103 de mine cu doi ani \u00eenainte s\u0103-l cunosc pe Gabriel.<\/p>\n\n\n\n<p>C\u00e2nd ne c\u0103s\u0103toriser\u0103m, el se mutase la mine.<\/p>\n\n\n\n<p>Patricia venise \u201etemporar\u201d dup\u0103 ce \u00ee\u0219i v\u00e2nduse apartamentul.<\/p>\n\n\n\n<p>Temporar devenise \u0219ase ani.<\/p>\n\n\n\n<p>\u00centre timp, familia lui \u00eencepuse s\u0103 vorbeasc\u0103 despre proprietate drept \u201ecasa Marinescu\u201d.<\/p>\n\n\n\n<p>La un moment dat, chiar \u0219i eu \u00eencetasem s\u0103-i mai corectez.<\/p>\n\n\n\n<p>Dar actele nu uitaser\u0103.<\/p>\n\n\n\n<p>Casa r\u0103m\u0103sese exclusiv pe numele meu.<\/p>\n\n\n\n<p>Iar hot\u0103r\u00e2rea de divor\u021b stabilea clar termenul p\u00e2n\u0103 la care Gabriel trebuia s\u0103-\u0219i ridice bunurile \u0219i s\u0103 elibereze proprietatea.<\/p>\n\n\n\n<p>\u2014 Dar azi s-a pronun\u021bat divor\u021bul! strig\u0103 el.<\/p>\n\n\n\n<p>Mihai interveni:<\/p>\n\n\n\n<p>\u2014 M\u0103sura provizorie privind eliberarea imobilului a fost comunicat\u0103 avocatului dumneavoastr\u0103 \u00een urm\u0103 cu dou\u0103 s\u0103pt\u0103m\u00e2ni.<\/p>\n\n\n\n<p>Gabriel \u00eencremeni.<\/p>\n\n\n\n<p>\u2014 Ce?<\/p>\n\n\n\n<p>\u2014 Avocatul dumneavoastr\u0103 a confirmat primirea.<\/p>\n\n\n\n<p>M-am uitat spre el.<\/p>\n\n\n\n<p>\u2014 Probabil erai prea ocupat s\u0103 organizezi pr\u00e2nzul pentru \u201e\u00eenfr\u00e2ngerea\u201d mea.<\/p>\n\n\n\n<p>Patricia f\u0103cu un pas spre executor.<\/p>\n\n\n\n<p>\u2014 Nu pute\u021bi arunca o femeie de v\u00e2rsta mea \u00een strad\u0103!<\/p>\n\n\n\n<p>\u2014 Bunurile dumneavoastr\u0103 au fost scoase conform procedurii \u0219i sub supraveghere, r\u0103spunse el. Ave\u021bi posibilitatea s\u0103 le transporta\u021bi la adresa pe care o alege\u021bi.<\/p>\n\n\n\n<p>\u2014 \u0218i unde s\u0103 merg eu?<\/p>\n\n\n\n<p>Am ridicat u\u0219or din umeri.<\/p>\n\n\n\n<p>\u2014 Credeam c\u0103 tocmai s\u0103rb\u0103torea\u021bi faptul c\u0103 nu mai fac parte din problemele familiei voastre.<\/p>\n\n\n\n<hr class=\"wp-block-separator has-alpha-channel-opacity\"\/>\n\n\n\n<p>Atunci Gabriel spuse ceva care m\u0103 f\u0103cu s\u0103 \u00een\u021beleg c\u00e2t de sigur fusese de victorie.<\/p>\n\n\n\n<p>\u2014 Bine. Vindem casa \u0219i \u00eemp\u0103r\u021bim banii.<\/p>\n\n\n\n<p>Mihai aproape z\u00e2mbi.<\/p>\n\n\n\n<p>\u2014 Nu exist\u0103 nimic de \u00eemp\u0103r\u021bit.<\/p>\n\n\n\n<p>\u2014 Am fost c\u0103s\u0103tori\u021bi opt ani!<\/p>\n\n\n\n<p>\u2014 Proprietatea a fost dob\u00e2ndit\u0103 de doamna Alina \u00eenaintea c\u0103s\u0103toriei \u0219i a r\u0103mas bun propriu. Hot\u0103r\u00e2rea este foarte clar\u0103.<\/p>\n\n\n\n<p>Gabriel se uit\u0103 spre mine.<\/p>\n\n\n\n<p>\u2014 \u0218tiai.<\/p>\n\n\n\n<p>\u2014 Despre ce?<\/p>\n\n\n\n<p>\u2014 C\u0103 n-o s\u0103 primesc casa.<\/p>\n\n\n\n<p>\u2014 Bine\u00een\u021beles c\u0103 \u0219tiam.<\/p>\n\n\n\n<p>\u2014 \u0218i m-ai l\u0103sat s\u0103 cred\u2026<\/p>\n\n\n\n<p>M-am apropiat.<\/p>\n\n\n\n<p>\u2014 Eu nu te-am l\u0103sat s\u0103 crezi nimic, Gabriel. Tu \u0219i mama ta a\u021bi decis singuri c\u0103 tot ce era al meu urma s\u0103 devin\u0103 automat al vostru.<\/p>\n\n\n\n<p>Patricia izbucni:<\/p>\n\n\n\n<p>\u2014 Dup\u0103 tot ce am f\u0103cut pentru tine!<\/p>\n\n\n\n<p>Am privit-o surprins\u0103.<\/p>\n\n\n\n<p>\u2014 Ce ai f\u0103cut pentru mine?<\/p>\n\n\n\n<p>Nu r\u0103spunse.<\/p>\n\n\n\n<p>Pentru c\u0103 adev\u0103rul era exact invers.<\/p>\n\n\n\n<p>Eu pl\u0103tisem \u00eentre\u021binerea casei.<\/p>\n\n\n\n<p>Eu pl\u0103tisem impozitele.<\/p>\n\n\n\n<p>Eu acoperisem dou\u0103 dintre datoriile lui Gabriel.<\/p>\n\n\n\n<p>Eu \u00eei \u00eemprumutasem Patriciei bani c\u00e2nd r\u0103m\u0103sese f\u0103r\u0103 apartament.<\/p>\n\n\n\n<p>\u0218i, \u00een timp, ajutorul meu devenise pentru ei ceva ce li se cuvenea.<\/p>\n\n\n\n<hr class=\"wp-block-separator has-alpha-channel-opacity\"\/>\n\n\n\n<p>Dar casa nu era singura surpriz\u0103.<\/p>\n\n\n\n<p>Gabriel \u00ee\u0219i lu\u0103 telefonul.<\/p>\n\n\n\n<p>\u2014 Nu conteaz\u0103. Am firma. Am conturile mele.<\/p>\n\n\n\n<p>Mihai m\u0103 privi.<\/p>\n\n\n\n<p>Acela era momentul pe care \u00eel a\u0219teptasem.<\/p>\n\n\n\n<p>\u2014 Gabriel, am spus, poate ar trebui s\u0103 verifici contul companiei.<\/p>\n\n\n\n<p>M-a privit fix.<\/p>\n\n\n\n<p>\u2014 De ce?<\/p>\n\n\n\n<p>\u2014 Verific\u0103-l.<\/p>\n\n\n\n<p>A deschis aplica\u021bia.<\/p>\n\n\n\n<p>Expresia lui s-a schimbat.<\/p>\n\n\n\n<p>\u2014 Unde sunt banii?<\/p>\n\n\n\n<p>\u00cen timpul c\u0103sniciei investisem aproape 900.000 de lei \u00eentr-o firm\u0103 pe care Gabriel voia s\u0103 o dezvolte.<\/p>\n\n\n\n<p>Numai c\u0103 banii nu fuseser\u0103 un cadou.<\/p>\n\n\n\n<p>Existau contracte de \u00eemprumut.<\/p>\n\n\n\n<p>Existau termene.<\/p>\n\n\n\n<p>\u0218i, mai important, exista o clauz\u0103 care devenise aplicabil\u0103 dup\u0103 ce auditul descoperise c\u0103 Gabriel folosise o parte din fondurile firmei pentru cheltuieli personale.<\/p>\n\n\n\n<p>Vacan\u021be.<\/p>\n\n\n\n<p>Restaurante.<\/p>\n\n\n\n<p>Ceasuri.<\/p>\n\n\n\n<p>Inclusiv pr\u00e2nzul din acea zi fusese rezervat ini\u021bial pe cardul companiei.<\/p>\n\n\n\n<p>\u2014 Conturile sunt verificate, spuse Mihai. Nu sunt banii dumneavoastr\u0103 personali.<\/p>\n\n\n\n<p>\u2014 Alina, ce \u00eencerci s\u0103 faci?<\/p>\n\n\n\n<p>L-am privit c\u00e2teva secunde.<\/p>\n\n\n\n<p>\u2014 S\u0103 termin divor\u021bul.<\/p>\n\n\n\n<p>At\u00e2t.<\/p>\n\n\n\n<p>Nu s\u0103-l distrug.<\/p>\n\n\n\n<p>Nu s\u0103 m\u0103 r\u0103zbun.<\/p>\n\n\n\n<p>Doar s\u0103 desfac, una c\u00e2te una, toate leg\u0103turile financiare pe care el \u0219i familia lui ajunseser\u0103 s\u0103 le considere drepturi permanente.<\/p>\n\n\n\n<hr class=\"wp-block-separator has-alpha-channel-opacity\"\/>\n\n\n\n<p>Patricia s-a mutat la sora ei.<\/p>\n\n\n\n<p>Gabriel a \u00eenchiriat un apartament.<\/p>\n\n\n\n<p>SUV-ul pe care \u00eel conducea a disp\u0103rut dou\u0103 luni mai t\u00e2rziu, c\u00e2nd n-a mai putut sus\u021bine leasingul.<\/p>\n\n\n\n<p>Dar cea mai mare lovitur\u0103 pentru el n-a fost financiar\u0103.<\/p>\n\n\n\n<p>A fost descoperirea c\u0103 femeia despre care familia lui spusese ani \u00eentregi c\u0103 \u201etr\u0103ie\u0219te datorit\u0103 lui\u201d fusese, \u00een realitate, cea care sus\u021binuse aproape totul.<\/p>\n\n\n\n<p>La c\u00e2teva luni dup\u0103 divor\u021b, Gabriel m-a sunat.<\/p>\n\n\n\n<p>Am r\u0103spuns.<\/p>\n\n\n\n<p>\u2014 Alina?<\/p>\n\n\n\n<p>Vocea lui era diferit\u0103.<\/p>\n\n\n\n<p>\u2014 Da.<\/p>\n\n\n\n<p>\u2014 Am g\u0103sit ni\u0219te fotografii de la \u00eenceput.<\/p>\n\n\n\n<p>\u2014 Ce fotografii?<\/p>\n\n\n\n<p>\u2014 Din casa ta. \u00cenainte s\u0103 m\u0103 mut eu.<\/p>\n\n\n\n<p>A t\u0103cut.<\/p>\n\n\n\n<p>\u2014 Era frumoas\u0103.<\/p>\n\n\n\n<p>Am z\u00e2mbit trist.<\/p>\n\n\n\n<p>\u2014 \u0218i \u00eenc\u0103 este.<\/p>\n\n\n\n<p>\u2014 Cred c\u0103 la un moment dat am uitat c\u0103 era a ta.<\/p>\n\n\n\n<p>\u2014 Nu, Gabriel.<\/p>\n\n\n\n<p>Am privit \u00een jurul sufrageriei mele.<\/p>\n\n\n\n<p>\u2014 Ai uitat c\u0103 eu eram a mea.<\/p>\n\n\n\n<p>Nu r\u0103spunse.<\/p>\n\n\n\n<hr class=\"wp-block-separator has-alpha-channel-opacity\"\/>\n\n\n\n<p>\u00cen prim\u0103vara urm\u0103toare am schimbat gr\u0103dina.<\/p>\n\n\n\n<p>Am scos mobilierul ales de Patricia.<\/p>\n\n\n\n<p>Am transformat camera pe care o ocupase ea \u00eentr-un birou.<\/p>\n\n\n\n<p>Am revopsit dormitorul.<\/p>\n\n\n\n<p>Nu pentru c\u0103 voiam s\u0103 \u0219terg opt ani din via\u021ba mea.<\/p>\n\n\n\n<p>F\u0103cuser\u0103 parte din mine.<\/p>\n\n\n\n<p>Dar nu mai aveam nevoie s\u0103 tr\u0103iesc \u00eentr-o cas\u0103 amenajat\u0103 \u00een jurul oamenilor care m\u0103 f\u0103cuser\u0103 s\u0103 m\u0103 simt musafir \u00een propria mea via\u021b\u0103.<\/p>\n\n\n\n<p>\u00centr-o dup\u0103-amiaz\u0103, Mihai a trecut s\u0103-mi aduc\u0103 ultimele documente.<\/p>\n\n\n\n<p>\u2014 Acum chiar s-a terminat, spuse el.<\/p>\n\n\n\n<p>Am semnat ultima pagin\u0103.<\/p>\n\n\n\n<p>\u2014 \u0218tii ce e ciudat?<\/p>\n\n\n\n<p>\u2014 Ce?<\/p>\n\n\n\n<p>\u2014 \u00cen ziua divor\u021bului, ei au plecat la restaurant convin\u0219i c\u0103 eu pierdusem totul.<\/p>\n\n\n\n<p>Mihai z\u00e2mbi.<\/p>\n\n\n\n<p>\u2014 Iar dumneavoastr\u0103 ce credea\u021bi?<\/p>\n\n\n\n<p>M-am uitat prin fereastr\u0103 spre casa \u00een care, pentru prima dat\u0103 dup\u0103 mul\u021bi ani, fiecare camer\u0103 \u00eemi apar\u021binea din nou.<\/p>\n\n\n\n<p>\u2014 C\u0103 nu c\u00e2\u0219tigasem nimic.<\/p>\n\n\n\n<p>Am pus pixul jos.<\/p>\n\n\n\n<p>\u2014&nbsp;<strong>Doar \u00eencetasem s\u0103 le mai permit altora s\u0103-mi spun\u0103 c\u0103 ceea ce era al meu le apar\u021binea lor.<\/strong><\/p>\n\n\n\n<p><a href=\"https:\/\/www.pinterest.com\/pin\/create\/button\/?url=https%3A%2F%2Fbumzi.ro%2F%3Fp%3D28455&amp;description=La+mai+pu%C8%9Bin+de+treizeci+de+minute+dup%C4%83+ce+divor%C8%9Bul+nostru+a+devenit+oficial\" target=\"_blank\" rel=\"noreferrer noopener\"><\/a><\/p>\n\n\n\n<p><a href=\"https:\/\/www.facebook.com\/sharer\/sharer.php?u=https%3A%2F%2Fbumzi.ro%2F%3Fp%3D28455\" target=\"_blank\" rel=\"noreferrer noopener\"><\/a><\/p>\n\n\n\n<p><a href=\"https:\/\/twitter.com\/intent\/tweet?url=https%3A%2F%2Fbumzi.ro%2F%3Fp%3D28455&amp;text=La+mai+pu%C8%9Bin+de+treizeci+de+minute+dup%C4%83+ce+divor%C8%9Bul+nostru+a+devenit+oficial\" target=\"_blank\" rel=\"noreferrer noopener\"><\/a><\/p>\n\n\n\n<p><em>Aceast\u0103 lucrare este inspirat\u0103 din evenimente \u0219i persoane reale, \u00eens\u0103 a fost fic\u021bionalizat\u0103 \u00een scopuri creative. Numele, personajele \u0219i detaliile au fost schimbate pentru a proteja intimitatea \u0219i pentru a \u00eembun\u0103t\u0103\u021bi nara\u021biunea. Orice asem\u0103nare cu persoane reale, \u00een via\u021b\u0103 sau decedate, sau cu evenimente reale este pur \u00eent\u00e2mpl\u0103toare \u0219i nu este inten\u021bionat\u0103 de c\u0103tre autor.<\/em><\/p>\n\n\n\n<p><em>Autorul \u0219i editorul nu \u00ee\u0219i asum\u0103 responsabilitatea pentru exactitatea evenimentelor sau pentru modul \u00een care sunt portretizate personajele \u0219i nu sunt r\u0103spunz\u0103tori pentru eventuale interpret\u0103ri gre\u0219ite. Aceast\u0103 poveste este oferit\u0103 \u201eca atare\u201d, iar orice opinii exprimate apar\u021bin personajelor \u0219i nu reflect\u0103 punctele de vedere ale autorului sau ale editorului.<\/em><\/p>\n","protected":false},"excerpt":{"rendered":"<p>\u2014 Pentru c\u0103, domnule Marinescu, \u00eencep\u00e2nd de ast\u0103zi nu mai ave\u021bi niciun drept de folosin\u021b\u0103 asupra acestei propriet\u0103\u021bi. Gabriel r\u0103mase cu gura \u00eentredeschis\u0103. \u2014 Poftim?<\/p>\n","protected":false},"author":1,"featured_media":49985,"comment_status":"closed","ping_status":"closed","sticky":false,"template":"","format":"standard","meta":[],"categories":[1],"tags":[],"_links":{"self":[{"href":"https:\/\/calatorinromania.com\/index.php?rest_route=\/wp\/v2\/posts\/50065"}],"collection":[{"href":"https:\/\/calatorinromania.com\/index.php?rest_route=\/wp\/v2\/posts"}],"about":[{"href":"https:\/\/calatorinromania.com\/index.php?rest_route=\/wp\/v2\/types\/post"}],"author":[{"embeddable":true,"href":"https:\/\/calatorinromania.com\/index.php?rest_route=\/wp\/v2\/users\/1"}],"replies":[{"embeddable":true,"href":"https:\/\/calatorinromania.com\/index.php?rest_route=%2Fwp%2Fv2%2Fcomments&post=50065"}],"version-history":[{"count":1,"href":"https:\/\/calatorinromania.com\/index.php?rest_route=\/wp\/v2\/posts\/50065\/revisions"}],"predecessor-version":[{"id":50066,"href":"https:\/\/calatorinromania.com\/index.php?rest_route=\/wp\/v2\/posts\/50065\/revisions\/50066"}],"wp:featuredmedia":[{"embeddable":true,"href":"https:\/\/calatorinromania.com\/index.php?rest_route=\/wp\/v2\/media\/49985"}],"wp:attachment":[{"href":"https:\/\/calatorinromania.com\/index.php?rest_route=%2Fwp%2Fv2%2Fmedia&parent=50065"}],"wp:term":[{"taxonomy":"category","embeddable":true,"href":"https:\/\/calatorinromania.com\/index.php?rest_route=%2Fwp%2Fv2%2Fcategories&post=50065"},{"taxonomy":"post_tag","embeddable":true,"href":"https:\/\/calatorinromania.com\/index.php?rest_route=%2Fwp%2Fv2%2Ftags&post=50065"}],"curies":[{"name":"wp","href":"https:\/\/api.w.org\/{rel}","templated":true}]}}