{"id":50061,"date":"2026-08-31T07:39:49","date_gmt":"2026-08-31T07:39:49","guid":{"rendered":"https:\/\/calatorinromania.com\/?p=50061"},"modified":"2026-08-31T07:39:49","modified_gmt":"2026-08-31T07:39:49","slug":"turmericul-in-ingrijirea-pielii-beneficii-posibile-si-limite-importante","status":"publish","type":"post","link":"https:\/\/calatorinromania.com\/?p=50061","title":{"rendered":"Turmericul \u00een \u00eengrijirea pielii: beneficii posibile \u0219i limite importante"},"content":{"rendered":"\n<p>Turmericul este un condiment ob\u021binut din planta <strong>Curcuma longa<\/strong>, cunoscut pentru culoarea sa galben-intens\u0103. Principalul s\u0103u compus studiat este curcumina, care a demonstrat propriet\u0103\u021bi antioxidante, antiinflamatoare \u0219i antimicrobiene \u00een cercet\u0103rile de laborator.<\/p>\n\n\n\n<p><\/p>\n\n\n\n<p>Cu toate acestea, rezultatele experimentale nu \u00eenseamn\u0103 c\u0103 turmericul alimentar aplicat direct pe fa\u021b\u0103 poate trata acneea, petele pigmentare sau infec\u021biile. Studiile efectuate pe oameni sunt \u00eenc\u0103 pu\u021bine, iar eficien\u021ba depinde mult de formula produsului.<\/p>\n\n\n\n<p><\/p>\n\n\n\n<h2>Posibile efecte antioxidante<\/h2>\n\n\n\n<p>Curcumina poate neutraliza anumite molecule implicate \u00een stresul oxidativ. Din acest motiv, este cercetat\u0103 ca ingredient pentru produsele destinate protej\u0103rii pielii \u00eempotriva factorilor externi.<\/p>\n\n\n\n<p>Nu s-a demonstrat \u00eens\u0103 c\u0103 o masc\u0103 preparat\u0103 acas\u0103 previne ridurile sau \u00eentinere\u0219te vizibil pielea. Protec\u021bia solar\u0103 zilnic\u0103 r\u0103m\u00e2ne una dintre cele mai importante m\u0103suri \u00eempotriva \u00eemb\u0103tr\u00e2nirii premature.<\/p>\n\n\n\n<p><\/p>\n\n\n\n<h2>Poate calma inflama\u021bia?<\/h2>\n\n\n\n<p>Curcumina are efecte antiinflamatoare observate \u00een laborator, iar unele studii preliminare sugereaz\u0103 c\u0103 formulele special concepute pentru piele ar putea ameliora anumite manifest\u0103ri inflamatorii.<\/p>\n\n\n\n<p>Turmericul nu este \u00eens\u0103 un tratament dovedit pentru acnee, eczem\u0103, psoriazis sau rozacee. Aplicarea pudrei alimentare poate chiar irita pielea sensibil\u0103 \u0219i nu trebuie s\u0103 \u00eenlocuiasc\u0103 tratamentul recomandat de dermatolog.<\/p>\n\n\n\n<p><\/p>\n\n\n\n<h2>Uniformizeaz\u0103 nuan\u021ba pielii?<\/h2>\n\n\n\n<p>Unele produse cosmetice cu extract de turmeric sunt promovate pentru un aspect mai luminos \u0219i mai uniform. Dovezile clinice privind estomparea petelor pigmentare sau a urmelor l\u0103sate de acnee sunt \u00eens\u0103 limitate.<\/p>\n\n\n\n<p>Turmericul nu \u201ealbe\u0219te\u201d pielea \u0219i nu elimin\u0103 cicatricile. \u00cen plus, pigmentul s\u0103u poate l\u0103sa temporar o nuan\u021b\u0103 galben\u0103 pe piele, unghii, prosoape \u0219i haine.<\/p>\n\n\n\n<h2>Stimuleaz\u0103 producerea colagenului?<\/h2>\n\n\n\n<p>Exist\u0103 cercet\u0103ri de laborator privind influen\u021ba curcuminei asupra proceselor implicate \u00een vindecare. Totu\u0219i, nu avem suficiente dovezi c\u0103 aplicarea turmericului din buc\u0103t\u0103rie stimuleaz\u0103 colagenul, cre\u0219te elasticitatea sau previne ridurile.<\/p>\n\n\n\n<p>Pentru \u00eengrijirea pielii mature sunt mai bine sus\u021binute folosirea protec\u021biei solare, hidratarea \u0219i produsele dermatocosmetice cu ingrediente testate.<\/p>\n\n\n\n<h2>Poate trata infec\u021biile pielii?<\/h2>\n\n\n\n<p>De\u0219i turmericul \u0219i curcumina au manifestat activitate antimicrobian\u0103 \u00een laborator, acest lucru nu dovede\u0219te c\u0103 pudra aplicat\u0103 pe piele vindec\u0103 o infec\u021bie.<\/p>\n\n\n\n<p>R\u0103nile, zonele dureroase, umflate, calde sau care prezint\u0103 secre\u021bii trebuie evaluate medical. Aplicarea unor amestecuri preparate acas\u0103 poate \u00eent\u00e2rzia tratamentul potrivit sau poate agrava irita\u021bia.<\/p>\n\n\n\n<h2>Cum poate fi folosit \u00een siguran\u021b\u0103?<\/h2>\n\n\n\n<p>Este preferabil s\u0103 alegi un produs cosmetic formulat special pentru piele, care con\u021bine turmeric sau curcumin\u0103 \u00eentr-o concentra\u021bie controlat\u0103.<\/p>\n\n\n\n<p>\u00cenainte de folosire:<\/p>\n\n\n\n<ul>\n<li>aplic\u0103 o cantitate mic\u0103 pe o zon\u0103 restr\u00e2ns\u0103 a antebra\u021bului;<\/li>\n\n\n\n<li>urm\u0103re\u0219te pielea c\u00e2teva zile pentru ro\u0219ea\u021b\u0103, m\u00e2nc\u0103rime sau umflare;<\/li>\n\n\n\n<li>nu aplica produsul pe r\u0103ni sau \u00een jurul ochilor;<\/li>\n\n\n\n<li>opre\u0219te utilizarea dac\u0103 apare o reac\u021bie;<\/li>\n\n\n\n<li>introdu un singur produs nou \u00een rutin\u0103, pentru a identifica mai u\u0219or eventualele irita\u021bii.<\/li>\n<\/ul>\n\n\n\n<p>Persoanele cu piele sensibil\u0103, eczem\u0103, rozacee sau alergii de contact ar trebui s\u0103 cear\u0103 recomandarea dermatologului \u00eenainte de utilizare.<\/p>\n\n\n\n<h2>Concluzie<\/h2>\n\n\n\n<p>Turmericul este un ingredient interesant, iar curcumina prezint\u0103 propriet\u0103\u021bi promi\u021b\u0103toare \u00een studiile de laborator. Totu\u0219i, dovezile privind efectele produselor aplicate pe pielea oamenilor r\u0103m\u00e2n limitate. Pentru mai mult\u0103 siguran\u021b\u0103, alege produse cosmetice bine formulate \u0219i nu folosi turmericul alimentar ca tratament pentru acnee, pete, cicatrici sau infec\u021bii.<\/p>\n","protected":false},"excerpt":{"rendered":"<p>Turmericul este un condiment ob\u021binut din planta Curcuma longa, cunoscut pentru culoarea sa galben-intens\u0103. Principalul s\u0103u compus studiat este curcumina, care a demonstrat propriet\u0103\u021bi antioxidante,<\/p>\n","protected":false},"author":1,"featured_media":49985,"comment_status":"closed","ping_status":"closed","sticky":false,"template":"","format":"standard","meta":[],"categories":[1],"tags":[],"_links":{"self":[{"href":"https:\/\/calatorinromania.com\/index.php?rest_route=\/wp\/v2\/posts\/50061"}],"collection":[{"href":"https:\/\/calatorinromania.com\/index.php?rest_route=\/wp\/v2\/posts"}],"about":[{"href":"https:\/\/calatorinromania.com\/index.php?rest_route=\/wp\/v2\/types\/post"}],"author":[{"embeddable":true,"href":"https:\/\/calatorinromania.com\/index.php?rest_route=\/wp\/v2\/users\/1"}],"replies":[{"embeddable":true,"href":"https:\/\/calatorinromania.com\/index.php?rest_route=%2Fwp%2Fv2%2Fcomments&post=50061"}],"version-history":[{"count":1,"href":"https:\/\/calatorinromania.com\/index.php?rest_route=\/wp\/v2\/posts\/50061\/revisions"}],"predecessor-version":[{"id":50062,"href":"https:\/\/calatorinromania.com\/index.php?rest_route=\/wp\/v2\/posts\/50061\/revisions\/50062"}],"wp:featuredmedia":[{"embeddable":true,"href":"https:\/\/calatorinromania.com\/index.php?rest_route=\/wp\/v2\/media\/49985"}],"wp:attachment":[{"href":"https:\/\/calatorinromania.com\/index.php?rest_route=%2Fwp%2Fv2%2Fmedia&parent=50061"}],"wp:term":[{"taxonomy":"category","embeddable":true,"href":"https:\/\/calatorinromania.com\/index.php?rest_route=%2Fwp%2Fv2%2Fcategories&post=50061"},{"taxonomy":"post_tag","embeddable":true,"href":"https:\/\/calatorinromania.com\/index.php?rest_route=%2Fwp%2Fv2%2Ftags&post=50061"}],"curies":[{"name":"wp","href":"https:\/\/api.w.org\/{rel}","templated":true}]}}