{"id":50055,"date":"2026-08-31T07:08:57","date_gmt":"2026-08-31T07:08:57","guid":{"rendered":"https:\/\/calatorinromania.com\/?p=50055"},"modified":"2026-08-31T07:08:57","modified_gmt":"2026-08-31T07:08:57","slug":"ceaiul-de-cuisoare-o-bautura-aromata-potrivita-pentru-zilele-reci","status":"publish","type":"post","link":"https:\/\/calatorinromania.com\/?p=50055","title":{"rendered":"Ceaiul de cui\u0219oare: o b\u0103utur\u0103 aromat\u0103, potrivit\u0103 pentru zilele reci"},"content":{"rendered":"\n<p>Ceaiul de cui\u0219oare are o arom\u0103 puternic\u0103, u\u0219or dulce \u0219i picant\u0103. Se prepar\u0103 din bobocii florali usca\u021bi ai arborelui <strong>Syzygium aromaticum<\/strong>, folosi\u021bi de secole drept condiment \u0219i \u00een diferite practici tradi\u021bionale.<\/p>\n\n\n\n<p>Cui\u0219oarele con\u021bin eugenol, un compus aromatic studiat pentru propriet\u0103\u021bile sale antioxidante \u0219i antimicrobiene. Totu\u0219i, cele mai multe rezultate provin din cercet\u0103ri de laborator \u0219i nu demonstreaz\u0103 c\u0103 o simpl\u0103 infuzie poate preveni sau trata anumite boli.<\/p>\n\n\n\n<p><\/p>\n\n\n\n<h2>Cum se prepar\u0103 ceaiul de cui\u0219oare<\/h2>\n\n\n\n<p>Pentru o can\u0103 sunt necesare:<\/p>\n\n\n\n<ul>\n<li>250 ml de ap\u0103;<\/li>\n\n\n\n<li>2\u20133 cui\u0219oare \u00eentregi;<\/li>\n\n\n\n<li>op\u021bional, o felie de l\u0103m\u00e2ie, pu\u021bin\u0103 scor\u021bi\u0219oar\u0103 sau miere.<\/li>\n<\/ul>\n\n\n\n<p>Zdrobe\u0219te u\u0219or cui\u0219oarele pentru a le elibera aroma. Pune-le \u00een apa fierbinte, acoper\u0103 vasul \u0219i las\u0103-le la infuzat timp de <strong>5\u201310 minute<\/strong>. Strecoar\u0103 b\u0103utura \u0219i consum-o cald\u0103.<\/p>\n\n\n\n<p>Dac\u0103 folose\u0219ti miere, adaug-o dup\u0103 ce ceaiul s-a r\u0103corit pu\u021bin.<\/p>\n\n\n\n<p><\/p>\n\n\n\n<h2>Ce poate oferi aceast\u0103 infuzie<\/h2>\n\n\n\n<p><\/p>\n\n\n\n<p><strong>O experien\u021b\u0103 aromat\u0103 \u0219i reconfortant\u0103<\/strong><br>Gustul intens transform\u0103 ceaiul \u00eentr-o b\u0103utur\u0103 pl\u0103cut\u0103 \u00een sezonul rece.<\/p>\n\n\n\n<p><\/p>\n\n\n\n<p><strong>Un aport suplimentar de lichide<\/strong><br>La fel ca alte infuzii ne\u00eendulcite, contribuie la consumul zilnic de lichide.<\/p>\n\n\n\n<p><\/p>\n\n\n\n<p><strong>Posibil confort dup\u0103 mas\u0103<\/strong><br>Cui\u0219oarele sunt folosite tradi\u021bional pentru disconfortul digestiv u\u0219or. Dovezile referitoare la eficien\u021ba ceaiului sunt \u00eens\u0103 limitate, astfel c\u0103 acesta nu trebuie considerat un tratament.<\/p>\n\n\n\n<p><\/p>\n\n\n\n<h2>Ce nu face ceaiul de cui\u0219oare<\/h2>\n\n\n\n<p>Ceaiul nu arde gr\u0103simea \u0219i nu determin\u0103 sl\u0103birea \u00een lipsa unui deficit caloric. De asemenea, nu trateaz\u0103 febra, constipa\u021bia persistent\u0103, sinuzita sau infec\u021biile pielii \u0219i nu poate \u00eenlocui medicamentele recomandate de medic.<\/p>\n\n\n\n<p>De\u0219i cui\u0219oarele \u00eentregi con\u021bin fibre \u0219i minerale, \u00eentr-o infuzie preparat\u0103 din c\u00e2teva buc\u0103\u021bi ajung cantit\u0103\u021bi reduse. Prin urmare, ceaiul nu trebuie prezentat drept o surs\u0103 important\u0103 de vitamine, fibre sau calciu.<\/p>\n\n\n\n<p><\/p>\n\n\n\n<h2>Precau\u021bii importante<\/h2>\n\n\n\n<p>Consum\u0103 aceast\u0103 b\u0103utur\u0103 ocazional \u0219i \u00een cantit\u0103\u021bi moderate. Cui\u0219oarele pot provoca irita\u021bie digestiv\u0103 sau reac\u021bii alergice la persoanele sensibile.<\/p>\n\n\n\n<p>Persoanele care iau medicamente anticoagulante ori antiagregante, au probleme de coagulare, urmeaz\u0103 s\u0103 fie operate, sunt \u00eens\u0103rcinate sau al\u0103pteaz\u0103 ar trebui s\u0103 cear\u0103 sfatul medicului \u00eenainte de un consum frecvent.<\/p>\n\n\n\n<p><strong>Uleiul esen\u021bial de cui\u0219oare nu este acela\u0219i lucru cu infuzia \u0219i nu trebuie \u00eenghi\u021bit.<\/strong> \u00cen cantit\u0103\u021bi mari, eugenolul concentrat poate provoca intoxica\u021bii grave \u0219i afectarea ficatului.<\/p>\n\n\n\n<p><\/p>\n\n\n\n<h2>Concluzie<\/h2>\n\n\n\n<p>Ceaiul de cui\u0219oare poate fi savurat pentru aroma sa intens\u0103 \u0219i pentru senza\u021bia pl\u0103cut\u0103 oferit\u0103 de o b\u0103utur\u0103 cald\u0103. Este \u00eens\u0103 important s\u0103 \u00eel privim ca pe o infuzie aromat\u0103, nu ca pe un remediu capabil s\u0103 trateze boli sau s\u0103 \u00eenlocuiasc\u0103 \u00eengrijirea medical\u0103.<\/p>\n\n\n\n<p><\/p>\n","protected":false},"excerpt":{"rendered":"<p>Ceaiul de cui\u0219oare are o arom\u0103 puternic\u0103, u\u0219or dulce \u0219i picant\u0103. Se prepar\u0103 din bobocii florali usca\u021bi ai arborelui Syzygium aromaticum, folosi\u021bi de secole drept<\/p>\n","protected":false},"author":1,"featured_media":49985,"comment_status":"closed","ping_status":"closed","sticky":false,"template":"","format":"standard","meta":[],"categories":[1],"tags":[],"_links":{"self":[{"href":"https:\/\/calatorinromania.com\/index.php?rest_route=\/wp\/v2\/posts\/50055"}],"collection":[{"href":"https:\/\/calatorinromania.com\/index.php?rest_route=\/wp\/v2\/posts"}],"about":[{"href":"https:\/\/calatorinromania.com\/index.php?rest_route=\/wp\/v2\/types\/post"}],"author":[{"embeddable":true,"href":"https:\/\/calatorinromania.com\/index.php?rest_route=\/wp\/v2\/users\/1"}],"replies":[{"embeddable":true,"href":"https:\/\/calatorinromania.com\/index.php?rest_route=%2Fwp%2Fv2%2Fcomments&post=50055"}],"version-history":[{"count":1,"href":"https:\/\/calatorinromania.com\/index.php?rest_route=\/wp\/v2\/posts\/50055\/revisions"}],"predecessor-version":[{"id":50056,"href":"https:\/\/calatorinromania.com\/index.php?rest_route=\/wp\/v2\/posts\/50055\/revisions\/50056"}],"wp:featuredmedia":[{"embeddable":true,"href":"https:\/\/calatorinromania.com\/index.php?rest_route=\/wp\/v2\/media\/49985"}],"wp:attachment":[{"href":"https:\/\/calatorinromania.com\/index.php?rest_route=%2Fwp%2Fv2%2Fmedia&parent=50055"}],"wp:term":[{"taxonomy":"category","embeddable":true,"href":"https:\/\/calatorinromania.com\/index.php?rest_route=%2Fwp%2Fv2%2Fcategories&post=50055"},{"taxonomy":"post_tag","embeddable":true,"href":"https:\/\/calatorinromania.com\/index.php?rest_route=%2Fwp%2Fv2%2Ftags&post=50055"}],"curies":[{"name":"wp","href":"https:\/\/api.w.org\/{rel}","templated":true}]}}