{"id":50047,"date":"2026-08-31T06:28:09","date_gmt":"2026-08-31T06:28:09","guid":{"rendered":"https:\/\/calatorinromania.com\/?p=50047"},"modified":"2026-08-31T06:28:09","modified_gmt":"2026-08-31T06:28:09","slug":"pasta-groasa-de-rosii-cu-ardei-gata-in-aproximativ-o-ora-%f0%9f%8d%85","status":"publish","type":"post","link":"https:\/\/calatorinromania.com\/?p=50047","title":{"rendered":"Past\u0103 groas\u0103 de ro\u0219ii cu ardei, gata \u00een aproximativ o or\u0103 \ud83c\udf45"},"content":{"rendered":"\n<p>Din ro\u0219ii bine coapte, ardei ro\u0219ii \u0219i pu\u021bin\u0103 ceap\u0103 po\u021bi preg\u0103ti o past\u0103 aromat\u0103, numai bun\u0103 pentru ciorbe, toc\u0103ni\u021be, paste sau pizza.<\/p>\n\n\n\n<p><\/p>\n\n\n\n<p>Trucul care gr\u0103be\u0219te \u00eengro\u0219area este simplu: lichidul limpede care se adun\u0103 la suprafa\u021b\u0103 este scos treptat cu ajutorul unei site \u0219i al unui polonic. Astfel, compozi\u021bia scade mai repede, f\u0103r\u0103 s\u0103 fie nevoie s\u0103 fiarb\u0103 ore \u00eentregi.<\/p>\n\n\n\n<p><\/p>\n\n\n\n<p>Timpul exact depinde de c\u00e2t de zemoase sunt ro\u0219iile, de dimensiunea oalei \u0219i de intensitatea focului.<\/p>\n\n\n\n<p><\/p>\n\n\n\n<h2>Ingrediente<\/h2>\n\n\n\n<ul>\n<li>3 kg de ro\u0219ii bine coapte;<\/li>\n\n\n\n<li>3 ardei gra\u0219i ro\u0219ii;<\/li>\n\n\n\n<li>o ceap\u0103 mare;<\/li>\n\n\n\n<li>2 c\u0103\u021bei de usturoi;<\/li>\n\n\n\n<li>aproximativ o lingur\u0103 de sare grunjoas\u0103, apoi suplimentar dup\u0103 gust;<\/li>\n\n\n\n<li>o linguri\u021b\u0103 de zah\u0103r, op\u021bional;<\/li>\n\n\n\n<li>o frunz\u0103 de dafin, op\u021bional.<\/li>\n<\/ul>\n\n\n\n<p>Zah\u0103rul nu conserv\u0103 pasta \u00een aceast\u0103 cantitate. Rolul s\u0103u este doar de a echilibra gustul acri\u0219or al ro\u0219iilor.<\/p>\n\n\n\n<p><\/p>\n\n\n\n<p><\/p>\n\n\n\n<h2>Mod de preparare<\/h2>\n\n\n\n<h3>1. Preg\u0103te\u0219te legumele<\/h3>\n\n\n\n<p>Spal\u0103 foarte bine ro\u0219iile \u0219i \u00eendep\u0103rteaz\u0103 codi\u021bele, zonele lovite sau p\u0103r\u021bile alterate.<\/p>\n\n\n\n<p>Cur\u0103\u021b\u0103 ardeii de cotoare, semin\u021be \u0219i nervurile albe. Cur\u0103\u021b\u0103 ceapa \u0219i usturoiul, apoi taie toate legumele \u00een buc\u0103\u021bi potrivite pentru ma\u0219ina de tocat.<\/p>\n\n\n\n<p><\/p>\n\n\n\n<p><\/p>\n\n\n\n<h3>2. M\u0103run\u021be\u0219te ingredientele<\/h3>\n\n\n\n<p>Trece ro\u0219iile, ardeii, ceapa \u0219i usturoiul prin ma\u0219ina de tocat, folosind o sit\u0103 fin\u0103. Pune compozi\u021bia \u00eentr-o oal\u0103 mare, cu fund gros \u0219i suficient spa\u021biu liber \u00een partea superioar\u0103.<\/p>\n\n\n\n<p>Dac\u0103 nu ai ma\u0219in\u0103 de tocat, po\u021bi m\u0103run\u021bi legumele cu un robot de buc\u0103t\u0103rie. Pasta va fi omogenizat\u0103 din nou dup\u0103 fierbere.<\/p>\n\n\n\n<p><\/p>\n\n\n\n<p><\/p>\n\n\n\n<h3>3. \u00cencepe fierberea<\/h3>\n\n\n\n<p>Adaug\u0103 o lingur\u0103 de sare \u0219i zah\u0103rul, dac\u0103 alegi s\u0103 \u00eel folose\u0219ti. Amestec\u0103 bine \u0219i pune oala pe foc mediu.<\/p>\n\n\n\n<p>Dup\u0103 ce compozi\u021bia \u00eencepe s\u0103 fiarb\u0103, redu focul. Pasta trebuie s\u0103 clocoteasc\u0103 lent, f\u0103r\u0103 s\u0103 stropeasc\u0103 puternic.<\/p>\n\n\n\n<p><\/p>\n\n\n\n<p><\/p>\n\n\n\n<h3>4. \u00cendep\u0103rteaz\u0103 surplusul de lichid<\/h3>\n\n\n\n<p>A\u0219az\u0103 u\u0219or o sit\u0103 metalic\u0103 fin\u0103 la suprafa\u021ba compozi\u021biei, f\u0103r\u0103 s\u0103 o \u00eempingi p\u00e2n\u0103 la fundul oalei. Zeama mai limpede va p\u0103trunde \u00een sit\u0103 \u0219i poate fi scoas\u0103 cu polonicul.<\/p>\n\n\n\n<p>Repet\u0103 opera\u021biunea pe m\u0103sur\u0103 ce lichidul se adun\u0103. Nu l\u0103sa sita nesupravegheat\u0103 \u00een oal\u0103 \u0219i protejeaz\u0103-\u021bi m\u00e2inile de stropii fierbin\u021bi.<\/p>\n\n\n\n<p>Acest procedeu reduce timpul necesar \u00eengro\u0219\u0103rii, dar durata final\u0103 poate varia.<\/p>\n\n\n\n<p><\/p>\n\n\n\n<p><\/p>\n\n\n\n<h3>5. Fierbe pasta<\/h3>\n\n\n\n<p>Las\u0103 compozi\u021bia s\u0103 fiarb\u0103 aproximativ 35\u201345 de minute, amestec\u00e2nd frecvent, mai ales pe fundul oalei.<\/p>\n\n\n\n<p>Pe m\u0103sur\u0103 ce se \u00eengroa\u0219\u0103, pasta se poate lipi \u0219i poate stropi. Redu focul \u0219i amestec\u0103 mai des \u00een ultima parte a fierberii.<\/p>\n\n\n\n<p><\/p>\n\n\n\n<p><\/p>\n\n\n\n<h3>6. Omogenizeaz\u0103<\/h3>\n\n\n\n<p>Paseaz\u0103 compozi\u021bia cu blenderul vertical p\u00e2n\u0103 c\u00e2nd devine fin\u0103.<\/p>\n\n\n\n<p>Pentru o textur\u0103 f\u0103r\u0103 coji \u0219i semin\u021be, trece pasta printr-o sit\u0103 deas\u0103 sau printr-o pres\u0103 special\u0103 pentru ro\u0219ii. Ai grij\u0103 c\u00e2nd folose\u0219ti blenderul \u00een lichidul fierbinte, pentru a evita stropirea.<\/p>\n\n\n\n<p><\/p>\n\n\n\n<h3>7. Potrive\u0219te gustul<\/h3>\n\n\n\n<p>Pune pasta din nou pe foc mic, adaug\u0103 frunza de dafin \u0219i mai fierbe aproximativ 10\u201315 minute, amestec\u00e2nd permanent.<\/p>\n\n\n\n<p>Gust\u0103 \u0219i mai adaug\u0103 sare numai dac\u0103 este necesar. Scoate frunza de dafin la final.<\/p>\n\n\n\n<p>Opre\u0219te focul c\u00e2nd pasta este pu\u021bin mai moale dec\u00e2t consisten\u021ba dorit\u0103, deoarece se va \u00eengro\u0219a suplimentar dup\u0103 r\u0103cire.<\/p>\n\n\n\n<p><\/p>\n\n\n\n<p><\/p>\n\n\n\n<h2>Cum o p\u0103strezi \u00een siguran\u021b\u0103?<\/h2>\n\n\n\n<h3>La frigider<\/h3>\n\n\n\n<p>Transfer\u0103 pasta \u00een recipiente curate \u0219i mai pu\u021bin ad\u00e2nci, pentru a se r\u0103ci repede. Pune-o \u00een frigider \u00een cel mult dou\u0103 ore de la oprirea focului.<\/p>\n\n\n\n<p>P\u0103streaz-o acoperit\u0103 \u0219i consum-o \u00een aproximativ <strong>3\u20134 zile<\/strong>.<\/p>\n\n\n\n<p><\/p>\n\n\n\n<p><\/p>\n\n\n\n<h3>La congelator<\/h3>\n\n\n\n<p>Dup\u0103 ce pasta s-a r\u0103corit, por\u021bioneaz-o \u00een recipiente mici, forme pentru cuburi sau pungi rezistente pentru congelator.<\/p>\n\n\n\n<p>Dac\u0103 folose\u0219ti recipiente rigide, las\u0103 pu\u021bin spa\u021biu liber, deoarece pasta \u00ee\u0219i m\u0103re\u0219te volumul prin congelare. Noteaz\u0103 data \u0219i consum-o, pentru cea mai bun\u0103 calitate, \u00een aproximativ <strong>3 luni<\/strong>.<\/p>\n\n\n\n<p>Nu recongela pasta dup\u0103 ce s-a dezghe\u021bat complet. Dezghea\u021b\u0103 numai cantitatea necesar\u0103, preferabil \u00een frigider.<\/p>\n\n\n\n<h2>De ce nu se p\u0103streaz\u0103 aceast\u0103 re\u021bet\u0103 direct \u00een c\u0103mar\u0103?<\/h2>\n\n\n\n<p>Ardeiul, ceapa \u0219i usturoiul sunt ingrediente cu aciditate sc\u0103zut\u0103. Raportul din aceast\u0103 re\u021bet\u0103 nu provine dintr-o metod\u0103 testat\u0103 pentru conservare la temperatura camerei.<\/p>\n\n\n\n<p>Fierberea pastei, turnarea ei \u00een borcane fierbin\u021bi, \u00eentoarcerea capacelor \u0219i acoperirea cu p\u0103turi pot crea vid, dar <strong>vidul nu garanteaz\u0103 distrugerea microorganismelor periculoase<\/strong>.<\/p>\n\n\n\n<p>Pentru p\u0103strarea \u00een c\u0103mar\u0103 trebuie urmat\u0103 exact o re\u021bet\u0103 de conservare testat\u0103, cu aciditatea, dimensiunea borcanelor \u0219i timpul de procesare precizate. Nu este suficient s\u0103 adaugi dup\u0103 apreciere zeam\u0103 de l\u0103m\u00e2ie sau acid citric acestei compozi\u021bii.<\/p>\n\n\n\n<h2>Cum po\u021bi folosi zeama scoas\u0103?<\/h2>\n\n\n\n<p>Lichidul colectat poate fi utilizat \u00een:<\/p>\n\n\n\n<ul>\n<li>ciorbe;<\/li>\n\n\n\n<li>toc\u0103ni\u021be;<\/li>\n\n\n\n<li>orez;<\/li>\n\n\n\n<li>sosuri;<\/li>\n\n\n\n<li>supe de legume.<\/li>\n<\/ul>\n\n\n\n<p>Adu-l din nou la fierbere \u00eenainte de folosire. Dac\u0103 nu \u00eel utilizezi imediat, r\u0103ce\u0219te-l rapid \u0219i pune-l la frigider \u00een cel mult dou\u0103 ore. Consum\u0103-l \u00een 3\u20134 zile sau congeleaz\u0103-l.<\/p>\n\n\n\n<h2>Sfaturi utile<\/h2>\n\n\n\n<p>\ud83d\udca1 Folose\u0219te o oal\u0103 larg\u0103. Suprafa\u021ba mai mare favorizeaz\u0103 evaporarea \u0219i scurteaz\u0103 timpul de fierbere.<\/p>\n\n\n\n<p>\ud83d\udca1 Nu ad\u0103uga de la \u00eenceput dou\u0103 linguri de sare. Pe m\u0103sur\u0103 ce pasta scade, gustul s\u0103rat devine mai intens.<\/p>\n\n\n\n<p>\ud83d\udca1 Amestec\u0103 tot mai des spre final, deoarece pasta groas\u0103 se prinde repede de fundul vasului.<\/p>\n\n\n\n<p>\ud83d\udca1 Por\u021bioneaz-o \u00eenainte de congelare. Cuburile sau pachetele mici sunt practice \u0219i \u00ee\u021bi permit s\u0103 dezghe\u021bi exact c\u00e2t ai nevoie.<\/p>\n\n\n\n<p><strong>Poft\u0103 bun\u0103 \u0219i spor la preg\u0103tit bun\u0103t\u0103\u021bi pentru iarn\u0103! \u2764\ufe0f<\/strong><\/p>\n","protected":false},"excerpt":{"rendered":"<p>Din ro\u0219ii bine coapte, ardei ro\u0219ii \u0219i pu\u021bin\u0103 ceap\u0103 po\u021bi preg\u0103ti o past\u0103 aromat\u0103, numai bun\u0103 pentru ciorbe, toc\u0103ni\u021be, paste sau pizza. Trucul care gr\u0103be\u0219te<\/p>\n","protected":false},"author":1,"featured_media":49985,"comment_status":"closed","ping_status":"closed","sticky":false,"template":"","format":"standard","meta":[],"categories":[1],"tags":[],"_links":{"self":[{"href":"https:\/\/calatorinromania.com\/index.php?rest_route=\/wp\/v2\/posts\/50047"}],"collection":[{"href":"https:\/\/calatorinromania.com\/index.php?rest_route=\/wp\/v2\/posts"}],"about":[{"href":"https:\/\/calatorinromania.com\/index.php?rest_route=\/wp\/v2\/types\/post"}],"author":[{"embeddable":true,"href":"https:\/\/calatorinromania.com\/index.php?rest_route=\/wp\/v2\/users\/1"}],"replies":[{"embeddable":true,"href":"https:\/\/calatorinromania.com\/index.php?rest_route=%2Fwp%2Fv2%2Fcomments&post=50047"}],"version-history":[{"count":1,"href":"https:\/\/calatorinromania.com\/index.php?rest_route=\/wp\/v2\/posts\/50047\/revisions"}],"predecessor-version":[{"id":50048,"href":"https:\/\/calatorinromania.com\/index.php?rest_route=\/wp\/v2\/posts\/50047\/revisions\/50048"}],"wp:featuredmedia":[{"embeddable":true,"href":"https:\/\/calatorinromania.com\/index.php?rest_route=\/wp\/v2\/media\/49985"}],"wp:attachment":[{"href":"https:\/\/calatorinromania.com\/index.php?rest_route=%2Fwp%2Fv2%2Fmedia&parent=50047"}],"wp:term":[{"taxonomy":"category","embeddable":true,"href":"https:\/\/calatorinromania.com\/index.php?rest_route=%2Fwp%2Fv2%2Fcategories&post=50047"},{"taxonomy":"post_tag","embeddable":true,"href":"https:\/\/calatorinromania.com\/index.php?rest_route=%2Fwp%2Fv2%2Ftags&post=50047"}],"curies":[{"name":"wp","href":"https:\/\/api.w.org\/{rel}","templated":true}]}}