{"id":47572,"date":"2026-04-30T07:43:39","date_gmt":"2026-04-30T07:43:39","guid":{"rendered":"https:\/\/calatorinromania.com\/?p=47572"},"modified":"2026-04-30T07:43:39","modified_gmt":"2026-04-30T07:43:39","slug":"tatal-le-a-dat-celor-trei-fii-ai-sai-o-hartie-cu-datorie-de-90-000-de-lei-ca-sa-l-ajute","status":"publish","type":"post","link":"https:\/\/calatorinromania.com\/?p=47572","title":{"rendered":"\u201dTat\u0103l le-a dat celor trei fii ai s\u0103i o h\u00e2rtie cu datorie de 90.000 de lei ca s\u0103-l ajute\u201d"},"content":{"rendered":"\n<p>\u2026ci o scrisoare scris\u0103 de m\u00e2n\u0103, cu litere tremurate, dar pline de via\u021b\u0103.<\/p>\n\n\n\n<p><\/p>\n\n\n\n<p>\u201eFiule drag, Dac\u0103 cite\u0219ti asta, \u00eenseamn\u0103 c\u0103 a trecut un an de c\u00e2nd mi-ai oferit mai mult dec\u00e2t banii: mi-ai oferit demnitate, lini\u0219te \u0219i dragoste. Ai avut grij\u0103 de mine c\u00e2nd ceilal\u021bi s-au ascuns dup\u0103 scuze. \u021ai-am v\u0103zut ochii obosi\u021bi \u0219i palmele cr\u0103pate de munc\u0103, dar \u0219i z\u00e2mbetul t\u0103u c\u00e2nd m\u0103 vedeai m\u00e2nc\u00e2nd.<\/p>\n\n\n\n<p><\/p>\n\n\n\n<p>Am fost tat\u0103 toat\u0103 via\u021ba, dar abia acum am \u00eenv\u0103\u021bat ce \u00eenseamn\u0103 s\u0103 fii fiu cu adev\u0103rat. Aceast\u0103 datorie nu exist\u0103. Eu nu am \u00eemprumutat niciun ban. Am vrut doar s\u0103 v\u0103d care dintre voi are inim\u0103 curat\u0103.\u201d<\/p>\n\n\n\n<p><\/p>\n\n\n\n<p>Mihai a citit de mai multe ori r\u00e2ndurile, f\u0103r\u0103 s\u0103 poat\u0103 crede. H\u00e2rtia aceea, care \u00eel ap\u0103sa pe suflet de un an \u00eentreg, era doar o \u00eencercare. Tat\u0103l lui voise s\u0103 afle cine \u00eel iubea cu adev\u0103rat, nu cine putea pl\u0103ti.<\/p>\n\n\n\n<p><\/p>\n\n\n\n<p>Lacrimile i-au umplut ochii.<\/p>\n\n\n\n<p>\u201eTat\u0103\u2026\u201d, a \u0219optit el, str\u00e2ng\u00e2nd foaia la piept.<\/p>\n\n\n\n<p>Dar tat\u0103l Ion \u00eel privea deja z\u00e2mbind.<\/p>\n\n\n\n<p>\u201eFiule, tot ce am avut \u021bi-am dat. Dar ce ai tu \u00een suflet\u2026 nu \u021bi-l poate lua nimeni.\u201d<\/p>\n\n\n\n<p>Dup\u0103 c\u00e2teva zile, b\u0103tr\u00e2nul s-a stins lini\u0219tit, cu m\u00e2na \u00een m\u00e2na fiului s\u0103u. Mihai a pl\u00e2ns mult. Apoi a pus scrisoarea \u00eentr-o ram\u0103 simpl\u0103 \u0219i a ag\u0103\u021bat-o pe peretele din buc\u0103t\u0103rie, acolo unde o putea vedea \u00een fiecare zi.<\/p>\n\n\n\n<p>Ana l-a \u00eembr\u0103\u021bi\u0219at \u0219i i-a spus: \u201eS\u0103 \u0219tii c\u0103 tat\u0103l t\u0103u te-a binecuv\u00e2ntat. Nu cu avere, ci cu o lec\u021bie pe care pu\u021bini o primesc.\u201d<\/p>\n\n\n\n<p>De atunci, Mihai nu s-a mai pl\u00e2ns niciodat\u0103 de greut\u0103\u021bi.<\/p>\n\n\n\n<p>A continuat s\u0103 munceasc\u0103, dar nu pentru bani, ci pentru lini\u0219tea sufletului.<\/p>\n\n\n\n<p>Cafeneaua Anei a \u00eenceput s\u0103 mearg\u0103 bine, iar dup\u0103 doi ani au putut cump\u0103ra o cas\u0103 mai mare.<\/p>\n\n\n\n<p>\u00centr-o zi, cei doi fra\u021bi, Radu \u0219i Iulian, au venit la el. \u021aineau \u00een m\u00e2n\u0103 c\u00e2te o coroan\u0103 de flori pentru morm\u00e2ntul tat\u0103lui.<\/p>\n\n\n\n<p>\u201eMihai\u2026 am aflat adev\u0103rul. Ne e ru\u0219ine\u201d, a spus Radu cu vocea tremur\u00e2nd\u0103.<\/p>\n\n\n\n<p>Mihai i-a privit cu bl\u00e2nde\u021be.<\/p>\n\n\n\n<p>\u201eTata nu a vrut ru\u0219inea voastr\u0103, ci s\u0103 ne arate tuturor ce \u00eenseamn\u0103 iubirea adev\u0103rat\u0103. Nu-i niciodat\u0103 prea t\u00e2rziu s\u0103-l \u00een\u021belegi.\u201d<\/p>\n\n\n\n<p>Au mers \u00eempreun\u0103 la cimitir. Pe piatra funerar\u0103 scria:<\/p>\n\n\n\n<p>\u201eAici odihne\u0219te un tat\u0103 care a vrut s\u0103-\u0219i cunoasc\u0103 fiii. \u0218i a g\u0103sit unul cu inim\u0103 de aur.\u201d<\/p>\n\n\n\n<p>De atunci, fra\u021bii s-au apropiat din nou. Au \u00eenceput s\u0103 se ajute, s\u0103-\u0219i viziteze familiile \u0219i s\u0103-\u0219i dea seama c\u00e2t de fragil e timpul.<\/p>\n\n\n\n<p>Mihai p\u0103streaz\u0103 \u0219i azi scrisoarea tat\u0103lui, \u00eentr-o ram\u0103 de lemn vechi. C\u00e2nd fiul lui cel mic \u00eentreab\u0103: \u201eTat\u0103, de ce e h\u00e2rtia asta at\u00e2t de important\u0103?\u201d, el z\u00e2mbe\u0219te \u0219i spune:<\/p>\n\n\n\n<p>\u201ePentru c\u0103 uneori, cea mai mare avere nu e cea din banc\u0103, ci cea din inim\u0103.\u201d<\/p>\n\n\n\n<p>\u0218i a\u0219a, povestea unui simplu bilet cu datorie s-a transformat \u00eentr-o lec\u021bie despre dragoste, sacrificiu \u0219i adev\u0103r, o poveste care va r\u0103m\u00e2ne vie \u00een sufletul unei familii rom\u00e2ne\u0219ti.<\/p>\n\n\n\n<p><em>Aceast\u0103 lucrare este inspirat\u0103 din evenimente \u0219i persoane reale, \u00eens\u0103 a fost fic\u021bionalizat\u0103 \u00een scopuri creative. Numele, personajele \u0219i detaliile au fost schimbate pentru a proteja intimitatea \u0219i pentru a \u00eembun\u0103t\u0103\u021bi nara\u021biunea. Orice asem\u0103nare cu persoane reale, \u00een via\u021b\u0103 sau decedate, sau cu evenimente reale este pur \u00eent\u00e2mpl\u0103toare \u0219i nu este inten\u021bionat\u0103 de c\u0103tre autor.<\/em><\/p>\n\n\n\n<p><em>Autorul \u0219i editorul nu \u00ee\u0219i asum\u0103 responsabilitatea pentru exactitatea evenimentelor sau pentru modul \u00een care sunt portretizate personajele \u0219i nu sunt r\u0103spunz\u0103tori pentru eventuale interpret\u0103ri gre\u0219ite. Aceast\u0103 poveste este oferit\u0103 \u201eca atare\u201d, iar orice opinii exprimate apar\u021bin personajelor \u0219i nu reflect\u0103 punctele de vedere ale autorului sau ale editorului.<\/em><\/p>\n","protected":false},"excerpt":{"rendered":"<p>\u2026ci o scrisoare scris\u0103 de m\u00e2n\u0103, cu litere tremurate, dar pline de via\u021b\u0103. \u201eFiule drag, Dac\u0103 cite\u0219ti asta, \u00eenseamn\u0103 c\u0103 a trecut un an de<\/p>\n","protected":false},"author":1,"featured_media":47435,"comment_status":"closed","ping_status":"closed","sticky":false,"template":"","format":"standard","meta":[],"categories":[1],"tags":[],"_links":{"self":[{"href":"https:\/\/calatorinromania.com\/index.php?rest_route=\/wp\/v2\/posts\/47572"}],"collection":[{"href":"https:\/\/calatorinromania.com\/index.php?rest_route=\/wp\/v2\/posts"}],"about":[{"href":"https:\/\/calatorinromania.com\/index.php?rest_route=\/wp\/v2\/types\/post"}],"author":[{"embeddable":true,"href":"https:\/\/calatorinromania.com\/index.php?rest_route=\/wp\/v2\/users\/1"}],"replies":[{"embeddable":true,"href":"https:\/\/calatorinromania.com\/index.php?rest_route=%2Fwp%2Fv2%2Fcomments&post=47572"}],"version-history":[{"count":1,"href":"https:\/\/calatorinromania.com\/index.php?rest_route=\/wp\/v2\/posts\/47572\/revisions"}],"predecessor-version":[{"id":47573,"href":"https:\/\/calatorinromania.com\/index.php?rest_route=\/wp\/v2\/posts\/47572\/revisions\/47573"}],"wp:featuredmedia":[{"embeddable":true,"href":"https:\/\/calatorinromania.com\/index.php?rest_route=\/wp\/v2\/media\/47435"}],"wp:attachment":[{"href":"https:\/\/calatorinromania.com\/index.php?rest_route=%2Fwp%2Fv2%2Fmedia&parent=47572"}],"wp:term":[{"taxonomy":"category","embeddable":true,"href":"https:\/\/calatorinromania.com\/index.php?rest_route=%2Fwp%2Fv2%2Fcategories&post=47572"},{"taxonomy":"post_tag","embeddable":true,"href":"https:\/\/calatorinromania.com\/index.php?rest_route=%2Fwp%2Fv2%2Ftags&post=47572"}],"curies":[{"name":"wp","href":"https:\/\/api.w.org\/{rel}","templated":true}]}}