{"id":47570,"date":"2026-04-30T07:15:42","date_gmt":"2026-04-30T07:15:42","guid":{"rendered":"https:\/\/calatorinromania.com\/?p=47570"},"modified":"2026-04-30T07:15:43","modified_gmt":"2026-04-30T07:15:43","slug":"soacra-mea-s-a-uitat-la-burta-mea-de-38-de-saptamani-de-sarcina","status":"publish","type":"post","link":"https:\/\/calatorinromania.com\/?p=47570","title":{"rendered":"Soacra mea s-a uitat la burta mea de 38 de s\u0103pt\u0103m\u00e2ni de sarcin\u0103"},"content":{"rendered":"\n<p>Inima \u00eemi b\u0103tea at\u00e2t de tare \u00eenc\u00e2t \u00eemi \u021biuiau urechile.<\/p>\n\n\n\n<p><\/p>\n\n\n\n<p>Pentru o clip\u0103 am crezut c\u0103 le\u0219in.<\/p>\n\n\n\n<p><\/p>\n\n\n\n<p>Dar nu aveam voie. Nu atunci.<\/p>\n\n\n\n<p><\/p>\n\n\n\n<p>Am str\u00e2ns din din\u021bi \u0219i m-am t\u00e2r\u00e2t pe coate, centimetru cu centimetru, spre telefonul de pe mas\u0103. Fiecare mi\u0219care era un chin. Burta parc\u0103 m\u0103 tr\u0103gea \u00een jos, iar contrac\u021biile veneau din ce \u00een ce mai des.<\/p>\n\n\n\n<p><\/p>\n\n\n\n<p>Un zgomot metalic a spart lini\u0219tea.<\/p>\n\n\n\n<p><\/p>\n\n\n\n<p>Grilajul.<\/p>\n\n\n\n<p><\/p>\n\n\n\n<p>Se deschidea.<\/p>\n\n\n\n<p><\/p>\n\n\n\n<p>\u2014Doamne\u2026 \u2014am \u0219optit.<\/p>\n\n\n\n<p><\/p>\n\n\n\n<p>U\u0219a din spate a sc\u00e2r\u021b\u00e2it u\u0219or. Pa\u0219i gr\u0103bi\u021bi. Grei.<\/p>\n\n\n\n<p><\/p>\n\n\n\n<p>Am apucat telefonul cu m\u00e2inile tremur\u00e2nde \u0219i am format 112. Nu \u0219tiu cum am reu\u0219it s\u0103 vorbesc, dar am spus tot: c\u0103 nasc, c\u0103 sunt singur\u0103, c\u0103 cineva a intrat \u00een cas\u0103.<\/p>\n\n\n\n<p><\/p>\n\n\n\n<p>Pa\u0219ii se apropiau.<\/p>\n\n\n\n<p>Am tras aer ad\u00e2nc \u0219i m-am \u00eentors c\u00e2t am putut spre hol.<\/p>\n\n\n\n<p>\u0218i atunci l-am v\u0103zut.<\/p>\n\n\n\n<p>Era vecinul de peste drum, nea Ilie.<\/p>\n\n\n\n<p>Cu fesul lui vechi \u0219i geaca de lucru.<\/p>\n\n\n\n<p>\u2014Fat\u0103, e\u0219ti bine? \u2014a zis el, uit\u00e2ndu-se speriat la mine.<\/p>\n\n\n\n<p>Am izbucnit \u00een pl\u00e2ns.<\/p>\n\n\n\n<p>\u2014Nasc\u2026 m-au \u00eencuiat\u2026 v\u0103 rog\u2026<\/p>\n\n\n\n<p>N-a mai zis nimic. A alergat direct la mine, a pus o p\u0103tur\u0103 pe jos \u0219i m-a ajutat s\u0103 m\u0103 sprijin.<\/p>\n\n\n\n<p>\u2014Stai lini\u0219tit\u0103, nu te las singur\u0103 \u2014a zis hot\u0103r\u00e2t\u2014. Am mai prins eu d-astea la via\u021ba mea.<\/p>\n\n\n\n<p>Nu \u0219tiu dac\u0103 era adev\u0103rat. Dar felul \u00een care vorbea m-a f\u0103cut s\u0103 cred.<\/p>\n\n\n\n<p>\u00cen c\u00e2teva minute, au mai ap\u0103rut dou\u0103 vecine. Una a adus ap\u0103 cald\u0103, alta prosoape. Cineva vorbea cu ambulan\u021ba la telefon.<\/p>\n\n\n\n<p>Durerea devenea insuportabil\u0103.<\/p>\n\n\n\n<p>\u2014Respir\u0103, fat\u0103, respir\u0103 \u2014\u00eemi spunea nea Ilie.<\/p>\n\n\n\n<p>\u0218i am respirat.<\/p>\n\n\n\n<p>Am \u021bipat.<\/p>\n\n\n\n<p>Am \u00eempins.<\/p>\n\n\n\n<p>\u0218i, \u00eentr-un final, \u00eentr-un moment care p\u0103rea desprins din alt\u0103 lume, am auzit primul pl\u00e2nset.<\/p>\n\n\n\n<p>Un sunet mic, dar puternic.<\/p>\n\n\n\n<p>Feti\u021ba mea.<\/p>\n\n\n\n<p>To\u021bi au r\u0103suflat u\u0219ura\u021bi. Una dintre vecine a \u00eenvelit-o \u0219i mi-a pus-o pe piept.<\/p>\n\n\n\n<p>Am izbucnit \u00een lacrimi.<\/p>\n\n\n\n<p>\u2014E bine\u2026 e s\u0103n\u0103toas\u0103 \u2014mi-a spus cineva.<\/p>\n\n\n\n<p>Ambulan\u021ba a ajuns c\u00e2teva minute mai t\u00e2rziu. M-au dus la spital, dar r\u0103ul trecuse. Eram vie. Era vie.<\/p>\n\n\n\n<p>\u0218apte zile mai t\u00e2rziu, eram deja acas\u0103.<\/p>\n\n\n\n<p>Cu feti\u021ba \u00een bra\u021be.<\/p>\n\n\n\n<p>\u0218i cu toate actele preg\u0103tite.<\/p>\n\n\n\n<p>C\u00e2nd au ajuns ei, r\u00e2z\u00e2nd \u0219i tr\u0103g\u00e2nd trolerele dup\u0103 ei, au r\u0103mas bloca\u021bi \u00een fa\u021ba u\u0219ii.<\/p>\n\n\n\n<p>Schimbasem yala.<\/p>\n\n\n\n<p>Pe u\u0219\u0103 era lipit un plic.<\/p>\n\n\n\n<p>Matei l-a deschis cu m\u00e2ini tremur\u00e2nde.<\/p>\n\n\n\n<p>\u00cen\u0103untru erau actele de divor\u021b.<\/p>\n\n\n\n<p>\u0218i un bile\u021bel simplu:<\/p>\n\n\n\n<p>\u201eAici nu mai e casa voastr\u0103. Aici e casa mea \u0219i a fiicei mele.\u201d<\/p>\n\n\n\n<p>Nu am ie\u0219it s\u0103-i v\u0103d.<\/p>\n\n\n\n<p>Nu mai aveam nevoie.<\/p>\n\n\n\n<p>Pentru prima dat\u0103, nu mai eram singur\u0103.<\/p>\n\n\n\n<p>\u0218i nici slab\u0103.<\/p>\n\n\n\n<p>Eram mam\u0103.<\/p>\n\n\n\n<p>\u0218i eram mai puternic\u0103 dec\u00e2t oric\u00e2nd.<\/p>\n\n\n\n<p><em>Aceast\u0103 lucrare este inspirat\u0103 din evenimente \u0219i persoane reale, \u00eens\u0103 a fost fic\u021bionalizat\u0103 \u00een scopuri creative. Numele, personajele \u0219i detaliile au fost schimbate pentru a proteja intimitatea \u0219i pentru a \u00eembun\u0103t\u0103\u021bi nara\u021biunea. Orice asem\u0103nare cu persoane reale, \u00een via\u021b\u0103 sau decedate, sau cu evenimente reale este pur \u00eent\u00e2mpl\u0103toare \u0219i nu este inten\u021bionat\u0103 de c\u0103tre autor.<\/em><\/p>\n\n\n\n<p><em>Autorul \u0219i editorul nu \u00ee\u0219i asum\u0103 responsabilitatea pentru exactitatea evenimentelor sau pentru modul \u00een care sunt portretizate personajele \u0219i nu sunt r\u0103spunz\u0103tori pentru eventuale interpret\u0103ri gre\u0219ite. Aceast\u0103 poveste este oferit\u0103 \u201eca atare\u201d, iar orice opinii exprimate apar\u021bin personajelor \u0219i nu reflect\u0103 punctele de vedere ale autorului sau ale editorului.<\/em><\/p>\n","protected":false},"excerpt":{"rendered":"<p>Inima \u00eemi b\u0103tea at\u00e2t de tare \u00eenc\u00e2t \u00eemi \u021biuiau urechile. Pentru o clip\u0103 am crezut c\u0103 le\u0219in. Dar nu aveam voie. Nu atunci. Am str\u00e2ns<\/p>\n","protected":false},"author":1,"featured_media":47435,"comment_status":"closed","ping_status":"closed","sticky":false,"template":"","format":"standard","meta":[],"categories":[1],"tags":[],"_links":{"self":[{"href":"https:\/\/calatorinromania.com\/index.php?rest_route=\/wp\/v2\/posts\/47570"}],"collection":[{"href":"https:\/\/calatorinromania.com\/index.php?rest_route=\/wp\/v2\/posts"}],"about":[{"href":"https:\/\/calatorinromania.com\/index.php?rest_route=\/wp\/v2\/types\/post"}],"author":[{"embeddable":true,"href":"https:\/\/calatorinromania.com\/index.php?rest_route=\/wp\/v2\/users\/1"}],"replies":[{"embeddable":true,"href":"https:\/\/calatorinromania.com\/index.php?rest_route=%2Fwp%2Fv2%2Fcomments&post=47570"}],"version-history":[{"count":1,"href":"https:\/\/calatorinromania.com\/index.php?rest_route=\/wp\/v2\/posts\/47570\/revisions"}],"predecessor-version":[{"id":47571,"href":"https:\/\/calatorinromania.com\/index.php?rest_route=\/wp\/v2\/posts\/47570\/revisions\/47571"}],"wp:featuredmedia":[{"embeddable":true,"href":"https:\/\/calatorinromania.com\/index.php?rest_route=\/wp\/v2\/media\/47435"}],"wp:attachment":[{"href":"https:\/\/calatorinromania.com\/index.php?rest_route=%2Fwp%2Fv2%2Fmedia&parent=47570"}],"wp:term":[{"taxonomy":"category","embeddable":true,"href":"https:\/\/calatorinromania.com\/index.php?rest_route=%2Fwp%2Fv2%2Fcategories&post=47570"},{"taxonomy":"post_tag","embeddable":true,"href":"https:\/\/calatorinromania.com\/index.php?rest_route=%2Fwp%2Fv2%2Ftags&post=47570"}],"curies":[{"name":"wp","href":"https:\/\/api.w.org\/{rel}","templated":true}]}}