{"id":47565,"date":"2026-04-30T06:40:59","date_gmt":"2026-04-30T06:40:59","guid":{"rendered":"https:\/\/calatorinromania.com\/?p=47565"},"modified":"2026-04-30T06:42:27","modified_gmt":"2026-04-30T06:42:27","slug":"a-cerut-doar-resturile-de-mancare","status":"publish","type":"post","link":"https:\/\/calatorinromania.com\/?p=47565","title":{"rendered":"\u201eA cerut doar resturile de m\u00e2ncare\u2026"},"content":{"rendered":"\n<p>Privirea lui Samuel cobor\u00ee doar pentru o secund\u0103.<\/p>\n\n\n\n<p><\/p>\n\n\n\n<p>Apoi ridic\u0103 din nou ochii.<\/p>\n\n\n\n<p><\/p>\n\n\n\n<p>\u201eNu mai avem p\u0103rin\u021bi\u201d, spuse el simplu.<\/p>\n\n\n\n<p><\/p>\n\n\n\n<p>Ernesto nu reac\u021bion\u0103 imediat. A mai auzit replica asta \u00een forme diferite de zeci de ori, dar ceva \u00een tonul b\u0103iatului nu se potrivea cu povestea clasic\u0103. Nu era nici victimizare, nici dramatism. Era ca o constatare rece, deja acceptat\u0103.<\/p>\n\n\n\n<p><\/p>\n\n\n\n<p>\u201eC\u00e2nd spui c\u0103 nu mai ave\u021bi\u2026?\u201d \u00eentreb\u0103 el mai \u00eencet.<\/p>\n\n\n\n<p><\/p>\n\n\n\n<p>Samuel str\u00e2nse mai tare copilul din bra\u021be.<\/p>\n\n\n\n<p><\/p>\n\n\n\n<p>\u201eMama a murit anul trecut. Tata\u2026 a disp\u0103rut dup\u0103 ce a avut probleme la serviciu.\u201d<\/p>\n\n\n\n<p><\/p>\n\n\n\n<p>Ernesto \u00ee\u0219i \u00eengust\u0103 privirea, dar nu din compasiune. Din aten\u021bie.<\/p>\n\n\n\n<p><\/p>\n\n\n\n<p>\u201eUnde lucra?\u201d<\/p>\n\n\n\n<p><\/p>\n\n\n\n<p>\u201eLa construc\u021bii. Pentru compania Villagran.\u201d<\/p>\n\n\n\n<p><\/p>\n\n\n\n<p>Numele \u00eel lovi ca un obiect aruncat f\u0103r\u0103 avertisment.<\/p>\n\n\n\n<p><\/p>\n\n\n\n<p>Dar Ernesto nu se mi\u0219c\u0103. Doar degetele lui se oprir\u0103 pentru o clip\u0103 pe marginea paharului.<\/p>\n\n\n\n<p><\/p>\n\n\n\n<p>Ximena, care p\u00e2n\u0103 atunci t\u0103cuse complet, f\u0103cu un pas mic \u00een lateral. \u0218i atunci Ernesto observ\u0103 ceva ce ceilal\u021bi de la mese nu ar fi remarcat nici dac\u0103 ar fi stat l\u00e2ng\u0103 ei.<\/p>\n\n\n\n<p><\/p>\n\n\n\n<p>Feti\u021ba \u021binea \u00een m\u00e2n\u0103 un mic obiect metalic, ascuns pe jum\u0103tate \u00een m\u00e2nec\u0103.<\/p>\n\n\n\n<p><\/p>\n\n\n\n<p>Un breloc.<\/p>\n\n\n\n<p><\/p>\n\n\n\n<p>Uzur\u0103 fin\u0103. Logo gravat.<\/p>\n\n\n\n<p><\/p>\n\n\n\n<p>Nu era de la un magazin ieftin. Era emblema vechii divizii hoteliere Villagran \u2014 una pe care Ernesto o retr\u0103sese din circula\u021bie cu ani \u00een urm\u0103, dup\u0103 ce so\u021bia lui insistase s\u0103 fie donat\u0103 unor familii de angaja\u021bi ca \u201emic gest de recuno\u0219tin\u021b\u0103\u201d.<\/p>\n\n\n\n<p><\/p>\n\n\n\n<p>Ernesto sim\u021bi ceva greu \u00een piept.<\/p>\n\n\n\n<p>\u201eDe unde ai asta?\u201d \u00eentreb\u0103 el.<\/p>\n\n\n\n<p>Ximena se uit\u0103 la Samuel \u00eenainte s\u0103 r\u0103spund\u0103.<\/p>\n\n\n\n<p>\u201eNe-a dat-o tata. A zis s\u0103 o p\u0103str\u0103m dac\u0103 r\u0103m\u00e2nem singuri.\u201d<\/p>\n\n\n\n<p>Samuel continu\u0103, mai rapid acum, ca \u0219i cum voia s\u0103 termine \u00eenainte s\u0103 fie \u00eentrerupt:<\/p>\n\n\n\n<p>\u201eDup\u0103 accidentul de pe \u0219antier, nu ne-a mai c\u0103utat nimeni. Am stat la un centru, dar nu era\u2026 sigur. Am plecat.\u201d<\/p>\n\n\n\n<p>Ernesto \u00ee\u0219i trecu privirea peste to\u021bi trei din nou.<\/p>\n\n\n\n<p>\u0218i atunci a v\u0103zut altceva: copiii nu erau murdari de via\u021b\u0103 de strad\u0103, ci doar obosi\u021bi. Hainele erau vechi, dar \u00eengrijite. P\u0103rul copiilor fusese tuns recent. Cineva avusese grij\u0103 de ei p\u00e2n\u0103 nu demult.<\/p>\n\n\n\n<p>Nu erau \u201eabandona\u021bi\u201d \u00een sensul obi\u0219nuit.<\/p>\n\n\n\n<p>Fuseser\u0103 pierdu\u021bi \u00eentr-un sistem.<\/p>\n\n\n\n<p>Ernesto \u00eempinse farfuria deoparte.<\/p>\n\n\n\n<p>Pentru prima dat\u0103 \u00een acea sear\u0103, nu mai vedea contracte, profituri sau semn\u0103turi.<\/p>\n\n\n\n<p>\u201eSta\u021bi aici\u201d, spuse el calm.<\/p>\n\n\n\n<p>Samuel ridic\u0103 imediat garda.<\/p>\n\n\n\n<p>\u201eNu vrem probleme, domnule. Doar m\u00e2ncare.\u201d<\/p>\n\n\n\n<p>Ernesto \u00ee\u0219i scoase telefonul, dar nu pentru a suna poli\u021bia. Nici pentru PR.<\/p>\n\n\n\n<p>Ci pentru cineva din securitatea lui personal\u0103.<\/p>\n\n\n\n<p>\u201eNu e problem\u0103\u201d, r\u0103spunse el. \u201eE doar\u2026 c\u0103 cineva a gre\u0219it undeva. \u0218i vreau s\u0103 \u00een\u021beleg unde.\u201d<\/p>\n\n\n\n<p>Apoi se uit\u0103 din nou la brelocul din m\u00e2na feti\u021bei.<\/p>\n\n\n\n<p>\u0218i, pentru prima dat\u0103 dup\u0103 ani \u00eentregi, Ernesto Villagran sim\u021bi c\u0103 nu mai cite\u0219te un contract.<\/p>\n\n\n\n<p>Ci o poveste care abia \u00eencepea.<\/p>\n\n\n\n<p><\/p>\n\n\n\n<p>Aceast\u0103 lucrare este inspirat\u0103 din evenimente \u0219i persoane reale, \u00eens\u0103 a fost fic\u021bionalizat\u0103 \u00een scopuri creative. Numele, personajele \u0219i detaliile au fost schimbate pentru a proteja intimitatea \u0219i pentru a \u00eembun\u0103t\u0103\u021bi nara\u021biunea. Orice asem\u0103nare cu persoane reale, \u00een via\u021b\u0103 sau decedate, sau cu evenimente reale este pur \u00eent\u00e2mpl\u0103toare \u0219i nu este inten\u021bionat\u0103 de c\u0103tre autor.<\/p>\n\n\n\n<p>Autorul \u0219i editorul nu \u00ee\u0219i asum\u0103 responsabilitatea pentru exactitatea evenimentelor sau pentru modul \u00een care sunt portretizate personajele \u0219i nu sunt r\u0103spunz\u0103tori pentru eventuale interpret\u0103ri gre\u0219ite. Aceast\u0103 poveste este oferit\u0103 \u201eca atare\u201d, iar orice opinii exprimate apar\u021bin personajelor \u0219i nu reflect\u0103 punctele de vedere ale autorului sau ale editorului.<\/p>\n","protected":false},"excerpt":{"rendered":"<p>Privirea lui Samuel cobor\u00ee doar pentru o secund\u0103. Apoi ridic\u0103 din nou ochii. \u201eNu mai avem p\u0103rin\u021bi\u201d, spuse el simplu. Ernesto nu reac\u021bion\u0103 imediat. A<\/p>\n","protected":false},"author":1,"featured_media":47435,"comment_status":"closed","ping_status":"closed","sticky":false,"template":"","format":"standard","meta":[],"categories":[1],"tags":[],"_links":{"self":[{"href":"https:\/\/calatorinromania.com\/index.php?rest_route=\/wp\/v2\/posts\/47565"}],"collection":[{"href":"https:\/\/calatorinromania.com\/index.php?rest_route=\/wp\/v2\/posts"}],"about":[{"href":"https:\/\/calatorinromania.com\/index.php?rest_route=\/wp\/v2\/types\/post"}],"author":[{"embeddable":true,"href":"https:\/\/calatorinromania.com\/index.php?rest_route=\/wp\/v2\/users\/1"}],"replies":[{"embeddable":true,"href":"https:\/\/calatorinromania.com\/index.php?rest_route=%2Fwp%2Fv2%2Fcomments&post=47565"}],"version-history":[{"count":2,"href":"https:\/\/calatorinromania.com\/index.php?rest_route=\/wp\/v2\/posts\/47565\/revisions"}],"predecessor-version":[{"id":47567,"href":"https:\/\/calatorinromania.com\/index.php?rest_route=\/wp\/v2\/posts\/47565\/revisions\/47567"}],"wp:featuredmedia":[{"embeddable":true,"href":"https:\/\/calatorinromania.com\/index.php?rest_route=\/wp\/v2\/media\/47435"}],"wp:attachment":[{"href":"https:\/\/calatorinromania.com\/index.php?rest_route=%2Fwp%2Fv2%2Fmedia&parent=47565"}],"wp:term":[{"taxonomy":"category","embeddable":true,"href":"https:\/\/calatorinromania.com\/index.php?rest_route=%2Fwp%2Fv2%2Fcategories&post=47565"},{"taxonomy":"post_tag","embeddable":true,"href":"https:\/\/calatorinromania.com\/index.php?rest_route=%2Fwp%2Fv2%2Ftags&post=47565"}],"curies":[{"name":"wp","href":"https:\/\/api.w.org\/{rel}","templated":true}]}}