{"id":47533,"date":"2026-04-28T08:39:10","date_gmt":"2026-04-28T08:39:10","guid":{"rendered":"https:\/\/calatorinromania.com\/?p=47533"},"modified":"2026-04-28T08:39:11","modified_gmt":"2026-04-28T08:39:11","slug":"suc-de-papadie-bautura-simpla-de-primavara-pe-care-o-vei-face-in-fiecare-an","status":"publish","type":"post","link":"https:\/\/calatorinromania.com\/?p=47533","title":{"rendered":"<strong>Suc de p\u0103p\u0103die \u2013 b\u0103utura simpl\u0103 de prim\u0103var\u0103 pe care o vei face \u00een fiecare an<\/strong>"},"content":{"rendered":"\n<p>Prim\u0103vara vine cu un mic \u201edar\u201d din natur\u0103: <strong>p\u0103p\u0103dia<\/strong>.<br>Din ea po\u021bi face o b\u0103utur\u0103 u\u0219or fermentat\u0103, r\u0103coritoare \u0219i surprinz\u0103tor de gustoas\u0103.<\/p>\n\n\n\n<p><\/p>\n\n\n\n<p>\ud83d\udc49 Este genul de re\u021bet\u0103 simpl\u0103, pe care o faci o dat\u0103\u2026 \u0219i apoi o repe\u021bi \u00een fiecare sezon.<\/p>\n\n\n\n<p><\/p>\n\n\n\n<h2>\ud83d\udc9b <strong>De ce merit\u0103 \u00eencercat\u0103<\/strong><\/h2>\n\n\n\n<ul>\n<li>ingrediente simple \u0219i accesibile<\/li>\n\n\n\n<li>gust pl\u0103cut, u\u0219or acri\u0219or<\/li>\n\n\n\n<li>alternativ\u0103 natural\u0103 la sucurile din comer\u021b<\/li>\n<\/ul>\n\n\n\n<p>\ud83d\udc49 Nu este amar\u0103, dac\u0103 este preparat\u0103 corect.<\/p>\n\n\n\n<p><\/p>\n\n\n\n<h2>\ud83d\udcdd <strong>Ingrediente<\/strong><\/h2>\n\n\n\n<ul>\n<li>2 pahare flori de p\u0103p\u0103die<\/li>\n\n\n\n<li>sucul de la \u00bd l\u0103m\u00e2ie<\/li>\n\n\n\n<li>2 linguri miere<\/li>\n\n\n\n<li>50 g stafide<\/li>\n\n\n\n<li>3 litri ap\u0103<\/li>\n<\/ul>\n\n\n\n<p><\/p>\n\n\n\n<h2>\ud83d\udc69\u200d\ud83c\udf73 <strong>Mod de preparare \u2013 pas cu pas<\/strong><\/h2>\n\n\n\n<h3>1\ufe0f\u20e3 Preg\u0103tirea florilor<\/h3>\n\n\n\n<ul>\n<li>Nu este necesar s\u0103 le speli (dac\u0103 sunt culese din zone curate)<\/li>\n\n\n\n<li>Las\u0103-le pe un prosop pentru a elimina impurit\u0103\u021bile<\/li>\n<\/ul>\n\n\n\n<p><\/p>\n\n\n\n<h3>2\ufe0f\u20e3 Amestecul<\/h3>\n\n\n\n<ul>\n<li>Pune florile \u00eentr-un borcan mare (3 L)<\/li>\n\n\n\n<li>Adaug\u0103:\n<ul>\n<li>stafidele<\/li>\n\n\n\n<li>mierea<\/li>\n\n\n\n<li>sucul de l\u0103m\u00e2ie<\/li>\n<\/ul>\n<\/li>\n<\/ul>\n\n\n\n<p>\ud83d\udc49 Stafidele ajut\u0103 la fermenta\u021bie natural\u0103<\/p>\n\n\n\n<p><\/p>\n\n\n\n<p><\/p>\n\n\n\n<h3>3\ufe0f\u20e3 Ad\u0103ugarea apei<\/h3>\n\n\n\n<ul>\n<li>Toarn\u0103 apa peste ingrediente<\/li>\n\n\n\n<li>Amestec\u0103 p\u00e2n\u0103 se dizolv\u0103 mierea<\/li>\n<\/ul>\n\n\n\n<p><\/p>\n\n\n\n<h3>4\ufe0f\u20e3 Fermentarea<\/h3>\n\n\n\n<ul>\n<li>Acoper\u0103 borcanul cu tifon<\/li>\n\n\n\n<li>Las\u0103 la temperatura camerei <strong>3\u20134 zile<\/strong><\/li>\n<\/ul>\n\n\n\n<p>\ud83d\udc49 Vei observa:<\/p>\n\n\n\n<ul>\n<li>bule<\/li>\n\n\n\n<li>u\u0219oar\u0103 aciditate<\/li>\n\n\n\n<li>arom\u0103 specific\u0103<\/li>\n<\/ul>\n\n\n\n<p><\/p>\n\n\n\n<h3>5\ufe0f\u20e3 Finalizarea<\/h3>\n\n\n\n<ul>\n<li>Strecoar\u0103 lichidul<\/li>\n\n\n\n<li>Toarn\u0103 \u00een sticle<\/li>\n\n\n\n<li>P\u0103streaz\u0103 la frigider<\/li>\n<\/ul>\n\n\n\n<p>\ud83d\udc49 Frigul \u00eencetine\u0219te fermenta\u021bia.<\/p>\n\n\n\n<p><\/p>\n\n\n\n<p><\/p>\n\n\n\n<h2>\ud83c\udf79 <strong>Cum se consum\u0103<\/strong><\/h2>\n\n\n\n<ul>\n<li>rece, ca b\u0103utur\u0103 r\u0103coritoare<\/li>\n\n\n\n<li>\u00een cantit\u0103\u021bi moderate<\/li>\n\n\n\n<li>ideal \u00een c\u00e2teva zile dup\u0103 preparare<\/li>\n<\/ul>\n\n\n\n<p><\/p>\n\n\n\n<h2>\u26a0\ufe0f <strong>Important<\/strong><\/h2>\n\n\n\n<ul>\n<li>culege florile din zone nepoluate<\/li>\n\n\n\n<li>consum\u0103 b\u0103utura \u00een termen scurt<\/li>\n\n\n\n<li>nu este recomandat\u0103 \u00een exces (fermentat\u0103 u\u0219or)<\/li>\n<\/ul>\n\n\n\n<p>\ud83d\udc49 Nu este un \u201eremediu miraculos\u201d, ci o b\u0103utur\u0103 natural\u0103.<\/p>\n\n\n\n<p><\/p>\n\n\n\n<h2>\u2728 <strong>Concluzie<\/strong><\/h2>\n\n\n\n<p>Aceast\u0103 b\u0103utur\u0103:<br>\u2714 este simpl\u0103<br>\u2714 este natural\u0103<br>\u2714 aduce un gust diferit \u0219i pl\u0103cut<\/p>\n\n\n\n<p>\ud83d\udc49 \u0218i, cel mai probabil, vei spune \u0219i tu:<br><strong>\u201eData viitoare trebuie s\u0103 fac mai mult!\u201d<\/strong><\/p>\n\n\n\n<p><\/p>\n\n\n\n<p><\/p>\n\n\n\n<p>\ud83d\udccc <strong>Variant\u0103 scurt\u0103 pentru postare:<\/strong><br>\ud83d\udc49 <em>\u201eSuc de p\u0103p\u0103die \u2013 simplu, natural \u0219i surprinz\u0103tor de gustos \ud83c\udf3c\ud83c\udf79\u201d<\/em><\/p>\n\n\n\n<p><\/p>\n\n\n\n<p><\/p>\n\n\n\n<p>Dac\u0103 vrei, \u00ee\u021bi pot face \u0219i:<\/p>\n\n\n\n<ul>\n<li>variant\u0103 <strong>super viral\u0103 (cu hook puternic)<\/strong><\/li>\n\n\n\n<li>sau text pentru comentarii care cre\u0219te engagement \ud83d\udc4d<\/li>\n<\/ul>\n","protected":false},"excerpt":{"rendered":"<p>Prim\u0103vara vine cu un mic \u201edar\u201d din natur\u0103: p\u0103p\u0103dia.Din ea po\u021bi face o b\u0103utur\u0103 u\u0219or fermentat\u0103, r\u0103coritoare \u0219i surprinz\u0103tor de gustoas\u0103. \ud83d\udc49 Este genul de<\/p>\n","protected":false},"author":1,"featured_media":0,"comment_status":"closed","ping_status":"closed","sticky":false,"template":"","format":"standard","meta":[],"categories":[1],"tags":[],"_links":{"self":[{"href":"https:\/\/calatorinromania.com\/index.php?rest_route=\/wp\/v2\/posts\/47533"}],"collection":[{"href":"https:\/\/calatorinromania.com\/index.php?rest_route=\/wp\/v2\/posts"}],"about":[{"href":"https:\/\/calatorinromania.com\/index.php?rest_route=\/wp\/v2\/types\/post"}],"author":[{"embeddable":true,"href":"https:\/\/calatorinromania.com\/index.php?rest_route=\/wp\/v2\/users\/1"}],"replies":[{"embeddable":true,"href":"https:\/\/calatorinromania.com\/index.php?rest_route=%2Fwp%2Fv2%2Fcomments&post=47533"}],"version-history":[{"count":1,"href":"https:\/\/calatorinromania.com\/index.php?rest_route=\/wp\/v2\/posts\/47533\/revisions"}],"predecessor-version":[{"id":47535,"href":"https:\/\/calatorinromania.com\/index.php?rest_route=\/wp\/v2\/posts\/47533\/revisions\/47535"}],"wp:attachment":[{"href":"https:\/\/calatorinromania.com\/index.php?rest_route=%2Fwp%2Fv2%2Fmedia&parent=47533"}],"wp:term":[{"taxonomy":"category","embeddable":true,"href":"https:\/\/calatorinromania.com\/index.php?rest_route=%2Fwp%2Fv2%2Fcategories&post=47533"},{"taxonomy":"post_tag","embeddable":true,"href":"https:\/\/calatorinromania.com\/index.php?rest_route=%2Fwp%2Fv2%2Ftags&post=47533"}],"curies":[{"name":"wp","href":"https:\/\/api.w.org\/{rel}","templated":true}]}}