{"id":47528,"date":"2026-04-28T06:57:35","date_gmt":"2026-04-28T06:57:35","guid":{"rendered":"https:\/\/calatorinromania.com\/?p=47528"},"modified":"2026-04-28T06:57:36","modified_gmt":"2026-04-28T06:57:36","slug":"nu-mi-am-gasit-sotul-zile-intregi","status":"publish","type":"post","link":"https:\/\/calatorinromania.com\/?p=47528","title":{"rendered":"NU MI-AM G\u0102SIT SO\u021aUL ZILE \u00ceNTREGI"},"content":{"rendered":"\n<p>\u201e\u2026la mine.\u201d<\/p>\n\n\n\n<p>Pentru o clip\u0103, n-am mai auzit nimic. Parc\u0103 \u00eemi \u021biuiau urechile. M-am uitat la ea prin ecran, f\u0103r\u0103 s\u0103 clipesc.<\/p>\n\n\n\n<p><\/p>\n\n\n\n<p>\u201eCum adic\u0103\u2026 la tine?\u201d am reu\u0219it s\u0103 \u0219optesc.<\/p>\n\n\n\n<p><\/p>\n\n\n\n<p>Soacra mea a oftat ad\u00e2nc, ca \u0219i cum ducea o povar\u0103 grea de mult timp.<\/p>\n\n\n\n<p><\/p>\n\n\n\n<p>\u201eA venit \u00een prima sear\u0103\u2026 ploua, era ud leoarc\u0103. N-a vrut s\u0103 spun\u0103 nim\u0103nui. Mi-a zis c\u0103 are nevoie de lini\u0219te.\u201d<\/p>\n\n\n\n<p><\/p>\n\n\n\n<p>M-am ridicat de pe scaun at\u00e2t de brusc \u00eenc\u00e2t l-am tr\u00e2ntit \u00een spate.<\/p>\n\n\n\n<p>\u201eLini\u0219te?! \u0218i noi? Copiii lui? Eu?\u201d vocea mi s-a ridicat f\u0103r\u0103 s\u0103 vreau.<\/p>\n\n\n\n<p>Ea a cobor\u00e2t privirea.<\/p>\n\n\n\n<p>\u201eNu e a\u0219a simplu, fat\u0103 drag\u0103\u2026\u201d<\/p>\n\n\n\n<p>Dar pentru mine era simplu. Sau a\u0219a credeam. Mi-am luat geaca, am chemat-o pe vecina de peste drum s\u0103 stea cu copiii \u0219i am plecat direct la ea, \u00een satul de l\u00e2ng\u0103 Alexandria. Drumul mi s-a p\u0103rut nesf\u00e2r\u0219it.<\/p>\n\n\n\n<p>C\u00e2nd am ajuns, casa era lini\u0219tit\u0103. Prea lini\u0219tit\u0103.<\/p>\n\n\n\n<p>Am intrat f\u0103r\u0103 s\u0103 bat. U\u0219a nu era \u00eencuiat\u0103.<\/p>\n\n\n\n<p>\u0218i acolo\u2026 \u00een buc\u0103t\u0103rie\u2026 st\u0103tea Mihai.<\/p>\n\n\n\n<p>Sl\u0103bit. Neras. Cu ochii \u00een p\u0103m\u00e2nt.<\/p>\n\n\n\n<p>Pentru o clip\u0103, am vrut s\u0103 alerg la el \u0219i s\u0103-l iau \u00een bra\u021be. Dar ceva m-a oprit.<\/p>\n\n\n\n<p>\u201eDe ce?\u201d am \u00eentrebat simplu.<\/p>\n\n\n\n<p>N-a r\u0103spuns imediat. \u0218i-a frecat palmele, ca \u0219i cum c\u0103uta cuvintele.<\/p>\n\n\n\n<p>\u201eAm pierdut banii.\u201d<\/p>\n\n\n\n<p>Am \u00eencremenit.<\/p>\n\n\n\n<p>\u201eCe bani?\u201d<\/p>\n\n\n\n<p>A \u00eenghi\u021bit \u00een sec.<\/p>\n\n\n\n<p>\u201eEconomiile\u2026 tot ce aveam pus deoparte. Aproape 80.000 de lei.\u201d<\/p>\n\n\n\n<p>Parc\u0103 mi-a fugit p\u0103m\u00e2ntul de sub picioare.<\/p>\n\n\n\n<p>\u201eCum?\u201d<\/p>\n\n\n\n<p>\u201eAm vrut s\u0103-i \u00eenmul\u021besc\u2026 am intrat \u00eentr-o investi\u021bie\u2026 p\u0103rea sigur\u0103. Un prieten mi-a zis\u2026 dar a fost o \u021beap\u0103.\u201d<\/p>\n\n\n\n<p>Am sim\u021bit cum \u00eemi urc\u0103 un val de furie, dar \u0219i de durere.<\/p>\n\n\n\n<p>\u201e\u0218i ai fugit?\u201d<\/p>\n\n\n\n<p>\u201eNu am fugit\u2026 nu \u0219tiam cum s\u0103 v\u0103 spun. Cum s\u0103 m\u0103 uit \u00een ochii vo\u0219tri\u2026\u201d<\/p>\n\n\n\n<p>Am t\u0103cut. \u00cen capul meu se \u00eenv\u00e2rteau toate: ratele, cheltuielile, copiii, viitorul.<\/p>\n\n\n\n<p>Dar apoi mi-am amintit ceva. Cum, \u00een to\u021bi anii \u0103\u0219tia, omul \u0103sta a muncit de diminea\u021ba p\u00e2n\u0103 seara. Cum nu ne-a l\u0103sat niciodat\u0103 f\u0103r\u0103 p\u00e2ine pe mas\u0103.<\/p>\n\n\n\n<p>M-am apropiat \u00eencet de el.<\/p>\n\n\n\n<p>\u201eAi gre\u0219it\u201d, i-am spus. \u201eGrav. Dar nu e\u0219ti singur.\u201d<\/p>\n\n\n\n<p>A ridicat ochii spre mine. Erau plini de lacrimi.<\/p>\n\n\n\n<p>\u201eCredeam c\u0103 o s\u0103 m\u0103 ur\u0103\u0219ti.\u201d<\/p>\n\n\n\n<p>\u201eTe ur\u0103sc un pic acum\u201d, am zis sincer. \u201eDar te iubesc mai mult.\u201d<\/p>\n\n\n\n<p>A izbucnit \u00een pl\u00e2ns. \u0218i, f\u0103r\u0103 s\u0103-mi dau seama, l-am luat \u00een bra\u021be.<\/p>\n\n\n\n<p>Am stat a\u0219a c\u00e2teva minute bune, f\u0103r\u0103 s\u0103 spunem nimic.<\/p>\n\n\n\n<p>Apoi m-am tras pu\u021bin \u00eenapoi.<\/p>\n\n\n\n<p>\u201eMergem acas\u0103\u201d, i-am spus. \u201eCopiii te a\u0219teapt\u0103.\u201d<\/p>\n\n\n\n<p>A dat din cap, \u00eencet.<\/p>\n\n\n\n<p>Drumul \u00eenapoi a fost t\u0103cut, dar diferit. Nu mai era fuga aceea disperat\u0103. Era\u2026 \u00eenceputul unei repar\u0103ri.<\/p>\n\n\n\n<p>C\u00e2nd am ajuns, copiii au s\u0103rit pe el ca ni\u0219te pui de vrabie. \u00cel strigau, \u00eel tr\u0103geau de m\u00e2ini, r\u00e2deau \u0219i pl\u00e2ngeau \u00een acela\u0219i timp.<\/p>\n\n\n\n<p>\u0218i atunci am \u00een\u021beles.<\/p>\n\n\n\n<p>Nu banii ne \u021bineau familia. Ci noi.<\/p>\n\n\n\n<p>\u00cen lunile care au urmat, n-a fost u\u0219or. Am str\u00e2ns cureaua. Am v\u00e2ndut ce nu ne trebuia. Am luat-o de la cap\u0103t.<\/p>\n\n\n\n<p>Dar Mihai n-a mai fugit niciodat\u0103.<\/p>\n\n\n\n<p>Iar eu\u2026 n-am mai l\u0103sat niciodat\u0103 t\u0103cerea s\u0103 stea \u00eentre noi.<\/p>\n\n\n\n<p><em>Aceast\u0103 lucrare este inspirat\u0103 din evenimente \u0219i persoane reale, \u00eens\u0103 a fost fic\u021bionalizat\u0103 \u00een scopuri creative. Numele, personajele \u0219i detaliile au fost schimbate pentru a proteja intimitatea \u0219i pentru a \u00eembun\u0103t\u0103\u021bi nara\u021biunea. Orice asem\u0103nare cu persoane reale, \u00een via\u021b\u0103 sau decedate, sau cu evenimente reale este pur \u00eent\u00e2mpl\u0103toare \u0219i nu este inten\u021bionat\u0103 de c\u0103tre autor.<\/em><\/p>\n\n\n\n<p><em>Autorul \u0219i editorul nu \u00ee\u0219i asum\u0103 responsabilitatea pentru exactitatea evenimentelor sau pentru modul \u00een care sunt portretizate personajele \u0219i nu sunt r\u0103spunz\u0103tori pentru eventuale interpret\u0103ri gre\u0219ite. Aceast\u0103 poveste este oferit\u0103 \u201eca atare\u201d, iar orice opinii exprimate apar\u021bin personajelor \u0219i nu reflect\u0103 punctele de vedere ale autorului sau ale editorului.<\/em><\/p>\n","protected":false},"excerpt":{"rendered":"<p>\u201e\u2026la mine.\u201d Pentru o clip\u0103, n-am mai auzit nimic. Parc\u0103 \u00eemi \u021biuiau urechile. M-am uitat la ea prin ecran, f\u0103r\u0103 s\u0103 clipesc. \u201eCum adic\u0103\u2026 la<\/p>\n","protected":false},"author":1,"featured_media":47435,"comment_status":"closed","ping_status":"closed","sticky":false,"template":"","format":"standard","meta":[],"categories":[1],"tags":[],"_links":{"self":[{"href":"https:\/\/calatorinromania.com\/index.php?rest_route=\/wp\/v2\/posts\/47528"}],"collection":[{"href":"https:\/\/calatorinromania.com\/index.php?rest_route=\/wp\/v2\/posts"}],"about":[{"href":"https:\/\/calatorinromania.com\/index.php?rest_route=\/wp\/v2\/types\/post"}],"author":[{"embeddable":true,"href":"https:\/\/calatorinromania.com\/index.php?rest_route=\/wp\/v2\/users\/1"}],"replies":[{"embeddable":true,"href":"https:\/\/calatorinromania.com\/index.php?rest_route=%2Fwp%2Fv2%2Fcomments&post=47528"}],"version-history":[{"count":1,"href":"https:\/\/calatorinromania.com\/index.php?rest_route=\/wp\/v2\/posts\/47528\/revisions"}],"predecessor-version":[{"id":47529,"href":"https:\/\/calatorinromania.com\/index.php?rest_route=\/wp\/v2\/posts\/47528\/revisions\/47529"}],"wp:featuredmedia":[{"embeddable":true,"href":"https:\/\/calatorinromania.com\/index.php?rest_route=\/wp\/v2\/media\/47435"}],"wp:attachment":[{"href":"https:\/\/calatorinromania.com\/index.php?rest_route=%2Fwp%2Fv2%2Fmedia&parent=47528"}],"wp:term":[{"taxonomy":"category","embeddable":true,"href":"https:\/\/calatorinromania.com\/index.php?rest_route=%2Fwp%2Fv2%2Fcategories&post=47528"},{"taxonomy":"post_tag","embeddable":true,"href":"https:\/\/calatorinromania.com\/index.php?rest_route=%2Fwp%2Fv2%2Ftags&post=47528"}],"curies":[{"name":"wp","href":"https:\/\/api.w.org\/{rel}","templated":true}]}}