{"id":47526,"date":"2026-04-28T06:55:55","date_gmt":"2026-04-28T06:55:55","guid":{"rendered":"https:\/\/calatorinromania.com\/?p=47526"},"modified":"2026-04-28T06:55:56","modified_gmt":"2026-04-28T06:55:56","slug":"am-nascut-un-baiat-dupa-20-de-ani-de-asteptare-si-tratamente","status":"publish","type":"post","link":"https:\/\/calatorinromania.com\/?p=47526","title":{"rendered":"Am n\u0103scut un b\u0103iat dup\u0103 20 de ani de a\u0219teptare \u0219i tratamente"},"content":{"rendered":"\n<p>Sim\u021beam cum \u00eemi bate inima \u00een g\u00e2t. Parc\u0103 tot aerul din salon disp\u0103ruse dintr-odat\u0103. M-am uitat la el, \u00eencerc\u00e2nd s\u0103-mi dau seama dac\u0103 glume\u0219te sau dac\u0103 e serios. Dar chipul lui era rigid, rece, cum nu-l mai v\u0103zusem niciodat\u0103.<\/p>\n\n\n\n<p><\/p>\n\n\n\n<p>\u201eCe dovezi, m\u0103i Mihai? Despre ce vorbe\u0219ti?\u201d, am \u00eentrebat cu voce tremurat\u0103.<\/p>\n\n\n\n<p><\/p>\n\n\n\n<p>El a scos \u00eencet un plic mototolit din buzunar. L-a \u021binut c\u00e2teva secunde \u00een m\u00e2n\u0103, de parc\u0103 se g\u00e2ndea dac\u0103 s\u0103 mi-l dea sau nu. Apoi l-a \u00eentins spre mine.<\/p>\n\n\n\n<p><\/p>\n\n\n\n<p>\u201eAm f\u0103cut un test\u2026 \u00eenainte s\u0103 na\u0219ti. N-am zis nimic, dar aveam dubii. Nu \u0219tiu de ce, dar ceva nu mi s-a p\u0103rut \u00een regul\u0103.\u201d<\/p>\n\n\n\n<p><\/p>\n\n\n\n<p>Mi-au dat lacrimile instant. Nu de triste\u021be, ci de \u0219oc. Dup\u0103 at\u00e2\u021bia ani \u00eempreun\u0103, dup\u0103 at\u00e2tea \u00eencerc\u0103ri, el avusese dubii?<\/p>\n\n\n\n<p><\/p>\n\n\n\n<p>Am desf\u0103cut plicul cu m\u00e2inile tremur\u00e2nde. Era un rezultat de analiz\u0103 genetic\u0103. M-am uitat peste el, dar nu \u00een\u021belegeam mare lucru. Doar ni\u0219te termeni complica\u021bi \u0219i ni\u0219te cifre.<\/p>\n\n\n\n<p><\/p>\n\n\n\n<p>\u201eSpune clar acolo\u2026 c\u0103 nu sunt tat\u0103l copilului\u201d, a zis el, cu voce joas\u0103.<\/p>\n\n\n\n<p>Am sim\u021bit cum m\u0103 ia ame\u021beala. Dar \u00een acela\u0219i timp, ceva nu se lega.<\/p>\n\n\n\n<p>\u201eUnde ai f\u0103cut testul \u0103sta?\u201d, am \u00eentrebat, \u00eencerc\u00e2nd s\u0103-mi adun g\u00e2ndurile.<\/p>\n\n\n\n<p>\u201eLa un laborator din Bucure\u0219ti\u2026 am trimis probele printr-un prieten.\u201d<\/p>\n\n\n\n<p>Am inspirat ad\u00e2nc \u0219i m-am uitat din nou la h\u00e2rtie. Atunci mi-a s\u0103rit \u00een ochi un detaliu.<\/p>\n\n\n\n<p>Numele.<\/p>\n\n\n\n<p>Pe foaie nu scria \u201eMihai Popescu\u201d. Scria \u201eMihail Popa\u201d.<\/p>\n\n\n\n<p>\u201eMihai\u2026\u201d, am spus \u00eencet, ridic\u00e2nd privirea spre el, \u201etu nici m\u0103car nu te-ai uitat bine la h\u00e2rtia asta?\u201d<\/p>\n\n\n\n<p>El a \u00eencremenit.<\/p>\n\n\n\n<p>\u201eCum adic\u0103?\u201d<\/p>\n\n\n\n<p>\u201eUite aici. Numele nu e al t\u0103u. E alt om.\u201d<\/p>\n\n\n\n<p>A luat foaia din m\u00e2inile mele \u0219i a \u00eenceput s\u0103 o studieze cu aten\u021bie. Fa\u021ba i s-a schimbat treptat. Din \u00eencordare, \u00een confuzie\u2026 \u0219i apoi \u00een ru\u0219ine.<\/p>\n\n\n\n<p>\u201eNu\u2026 nu se poate\u2026\u201d, a murmurat.<\/p>\n\n\n\n<p>\u00cen acel moment, u\u0219a salonului s-a deschis \u0219i a intrat asistenta, z\u00e2mbind larg.<\/p>\n\n\n\n<p>\u201eFelicit\u0103ri, m\u0103mico! Tat\u0103l poate veni s\u0103 \u021bin\u0103 copilul, dac\u0103 vrea.\u201d<\/p>\n\n\n\n<p>Mihai a r\u0103mas nemi\u0219cat c\u00e2teva secunde. Apoi s-a apropiat \u00eencet de p\u0103tu\u021b. S-a uitat la b\u0103ie\u021belul nostru\u2026 \u0219i parc\u0103 pentru prima dat\u0103 l-a v\u0103zut cu adev\u0103rat.<\/p>\n\n\n\n<p>Bebelu\u0219ul avea ochii lui. Aceea\u0219i form\u0103, aceea\u0219i culoare cald\u0103.<\/p>\n\n\n\n<p>Mihai a \u00eenghi\u021bit \u00een sec \u0219i s-a \u00eentors spre mine cu ochii umezi.<\/p>\n\n\n\n<p>\u201eIart\u0103-m\u0103\u2026 am fost un prost.\u201d<\/p>\n\n\n\n<p>Nu i-am r\u0103spuns imediat. \u00cenc\u0103 m\u0103 durea. Nu doar ce spusese, ci faptul c\u0103, undeva \u00een sufletul lui, existase o umbr\u0103 de ne\u00eencredere.<\/p>\n\n\n\n<p>Dar c\u00e2nd l-am v\u0103zut cum \u00ee\u0219i ia copilul \u00een bra\u021be, cu grij\u0103, de parc\u0103 \u021binea cea mai fragil\u0103 comoar\u0103\u2026 ceva s-a topit \u00een mine.<\/p>\n\n\n\n<p>\u201e\u021aine-l bine\u2026 c\u0103 ai a\u0219teptat \u0219i tu 20 de ani pentru momentul \u0103sta\u201d, i-am spus \u00eencet.<\/p>\n\n\n\n<p>A z\u00e2mbit printre lacrimi.<\/p>\n\n\n\n<p>\u201eNu-l mai las din bra\u021be niciodat\u0103.\u201d<\/p>\n\n\n\n<p>\u0218i \u00een acel moment, am \u0219tiut c\u0103, \u00een ciuda gre\u0219elii lui, familia noastr\u0103 era \u00eentreag\u0103. Dup\u0103 at\u00e2\u021bia ani de lupt\u0103, de speran\u021b\u0103 \u0219i de r\u0103bdare, \u00een sf\u00e2r\u0219it ajunsesem unde trebuia.<\/p>\n\n\n\n<p>Nu conta testul gre\u0219it. Nu conta frica.<\/p>\n\n\n\n<p>Conta doar c\u0103 eram acolo. Noi trei. \u00cen sf\u00e2r\u0219it, acas\u0103.<\/p>\n\n\n\n<p><em>Aceast\u0103 lucrare este inspirat\u0103 din evenimente \u0219i persoane reale, \u00eens\u0103 a fost fic\u021bionalizat\u0103 \u00een scopuri creative. Numele, personajele \u0219i detaliile au fost schimbate pentru a proteja intimitatea \u0219i pentru a \u00eembun\u0103t\u0103\u021bi nara\u021biunea. Orice asem\u0103nare cu persoane reale, \u00een via\u021b\u0103 sau decedate, sau cu evenimente reale este pur \u00eent\u00e2mpl\u0103toare \u0219i nu este inten\u021bionat\u0103 de c\u0103tre autor.<\/em><\/p>\n\n\n\n<p><em>Autorul \u0219i editorul nu \u00ee\u0219i asum\u0103 responsabilitatea pentru exactitatea evenimentelor sau pentru modul \u00een care sunt portretizate personajele \u0219i nu sunt r\u0103spunz\u0103tori pentru eventuale interpret\u0103ri gre\u0219ite. Aceast\u0103 poveste este oferit\u0103 \u201eca atare\u201d, iar orice opinii exprimate apar\u021bin personajelor \u0219i nu reflect\u0103 punctele de vedere ale autorului sau ale editorului.<\/em><\/p>\n","protected":false},"excerpt":{"rendered":"<p>Sim\u021beam cum \u00eemi bate inima \u00een g\u00e2t. Parc\u0103 tot aerul din salon disp\u0103ruse dintr-odat\u0103. M-am uitat la el, \u00eencerc\u00e2nd s\u0103-mi dau seama dac\u0103 glume\u0219te sau<\/p>\n","protected":false},"author":1,"featured_media":47435,"comment_status":"closed","ping_status":"closed","sticky":false,"template":"","format":"standard","meta":[],"categories":[1],"tags":[],"_links":{"self":[{"href":"https:\/\/calatorinromania.com\/index.php?rest_route=\/wp\/v2\/posts\/47526"}],"collection":[{"href":"https:\/\/calatorinromania.com\/index.php?rest_route=\/wp\/v2\/posts"}],"about":[{"href":"https:\/\/calatorinromania.com\/index.php?rest_route=\/wp\/v2\/types\/post"}],"author":[{"embeddable":true,"href":"https:\/\/calatorinromania.com\/index.php?rest_route=\/wp\/v2\/users\/1"}],"replies":[{"embeddable":true,"href":"https:\/\/calatorinromania.com\/index.php?rest_route=%2Fwp%2Fv2%2Fcomments&post=47526"}],"version-history":[{"count":1,"href":"https:\/\/calatorinromania.com\/index.php?rest_route=\/wp\/v2\/posts\/47526\/revisions"}],"predecessor-version":[{"id":47527,"href":"https:\/\/calatorinromania.com\/index.php?rest_route=\/wp\/v2\/posts\/47526\/revisions\/47527"}],"wp:featuredmedia":[{"embeddable":true,"href":"https:\/\/calatorinromania.com\/index.php?rest_route=\/wp\/v2\/media\/47435"}],"wp:attachment":[{"href":"https:\/\/calatorinromania.com\/index.php?rest_route=%2Fwp%2Fv2%2Fmedia&parent=47526"}],"wp:term":[{"taxonomy":"category","embeddable":true,"href":"https:\/\/calatorinromania.com\/index.php?rest_route=%2Fwp%2Fv2%2Fcategories&post=47526"},{"taxonomy":"post_tag","embeddable":true,"href":"https:\/\/calatorinromania.com\/index.php?rest_route=%2Fwp%2Fv2%2Ftags&post=47526"}],"curies":[{"name":"wp","href":"https:\/\/api.w.org\/{rel}","templated":true}]}}