{"id":47522,"date":"2026-04-28T06:40:07","date_gmt":"2026-04-28T06:40:07","guid":{"rendered":"https:\/\/calatorinromania.com\/?p=47522"},"modified":"2026-04-28T06:40:07","modified_gmt":"2026-04-28T06:40:07","slug":"fiul-unui-mare-interlop-loveste-si-alunga-toate-bonele","status":"publish","type":"post","link":"https:\/\/calatorinromania.com\/?p=47522","title":{"rendered":"Fiul unui mare interlop love\u0219te \u0219i alung\u0103 toate bonele"},"content":{"rendered":"\n<p>Camelia a \u00eenchis u\u0219a biroului cu m\u00e2na tremur\u00e2nd\u0103 \u0219i pentru prima dat\u0103 de mult timp a sim\u021bit c\u0103 via\u021ba ei se schimb\u0103. Nu \u0219tia dac\u0103 \u00een bine sau \u00een r\u0103u, dar ceva era diferit. \u00cen noaptea aceea nu a dormit aproape deloc.<\/p>\n\n\n\n<p><\/p>\n\n\n\n<p>Camera \u00een care fusese cazat\u0103 era mai mare dec\u00e2t toat\u0103 garsoniera \u00een care locuise p\u00e2n\u0103 atunci. Patul moale, perdelele groase, lini\u0219tea ap\u0103s\u0103toare\u2026 toate \u00eei d\u0103deau o senza\u021bie ciudat\u0103, de parc\u0103 nu \u00eei apar\u021bineau.<\/p>\n\n\n\n<p><\/p>\n\n\n\n<p>Pe la dou\u0103 noaptea, a auzit pa\u0219i mici pe hol.<\/p>\n\n\n\n<p><\/p>\n\n\n\n<p>U\u0219a s-a deschis \u00eencet.<\/p>\n\n\n\n<p><\/p>\n\n\n\n<p>Leonard.<\/p>\n\n\n\n<p><\/p>\n\n\n\n<p>St\u0103tea \u00een prag, cu ochii umfla\u021bi de somn \u0219i o juc\u0103rie str\u00e2ns\u0103 la piept.<\/p>\n\n\n\n<p><\/p>\n\n\n\n<p>\u2014Nu po\u021bi dormi? a \u00eentrebat ea \u00eencet.<\/p>\n\n\n\n<p>Copilul nu a r\u0103spuns, dar a venit direct la ea \u0219i s-a urcat \u00een pat, lipindu-se de ea f\u0103r\u0103 s\u0103 spun\u0103 nimic.<\/p>\n\n\n\n<p>Camelia l-a m\u00e2ng\u00e2iat pe cap.<\/p>\n\n\n\n<p>\u00cen acel moment a \u00een\u021beles: copilul nu era r\u0103u. Era r\u0103nit.<\/p>\n\n\n\n<p>Zilele au \u00eenceput s\u0103 treac\u0103 altfel.<\/p>\n\n\n\n<p>Leonard nu mai lovea at\u00e2t de des. \u00cenc\u0103 avea izbucniri, dar c\u00e2nd o vedea pe Camelia, se oprea. O c\u0103uta din priviri. O \u021binea de m\u00e2n\u0103.<\/p>\n\n\n\n<p>Matei privea totul de la distan\u021b\u0103.<\/p>\n\n\n\n<p>Nu spunea nimic, dar ochii lui spuneau tot. Era pentru prima dat\u0103 c\u00e2nd vedea o schimbare real\u0103.<\/p>\n\n\n\n<p>\u00centr-o dup\u0103-amiaz\u0103, \u00een timp ce f\u0103cea ordine \u00eentr-o camer\u0103 pe care nu o mai v\u0103zuse, Camelia a g\u0103sit ceva ciudat.<\/p>\n\n\n\n<p>Un sertar \u00eencuiat\u2026 dar nu de tot.<\/p>\n\n\n\n<p>L-a deschis.<\/p>\n\n\n\n<p>\u00cen\u0103untru erau mai multe plicuri. Fotografii. H\u00e2rtii.<\/p>\n\n\n\n<p>A luat una.<\/p>\n\n\n\n<p>\u00cen fotografie era o femeie. Frumoas\u0103, elegant\u0103\u2026 mama lui Leonard. Dar l\u00e2ng\u0103 ea era altcineva.<\/p>\n\n\n\n<p>Un b\u0103rbat.<\/p>\n\n\n\n<p>Nu era Matei.<\/p>\n\n\n\n<p>Camelia a sim\u021bit cum \u00eei \u00eenghea\u021b\u0103 s\u00e2ngele.<\/p>\n\n\n\n<p>A mai r\u0103sfoit. Documente. Transferuri de bani. Mesaje tip\u0103rite.<\/p>\n\n\n\n<p>Nu era doar o poveste de dragoste.<\/p>\n\n\n\n<p>Era o \u00een\u0219el\u0103ciune. O tr\u0103dare.<\/p>\n\n\n\n<p>\u00cen acel moment, u\u0219a s-a deschis brusc.<\/p>\n\n\n\n<p>Matei st\u0103tea \u00een prag.<\/p>\n\n\n\n<p>Privirea lui era rece.<\/p>\n\n\n\n<p>\u2014Nu trebuia s\u0103 vezi asta.<\/p>\n\n\n\n<p>Camelia a \u00eenghi\u021bit \u00een sec.<\/p>\n\n\n\n<p>\u2014Eu\u2026 doar f\u0103ceam curat\u2026<\/p>\n\n\n\n<p>T\u0103cere.<\/p>\n\n\n\n<p>Apoi, ceva nea\u0219teptat.<\/p>\n\n\n\n<p>Matei a oftat ad\u00e2nc \u0219i s-a apropiat.<\/p>\n\n\n\n<p>\u2014Toat\u0103 lumea crede c\u0103 moartea ei a fost un accident\u2026 a spus el \u00eencet. Dar nu a fost.<\/p>\n\n\n\n<p>Camelia a sim\u021bit c\u0103 i se taie respira\u021bia.<\/p>\n\n\n\n<p>\u2014M-a tr\u0103dat\u2026 a continuat el. \u0218i nu doar pe mine.<\/p>\n\n\n\n<p>A ar\u0103tat spre fotografii.<\/p>\n\n\n\n<p>\u2014\u0218i oamenii cu care s-a \u00eencurcat au pl\u0103tit.<\/p>\n\n\n\n<p>\u2014\u0218i ea\u2026? a \u0219optit Camelia.<\/p>\n\n\n\n<p>Matei a \u00eenchis ochii pentru o clip\u0103.<\/p>\n\n\n\n<p>\u2014Ea a pl\u0103tit cel mai mult.<\/p>\n\n\n\n<p>T\u0103cerea s-a a\u0219ternut grea \u00eentre ei.<\/p>\n\n\n\n<p>\u00cen acel moment, Leonard a ap\u0103rut la u\u0219\u0103.<\/p>\n\n\n\n<p>\u2014Mama\u2026<\/p>\n\n\n\n<p>A fost primul cuv\u00e2nt pe care \u00eel spusese \u00een doi ani.<\/p>\n\n\n\n<p>Camelia a \u00eenceput s\u0103 pl\u00e2ng\u0103.<\/p>\n\n\n\n<p>Matei a r\u0103mas nemi\u0219cat.<\/p>\n\n\n\n<p>Copilul a fugit la ea \u0219i s-a ag\u0103\u021bat de ea.<\/p>\n\n\n\n<p>\u2014Mama\u2026<\/p>\n\n\n\n<p>Nu era mama lui.<\/p>\n\n\n\n<p>Dar, \u00een acel moment, pentru el\u2026 era tot ce mai avea.<\/p>\n\n\n\n<p>\u0218i atunci, pentru prima dat\u0103, Matei a \u00een\u021beles ceva simplu.<\/p>\n\n\n\n<p>Banii, puterea, frica\u2026 nu puteau vindeca un copil.<\/p>\n\n\n\n<p>Dar dragostea\u2026 da.<\/p>\n\n\n\n<p>\u00cen zilele urm\u0103toare, ceva s-a schimbat definitiv.<\/p>\n\n\n\n<p>Casa nu mai era rece.<\/p>\n\n\n\n<p>Leonard \u00eencepea s\u0103 vorbeasc\u0103. Pu\u021bin, rar, dar suficient.<\/p>\n\n\n\n<p>Camelia nu mai era doar o femeie de serviciu.<\/p>\n\n\n\n<p>Era familie.<\/p>\n\n\n\n<p>Iar Matei\u2026 pentru prima dat\u0103 \u00een via\u021ba lui, nu mai era doar un om de temut.<\/p>\n\n\n\n<p>Era un tat\u0103 care \u00eenv\u0103\u021ba, \u00eencet, cum s\u0103-\u0219i iubeasc\u0103 copilul.<\/p>\n\n\n\n<p><em>Aceast\u0103 lucrare este inspirat\u0103 din evenimente \u0219i persoane reale, \u00eens\u0103 a fost fic\u021bionalizat\u0103 \u00een scopuri creative. Numele, personajele \u0219i detaliile au fost schimbate pentru a proteja intimitatea \u0219i pentru a \u00eembun\u0103t\u0103\u021bi nara\u021biunea. Orice asem\u0103nare cu persoane reale, \u00een via\u021b\u0103 sau decedate, sau cu evenimente reale este pur \u00eent\u00e2mpl\u0103toare \u0219i nu este inten\u021bionat\u0103 de c\u0103tre autor.<\/em><\/p>\n\n\n\n<p><em>Autorul \u0219i editorul nu \u00ee\u0219i asum\u0103 responsabilitatea pentru exactitatea evenimentelor sau pentru modul \u00een care sunt portretizate personajele \u0219i nu sunt r\u0103spunz\u0103tori pentru eventuale interpret\u0103ri gre\u0219ite. Aceast\u0103 poveste este oferit\u0103 \u201eca atare\u201d, iar orice opinii exprimate apar\u021bin personajelor \u0219i nu reflect\u0103 punctele de vedere ale autorului sau ale editorului.<\/em><\/p>\n\n\n\n<p><a href=\"https:\/\/www.pinterest.com\/pin\/create\/button\/?url=https%3A%2F%2Fbumzi.ro%2F%3Fp%3D23386&amp;description=Fiul+unui+mare+interlop+love%C8%99te+%C8%99i+alung%C4%83+toate+bonele\" target=\"_blank\" rel=\"noreferrer noopener\"><\/a><\/p>\n\n\n\n<p><a href=\"https:\/\/www.facebook.com\/sharer\/sharer.php?u=https%3A%2F%2Fbumzi.ro%2F%3Fp%3D23386\" target=\"_blank\" rel=\"noreferrer noopener\"><\/a><\/p>\n\n\n\n<p><a href=\"https:\/\/twitter.com\/intent\/tweet?url=https%3A%2F%2Fbumzi.ro%2F%3Fp%3D23386&amp;text=Fiul+unui+mare+interlop+love%C8%99te+%C8%99i+alung%C4%83+toate+bonele\" target=\"_blank\" rel=\"noreferrer noopener\"><\/a><a href=\"https:\/\/bumzi.ro\/?p=23384\"><\/a><\/p>\n","protected":false},"excerpt":{"rendered":"<p>Camelia a \u00eenchis u\u0219a biroului cu m\u00e2na tremur\u00e2nd\u0103 \u0219i pentru prima dat\u0103 de mult timp a sim\u021bit c\u0103 via\u021ba ei se schimb\u0103. Nu \u0219tia dac\u0103<\/p>\n","protected":false},"author":1,"featured_media":47435,"comment_status":"closed","ping_status":"closed","sticky":false,"template":"","format":"standard","meta":[],"categories":[1],"tags":[],"_links":{"self":[{"href":"https:\/\/calatorinromania.com\/index.php?rest_route=\/wp\/v2\/posts\/47522"}],"collection":[{"href":"https:\/\/calatorinromania.com\/index.php?rest_route=\/wp\/v2\/posts"}],"about":[{"href":"https:\/\/calatorinromania.com\/index.php?rest_route=\/wp\/v2\/types\/post"}],"author":[{"embeddable":true,"href":"https:\/\/calatorinromania.com\/index.php?rest_route=\/wp\/v2\/users\/1"}],"replies":[{"embeddable":true,"href":"https:\/\/calatorinromania.com\/index.php?rest_route=%2Fwp%2Fv2%2Fcomments&post=47522"}],"version-history":[{"count":1,"href":"https:\/\/calatorinromania.com\/index.php?rest_route=\/wp\/v2\/posts\/47522\/revisions"}],"predecessor-version":[{"id":47523,"href":"https:\/\/calatorinromania.com\/index.php?rest_route=\/wp\/v2\/posts\/47522\/revisions\/47523"}],"wp:featuredmedia":[{"embeddable":true,"href":"https:\/\/calatorinromania.com\/index.php?rest_route=\/wp\/v2\/media\/47435"}],"wp:attachment":[{"href":"https:\/\/calatorinromania.com\/index.php?rest_route=%2Fwp%2Fv2%2Fmedia&parent=47522"}],"wp:term":[{"taxonomy":"category","embeddable":true,"href":"https:\/\/calatorinromania.com\/index.php?rest_route=%2Fwp%2Fv2%2Fcategories&post=47522"},{"taxonomy":"post_tag","embeddable":true,"href":"https:\/\/calatorinromania.com\/index.php?rest_route=%2Fwp%2Fv2%2Ftags&post=47522"}],"curies":[{"name":"wp","href":"https:\/\/api.w.org\/{rel}","templated":true}]}}