{"id":47520,"date":"2026-04-28T06:27:19","date_gmt":"2026-04-28T06:27:19","guid":{"rendered":"https:\/\/calatorinromania.com\/?p=47520"},"modified":"2026-04-28T06:27:20","modified_gmt":"2026-04-28T06:27:20","slug":"sotul-a-ajuns-mai-devreme-acasa-si-si-a-gasit-familia-umilindu-si-sotia","status":"publish","type":"post","link":"https:\/\/calatorinromania.com\/?p=47520","title":{"rendered":"So\u021bul a ajuns mai devreme acas\u0103 \u0219i \u0219i-a g\u0103sit familia umilindu-\u0219i so\u021bia"},"content":{"rendered":"\n<p>Andrei a r\u0103mas nemi\u0219cat c\u00e2teva secunde, dar \u00een interiorul lui totul fierbea. A luat copilul din bra\u021bele Anei cu grij\u0103 \u0219i l-a lipit de piept. Micu\u021bul s-a lini\u0219tit aproape imediat, de parc\u0103 sim\u021bea c\u0103, \u00een sf\u00e2r\u0219it, cineva \u00eel ap\u0103r\u0103.<\/p>\n\n\n\n<p><\/p>\n\n\n\n<p>Ana s-a sprijinit de blat, tremur\u00e2nd.<\/p>\n\n\n\n<p><\/p>\n\n\n\n<p>\u2014 Du-te \u0219i odihne\u0219te-te, i-a spus Andrei \u00eencet.<\/p>\n\n\n\n<p><\/p>\n\n\n\n<p>Vocea lui era calm\u0103, dar \u00een ochi i se vedea hot\u0103r\u00e2rea.<\/p>\n\n\n\n<p><\/p>\n\n\n\n<p>Apoi s-a \u00eentors spre sufragerie.<\/p>\n\n\n\n<p><\/p>\n\n\n\n<p>\u2014 Nu am glumit. M\u00e2ine pleca\u021bi.<\/p>\n\n\n\n<p><\/p>\n\n\n\n<p>Tat\u0103l lui a dat sonorul mai tare la televizor, ca \u0219i cum nu ar fi auzit.<\/p>\n\n\n\n<p><\/p>\n\n\n\n<p>\u2014 Hai, m\u0103i b\u0103iete, nu te mai umfla a\u0219a\u2026 suntem p\u0103rin\u021bii t\u0103i.<\/p>\n\n\n\n<p><\/p>\n\n\n\n<p>Dar Andrei nu mai era omul care t\u0103cea \u0219i \u00eenghi\u021bea.<\/p>\n\n\n\n<p>\u2014 Tocmai de asta ar trebui s\u0103 v\u0103 fie ru\u0219ine.<\/p>\n\n\n\n<p>Camera a amu\u021bit.<\/p>\n\n\n\n<p>Marian s-a ridicat de pe canapea, \u00eencerc\u00e2nd s\u0103 par\u0103 dur.<\/p>\n\n\n\n<p>\u2014 \u0218i dac\u0103 nu plec\u0103m?<\/p>\n\n\n\n<p>Andrei s-a apropiat \u00eencet.<\/p>\n\n\n\n<p>\u2014 Atunci pleca\u021bi cu scandal. Dar pleca\u021bi.<\/p>\n\n\n\n<p>\u00cen noaptea aceea, nimeni nu a dormit bine.<\/p>\n\n\n\n<p>Ana pl\u00e2ngea \u00een \u0219oapt\u0103, copilul se trezea des, iar \u00een sufragerie se auzeau murmure \u0219i u\u0219i tr\u00e2ntite.<\/p>\n\n\n\n<p>Diminea\u021ba, Andrei s-a trezit primul. A f\u0103cut cafea, a preg\u0103tit un biberon \u0219i a pus pe mas\u0103 o foaie.<\/p>\n\n\n\n<p>C\u00e2nd au ap\u0103rut \u0219i ceilal\u021bi, i-a privit direct.<\/p>\n\n\n\n<p>\u2014 Ave\u021bi p\u00e2n\u0103 la ora 12.<\/p>\n\n\n\n<p>Mama lui a \u00eenceput s\u0103 pl\u00e2ng\u0103 teatral.<\/p>\n\n\n\n<p>\u2014 Dup\u0103 tot ce am f\u0103cut pentru tine\u2026<\/p>\n\n\n\n<p>Andrei nu s-a clintit.<\/p>\n\n\n\n<p>\u2014 Nu mai merge. Gata.<\/p>\n\n\n\n<p>Dar exact atunci, Marian a izbucnit:<\/p>\n\n\n\n<p>\u2014 Spune-le, m\u0103, adev\u0103rul!<\/p>\n\n\n\n<p>Andrei s-a \u00eencruntat.<\/p>\n\n\n\n<p>\u2014 Ce adev\u0103r?<\/p>\n\n\n\n<p>S-a f\u0103cut lini\u0219te.<\/p>\n\n\n\n<p>Tat\u0103l lui a oftat \u0219i a privit \u00een jos.<\/p>\n\n\n\n<p>\u2014 Noi\u2026 nu am venit doar \u00een vizit\u0103.<\/p>\n\n\n\n<p>Inima lui Andrei a \u00eenceput s\u0103 bat\u0103 mai tare.<\/p>\n\n\n\n<p>\u2014 Ce \u00eenseamn\u0103 asta?<\/p>\n\n\n\n<p>Mama lui a \u00eenghi\u021bit \u00een sec.<\/p>\n\n\n\n<p>\u2014 Casa de la \u021bar\u0103\u2026 am v\u00e2ndut-o.<\/p>\n\n\n\n<p>\u2014 \u0218i?<\/p>\n\n\n\n<p>\u2014 \u0218i\u2026 banii nu mai sunt.<\/p>\n\n\n\n<p>Andrei a sim\u021bit cum \u00eel ia ame\u021beala.<\/p>\n\n\n\n<p>\u2014 Cum adic\u0103 nu mai sunt?<\/p>\n\n\n\n<p>Marian a ridicat din umeri.<\/p>\n\n\n\n<p>\u2014 I-am pierdut.<\/p>\n\n\n\n<p>\u2014 Unde?!<\/p>\n\n\n\n<p>\u2014 La jocuri\u2026 datorii\u2026 chestii\u2026<\/p>\n\n\n\n<p>T\u0103cerea care a urmat a fost mai grea dec\u00e2t orice ceart\u0103.<\/p>\n\n\n\n<p>Andrei a \u00eenchis ochii pentru o clip\u0103.<\/p>\n\n\n\n<p>Totul se lega.<\/p>\n\n\n\n<p>De asta nu plecau. De asta erau at\u00e2t de relaxa\u021bi. Nu aveau unde s\u0103 se duc\u0103\u2026 \u0219i nici bani.<\/p>\n\n\n\n<p>Dar apoi s-a uitat spre buc\u0103t\u0103rie.<\/p>\n\n\n\n<p>Ana st\u0103tea \u00een u\u0219\u0103, slab\u0103, obosit\u0103, \u021bin\u00e2nd copilul \u00een bra\u021be.<\/p>\n\n\n\n<p>\u0218i atunci a \u00een\u021beles.<\/p>\n\n\n\n<p>Nu era vorba doar despre bani.<\/p>\n\n\n\n<p>Era vorba despre respect.<\/p>\n\n\n\n<p>A tras aer ad\u00e2nc \u00een piept.<\/p>\n\n\n\n<p>\u2014 \u00cemi pare r\u0103u pentru ce a\u021bi pierdut\u2026 dar nu o s\u0103 pierd \u0219i eu tot.<\/p>\n\n\n\n<p>Mama lui a izbucnit:<\/p>\n\n\n\n<p>\u2014 Suntem familia ta!<\/p>\n\n\n\n<p>Andrei a dat din cap.<\/p>\n\n\n\n<p>\u2014 Familia mea e acolo.<\/p>\n\n\n\n<p>A ar\u0103tat spre Ana \u0219i copil.<\/p>\n\n\n\n<p>\u2014 Ei sunt prioritatea mea.<\/p>\n\n\n\n<p>La ora 12 fix, u\u0219a s-a \u00eenchis \u00een urma lor.<\/p>\n\n\n\n<p>Nu a fost u\u0219or.<\/p>\n\n\n\n<p>Ana a pl\u00e2ns.<\/p>\n\n\n\n<p>Andrei a stat l\u00e2ng\u0103 ea.<\/p>\n\n\n\n<p>Au avut zile grele, cu nop\u021bi nedormite \u0219i griji.<\/p>\n\n\n\n<p>Dar, \u00eencet-\u00eencet, casa lor a devenit din nou lini\u0219tit\u0103.<\/p>\n\n\n\n<p>Curat\u0103.<\/p>\n\n\n\n<p>Calm\u0103.<\/p>\n\n\n\n<p>Plin\u0103 de via\u021b\u0103.<\/p>\n\n\n\n<p>Dup\u0103 c\u00e2teva luni, Ana a \u00eenceput s\u0103 z\u00e2mbeasc\u0103 din nou.<\/p>\n\n\n\n<p>Copilul dormea mai bine.<\/p>\n\n\n\n<p>Iar Andrei\u2026 nu mai pleca de acas\u0103 doar ca s\u0103 munceasc\u0103.<\/p>\n\n\n\n<p>Pleca \u0219tiind pentru cine o face.<\/p>\n\n\n\n<p>\u0218i se \u00eentorcea \u00eentr-un loc unde era respectat.<\/p>\n\n\n\n<p>Pentru prima dat\u0103 dup\u0103 mult timp, sim\u021bea c\u0103 are cu adev\u0103rat o familie.<\/p>\n\n\n\n<p><em>Aceast\u0103 lucrare este inspirat\u0103 din evenimente \u0219i persoane reale, \u00eens\u0103 a fost fic\u021bionalizat\u0103 \u00een scopuri creative. Numele, personajele \u0219i detaliile au fost schimbate pentru a proteja intimitatea \u0219i pentru a \u00eembun\u0103t\u0103\u021bi nara\u021biunea. Orice asem\u0103nare cu persoane reale, \u00een via\u021b\u0103 sau decedate, sau cu evenimente reale este pur \u00eent\u00e2mpl\u0103toare \u0219i nu este inten\u021bionat\u0103 de c\u0103tre autor.<\/em><\/p>\n\n\n\n<p><em>Autorul \u0219i editorul nu \u00ee\u0219i asum\u0103 responsabilitatea pentru exactitatea evenimentelor sau pentru modul \u00een care sunt portretizate personajele \u0219i nu sunt r\u0103spunz\u0103tori pentru eventuale interpret\u0103ri gre\u0219ite. Aceast\u0103 poveste este oferit\u0103 \u201eca atare\u201d, iar orice opinii exprimate apar\u021bin personajelor \u0219i nu reflect\u0103 punctele de vedere ale autorului sau ale editorului.<\/em><\/p>\n\n\n\n<p><a href=\"https:\/\/www.pinterest.com\/pin\/create\/button\/?url=https%3A%2F%2Fbumzi.ro%2F%3Fp%3D23442&amp;description=So%C8%9Bul+a+ajuns+mai+devreme+acas%C4%83+%C8%99i+%C8%99i-a+g%C4%83sit+familia+umilindu-%C8%99i+so%C8%9Bia\" target=\"_blank\" rel=\"noreferrer noopener\"><\/a><\/p>\n\n\n\n<p><a href=\"https:\/\/www.facebook.com\/sharer\/sharer.php?u=https%3A%2F%2Fbumzi.ro%2F%3Fp%3D23442\" target=\"_blank\" rel=\"noreferrer noopener\"><\/a><\/p>\n\n\n\n<p><a href=\"https:\/\/twitter.com\/intent\/tweet?url=https%3A%2F%2Fbumzi.ro%2F%3Fp%3D23442&amp;text=So%C8%9Bul+a+ajuns+mai+devreme+acas%C4%83+%C8%99i+%C8%99i-a+g%C4%83sit+familia+umilindu-%C8%99i+so%C8%9Bia\" target=\"_blank\" rel=\"noreferrer noopener\"><\/a><a href=\"https:\/\/bumzi.ro\/?p=23440\"><\/a><\/p>\n","protected":false},"excerpt":{"rendered":"<p>Andrei a r\u0103mas nemi\u0219cat c\u00e2teva secunde, dar \u00een interiorul lui totul fierbea. A luat copilul din bra\u021bele Anei cu grij\u0103 \u0219i l-a lipit de piept.<\/p>\n","protected":false},"author":1,"featured_media":47435,"comment_status":"closed","ping_status":"closed","sticky":false,"template":"","format":"standard","meta":[],"categories":[1],"tags":[],"_links":{"self":[{"href":"https:\/\/calatorinromania.com\/index.php?rest_route=\/wp\/v2\/posts\/47520"}],"collection":[{"href":"https:\/\/calatorinromania.com\/index.php?rest_route=\/wp\/v2\/posts"}],"about":[{"href":"https:\/\/calatorinromania.com\/index.php?rest_route=\/wp\/v2\/types\/post"}],"author":[{"embeddable":true,"href":"https:\/\/calatorinromania.com\/index.php?rest_route=\/wp\/v2\/users\/1"}],"replies":[{"embeddable":true,"href":"https:\/\/calatorinromania.com\/index.php?rest_route=%2Fwp%2Fv2%2Fcomments&post=47520"}],"version-history":[{"count":1,"href":"https:\/\/calatorinromania.com\/index.php?rest_route=\/wp\/v2\/posts\/47520\/revisions"}],"predecessor-version":[{"id":47521,"href":"https:\/\/calatorinromania.com\/index.php?rest_route=\/wp\/v2\/posts\/47520\/revisions\/47521"}],"wp:featuredmedia":[{"embeddable":true,"href":"https:\/\/calatorinromania.com\/index.php?rest_route=\/wp\/v2\/media\/47435"}],"wp:attachment":[{"href":"https:\/\/calatorinromania.com\/index.php?rest_route=%2Fwp%2Fv2%2Fmedia&parent=47520"}],"wp:term":[{"taxonomy":"category","embeddable":true,"href":"https:\/\/calatorinromania.com\/index.php?rest_route=%2Fwp%2Fv2%2Fcategories&post=47520"},{"taxonomy":"post_tag","embeddable":true,"href":"https:\/\/calatorinromania.com\/index.php?rest_route=%2Fwp%2Fv2%2Ftags&post=47520"}],"curies":[{"name":"wp","href":"https:\/\/api.w.org\/{rel}","templated":true}]}}