{"id":47518,"date":"2026-04-28T06:22:03","date_gmt":"2026-04-28T06:22:03","guid":{"rendered":"https:\/\/calatorinromania.com\/?p=47518"},"modified":"2026-04-28T06:22:03","modified_gmt":"2026-04-28T06:22:03","slug":"fostul-meu-sot-dormea-pe-strada-in-timp-ce-eu-traiam-in-lux","status":"publish","type":"post","link":"https:\/\/calatorinromania.com\/?p=47518","title":{"rendered":"Fostul meu so\u021b dormea pe strad\u0103, \u00een timp ce eu tr\u0103iam \u00een lux"},"content":{"rendered":"\n<p>Am r\u0103mas la mas\u0103 cu cea\u0219ca de cafea \u00een fa\u021b\u0103, rece deja, \u0219i cu mintea \u00eenv\u0103lm\u0103\u0219it\u0103.<\/p>\n\n\n\n<p><\/p>\n\n\n\n<p>\u201e\u00centreab\u0103-\u021bi familia.\u201d<\/p>\n\n\n\n<p><\/p>\n\n\n\n<p>Cuvintele lui nu-mi d\u0103deau pace.<\/p>\n\n\n\n<p><\/p>\n\n\n\n<p>\u00cen aceea\u0219i sear\u0103, am ajuns acas\u0103 mai devreme dec\u00e2t de obicei. Vila mare, luminoas\u0103, cu tot confortul din lume\u2026 parc\u0103 nu mai era a mea. Parc\u0103 m\u0103 ap\u0103sa.<\/p>\n\n\n\n<p><\/p>\n\n\n\n<p>So\u021bul meu era \u00een living, la telefon.<\/p>\n\n\n\n<p><\/p>\n\n\n\n<p>\u2014Da, rezolv\u0103m\u2026 nu-\u021bi face griji\u2026 \u2014spunea pe un ton calm, dar rece.<\/p>\n\n\n\n<p><\/p>\n\n\n\n<p>C\u00e2nd m-a v\u0103zut, a \u00eenchis brusc.<\/p>\n\n\n\n<p><\/p>\n\n\n\n<p>\u2014Ai ajuns repede azi.<\/p>\n\n\n\n<p><\/p>\n\n\n\n<p>Am dat din cap.<\/p>\n\n\n\n<p>\u2014Trebuie s\u0103 vorbim.<\/p>\n\n\n\n<p>S-a uitat la mine c\u00e2teva secunde, apoi a z\u00e2mbit for\u021bat.<\/p>\n\n\n\n<p>\u2014Sigur. Despre ce e vorba?<\/p>\n\n\n\n<p>Am inspirat ad\u00e2nc.<\/p>\n\n\n\n<p>\u2014Despre Robert.<\/p>\n\n\n\n<p>Z\u00e2mbetul i-a disp\u0103rut instant.<\/p>\n\n\n\n<p>\u2014De ce aduci vorba despre el?<\/p>\n\n\n\n<p>\u2014Pentru c\u0103 l-am v\u0103zut azi. Pe strad\u0103. Str\u00e2ngea doze.<\/p>\n\n\n\n<p>T\u0103cere.<\/p>\n\n\n\n<p>\u2014\u0218i? Nu e problema noastr\u0103.<\/p>\n\n\n\n<p>M-am apropiat de el.<\/p>\n\n\n\n<p>\u2014Mi-a spus s\u0103-mi \u00eentreb familia.<\/p>\n\n\n\n<p>Privirea lui a fugit o clip\u0103.<\/p>\n\n\n\n<p>At\u00e2t mi-a fost de ajuns.<\/p>\n\n\n\n<p>\u00cen noaptea aceea nu am dormit.<\/p>\n\n\n\n<p>Am \u00eenceput s\u0103 caut.<\/p>\n\n\n\n<p>Documente vechi. Mailuri. Contracte.<\/p>\n\n\n\n<p>\u0218i apoi\u2026 am g\u0103sit ceva.<\/p>\n\n\n\n<p>Un dosar.<\/p>\n\n\n\n<p>Pe numele lui Robert.<\/p>\n\n\n\n<p>\u00cemprumuturi.<\/p>\n\n\n\n<p>Sume uria\u0219e.<\/p>\n\n\n\n<p>Sute de mii de euro\u2026 echivalentul a milioane de lei.<\/p>\n\n\n\n<p>Semn\u0103turi.<\/p>\n\n\n\n<p>Garan\u021bii.<\/p>\n\n\n\n<p>\u0218i, la final\u2026 executare.<\/p>\n\n\n\n<p>Totul se \u00eent\u00e2mplase \u00een c\u00e2teva luni.<\/p>\n\n\n\n<p>Prea repede.<\/p>\n\n\n\n<p>Prea organizat.<\/p>\n\n\n\n<p>Am sim\u021bit c\u0103 nu mai am aer.<\/p>\n\n\n\n<p>Robert nu era genul de om care s\u0103 se bage \u00een datorii.<\/p>\n\n\n\n<p>Nu avea cum.<\/p>\n\n\n\n<p>Am continuat s\u0103 caut.<\/p>\n\n\n\n<p>\u0218i atunci am v\u0103zut.<\/p>\n\n\n\n<p>Un transfer.<\/p>\n\n\n\n<p>O sum\u0103 mare.<\/p>\n\n\n\n<p>Dintr-o firm\u0103\u2026 care \u00eemi era foarte cunoscut\u0103.<\/p>\n\n\n\n<p>Firma so\u021bului meu.<\/p>\n\n\n\n<p>M\u00e2inile mi-au \u00eenceput s\u0103 tremure.<\/p>\n\n\n\n<p>Nu\u2026 nu putea fi\u2026<\/p>\n\n\n\n<p>Diminea\u021ba, am mers direct la mama.<\/p>\n\n\n\n<p>St\u0103tea lini\u0219tit\u0103, cu cafeaua \u00een m\u00e2n\u0103, ca \u00een fiecare zi.<\/p>\n\n\n\n<p>\u2014Mam\u0103\u2026 trebuie s\u0103 te \u00eentreb ceva.<\/p>\n\n\n\n<p>S-a uitat la mine, u\u0219or nelini\u0219tit\u0103.<\/p>\n\n\n\n<p>\u2014Ce s-a \u00eent\u00e2mplat?<\/p>\n\n\n\n<p>\u2014Ce \u0219tii despre Robert?<\/p>\n\n\n\n<p>A ezitat.<\/p>\n\n\n\n<p>\u2014Ce s\u0103 \u0219tiu\u2026 a\u021bi divor\u021bat\u2026 fiecare pe drumul lui\u2026<\/p>\n\n\n\n<p>\u2014Nu. Ce \u0219tii cu adev\u0103rat?<\/p>\n\n\n\n<p>Privirea i s-a schimbat.<\/p>\n\n\n\n<p>\u0218i atunci am \u00een\u021beles.<\/p>\n\n\n\n<p>\u2014Mam\u0103\u2026 ce a\u021bi f\u0103cut?<\/p>\n\n\n\n<p>A l\u0103sat cea\u0219ca jos, \u00eencet.<\/p>\n\n\n\n<p>\u2014Nu trebuia s\u0103 afli\u2026<\/p>\n\n\n\n<p>Inima mi-a c\u0103zut.<\/p>\n\n\n\n<p>\u2014Spune-mi.<\/p>\n\n\n\n<p>A \u00eenchis ochii o clip\u0103.<\/p>\n\n\n\n<p>\u2014So\u021bul t\u0103u\u2026 nu voia s\u0103 mai fie umbrit de trecutul t\u0103u. Robert\u2026 era prea respectat. Prea curat. Prea\u2026 incomod.<\/p>\n\n\n\n<p>Am sim\u021bit c\u0103 lumea se pr\u0103bu\u0219e\u0219te.<\/p>\n\n\n\n<p>\u2014A\u0219a c\u0103\u2026?<\/p>\n\n\n\n<p>\u2014L-au atras \u00eentr-o investi\u021bie. L-au f\u0103cut garant. Apoi au tras sforile\u2026 \u0219i l-au \u00eengropat \u00een datorii.<\/p>\n\n\n\n<p>Am \u00eenceput s\u0103 pl\u00e2ng.<\/p>\n\n\n\n<p>\u2014\u0218i tu ai \u0219tiut?!<\/p>\n\n\n\n<p>\u2014Am vrut s\u0103 te protejez\u2026<\/p>\n\n\n\n<p>\u2014M-a\u021bi min\u021bit! A\u021bi distrus un om!<\/p>\n\n\n\n<p>T\u0103cere.<\/p>\n\n\n\n<p>Am plecat f\u0103r\u0103 s\u0103 mai spun nimic.<\/p>\n\n\n\n<p>\u00cen aceea\u0219i zi l-am c\u0103utat pe Robert.<\/p>\n\n\n\n<p>L-am g\u0103sit \u00een acela\u0219i loc.<\/p>\n\n\n\n<p>De data asta, nu a mai fugit.<\/p>\n\n\n\n<p>\u2014\u0218tiai c\u0103 o s\u0103 aflu\u2026 nu? am spus \u00eencet.<\/p>\n\n\n\n<p>A dat din cap.<\/p>\n\n\n\n<p>\u2014Nu voiam s\u0103-\u021bi stric via\u021ba.<\/p>\n\n\n\n<p>\u2014Via\u021ba mea era deja o minciun\u0103.<\/p>\n\n\n\n<p>Am scos cheile ma\u0219inii \u0219i i le-am \u00eentins.<\/p>\n\n\n\n<p>\u2014Hai.<\/p>\n\n\n\n<p>\u2014Unde?<\/p>\n\n\n\n<p>\u2014\u00cenapoi.<\/p>\n\n\n\n<p>M-a privit confuz.<\/p>\n\n\n\n<p>\u2014\u00cenapoi la via\u021ba ta.<\/p>\n\n\n\n<p>A \u00eencercat s\u0103 refuze.<\/p>\n\n\n\n<p>Dar de data asta nu l-am l\u0103sat.<\/p>\n\n\n\n<p>\u00cen lunile care au urmat, am f\u0103cut ce trebuia.<\/p>\n\n\n\n<p>Am divor\u021bat.<\/p>\n\n\n\n<p>Am scos la lumin\u0103 tot.<\/p>\n\n\n\n<p>Procese. Dovezi. Adev\u0103r.<\/p>\n\n\n\n<p>Nu a fost u\u0219or.<\/p>\n\n\n\n<p>Dar, \u00eencet\u2026 Robert \u0219i-a rec\u0103p\u0103tat demnitatea.<\/p>\n\n\n\n<p>Nu totul.<\/p>\n\n\n\n<p>Nu trecutul.<\/p>\n\n\n\n<p>Dar suficient c\u00e2t s\u0103 o ia de la cap\u0103t.<\/p>\n\n\n\n<p>\u00centr-o zi, st\u0103team pe o banc\u0103, \u00een parc.<\/p>\n\n\n\n<p>El, cu o c\u0103ma\u0219\u0103 curat\u0103.<\/p>\n\n\n\n<p>Eu, f\u0103r\u0103 via\u021ba aceea luxoas\u0103\u2026 dar cu sufletul mai u\u0219or.<\/p>\n\n\n\n<p>\u2014De ce ai f\u0103cut asta pentru mine? m-a \u00eentrebat.<\/p>\n\n\n\n<p>Am z\u00e2mbit.<\/p>\n\n\n\n<p>\u2014Pentru c\u0103 tu nu ai f\u0103cut niciodat\u0103 nimic r\u0103u.<\/p>\n\n\n\n<p>A dat din cap.<\/p>\n\n\n\n<p>\u2014\u0218i pentru c\u0103\u2026?<\/p>\n\n\n\n<p>L-am privit.<\/p>\n\n\n\n<p>\u2014Pentru c\u0103 uneori, adev\u0103rul cost\u0103 tot. Dar merit\u0103.<\/p>\n\n\n\n<p>\u0218i pentru prima dat\u0103 dup\u0103 mult timp\u2026 am sim\u021bit c\u0103 respir cu adev\u0103rat.<\/p>\n\n\n\n<p><em>Aceast\u0103 lucrare este inspirat\u0103 din evenimente \u0219i persoane reale, \u00eens\u0103 a fost fic\u021bionalizat\u0103 \u00een scopuri creative. Numele, personajele \u0219i detaliile au fost schimbate pentru a proteja intimitatea \u0219i pentru a \u00eembun\u0103t\u0103\u021bi nara\u021biunea. Orice asem\u0103nare cu persoane reale, \u00een via\u021b\u0103 sau decedate, sau cu evenimente reale este pur \u00eent\u00e2mpl\u0103toare \u0219i nu este inten\u021bionat\u0103 de c\u0103tre autor.<\/em><\/p>\n\n\n\n<p><em>Autorul \u0219i editorul nu \u00ee\u0219i asum\u0103 responsabilitatea pentru exactitatea evenimentelor sau pentru modul \u00een care sunt portretizate personajele \u0219i nu sunt r\u0103spunz\u0103tori pentru eventuale interpret\u0103ri gre\u0219ite. Aceast\u0103 poveste este oferit\u0103 \u201eca atare\u201d, iar orice opinii exprimate apar\u021bin personajelor \u0219i nu reflect\u0103 punctele de vedere ale autorului sau ale editorului.<\/em><\/p>\n","protected":false},"excerpt":{"rendered":"<p>Am r\u0103mas la mas\u0103 cu cea\u0219ca de cafea \u00een fa\u021b\u0103, rece deja, \u0219i cu mintea \u00eenv\u0103lm\u0103\u0219it\u0103. \u201e\u00centreab\u0103-\u021bi familia.\u201d Cuvintele lui nu-mi d\u0103deau pace. \u00cen aceea\u0219i<\/p>\n","protected":false},"author":1,"featured_media":47435,"comment_status":"closed","ping_status":"closed","sticky":false,"template":"","format":"standard","meta":[],"categories":[1],"tags":[],"_links":{"self":[{"href":"https:\/\/calatorinromania.com\/index.php?rest_route=\/wp\/v2\/posts\/47518"}],"collection":[{"href":"https:\/\/calatorinromania.com\/index.php?rest_route=\/wp\/v2\/posts"}],"about":[{"href":"https:\/\/calatorinromania.com\/index.php?rest_route=\/wp\/v2\/types\/post"}],"author":[{"embeddable":true,"href":"https:\/\/calatorinromania.com\/index.php?rest_route=\/wp\/v2\/users\/1"}],"replies":[{"embeddable":true,"href":"https:\/\/calatorinromania.com\/index.php?rest_route=%2Fwp%2Fv2%2Fcomments&post=47518"}],"version-history":[{"count":1,"href":"https:\/\/calatorinromania.com\/index.php?rest_route=\/wp\/v2\/posts\/47518\/revisions"}],"predecessor-version":[{"id":47519,"href":"https:\/\/calatorinromania.com\/index.php?rest_route=\/wp\/v2\/posts\/47518\/revisions\/47519"}],"wp:featuredmedia":[{"embeddable":true,"href":"https:\/\/calatorinromania.com\/index.php?rest_route=\/wp\/v2\/media\/47435"}],"wp:attachment":[{"href":"https:\/\/calatorinromania.com\/index.php?rest_route=%2Fwp%2Fv2%2Fmedia&parent=47518"}],"wp:term":[{"taxonomy":"category","embeddable":true,"href":"https:\/\/calatorinromania.com\/index.php?rest_route=%2Fwp%2Fv2%2Fcategories&post=47518"},{"taxonomy":"post_tag","embeddable":true,"href":"https:\/\/calatorinromania.com\/index.php?rest_route=%2Fwp%2Fv2%2Ftags&post=47518"}],"curies":[{"name":"wp","href":"https:\/\/api.w.org\/{rel}","templated":true}]}}