{"id":47516,"date":"2026-04-28T06:19:47","date_gmt":"2026-04-28T06:19:47","guid":{"rendered":"https:\/\/calatorinromania.com\/?p=47516"},"modified":"2026-04-28T06:19:48","modified_gmt":"2026-04-28T06:19:48","slug":"am-nascut-la-17-ani-iar-parintii-mei-mi-au-luat-copilul","status":"publish","type":"post","link":"https:\/\/calatorinromania.com\/?p=47516","title":{"rendered":"Am n\u0103scut la 17 ani \u2014 iar p\u0103rin\u021bii mei mi-au luat copilul"},"content":{"rendered":"\n<p>\u201eDe la mama mea,\u201d a spus el simplu. \u201eMi-a zis c\u0103 a primit-o de la o femeie care nu a avut voie s\u0103 m\u0103 p\u0103streze.\u201d<\/p>\n\n\n\n<p><\/p>\n\n\n\n<p>Cuvintele lui au c\u0103zut peste mine ca un tr\u0103snet.<\/p>\n\n\n\n<p><\/p>\n\n\n\n<p>Am sim\u021bit cum mi se taie picioarele.<\/p>\n\n\n\n<p><\/p>\n\n\n\n<p>\u201eCum o cheam\u0103 pe mama ta?\u201d am \u00eentrebat, cu vocea abia auzit\u0103.<\/p>\n\n\n\n<p><\/p>\n\n\n\n<p>\u201eElena,\u201d a r\u0103spuns el. \u201eDar\u2026 a murit acum cinci ani.\u201d<\/p>\n\n\n\n<p><\/p>\n\n\n\n<p>Am \u00eenchis ochii pentru o clip\u0103. Totul \u00eencepea s\u0103 capete sens \u0219i, \u00een acela\u0219i timp, nimic nu mai avea.<\/p>\n\n\n\n<p><\/p>\n\n\n\n<p>\u201e\u0218i\u2026 tat\u0103l t\u0103u?\u201d am continuat.<\/p>\n\n\n\n<p><\/p>\n\n\n\n<p>Andrei a ridicat din umeri.<\/p>\n\n\n\n<p><\/p>\n\n\n\n<p>\u201eNu l-am cunoscut niciodat\u0103. Mama spunea c\u0103 nu conteaz\u0103. C\u0103 sunt dorit \u0219i iubit. At\u00e2t.\u201d<\/p>\n\n\n\n<p><\/p>\n\n\n\n<p>Am \u00eenghi\u021bit \u00een sec.<\/p>\n\n\n\n<p>\u00cen piept sim\u021beam o presiune uria\u0219\u0103, ca \u0219i cum anii de t\u0103cere se adunaser\u0103 to\u021bi deodat\u0103.<\/p>\n\n\n\n<p>\u201eAndrei\u2026\u201d am spus, \u00eencet. \u201eEu\u2026 eu cred c\u0103 sunt mama ta.\u201d<\/p>\n\n\n\n<p>A t\u0103cut.<\/p>\n\n\n\n<p>M-a privit lung.<\/p>\n\n\n\n<p>Nu cu \u0219oc. Nu cu furie.<\/p>\n\n\n\n<p>Cu o aten\u021bie lini\u0219tit\u0103, aproape dureroas\u0103.<\/p>\n\n\n\n<p>\u201e\u0218tiu,\u201d a spus el.<\/p>\n\n\n\n<p>Am clipit des, confuz\u0103.<\/p>\n\n\n\n<p>\u201eCum\u2026?\u201d<\/p>\n\n\n\n<p>\u201eAm g\u0103sit ni\u0219te acte dup\u0103 ce a murit mama,\u201d a continuat el. \u201eNu multe. Dar suficiente c\u00e2t s\u0103-mi dau seama c\u0103 povestea nu era complet\u0103. \u0218i c\u00e2nd te-am v\u0103zut prima dat\u0103\u2026 am sim\u021bit.\u201d<\/p>\n\n\n\n<p>Lacrimile mi-au \u00eenceput s\u0103 curg\u0103 f\u0103r\u0103 s\u0103 le pot opri.<\/p>\n\n\n\n<p>\u201eMi-au spus c\u0103 ai murit\u2026\u201d am \u0219optit. \u201eNu m-au l\u0103sat nici m\u0103car s\u0103 te \u021bin \u00een bra\u021be\u2026\u201d<\/p>\n\n\n\n<p>Andrei s-a apropiat \u00eencet.<\/p>\n\n\n\n<p>\u201e\u0218tiu c\u0103 nu ai avut de ales,\u201d a spus el. \u201e\u0218i eu am crescut cu golul \u0103sta\u2026 f\u0103r\u0103 s\u0103 \u0219tiu exact ce lipse\u0219te.\u201d<\/p>\n\n\n\n<p>Pentru prima dat\u0103 \u00een 21 de ani, durerea aceea surd\u0103 din mine a \u00eenceput s\u0103 se dezlege.<\/p>\n\n\n\n<p>Nu disp\u0103rea.<\/p>\n\n\n\n<p>Dar se transforma.<\/p>\n\n\n\n<p>\u201e\u00cemi pare r\u0103u,\u201d am spus, printre lacrimi. \u201ePentru tot.\u201d<\/p>\n\n\n\n<p>El a dat u\u0219or din cap.<\/p>\n\n\n\n<p>\u201eNu e vina ta.\u201d<\/p>\n\n\n\n<p>Am stat acolo, unul \u00een fa\u021ba celuilalt, ca doi str\u0103ini lega\u021bi de acela\u0219i trecut.<\/p>\n\n\n\n<p>Apoi, f\u0103r\u0103 s\u0103 spun\u0103 nimic, m-a \u00eembr\u0103\u021bi\u0219at.<\/p>\n\n\n\n<p>\u0218i \u00een momentul acela, ceva s-a rupt \u00een mine.<\/p>\n\n\n\n<p>Dar nu \u00een sensul r\u0103u.<\/p>\n\n\n\n<p>Ci ca \u0219i cum, \u00een sf\u00e2r\u0219it, o parte din mine revenea acas\u0103.<\/p>\n\n\n\n<p>\u00cen zilele care au urmat, am vorbit ore \u00eentregi.<\/p>\n\n\n\n<p>Despre copil\u0103ria lui.<br>Despre via\u021ba mea.<br>Despre minciunile care ne-au desp\u0103r\u021bit.<\/p>\n\n\n\n<p>Tat\u0103l meu a \u00eencercat s\u0103 ne opreasc\u0103.<\/p>\n\n\n\n<p>A ridicat tonul, a negat, a inventat.<\/p>\n\n\n\n<p>Dar de data asta nu am mai t\u0103cut.<\/p>\n\n\n\n<p>\u201eMi-ai luat copilul,\u201d i-am spus. \u201eMi-ai furat 21 de ani din via\u021b\u0103.\u201d<\/p>\n\n\n\n<p>Nu a avut ce s\u0103 mai r\u0103spund\u0103.<\/p>\n\n\n\n<p>A plecat \u00een aceea\u0219i sear\u0103.<\/p>\n\n\n\n<p>F\u0103r\u0103 scuze.<\/p>\n\n\n\n<p>F\u0103r\u0103 explica\u021bii.<\/p>\n\n\n\n<p>Dar nici nu mai aveam nevoie de ele.<\/p>\n\n\n\n<p>Pentru c\u0103, \u00een sf\u00e2r\u0219it, aveam adev\u0103rul.<\/p>\n\n\n\n<p>\u0218i pe el.<\/p>\n\n\n\n<p>\u00centr-o duminic\u0103 diminea\u021b\u0103, st\u0103team am\u00e2ndoi la mas\u0103, cu cafeaua \u00een fa\u021b\u0103.<\/p>\n\n\n\n<p>Lumina intra pe geam, lini\u0219tit\u0103.<\/p>\n\n\n\n<p>\u201e\u0218tii ceva?\u201d a spus Andrei, z\u00e2mbind u\u0219or. \u201eCred c\u0103 putem recupera.\u201d<\/p>\n\n\n\n<p>L-am privit.<\/p>\n\n\n\n<p>\u201eNu tot,\u201d a ad\u0103ugat. \u201eDar suficient.\u201d<\/p>\n\n\n\n<p>Am z\u00e2mbit printre lacrimi.<\/p>\n\n\n\n<p>\u0218i pentru prima dat\u0103 dup\u0103 21 de ani\u2026<\/p>\n\n\n\n<p>am sim\u021bit c\u0103 via\u021ba mea nu mai e o poveste pierdut\u0103.<\/p>\n\n\n\n<p>Ci una care, \u00een sf\u00e2r\u0219it, \u00eencepe cu adev\u0103rat.<\/p>\n\n\n\n<p><em>Aceast\u0103 lucrare este inspirat\u0103 din evenimente \u0219i persoane reale, \u00eens\u0103 a fost fic\u021bionalizat\u0103 \u00een scopuri creative. Numele, personajele \u0219i detaliile au fost schimbate pentru a proteja intimitatea \u0219i pentru a \u00eembun\u0103t\u0103\u021bi nara\u021biunea. Orice asem\u0103nare cu persoane reale, \u00een via\u021b\u0103 sau decedate, sau cu evenimente reale este pur \u00eent\u00e2mpl\u0103toare \u0219i nu este inten\u021bionat\u0103 de c\u0103tre autor.<\/em><\/p>\n\n\n\n<p><em>Autorul \u0219i editorul nu \u00ee\u0219i asum\u0103 responsabilitatea pentru exactitatea evenimentelor sau pentru modul \u00een care sunt portretizate personajele \u0219i nu sunt r\u0103spunz\u0103tori pentru eventuale interpret\u0103ri gre\u0219ite. Aceast\u0103 poveste este oferit\u0103 \u201eca atare\u201d, iar orice opinii exprimate apar\u021bin personajelor \u0219i nu reflect\u0103 punctele de vedere ale autorului sau ale editorului.<\/em><\/p>\n","protected":false},"excerpt":{"rendered":"<p>\u201eDe la mama mea,\u201d a spus el simplu. \u201eMi-a zis c\u0103 a primit-o de la o femeie care nu a avut voie s\u0103 m\u0103 p\u0103streze.\u201d<\/p>\n","protected":false},"author":1,"featured_media":47435,"comment_status":"closed","ping_status":"closed","sticky":false,"template":"","format":"standard","meta":[],"categories":[1],"tags":[],"_links":{"self":[{"href":"https:\/\/calatorinromania.com\/index.php?rest_route=\/wp\/v2\/posts\/47516"}],"collection":[{"href":"https:\/\/calatorinromania.com\/index.php?rest_route=\/wp\/v2\/posts"}],"about":[{"href":"https:\/\/calatorinromania.com\/index.php?rest_route=\/wp\/v2\/types\/post"}],"author":[{"embeddable":true,"href":"https:\/\/calatorinromania.com\/index.php?rest_route=\/wp\/v2\/users\/1"}],"replies":[{"embeddable":true,"href":"https:\/\/calatorinromania.com\/index.php?rest_route=%2Fwp%2Fv2%2Fcomments&post=47516"}],"version-history":[{"count":1,"href":"https:\/\/calatorinromania.com\/index.php?rest_route=\/wp\/v2\/posts\/47516\/revisions"}],"predecessor-version":[{"id":47517,"href":"https:\/\/calatorinromania.com\/index.php?rest_route=\/wp\/v2\/posts\/47516\/revisions\/47517"}],"wp:featuredmedia":[{"embeddable":true,"href":"https:\/\/calatorinromania.com\/index.php?rest_route=\/wp\/v2\/media\/47435"}],"wp:attachment":[{"href":"https:\/\/calatorinromania.com\/index.php?rest_route=%2Fwp%2Fv2%2Fmedia&parent=47516"}],"wp:term":[{"taxonomy":"category","embeddable":true,"href":"https:\/\/calatorinromania.com\/index.php?rest_route=%2Fwp%2Fv2%2Fcategories&post=47516"},{"taxonomy":"post_tag","embeddable":true,"href":"https:\/\/calatorinromania.com\/index.php?rest_route=%2Fwp%2Fv2%2Ftags&post=47516"}],"curies":[{"name":"wp","href":"https:\/\/api.w.org\/{rel}","templated":true}]}}