{"id":47512,"date":"2026-04-28T05:57:38","date_gmt":"2026-04-28T05:57:38","guid":{"rendered":"https:\/\/calatorinromania.com\/?p=47512"},"modified":"2026-04-28T05:57:38","modified_gmt":"2026-04-28T05:57:38","slug":"la-inmormantarea-gemenilor-mei-2","status":"publish","type":"post","link":"https:\/\/calatorinromania.com\/?p=47512","title":{"rendered":"La \u00eenmorm\u00e2ntarea gemenilor mei"},"content":{"rendered":"\n<p><\/p>\n\n\n\n<p><\/p>\n\n\n\n<p>Vocea a str\u0103puns aerul ca un cu\u021bit. Toat\u0103 lumea s-a \u00eentors. O femeie minion\u0103, \u00eembr\u0103cat\u0103 \u00een negru, cu spatele drept \u0219i o privire p\u0103trunz\u0103toare, s-a ridicat \u00eencet din ultima banc\u0103. Era m\u0103tu\u0219a Ana, moa\u0219a satului. Femeia care m\u0103 ajutase s\u0103 nasc. Femeia care fusese prezent\u0103 \u00een ultimele clipe ale copiilor mei.<\/p>\n\n\n\n<p><\/p>\n\n\n\n<p>A mers pas cu pas spre altar, f\u0103r\u0103 grab\u0103, dar hot\u0103r\u00e2t\u0103. Elena a r\u00e2s dispre\u021buitor.<\/p>\n\n\n\n<p><\/p>\n\n\n\n<p>\u201eCe vrei, b\u0103tr\u00e2nic\u0103? Nu e treaba ta.\u201d<\/p>\n\n\n\n<p><\/p>\n\n\n\n<p>\u201eDa\u201d, a spus m\u0103tu\u0219a Ana calm. \u201eE treaba mea \u0219i a tuturor.\u201d<\/p>\n\n\n\n<p><\/p>\n\n\n\n<p>S-a \u00eentors c\u0103tre mul\u021bime \u0219i a \u00eenceput s\u0103 vorbeasc\u0103 \u00eencet, clar, f\u0103r\u0103 s\u0103 ridice vocea.<\/p>\n\n\n\n<p><\/p>\n\n\n\n<p>\u201eAm fost la na\u0219tere. Am v\u0103zut ce s-a \u00eent\u00e2mplat. \u0218i \u0219tiu adev\u0103rul.\u201d<\/p>\n\n\n\n<p><\/p>\n\n\n\n<p>Un murmur a str\u0103b\u0103tut biserica. Andrei a tres\u0103rit. Abia puteam respira.<\/p>\n\n\n\n<p><\/p>\n\n\n\n<p>\u201eAce\u0219ti copii\u201d, a continuat ea, \u201enu au murit din cauza mamei lor.\u201d Au murit pentru c\u0103 cineva nu i-a l\u0103sat pe medici s\u0103 intervin\u0103. Pentru c\u0103 cineva a spus: \u201eNu cheltui bani pe prostii\u201d \u0219i c\u0103 \u201eDumnezeu decide\u201d.<\/p>\n\n\n\n<p><\/p>\n\n\n\n<p>Privirea ei s-a \u00eendreptat direct spre Elena.<\/p>\n\n\n\n<p><\/p>\n\n\n\n<p>Fa\u021ba soacrei mele s-a schimbat. A devenit furioas\u0103.<\/p>\n\n\n\n<p><\/p>\n\n\n\n<p>\u201eMin\u021bi!\u201d, a \u021bipat ea.<\/p>\n\n\n\n<p><\/p>\n\n\n\n<p>\u201eNu mint\u201d, a spus m\u0103tu\u0219a Ana. \u201eAm notat totul. Am martori. \u0218i dac\u0103 va fi nevoie, voi chema poli\u021bia.\u201d<\/p>\n\n\n\n<p>Biserica era \u00een hohote. Oamenii \u0219opteau, uit\u00e2ndu-se unii la al\u021bii, apoi la Elena. Preotul, evident mi\u0219cat, a f\u0103cut cruci largi.<\/p>\n\n\n\n<p>Andrei s-a apropiat de mama lui.<\/p>\n\n\n\n<p>\u201eMam\u0103\u2026 e adev\u0103rat?\u201d<\/p>\n\n\n\n<p>Elena a \u00eencercat s\u0103 spun\u0103 ceva, dar cuvintele nu ie\u0219eau. Pentru prima dat\u0103, se sim\u021bea neputincioas\u0103.<\/p>\n\n\n\n<p>M-am chinuit s\u0103 m\u0103 ridic de pe jos. Cineva m-a \u021binut. M-am uitat la Andrei, cu ochii umfla\u021bi de pl\u00e2ns.<\/p>\n\n\n\n<p>\u201eAi ascultat-o \u200b\u200bmai mult dec\u00e2t pe mine\u201d, am spus \u00eencet. \u201e\u0218i copiii no\u0219tri au murit.\u201d<\/p>\n\n\n\n<p>Apoi Andrei a \u00eenceput s\u0103 pl\u00e2ng\u0103. Nu discret, nu \u00een t\u0103cere. A pl\u00e2ns tare, \u00een mijlocul bisericii.<\/p>\n\n\n\n<p>C\u00e2\u021biva b\u0103rba\u021bi au dus-o pe Elena. Ea \u00eenc\u0103 \u021bipa, \u00eenc\u0103 \u00eenjura. Dar nimeni nu o mai asculta.<\/p>\n\n\n\n<p>\u00cenmorm\u00e2ntarea a fost diferit\u0103. Mai lini\u0219tit\u0103. Mai sincer\u0103. Mi-am pus m\u00e2na pe sicriu \u0219i le-am \u0219optit fiilor mei c\u0103 mama lor luptase. \u0218i c\u0103 adev\u0103rul ie\u0219ise la iveal\u0103.<\/p>\n\n\n\n<p>Au urmat luni dificile. Reclama\u021bii, declara\u021bii, procese. Elena a fost tras\u0103 la r\u0103spundere. Nu doar pentru ceea ce spusese \u00een biseric\u0103, ci pentru tot ce f\u0103cuse \u00eenainte.<\/p>\n\n\n\n<p>Andrei s-a schimbat. A stat l\u00e2ng\u0103 mine. Mi-a cerut iertare. \u00cencet, am \u00eenceput s\u0103 ne vindec\u0103m.<\/p>\n\n\n\n<p>Ast\u0103zi, c\u00e2nd trec pe l\u00e2ng\u0103 cimitir, nu mai simt doar durere. Simt \u0219i pace. Pentru c\u0103 gemenii mei nu au fost uita\u021bi. Pentru c\u0103 adev\u0103rul a \u00eenvins. \u0218i pentru c\u0103 uneori, chiar \u0219i \u00een cea mai \u00eentunecat\u0103 zi, dreptatea poate ie\u0219i la iveal\u0103.<\/p>\n","protected":false},"excerpt":{"rendered":"<p>Vocea a str\u0103puns aerul ca un cu\u021bit. Toat\u0103 lumea s-a \u00eentors. O femeie minion\u0103, \u00eembr\u0103cat\u0103 \u00een negru, cu spatele drept \u0219i o privire p\u0103trunz\u0103toare, s-a<\/p>\n","protected":false},"author":1,"featured_media":47435,"comment_status":"closed","ping_status":"closed","sticky":false,"template":"","format":"standard","meta":[],"categories":[1],"tags":[],"_links":{"self":[{"href":"https:\/\/calatorinromania.com\/index.php?rest_route=\/wp\/v2\/posts\/47512"}],"collection":[{"href":"https:\/\/calatorinromania.com\/index.php?rest_route=\/wp\/v2\/posts"}],"about":[{"href":"https:\/\/calatorinromania.com\/index.php?rest_route=\/wp\/v2\/types\/post"}],"author":[{"embeddable":true,"href":"https:\/\/calatorinromania.com\/index.php?rest_route=\/wp\/v2\/users\/1"}],"replies":[{"embeddable":true,"href":"https:\/\/calatorinromania.com\/index.php?rest_route=%2Fwp%2Fv2%2Fcomments&post=47512"}],"version-history":[{"count":1,"href":"https:\/\/calatorinromania.com\/index.php?rest_route=\/wp\/v2\/posts\/47512\/revisions"}],"predecessor-version":[{"id":47513,"href":"https:\/\/calatorinromania.com\/index.php?rest_route=\/wp\/v2\/posts\/47512\/revisions\/47513"}],"wp:featuredmedia":[{"embeddable":true,"href":"https:\/\/calatorinromania.com\/index.php?rest_route=\/wp\/v2\/media\/47435"}],"wp:attachment":[{"href":"https:\/\/calatorinromania.com\/index.php?rest_route=%2Fwp%2Fv2%2Fmedia&parent=47512"}],"wp:term":[{"taxonomy":"category","embeddable":true,"href":"https:\/\/calatorinromania.com\/index.php?rest_route=%2Fwp%2Fv2%2Fcategories&post=47512"},{"taxonomy":"post_tag","embeddable":true,"href":"https:\/\/calatorinromania.com\/index.php?rest_route=%2Fwp%2Fv2%2Ftags&post=47512"}],"curies":[{"name":"wp","href":"https:\/\/api.w.org\/{rel}","templated":true}]}}