{"id":47510,"date":"2026-04-28T05:48:18","date_gmt":"2026-04-28T05:48:18","guid":{"rendered":"https:\/\/calatorinromania.com\/?p=47510"},"modified":"2026-04-28T05:48:18","modified_gmt":"2026-04-28T05:48:18","slug":"am-fost-mereu-convinsa-ca-soacra-mea-e-doar-o-pensionara-normala","status":"publish","type":"post","link":"https:\/\/calatorinromania.com\/?p=47510","title":{"rendered":"\u201dAm fost mereu convins\u0103 c\u0103 soacra mea e doar o pensionar\u0103 normal\u0103\u201d"},"content":{"rendered":"\n<p>C\u00e2nd am ajuns la sec\u021bie, am fost nevoi\u021bi s\u0103 a\u0219tept\u0103m aproape o or\u0103. So\u021bul meu, Mihai, plimba nervos telefonul dintr-o m\u00e2n\u0103 \u00een alta, iar eu st\u0103team nemi\u0219cat\u0103, cu privirea pierdut\u0103. Nu-mi venea s\u0103 cred c\u0103 femeia care f\u0103cea cozonaci pentru copii \u0219i citea reviste de s\u0103n\u0103tate la lumina veiozei putea fi acuzat\u0103 de a\u0219a ceva.<\/p>\n\n\n\n<p><\/p>\n\n\n\n<p>\u00cen cele din urm\u0103, un ofi\u021ber ne-a chemat \u00eentr-un birou mic, cu pere\u021bi albi \u0219i miros de cafea ieftin\u0103.<\/p>\n\n\n\n<p><\/p>\n\n\n\n<p>\u2014 Domnule \u0219i doamn\u0103 Ionescu, trebuie s\u0103 v\u0103 spunem c\u0103 doamna Ana este suspectat\u0103 c\u0103 a folosit o identitate fals\u0103 \u00een ultimii dou\u0103zeci de ani, a spus el calm, deschiz\u00e2nd un dosar plin cu acte.<\/p>\n\n\n\n<p><\/p>\n\n\n\n<p>So\u021bul meu a izbucnit: \u2014 Glumi\u021bi, nu? Mama mea n-a f\u0103cut r\u0103u nici unei mu\u0219te!<\/p>\n\n\n\n<p><br>\u2014 Nu glumesc, domnule. Avem dovezi c\u0103 a fost implicat\u0103 \u00eentr-un caz nerezolvat de acum mul\u021bi ani, continu\u0103 ofi\u021berul.<\/p>\n\n\n\n<p><\/p>\n\n\n\n<p>Am sim\u021bit cum inima mi se opre\u0219te. \u00cen fa\u021ba noastr\u0103 erau fotografii vechi, alb-negru, cu o femeie t\u00e2n\u0103r\u0103 care sem\u0103na izbitor cu soacra mea, dar avea alt nume:\u00a0Elena Pop.<\/p>\n\n\n\n<p><\/p>\n\n\n\n<p>\u2014 A disp\u0103rut \u00een \u201989, imediat dup\u0103 Revolu\u021bie. Se presupunea c\u0103 a fugit din \u021bar\u0103, dar se pare c\u0103 \u0219i-a schimbat identitatea \u0219i a tr\u0103it lini\u0219tit\u0103 sub alt nume, spuse poli\u021bistul privind direct spre noi.<\/p>\n\n\n\n<p><\/p>\n\n\n\n<p>Mihai s-a pr\u0103bu\u0219it pe scaun.<\/p>\n\n\n\n<p>\u2014 Nu\u2026 nu e posibil\u2026 mama nu ar fi putut face a\u0219a ceva.<\/p>\n\n\n\n<p>Ofi\u021berul a oftat.<\/p>\n\n\n\n<p>\u2014 \u0218tiu c\u0103 e greu de crezut, dar avem martori, amprente \u0219i documente. Doamna Ana, adic\u0103 Elena Pop, este acuzat\u0103 de implicare \u00eentr-un accident mortal \u0219i de distrugerea inten\u021bionat\u0103 a unor documente oficiale.<\/p>\n\n\n\n<p>Am sim\u021bit cum m\u0103 ia cu ame\u021beal\u0103. M\u0103 ag\u0103\u021bam de marginea mesei, c\u0103ut\u00e2nd aer. \u00cen minte \u00eemi tot reveneau z\u00e2mbetele ei bl\u00e2nde, pove\u0219tile cu \u00eengeri \u0219i biscui\u021bii f\u0103cu\u021bi special pentru nepo\u021bi.<\/p>\n\n\n\n<p>\u2014 Dar de ce? \u2014 am \u00eentrebat abia \u0219optit. \u2014 De ce ar fi f\u0103cut a\u0219a ceva?<\/p>\n\n\n\n<p>Ofi\u021berul a ridicat din umeri.<\/p>\n\n\n\n<p>\u2014 Uneori oamenii duc poveri pe care nu le arat\u0103 nim\u0103nui. Poate a fost o gre\u0219eal\u0103, poate a \u00eencercat doar s\u0103 supravie\u021buiasc\u0103.<\/p>\n\n\n\n<p>Cuvintele lui m-au urm\u0103rit zile \u00eentregi. Am mers acas\u0103 \u0219i am \u00eenceput s\u0103 r\u0103scolim prin toate lucrurile ei. \u00centr-o cutie veche de pantofi, ascuns\u0103 sub un sertar, am g\u0103sit un teanc de fotografii \u00eeng\u0103lbenite \u0219i c\u00e2teva scrisori legate cu o panglic\u0103 ro\u0219ie. Pe una dintre scrisori scria: \u201ePentru Mihai, c\u00e2nd nu voi mai fi.\u201d<\/p>\n\n\n\n<p>M\u00e2inile \u00eemi tremurau c\u00e2nd am desf\u0103cut h\u00e2rtia. \u00cen\u0103untru era o scrisoare lung\u0103, scris\u0103 cu litere tremurate. Soacra mea m\u0103rturisea c\u0103 \u00een tinere\u021be lucrase la un depozit unde, din neaten\u021bie, provocase un incendiu. Un om murise, iar ea, \u00eensp\u0103im\u00e2ntat\u0103, fugise din ora\u0219 \u0219i \u00ee\u0219i schimbase numele cu ajutorul unui prieten.<\/p>\n\n\n\n<p>\u201eAm vrut doar s\u0103 tr\u0103iesc o via\u021b\u0103 normal\u0103, s\u0103 iubesc, s\u0103 fiu mam\u0103 \u0219i bunic\u0103. N-am putut tr\u0103i cu vina, dar nici cu pedeapsa. Iart\u0103-m\u0103, fiule\u2026\u201d<\/p>\n\n\n\n<p>Am citit r\u00e2ndurile acelea de zeci de ori, cu lacrimile curg\u00e2nd necontrolat. C\u00e2nd am dus scrisoarea la poli\u021bie, ne-au spus c\u0103, probabil, dosarul se va \u00eenchide, pentru c\u0103 faptele erau prea vechi. Dar soacra mea a r\u0103mas \u00een deten\u021bie, \u00een a\u0219teptarea deciziei.<\/p>\n\n\n\n<p>\u00centr-o zi, am primit un telefon: inima ei cedase \u00een timpul anchetei. Mihai a r\u0103mas \u021bintuit \u00een pat s\u0103pt\u0103m\u00e2ni \u00eentregi. Eu m-am ocupat de \u00eenmorm\u00e2ntare \u0219i am p\u0103strat scrisoarea, promi\u021b\u00e2ndu-mi c\u0103 o voi ar\u0103ta copiilor atunci c\u00e2nd vor fi mari, ca s\u0103 \u00een\u021beleag\u0103 un lucru:&nbsp;nimeni nu e doar bun sau r\u0103u, ci doar un om care poart\u0103 propriile gre\u0219eli \u0219i alegeri.<\/p>\n\n\n\n<p>De atunci, c\u00e2nd privesc fotografiile de familie, v\u0103d \u00een z\u00e2mbetul ei nu doar bl\u00e2nde\u021bea, ci \u0219i durerea unei vie\u021bi tr\u0103ite cu fric\u0103. \u0218i \u00een fiecare sear\u0103, c\u00e2nd pun capul pe pern\u0103, \u00eemi amintesc de cuvintele ei: \u201eS\u0103 nu judeci niciodat\u0103 un om p\u00e2n\u0103 nu \u0219tii ce povar\u0103 duce \u00een suflet.\u201d<\/p>\n\n\n\n<p><em>Aceast\u0103 lucrare este inspirat\u0103 din evenimente \u0219i persoane reale, \u00eens\u0103 a fost fic\u021bionalizat\u0103 \u00een scopuri creative. Numele, personajele \u0219i detaliile au fost schimbate pentru a proteja intimitatea \u0219i pentru a \u00eembun\u0103t\u0103\u021bi nara\u021biunea. Orice asem\u0103nare cu persoane reale, \u00een via\u021b\u0103 sau decedate, sau cu evenimente reale este pur \u00eent\u00e2mpl\u0103toare \u0219i nu este inten\u021bionat\u0103 de c\u0103tre autor.<\/em><\/p>\n\n\n\n<p><em>Autorul \u0219i editorul nu \u00ee\u0219i asum\u0103 responsabilitatea pentru exactitatea evenimentelor sau pentru modul \u00een care sunt portretizate personajele \u0219i nu sunt r\u0103spunz\u0103tori pentru eventuale interpret\u0103ri gre\u0219ite. Aceast\u0103 poveste este oferit\u0103 \u201eca atare\u201d, iar orice opinii exprimate apar\u021bin personajelor \u0219i nu reflect\u0103 punctele de vedere ale autorului sau ale editorului.<\/em><\/p>\n","protected":false},"excerpt":{"rendered":"<p>C\u00e2nd am ajuns la sec\u021bie, am fost nevoi\u021bi s\u0103 a\u0219tept\u0103m aproape o or\u0103. So\u021bul meu, Mihai, plimba nervos telefonul dintr-o m\u00e2n\u0103 \u00een alta, iar eu<\/p>\n","protected":false},"author":1,"featured_media":47435,"comment_status":"closed","ping_status":"closed","sticky":false,"template":"","format":"standard","meta":[],"categories":[1],"tags":[],"_links":{"self":[{"href":"https:\/\/calatorinromania.com\/index.php?rest_route=\/wp\/v2\/posts\/47510"}],"collection":[{"href":"https:\/\/calatorinromania.com\/index.php?rest_route=\/wp\/v2\/posts"}],"about":[{"href":"https:\/\/calatorinromania.com\/index.php?rest_route=\/wp\/v2\/types\/post"}],"author":[{"embeddable":true,"href":"https:\/\/calatorinromania.com\/index.php?rest_route=\/wp\/v2\/users\/1"}],"replies":[{"embeddable":true,"href":"https:\/\/calatorinromania.com\/index.php?rest_route=%2Fwp%2Fv2%2Fcomments&post=47510"}],"version-history":[{"count":1,"href":"https:\/\/calatorinromania.com\/index.php?rest_route=\/wp\/v2\/posts\/47510\/revisions"}],"predecessor-version":[{"id":47511,"href":"https:\/\/calatorinromania.com\/index.php?rest_route=\/wp\/v2\/posts\/47510\/revisions\/47511"}],"wp:featuredmedia":[{"embeddable":true,"href":"https:\/\/calatorinromania.com\/index.php?rest_route=\/wp\/v2\/media\/47435"}],"wp:attachment":[{"href":"https:\/\/calatorinromania.com\/index.php?rest_route=%2Fwp%2Fv2%2Fmedia&parent=47510"}],"wp:term":[{"taxonomy":"category","embeddable":true,"href":"https:\/\/calatorinromania.com\/index.php?rest_route=%2Fwp%2Fv2%2Fcategories&post=47510"},{"taxonomy":"post_tag","embeddable":true,"href":"https:\/\/calatorinromania.com\/index.php?rest_route=%2Fwp%2Fv2%2Ftags&post=47510"}],"curies":[{"name":"wp","href":"https:\/\/api.w.org\/{rel}","templated":true}]}}