{"id":47508,"date":"2026-04-27T09:34:54","date_gmt":"2026-04-27T09:34:54","guid":{"rendered":"https:\/\/calatorinromania.com\/?p=47508"},"modified":"2026-04-27T09:34:54","modified_gmt":"2026-04-27T09:34:54","slug":"nepotul-meu-mi-a-dat-pe-ascuns-un-walkie-talkie-ca-sa-vorbim-inainte-de-culcare","status":"publish","type":"post","link":"https:\/\/calatorinromania.com\/?p=47508","title":{"rendered":"Nepotul meu mi-a dat pe ascuns un walkie-talkie ca s\u0103 vorbim \u00eenainte de culcare"},"content":{"rendered":"\n<p>Am \u021binut paharul \u00een m\u00e2n\u0103 \u0219i i-am privit drept \u00een ochi.<\/p>\n\n\n\n<p><\/p>\n\n\n\n<p><\/p>\n\n\n\n<p>Z\u00e2mbeau. Relaxa\u021bi. Siguri pe ei.<\/p>\n\n\n\n<p><\/p>\n\n\n\n<p>Matei b\u0103tea din palme, fericit c\u0103 e tort pe mas\u0103.<\/p>\n\n\n\n<p><\/p>\n\n\n\n<p>Am tras aer \u00een piept.<\/p>\n\n\n\n<p><\/p>\n\n\n\n<p>\u201eV\u0103 mul\u021bumesc c\u0103 a\u021bi venit\u201d, am spus calm. \u201eChiar m\u0103 bucur c\u0103 suntem \u00eempreun\u0103.\u201d<\/p>\n\n\n\n<p><\/p>\n\n\n\n<p>Liliana a dat din cap, teatral. Toma a z\u00e2mbit larg.<\/p>\n\n\n\n<p><\/p>\n\n\n\n<p>\u201eMai ales c\u0103 am avut timp s\u0103 m\u0103 g\u00e2ndesc la familie\u2026 \u0219i la \u00eencredere.\u201d<\/p>\n\n\n\n<p><\/p>\n\n\n\n<p>Z\u00e2mbetele lor au \u00eenceput s\u0103 se sting\u0103.<\/p>\n\n\n\n<p>Am pus paharul jos.<\/p>\n\n\n\n<p>\u201e\u0218ti\u021bi\u2026 e interesant cum un om poate s\u0103 dea tot. Bani, timp, s\u0103n\u0103tate\u2026 \u0219i s\u0103 cread\u0103 c\u0103 face bine.\u201d<\/p>\n\n\n\n<p>Toma s-a foit pe scaun.<\/p>\n\n\n\n<p>\u201eMam\u0103, despre ce vorbe\u0219ti?\u201d<\/p>\n\n\n\n<p>Am f\u0103cut un pas spre perete. Am atins u\u0219or tencuiala.<\/p>\n\n\n\n<p>\u201eDespre peretele \u0103sta. Despre casa asta. Despre banii pentru gr\u0103dini\u021b\u0103.\u201d<\/p>\n\n\n\n<p>Liliana a \u00een\u021bepenit.<\/p>\n\n\n\n<p>\u201e\u0218i despre walkie-talkie.\u201d<\/p>\n\n\n\n<p>T\u0103cere.<\/p>\n\n\n\n<p>At\u00e2t de grea, c\u0103 parc\u0103 nu mai puteai respira.<\/p>\n\n\n\n<p>Toma a \u00eencercat s\u0103 r\u00e2d\u0103.<\/p>\n\n\n\n<p>\u201eMam\u0103, cred c\u0103 ai \u00een\u021beles gre\u0219\u2014\u201d<\/p>\n\n\n\n<p>\u201eGr\u0103dini\u021ba cost\u0103 2.500 de lei, nu 4.000.\u201d<\/p>\n\n\n\n<p>Vocea mea era calm\u0103. Prea calm\u0103.<\/p>\n\n\n\n<p>Liliana a deschis gura, dar nu a ie\u0219it niciun sunet.<\/p>\n\n\n\n<p>\u201e\u0218i camera mea\u2026 urma s\u0103 o \u00eenchiria\u021bi.\u201d<\/p>\n\n\n\n<p>Matei se uita de la unul la altul, f\u0103r\u0103 s\u0103 \u00een\u021beleag\u0103.<\/p>\n\n\n\n<p>\u201e\u0218i eu\u2026 urma s\u0103 ajung la azil.\u201d<\/p>\n\n\n\n<p>Am l\u0103sat cuvintele s\u0103 cad\u0103. Grele.<\/p>\n\n\n\n<p>Toma s-a ridicat brusc.<\/p>\n\n\n\n<p>\u201eNu e adev\u0103rat! Era doar o glum\u0103!\u201d<\/p>\n\n\n\n<p>\u201eGlum\u0103?\u201d am repetat \u00eencet. \u201eR\u00e2dea\u021bi foarte bine.\u201d<\/p>\n\n\n\n<p>Liliana \u0219i-a revenit prima.<\/p>\n\n\n\n<p>\u201eNu trebuia s\u0103 ascul\u021bi! E lips\u0103 de respect!\u201d<\/p>\n\n\n\n<p>Am z\u00e2mbit amar.<\/p>\n\n\n\n<p>\u201eRespect?\u201d<\/p>\n\n\n\n<p>Am mers \u00eencet p\u00e2n\u0103 la sertar. L-am deschis. Am scos un dosar.<\/p>\n\n\n\n<p>L-am pus pe mas\u0103.<\/p>\n\n\n\n<p>\u201eActele casei. \u0218i dovada transferurilor.\u201d<\/p>\n\n\n\n<p>Toma s-a uitat la ele, palid.<\/p>\n\n\n\n<p>\u201eAm vorbit cu un avocat\u201d, am continuat. \u201eCasa e pe numele meu. Integral. Pentru c\u0103 eu am pl\u0103tit avansul.\u201d<\/p>\n\n\n\n<p>Liliana a f\u0103cut un pas \u00eenapoi.<\/p>\n\n\n\n<p>\u201eCe vrei s\u0103 spui?\u201d<\/p>\n\n\n\n<p>\u201eC\u0103, \u00eencep\u00e2nd de azi\u2026 voi \u00eenchiria casa.\u201d<\/p>\n\n\n\n<p>Toma a izbucnit:<\/p>\n\n\n\n<p>\u201eNu po\u021bi face asta! E casa noastr\u0103!\u201d<\/p>\n\n\n\n<p>\u201eBa pot.\u201d<\/p>\n\n\n\n<p>Am ridicat privirea.<\/p>\n\n\n\n<p>\u201eDar nu v\u0103 face\u021bi griji. Ave\u021bi o lun\u0103 s\u0103 v\u0103 g\u0103si\u021bi alt loc.\u201d<\/p>\n\n\n\n<p>Matei a \u00eenceput s\u0103 pl\u00e2ng\u0103.<\/p>\n\n\n\n<p>Inima mi s-a rupt. Dar nu m-am oprit.<\/p>\n\n\n\n<p>M-am aplecat \u0219i l-am luat \u00een bra\u021be.<\/p>\n\n\n\n<p>\u201eTu nu ai nicio vin\u0103, puiule\u201d, i-am \u0219optit.<\/p>\n\n\n\n<p>Toma tremura de furie.<\/p>\n\n\n\n<p>\u201e\u00ce\u021bi distrugi propria familie!\u201d<\/p>\n\n\n\n<p>L-am privit lung.<\/p>\n\n\n\n<p>\u201eNu eu am f\u0103cut asta.\u201d<\/p>\n\n\n\n<p>T\u0103cere.<\/p>\n\n\n\n<p>Liliana s-a pr\u0103bu\u0219it pe scaun.<\/p>\n\n\n\n<p>Pentru prima dat\u0103\u2026 nu mai avea nimic de spus.<\/p>\n\n\n\n<p>Am luat o felie de tort. Am pus-o \u00een farfurie.<\/p>\n\n\n\n<p>\u201eE ziua mea\u201d, am spus lini\u0219tit. \u201e\u0218i, pentru prima dat\u0103 dup\u0103 mult timp\u2026 aleg s\u0103 nu mai fiu fraiera nim\u0103nui.\u201d<\/p>\n\n\n\n<p>Am mu\u0219cat din tort.<\/p>\n\n\n\n<p>Nu mai avea gust amar.<\/p>\n\n\n\n<p>Avea gust de lini\u0219te.<\/p>\n\n\n\n<p><em>Aceast\u0103 lucrare este inspirat\u0103 din evenimente \u0219i persoane reale, \u00eens\u0103 a fost fic\u021bionalizat\u0103 \u00een scopuri creative. Numele, personajele \u0219i detaliile au fost schimbate pentru a proteja intimitatea \u0219i pentru a \u00eembun\u0103t\u0103\u021bi nara\u021biunea. Orice asem\u0103nare cu persoane reale, \u00een via\u021b\u0103 sau decedate, sau cu evenimente reale este pur \u00eent\u00e2mpl\u0103toare \u0219i nu este inten\u021bionat\u0103 de c\u0103tre autor.<\/em><\/p>\n\n\n\n<p><em>Autorul \u0219i editorul nu \u00ee\u0219i asum\u0103 responsabilitatea pentru exactitatea evenimentelor sau pentru modul \u00een care sunt portretizate personajele \u0219i nu sunt r\u0103spunz\u0103tori pentru eventuale interpret\u0103ri gre\u0219ite. Aceast\u0103 poveste este oferit\u0103 \u201eca atare\u201d, iar orice opinii exprimate apar\u021bin personajelor \u0219i nu reflect\u0103 punctele de vedere ale autorului sau ale editorului.<\/em><\/p>\n\n\n\n<p><a href=\"https:\/\/www.pinterest.com\/pin\/create\/button\/?url=https%3A%2F%2Fbumzi.ro%2F%3Fp%3D23367&amp;description=Nepotul+meu+mi-a+dat+pe+ascuns+un+walkie-talkie+ca+s%C4%83+vorbim+%C3%AEnainte+de+culcare\" target=\"_blank\" rel=\"noreferrer noopener\"><\/a><\/p>\n\n\n\n<p><a href=\"https:\/\/www.facebook.com\/sharer\/sharer.php?u=https%3A%2F%2Fbumzi.ro%2F%3Fp%3D23367\" target=\"_blank\" rel=\"noreferrer noopener\"><\/a><\/p>\n\n\n\n<p><a href=\"https:\/\/twitter.com\/intent\/tweet?url=https%3A%2F%2Fbumzi.ro%2F%3Fp%3D23367&amp;text=Nepotul+meu+mi-a+dat+pe+ascuns+un+walkie-talkie+ca+s%C4%83+vorbim+%C3%AEnainte+de+culcare\" target=\"_blank\" rel=\"noreferrer noopener\"><\/a><a href=\"https:\/\/bumzi.ro\/?p=23365\"><\/a><\/p>\n","protected":false},"excerpt":{"rendered":"<p>Am \u021binut paharul \u00een m\u00e2n\u0103 \u0219i i-am privit drept \u00een ochi. Z\u00e2mbeau. Relaxa\u021bi. Siguri pe ei. Matei b\u0103tea din palme, fericit c\u0103 e tort pe<\/p>\n","protected":false},"author":1,"featured_media":47435,"comment_status":"closed","ping_status":"closed","sticky":false,"template":"","format":"standard","meta":[],"categories":[1],"tags":[],"_links":{"self":[{"href":"https:\/\/calatorinromania.com\/index.php?rest_route=\/wp\/v2\/posts\/47508"}],"collection":[{"href":"https:\/\/calatorinromania.com\/index.php?rest_route=\/wp\/v2\/posts"}],"about":[{"href":"https:\/\/calatorinromania.com\/index.php?rest_route=\/wp\/v2\/types\/post"}],"author":[{"embeddable":true,"href":"https:\/\/calatorinromania.com\/index.php?rest_route=\/wp\/v2\/users\/1"}],"replies":[{"embeddable":true,"href":"https:\/\/calatorinromania.com\/index.php?rest_route=%2Fwp%2Fv2%2Fcomments&post=47508"}],"version-history":[{"count":1,"href":"https:\/\/calatorinromania.com\/index.php?rest_route=\/wp\/v2\/posts\/47508\/revisions"}],"predecessor-version":[{"id":47509,"href":"https:\/\/calatorinromania.com\/index.php?rest_route=\/wp\/v2\/posts\/47508\/revisions\/47509"}],"wp:featuredmedia":[{"embeddable":true,"href":"https:\/\/calatorinromania.com\/index.php?rest_route=\/wp\/v2\/media\/47435"}],"wp:attachment":[{"href":"https:\/\/calatorinromania.com\/index.php?rest_route=%2Fwp%2Fv2%2Fmedia&parent=47508"}],"wp:term":[{"taxonomy":"category","embeddable":true,"href":"https:\/\/calatorinromania.com\/index.php?rest_route=%2Fwp%2Fv2%2Fcategories&post=47508"},{"taxonomy":"post_tag","embeddable":true,"href":"https:\/\/calatorinromania.com\/index.php?rest_route=%2Fwp%2Fv2%2Ftags&post=47508"}],"curies":[{"name":"wp","href":"https:\/\/api.w.org\/{rel}","templated":true}]}}