{"id":47504,"date":"2026-04-27T09:31:13","date_gmt":"2026-04-27T09:31:13","guid":{"rendered":"https:\/\/calatorinromania.com\/?p=47504"},"modified":"2026-04-27T09:31:14","modified_gmt":"2026-04-27T09:31:14","slug":"cand-marina-a-vazut-fetita-alergand-spre-masini-n-a-ezitat-nici-macar-o-clipa","status":"publish","type":"post","link":"https:\/\/calatorinromania.com\/?p=47504","title":{"rendered":"\u201dC\u00e2nd Marina a v\u0103zut feti\u021ba alerg\u00e2nd spre ma\u0219ini, n-a ezitat nici m\u0103car o clip\u0103\u201d"},"content":{"rendered":"\n<p>C\u00e2teva clipe mai t\u00e2rziu, totul se transformase \u00eentr-un haos de claxoane \u0219i \u021bipete. Camioneta trecu la o palm\u0103 de ele, izbind un st\u00e2lp \u0219i oprindu-se cu un huruit metalic. Marina sim\u021bea mirosul puternic de cauciuc ars \u0219i inima \u00eei b\u0103tea nebune\u0219te. \u021ainea \u00eenc\u0103 feti\u021ba str\u00e2ns \u00een bra\u021be, tremur\u00e2nd.<\/p>\n\n\n\n<p><\/p>\n\n\n\n<p>\u2014 E\u0219ti bine, puiule? \u2014 o \u00eentreb\u0103 ea, ridic\u00e2ndu-se cu greu. Copila d\u0103du din cap, cu lacrimi \u00een ochi, dar nev\u0103t\u0103mat\u0103.<\/p>\n\n\n\n<p><\/p>\n\n\n\n<p>Un b\u0103rbat \u00een costum alearg\u0103 disperat din fa\u021ba hotelului. P\u0103rea c\u0103 lumea \u00eentreag\u0103 i se pr\u0103bu\u0219ise. C\u00e2nd \u00ee\u0219i v\u0103zu fiica \u00een bra\u021bele Marinei, se n\u0103pusti spre ele, o lu\u0103 \u00een bra\u021be \u0219i izbucni \u00een pl\u00e2ns.<\/p>\n\n\n\n<p><\/p>\n\n\n\n<p>\u2014 Dumnezeu s\u0103 te binecuv\u00e2nteze, femeie! Ai salvat-o! \u2014 spuse el cu voce tremurat\u0103.<\/p>\n\n\n\n<p><\/p>\n\n\n\n<p>Marina z\u00e2mbi timid, \u00eencerc\u00e2nd s\u0103-\u0219i acopere genunchii juliti \u0219i palmele \u00eens\u00e2ngerate. Nu-i p\u0103sa de durere, doar se bucura c\u0103 feti\u021ba era bine. Poli\u021bia \u0219i ambulan\u021ba sosir\u0103 rapid. Martorii povesteau cum femeia de serviciu se aruncase \u00een fa\u021ba ma\u0219inii ca s\u0103 salveze copilul. Jurnali\u0219tii, atra\u0219i de agita\u021bie, \u00eencepur\u0103 s\u0103 filmeze scena. Marina, \u00eens\u0103, voia doar s\u0103 plece acas\u0103.<\/p>\n\n\n\n<p>\u2014 Doamn\u0103, numele dumneavoastr\u0103? \u2014 \u00eentreb\u0103 un poli\u021bist.<br>\u2014 Marina Stan, \u2014 r\u0103spunse ea, evit\u00e2nd camerele.<\/p>\n\n\n\n<p>Dou\u0103 ore mai t\u00e2rziu, Marina era \u00een autobuz, cu m\u00e2inile bandajate. Avea s\u0103 ajung\u0103 t\u00e2rziu la copii, dar era recunosc\u0103toare c\u0103 era vie. Ce nu \u0219tia era c\u0103 filmarea acelui moment avea s\u0103 devin\u0103 viral\u0103 a doua zi. Diminea\u021ba urm\u0103toare, c\u00e2nd a intrat \u00een hotel, to\u021bi o priveau altfel. Unii o aplaudau, al\u021bii o evitau. Managerul o chem\u0103 imediat \u00een birou. Marina, \u00eengrijorat\u0103, \u00ee\u0219i fr\u0103m\u00e2nta m\u00e2inile.<\/p>\n\n\n\n<p>\u2014 Doamn\u0103 Stan, a\u021bi \u00eenc\u0103lcat regulamentul. Angaja\u021bii nu pot p\u0103r\u0103si incinta \u00een uniform\u0103 f\u0103r\u0103 autoriza\u021bie.<br>\u2014 Dar\u2026 eu doar am vrut s\u0103\u2026 \u2014 \u00eencerc\u0103 ea s\u0103 spun\u0103.<br>\u2014 \u00cemi pare r\u0103u. Sunte\u021bi concediat\u0103.<\/p>\n\n\n\n<p>Lumea i se pr\u0103bu\u0219i. Ie\u0219i din hotel cu ochii \u00een lacrimi, ne\u0219tiind ce va face mai departe. Avea dou\u0103 guri de hr\u0103nit \u0219i niciun ban pus deoparte. C\u00e2teva ore mai t\u00e2rziu, cineva b\u0103tu la u\u0219a apartamentului ei micu\u021b. Marina deschise \u0219i r\u0103mase mut\u0103: era acela\u0219i b\u0103rbat din ziua accidentului, \u00eenso\u021bit de un \u0219ofer \u0219i o doamn\u0103 elegant\u0103.<\/p>\n\n\n\n<p>\u2014 Doamn\u0103 Stan, eu sunt tat\u0103l copilei pe care a\u021bi salvat-o. M\u0103 numesc Mihai Popescu. V-am c\u0103utat peste tot.<\/p>\n\n\n\n<p>Marina, jenat\u0103, \u00eencuviin\u021b\u0103 u\u0219or din cap.<\/p>\n\n\n\n<p>\u2014 Nu trebuia s\u0103 v\u0103 deranja\u021bi, domnule. Am f\u0103cut doar ce ar fi f\u0103cut oricine.<\/p>\n\n\n\n<p>B\u0103rbatul z\u00e2mbi cu o c\u0103ldur\u0103 sincer\u0103.<\/p>\n\n\n\n<p>\u2014 Nu, doamn\u0103. Nu oricine \u0219i-ar fi riscat via\u021ba pentru un copil str\u0103in. A\u021bi salvat ce aveam mai de pre\u021b.<\/p>\n\n\n\n<p>Scoase din buzunar un plic gros. Marina refuz\u0103 din instinct, dar el insist\u0103.<\/p>\n\n\n\n<p>\u2014 Nu e un dar, e recuno\u0219tin\u021b\u0103. \u0218i\u2026 a\u0219 dori s\u0103 v\u0103 ofer un alt loc de munc\u0103, dac\u0103 accepta\u021bi.<\/p>\n\n\n\n<p>Dup\u0103 acel moment, via\u021ba Marinei s-a schimbat pentru totdeauna. Nu mai era doar femeia de serviciu ignorat\u0103 din hotel. Era femeia curajoas\u0103 care salvase o via\u021b\u0103 \u0219i, f\u0103r\u0103 s\u0103 \u0219tie, \u00ee\u0219i salvase \u0219i propriul destin. Acel gest f\u0103cut din inim\u0103 i-a adus nu doar un nou \u00eenceput, ci \u0219i respectul unei lumi care p\u00e2n\u0103 atunci o privise ca pe o umbr\u0103.<\/p>\n\n\n\n<p>Pentru prima dat\u0103 dup\u0103 mul\u021bi ani, Marina se uit\u0103 \u00een oglind\u0103 \u0219i v\u0103zu o femeie puternic\u0103, care nu mai avea de ce s\u0103 se ru\u0219ineze. \u0218i, \u00een timp ce \u00ee\u0219i str\u00e2ngea copiii la piept, \u00ee\u0219i d\u0103du seama c\u0103 adev\u0103rata bog\u0103\u021bie nu e \u00een bani, ci \u00een inimile celor care aleg s\u0103 fac\u0103 bine \u2013 chiar \u0219i atunci c\u00e2nd nu-i vede nimeni.<\/p>\n\n\n\n<p><em>Aceast\u0103 lucrare este inspirat\u0103 din evenimente \u0219i persoane reale, \u00eens\u0103 a fost fic\u021bionalizat\u0103 \u00een scopuri creative. Numele, personajele \u0219i detaliile au fost schimbate pentru a proteja intimitatea \u0219i pentru a \u00eembun\u0103t\u0103\u021bi nara\u021biunea. Orice asem\u0103nare cu persoane reale, \u00een via\u021b\u0103 sau decedate, sau cu evenimente reale este pur \u00eent\u00e2mpl\u0103toare \u0219i nu este inten\u021bionat\u0103 de c\u0103tre autor.<\/em><\/p>\n\n\n\n<p><em>Autorul \u0219i editorul nu \u00ee\u0219i asum\u0103 responsabilitatea pentru exactitatea evenimentelor sau pentru modul \u00een care sunt portretizate personajele \u0219i nu sunt r\u0103spunz\u0103tori pentru eventuale interpret\u0103ri gre\u0219ite. Aceast\u0103 poveste este oferit\u0103 \u201eca atare\u201d, iar orice opinii exprimate apar\u021bin personajelor \u0219i nu reflect\u0103 punctele de vedere ale autorului sau ale editorului.<\/em><\/p>\n\n\n\n<h1><\/h1>\n","protected":false},"excerpt":{"rendered":"<p>C\u00e2teva clipe mai t\u00e2rziu, totul se transformase \u00eentr-un haos de claxoane \u0219i \u021bipete. Camioneta trecu la o palm\u0103 de ele, izbind un st\u00e2lp \u0219i oprindu-se<\/p>\n","protected":false},"author":1,"featured_media":47435,"comment_status":"closed","ping_status":"closed","sticky":false,"template":"","format":"standard","meta":[],"categories":[1],"tags":[],"_links":{"self":[{"href":"https:\/\/calatorinromania.com\/index.php?rest_route=\/wp\/v2\/posts\/47504"}],"collection":[{"href":"https:\/\/calatorinromania.com\/index.php?rest_route=\/wp\/v2\/posts"}],"about":[{"href":"https:\/\/calatorinromania.com\/index.php?rest_route=\/wp\/v2\/types\/post"}],"author":[{"embeddable":true,"href":"https:\/\/calatorinromania.com\/index.php?rest_route=\/wp\/v2\/users\/1"}],"replies":[{"embeddable":true,"href":"https:\/\/calatorinromania.com\/index.php?rest_route=%2Fwp%2Fv2%2Fcomments&post=47504"}],"version-history":[{"count":1,"href":"https:\/\/calatorinromania.com\/index.php?rest_route=\/wp\/v2\/posts\/47504\/revisions"}],"predecessor-version":[{"id":47505,"href":"https:\/\/calatorinromania.com\/index.php?rest_route=\/wp\/v2\/posts\/47504\/revisions\/47505"}],"wp:featuredmedia":[{"embeddable":true,"href":"https:\/\/calatorinromania.com\/index.php?rest_route=\/wp\/v2\/media\/47435"}],"wp:attachment":[{"href":"https:\/\/calatorinromania.com\/index.php?rest_route=%2Fwp%2Fv2%2Fmedia&parent=47504"}],"wp:term":[{"taxonomy":"category","embeddable":true,"href":"https:\/\/calatorinromania.com\/index.php?rest_route=%2Fwp%2Fv2%2Fcategories&post=47504"},{"taxonomy":"post_tag","embeddable":true,"href":"https:\/\/calatorinromania.com\/index.php?rest_route=%2Fwp%2Fv2%2Ftags&post=47504"}],"curies":[{"name":"wp","href":"https:\/\/api.w.org\/{rel}","templated":true}]}}