{"id":47488,"date":"2026-04-27T07:14:24","date_gmt":"2026-04-27T07:14:24","guid":{"rendered":"https:\/\/calatorinromania.com\/?p=47488"},"modified":"2026-04-27T07:14:24","modified_gmt":"2026-04-27T07:14:24","slug":"clara-credea-ca-fusese-data-ca-nevasta-unui-monstru","status":"publish","type":"post","link":"https:\/\/calatorinromania.com\/?p=47488","title":{"rendered":"Clara credea c\u0103 fusese dat\u0103 ca nevast\u0103 unui monstru"},"content":{"rendered":"\n<p>Clara sim\u021bea c\u0103 i se rupe lumea \u00een dou\u0103.<\/p>\n\n\n\n<p><\/p>\n\n\n\n<p>\u2014 Ce t\u0103cere? a \u0219optit, abia auzit\u0103.<\/p>\n\n\n\n<p><\/p>\n\n\n\n<p>Matei nu s-a gr\u0103bit s\u0103 r\u0103spund\u0103. S-a a\u0219ezat pe scaun, ca un om care a dus prea mult timp o povar\u0103 \u0219i nu mai poate s\u0103 o \u021bin\u0103 \u00een picioare.<\/p>\n\n\n\n<p><\/p>\n\n\n\n<p>Focul trosnea \u00een sob\u0103. Afar\u0103, v\u00e2ntul lovea pere\u021bii cabanei.<\/p>\n\n\n\n<p><\/p>\n\n\n\n<p>\u00cen\u0103untru, lini\u0219tea devenise grea.<\/p>\n\n\n\n<p><\/p>\n\n\n\n<p>\u2014 Mama ta n-a murit cum \u021bi s-a spus, zise el \u00een cele din urm\u0103.<\/p>\n\n\n\n<p><\/p>\n\n\n\n<p>Clara a sim\u021bit cum i se str\u00e2nge stomacul.<\/p>\n\n\n\n<p><\/p>\n\n\n\n<p>\u2014 A murit\u2026 de boal\u0103.<\/p>\n\n\n\n<p><\/p>\n\n\n\n<p>Matei a dat \u00eencet din cap.<\/p>\n\n\n\n<p><\/p>\n\n\n\n<p>\u2014 A\u0219a \u021bi-a spus tat\u0103l t\u0103u.<\/p>\n\n\n\n<p><\/p>\n\n\n\n<p>Un fior rece i-a trecut pe \u0219ira spin\u0103rii.<\/p>\n\n\n\n<p><\/p>\n\n\n\n<p>\u2014 Atunci cum\u2026?<\/p>\n\n\n\n<p>Matei a deschis \u00eencet cutia viorii. Lemnul era vechi, dar \u00eengrijit. A trecut degetele peste ea, cu un respect aproape dureros.<\/p>\n\n\n\n<p>\u2014 Mama ta \u0219tia ceva. Ceva ce putea s\u0103-l bage pe tat\u0103l t\u0103u la pu\u0219c\u0103rie.<\/p>\n\n\n\n<p>Clara a f\u0103cut un pas \u00eenapoi.<\/p>\n\n\n\n<p>\u2014 Nu\u2026 nu e adev\u0103rat.<\/p>\n\n\n\n<p>\u2014 A lucrat ani de zile \u00een min\u0103, nu? a continuat el. Dar nu doar at\u00e2t. Era \u0219i cel care ducea socotelile.<\/p>\n\n\n\n<p>Clara a r\u0103mas nemi\u0219cat\u0103.<\/p>\n\n\n\n<p>\u2014 \u0218tia fiecare leu. Fiecare datorie. Fiecare \u00een\u0219el\u0103torie.<\/p>\n\n\n\n<p>Matei a ridicat privirea spre ea.<\/p>\n\n\n\n<p>\u2014 Iar tat\u0103l t\u0103u nu era doar un om \u00eendatorat. Era un om care fura.<\/p>\n\n\n\n<p>Cuvintele au c\u0103zut greu.<\/p>\n\n\n\n<p>\u2014 Nu\u2026 \u0219opti Clara.<\/p>\n\n\n\n<p>\u2014 Fura din salariile oamenilor. Din marfa adus\u0103. Din banii trimi\u0219i pentru familii. \u0218i c\u00e2nd mama ta a vrut s\u0103 spun\u0103 adev\u0103rul\u2026<\/p>\n\n\n\n<p>S-a oprit.<\/p>\n\n\n\n<p>Clara nu mai respira.<\/p>\n\n\n\n<p>\u2014 A murit \u00een aceea\u0219i noapte, a spus Matei, \u00eencet.<\/p>\n\n\n\n<p>Lacrimile i-au izbucnit f\u0103r\u0103 s\u0103 le mai poat\u0103 opri.<\/p>\n\n\n\n<p>\u2014 Nu\u2026 nu\u2026<\/p>\n\n\n\n<p>\u2014 Nu \u0219tiu dac\u0103 a vrut s-o omoare sau doar s-o opreasc\u0103. Dar adev\u0103rul e c\u0103 a murit din cauza lui.<\/p>\n\n\n\n<p>Clara s-a sprijinit de mas\u0103.<\/p>\n\n\n\n<p>Tot ce \u0219tia se destr\u0103ma.<\/p>\n\n\n\n<p>\u2014 \u0218i scrisoarea? \u00eentreb\u0103 ea printre lacrimi.<\/p>\n\n\n\n<p>Matei a ridicat h\u00e2rtia.<\/p>\n\n\n\n<p>\u2014 A \u00eencercat s\u0103 \u021bi-o distrug\u0103. Eu am luat-o \u00eenainte s\u0103 o arunce.<\/p>\n\n\n\n<p>\u2014 De ce?<\/p>\n\n\n\n<p>\u2014 Pentru c\u0103 nu e\u0219ti ca el.<\/p>\n\n\n\n<p>A fost pentru prima dat\u0103 c\u00e2nd vocea lui a devenit cald\u0103.<\/p>\n\n\n\n<p>\u2014 \u0218i pentru c\u0103 nu meritai s\u0103 pl\u0103te\u0219ti pentru p\u0103catele lui.<\/p>\n\n\n\n<p>Clara l-a privit. Pentru prima dat\u0103, nu mai vedea un str\u0103in.<\/p>\n\n\n\n<p>\u2014 \u0218i\u2026 c\u0103s\u0103toria asta?<\/p>\n\n\n\n<p>Matei a oftat.<\/p>\n\n\n\n<p>\u2014 A fost singura cale. Dac\u0103 refuzam, \u00ee\u0219i g\u0103sea alt\u0103 solu\u021bie. Te-ar fi v\u00e2ndut altcuiva. Sau mai r\u0103u.<\/p>\n\n\n\n<p>S-a ridicat.<\/p>\n\n\n\n<p>\u2014 A\u0219a, te-am adus aici. Departe de el.<\/p>\n\n\n\n<p>Clara a r\u0103mas t\u0103cut\u0103.<\/p>\n\n\n\n<p>\u2014 Banii sunt ai t\u0103i, continu\u0103 el. Pentru drum. Pentru Bucure\u0219ti.<\/p>\n\n\n\n<p>A \u00eempins punga spre ea.<\/p>\n\n\n\n<p>\u2014 Iar m\u00e2ine\u2026 te duc la gar\u0103.<\/p>\n\n\n\n<p>Clara a izbucnit \u00een pl\u00e2ns.<\/p>\n\n\n\n<p>Nu de fric\u0103.<\/p>\n\n\n\n<p>Nu de durere.<\/p>\n\n\n\n<p>Ci de u\u0219urare.<\/p>\n\n\n\n<p>Dup\u0103 tot \u00eentunericul, vedea, \u00een sf\u00e2r\u0219it, o ie\u0219ire.<\/p>\n\n\n\n<p>A doua zi diminea\u021b\u0103, drumul spre ora\u0219 a fost lini\u0219tit.<\/p>\n\n\n\n<p>C\u00e2nd au ajuns la gar\u0103, trenul era deja acolo.<\/p>\n\n\n\n<p>Clara s-a \u00eentors spre el.<\/p>\n\n\n\n<p>\u2014 De ce m-ai ajutat?<\/p>\n\n\n\n<p>Matei a z\u00e2mbit slab.<\/p>\n\n\n\n<p>\u2014 Pentru c\u0103 cineva trebuia.<\/p>\n\n\n\n<p>A urcat \u00een tren cu inima b\u0103t\u00e2nd puternic.<\/p>\n\n\n\n<p>C\u00e2nd u\u0219ile s-au \u00eenchis, l-a mai v\u0103zut o dat\u0103 pe peron.<\/p>\n\n\n\n<p>Singur.<\/p>\n\n\n\n<p>Dar \u00eemp\u0103cat.<\/p>\n\n\n\n<p>Clara a str\u00e2ns scrisoarea la piept.<\/p>\n\n\n\n<p>Via\u021ba ei abia \u00eencepea.<\/p>\n\n\n\n<p>\u0218i, pentru prima dat\u0103, era cu adev\u0103rat a ei.<\/p>\n\n\n\n<p><em>Aceast\u0103 lucrare este inspirat\u0103 din evenimente \u0219i persoane reale, \u00eens\u0103 a fost fic\u021bionalizat\u0103 \u00een scopuri creative. Numele, personajele \u0219i detaliile au fost schimbate pentru a proteja intimitatea \u0219i pentru a \u00eembun\u0103t\u0103\u021bi nara\u021biunea. Orice asem\u0103nare cu persoane reale, \u00een via\u021b\u0103 sau decedate, sau cu evenimente reale este pur \u00eent\u00e2mpl\u0103toare \u0219i nu este inten\u021bionat\u0103 de c\u0103tre autor.<\/em><\/p>\n\n\n\n<p><em>Autorul \u0219i editorul nu \u00ee\u0219i asum\u0103 responsabilitatea pentru exactitatea evenimentelor sau pentru modul \u00een care sunt portretizate personajele \u0219i nu sunt r\u0103spunz\u0103tori pentru eventuale interpret\u0103ri gre\u0219ite. Aceast\u0103 poveste este oferit\u0103 \u201eca atare\u201d, iar orice opinii exprimate apar\u021bin personajelor \u0219i nu reflect\u0103 punctele de vedere ale autorului sau ale editorului.<\/em><\/p>\n","protected":false},"excerpt":{"rendered":"<p>Clara sim\u021bea c\u0103 i se rupe lumea \u00een dou\u0103. \u2014 Ce t\u0103cere? a \u0219optit, abia auzit\u0103. Matei nu s-a gr\u0103bit s\u0103 r\u0103spund\u0103. S-a a\u0219ezat pe<\/p>\n","protected":false},"author":1,"featured_media":47435,"comment_status":"closed","ping_status":"closed","sticky":false,"template":"","format":"standard","meta":[],"categories":[1],"tags":[],"_links":{"self":[{"href":"https:\/\/calatorinromania.com\/index.php?rest_route=\/wp\/v2\/posts\/47488"}],"collection":[{"href":"https:\/\/calatorinromania.com\/index.php?rest_route=\/wp\/v2\/posts"}],"about":[{"href":"https:\/\/calatorinromania.com\/index.php?rest_route=\/wp\/v2\/types\/post"}],"author":[{"embeddable":true,"href":"https:\/\/calatorinromania.com\/index.php?rest_route=\/wp\/v2\/users\/1"}],"replies":[{"embeddable":true,"href":"https:\/\/calatorinromania.com\/index.php?rest_route=%2Fwp%2Fv2%2Fcomments&post=47488"}],"version-history":[{"count":1,"href":"https:\/\/calatorinromania.com\/index.php?rest_route=\/wp\/v2\/posts\/47488\/revisions"}],"predecessor-version":[{"id":47489,"href":"https:\/\/calatorinromania.com\/index.php?rest_route=\/wp\/v2\/posts\/47488\/revisions\/47489"}],"wp:featuredmedia":[{"embeddable":true,"href":"https:\/\/calatorinromania.com\/index.php?rest_route=\/wp\/v2\/media\/47435"}],"wp:attachment":[{"href":"https:\/\/calatorinromania.com\/index.php?rest_route=%2Fwp%2Fv2%2Fmedia&parent=47488"}],"wp:term":[{"taxonomy":"category","embeddable":true,"href":"https:\/\/calatorinromania.com\/index.php?rest_route=%2Fwp%2Fv2%2Fcategories&post=47488"},{"taxonomy":"post_tag","embeddable":true,"href":"https:\/\/calatorinromania.com\/index.php?rest_route=%2Fwp%2Fv2%2Ftags&post=47488"}],"curies":[{"name":"wp","href":"https:\/\/api.w.org\/{rel}","templated":true}]}}