{"id":47486,"date":"2026-04-27T07:12:28","date_gmt":"2026-04-27T07:12:28","guid":{"rendered":"https:\/\/calatorinromania.com\/?p=47486"},"modified":"2026-04-27T07:12:28","modified_gmt":"2026-04-27T07:12:28","slug":"sotia-insarcinata-i-a-trimis-un-mesaj-sotului","status":"publish","type":"post","link":"https:\/\/calatorinromania.com\/?p=47486","title":{"rendered":"So\u021bia \u00eens\u0103rcinat\u0103 i-a trimis un mesaj so\u021bului"},"content":{"rendered":"\n<p>\u2014 La naiba\u2026 \u2014 a morm\u0103it printre din\u021bi.<\/p>\n\n\n\n<p><\/p>\n\n\n\n<p>A sunat imediat \u0219eful pazei.<\/p>\n\n\n\n<p><\/p>\n\n\n\n<p>\u2014 Afla\u021bi imediat unde este telefonul lui Popa. \u0218i preg\u0103ti\u021bi ma\u0219ina la intrare. Plec personal.<\/p>\n\n\n\n<p><\/p>\n\n\n\n<p>Dou\u0103 minute mai t\u00e2rziu a primit loca\u021bia.<\/p>\n\n\n\n<p><\/p>\n\n\n\n<p>Popa nu era pe \u0219antier.<\/p>\n\n\n\n<p><\/p>\n\n\n\n<p>Punctul de pe hart\u0103 str\u0103lucea \u00een afara ora\u0219ului, la complexul spa \u201eLacul Albastru\u201d.<\/p>\n\n\n\n<p>Marian Ionescu a str\u00e2ns maxilarul at\u00e2t de tare \u00eenc\u00e2t i s-au \u00eencordat mu\u0219chii fe\u021bei\u2026<\/p>\n\n\n\n<p>Marian Ionescu a urcat \u00een ma\u0219in\u0103 f\u0103r\u0103 s\u0103 mai spun\u0103 nimic.<\/p>\n\n\n\n<p>\u2014 La adresa asta \u2014 a spus scurt, ar\u0103t\u00e2nd telefonul \u0219oferului.<\/p>\n\n\n\n<p>Ma\u0219ina a pornit \u00een tromb\u0103.<\/p>\n\n\n\n<p>\u00cen\u0103untru era lini\u0219te. Doar motorul \u0219i ploaia m\u0103runt\u0103 care \u00eencepuse s\u0103 bat\u0103 \u00een parbriz.<\/p>\n\n\n\n<p>Directorul general privea ecranul telefonului.<\/p>\n\n\n\n<p>Mesajul era \u00eenc\u0103 acolo.<\/p>\n\n\n\n<p>\u201eNu m\u0103 pot ridica\u2026\u201d<\/p>\n\n\n\n<p>Pentru prima dat\u0103 dup\u0103 mul\u021bi ani, Ionescu sim\u021bea ceva apropiat de furie\u2026 dar \u0219i de team\u0103.<\/p>\n\n\n\n<p>Se g\u00e2ndea la femeia aceea timid\u0103 care venise la birou. \u021ainea dosarul str\u00e2ns la piept \u0219i \u00ee\u0219i cerea scuze pentru orice.<\/p>\n\n\n\n<p>\u0218i acum era singur\u0103.<\/p>\n\n\n\n<p>Cu gemeni.<\/p>\n\n\n\n<p>\u00centr-un apartament \u00eencuiat.<\/p>\n\n\n\n<p>\u2014 Mai repede \u2014 a spus \u0219oferului.<\/p>\n\n\n\n<p>Zece minute mai t\u00e2rziu ma\u0219ina s-a oprit brusc \u00een fa\u021ba blocului vechi.<\/p>\n\n\n\n<p>Ionescu a ie\u0219it \u00eenainte ca ma\u0219ina s\u0103 se opreasc\u0103 complet.<\/p>\n\n\n\n<p>A urcat sc\u0103rile c\u00e2te dou\u0103.<\/p>\n\n\n\n<p>Etajul trei.<\/p>\n\n\n\n<p>Apartamentul 12.<\/p>\n\n\n\n<p>A b\u0103tut puternic.<\/p>\n\n\n\n<p>\u2014 Ana!<\/p>\n\n\n\n<p>Niciun r\u0103spuns.<\/p>\n\n\n\n<p>A b\u0103tut din nou.<\/p>\n\n\n\n<p>\u2014 ANA!<\/p>\n\n\n\n<p>Din interior s-a auzit un geam\u0103t slab.<\/p>\n\n\n\n<p>At\u00e2t.<\/p>\n\n\n\n<p>Ionescu a f\u0103cut un pas \u00eenapoi.<\/p>\n\n\n\n<p>\u2014 Da\u021bi-v\u0103 la o parte \u2014 a spus \u0219oferului care urcase dup\u0103 el.<\/p>\n\n\n\n<p>\u0218i a lovit u\u0219a cu um\u0103rul.<\/p>\n\n\n\n<p>Prima dat\u0103.<\/p>\n\n\n\n<p>U\u0219a a trosnit.<\/p>\n\n\n\n<p>A doua lovitur\u0103.<\/p>\n\n\n\n<p>Z\u0103vorul a cedat cu un pocnet puternic.<\/p>\n\n\n\n<p>U\u0219a s-a deschis.<\/p>\n\n\n\n<p>\u00cen mijlocul holului, pe covor, Ana era \u00eentins\u0103 pe o parte.<\/p>\n\n\n\n<p>Fa\u021ba \u00eei era alb\u0103 ca varul.<\/p>\n\n\n\n<p>\u2014 Ajutor\u2026 \u2014 a \u0219optit ea.<\/p>\n\n\n\n<p>Ionescu s-a apropiat imediat.<\/p>\n\n\n\n<p>\u2014 Ambulan\u021ba! \u2014 a strigat c\u0103tre \u0219ofer.<\/p>\n\n\n\n<p>B\u0103rbatul deja forma num\u0103rul.<\/p>\n\n\n\n<p>Ana tremura.<\/p>\n\n\n\n<p>\u2014 Copiii\u2026 \u2014 a murmurat.<\/p>\n\n\n\n<p>\u2014 Stai lini\u0219tit\u0103. E\u0219ti \u00een siguran\u021b\u0103 \u2014 a spus Ionescu.<\/p>\n\n\n\n<p>Pentru prima dat\u0103 vocea lui nu mai era rece.<\/p>\n\n\n\n<p>S-a aplecat \u0219i i-a pus haina sub cap.<\/p>\n\n\n\n<p>\u2014 Respiri. Asta e important.<\/p>\n\n\n\n<p>Sirena ambulan\u021bei s-a auzit c\u00e2teva minute mai t\u00e2rziu.<\/p>\n\n\n\n<p>Paramedicii au intrat \u00een grab\u0103.<\/p>\n\n\n\n<p>\u2014 Travaliu prematur! \u2014 a spus unul dintre ei.<\/p>\n\n\n\n<p>Au ridicat-o pe targ\u0103.<\/p>\n\n\n\n<p>\u2014 Dumneavoastr\u0103 sunte\u021bi so\u021bul?<\/p>\n\n\n\n<p>Ionescu a cl\u0103tinat din cap.<\/p>\n\n\n\n<p>\u2014 Nu.<\/p>\n\n\n\n<p>A f\u0103cut o pauz\u0103 scurt\u0103.<\/p>\n\n\n\n<p>\u2014 Dar eu r\u0103spund de ea.<\/p>\n\n\n\n<p>La spital, na\u0219terea a durat trei ore.<\/p>\n\n\n\n<p>Trei ore lungi.<\/p>\n\n\n\n<p>Ionescu a stat pe coridor.<\/p>\n\n\n\n<p>F\u0103r\u0103 s\u0103 plece.<\/p>\n\n\n\n<p>La un moment dat telefonul lui a sunat.<\/p>\n\n\n\n<p>Mihai.<\/p>\n\n\n\n<p>\u2014 Alo? \u2014 vocea era relaxat\u0103. \u2014 Domnule director, am v\u0103zut apelul. S-a \u00eent\u00e2mplat ceva?<\/p>\n\n\n\n<p>Ionescu a r\u0103spuns calm.<\/p>\n\n\n\n<p>Prea calm.<\/p>\n\n\n\n<p>\u2014 Da.<\/p>\n\n\n\n<p>Pauz\u0103.<\/p>\n\n\n\n<p>\u2014 So\u021bia ta a n\u0103scut.<\/p>\n\n\n\n<p>La cel\u0103lalt cap\u0103t s-a f\u0103cut lini\u0219te.<\/p>\n\n\n\n<p>\u2014 Ce?<\/p>\n\n\n\n<p>\u2014 Dac\u0103 nu ajungeam eu la ea\u2026 probabil murea \u00een apartamentul \u0103la \u00eencuiat.<\/p>\n\n\n\n<p>Vocea directorului a devenit de ghea\u021b\u0103.<\/p>\n\n\n\n<p>\u2014 M\u00e2ine diminea\u021b\u0103 vii la birou.<\/p>\n\n\n\n<p>\u2014 Domnule director, eu sunt pu\u021bin\u2026<\/p>\n\n\n\n<p>\u2014 La ora nou\u0103.<\/p>\n\n\n\n<p>A \u00eenchis.<\/p>\n\n\n\n<p>Dup\u0103 c\u00e2teva minute, un doctor a ie\u0219it din sala de na\u0219teri.<\/p>\n\n\n\n<p>\u2014 Cine e apar\u021bin\u0103torul?<\/p>\n\n\n\n<p>Ionescu s-a ridicat.<\/p>\n\n\n\n<p>\u2014 Eu.<\/p>\n\n\n\n<p>Doctorul a z\u00e2mbit.<\/p>\n\n\n\n<p>\u2014 Felicit\u0103ri. Doi b\u0103ie\u021bi s\u0103n\u0103to\u0219i.<\/p>\n\n\n\n<p>Ionescu a r\u0103mas nemi\u0219cat.<\/p>\n\n\n\n<p>Apoi a z\u00e2mbit pentru prima dat\u0103 \u00een acea zi.<\/p>\n\n\n\n<p>Prin geamul salonului a v\u0103zut-o pe Ana.<\/p>\n\n\n\n<p>Obosit\u0103.<\/p>\n\n\n\n<p>Dar cu doi copii la piept.<\/p>\n\n\n\n<p>Iar \u00een acel moment a \u0219tiut un lucru sigur.<\/p>\n\n\n\n<p>A doua zi\u2026<\/p>\n\n\n\n<p>Mihai Popa nu mai lucra \u00een compania lui.<\/p>\n\n\n\n<p><em>Aceast\u0103 lucrare este inspirat\u0103 din evenimente \u0219i persoane reale, \u00eens\u0103 a fost fic\u021bionalizat\u0103 \u00een scopuri creative. Numele, personajele \u0219i detaliile au fost schimbate pentru a proteja intimitatea \u0219i pentru a \u00eembun\u0103t\u0103\u021bi nara\u021biunea. Orice asem\u0103nare cu persoane reale, \u00een via\u021b\u0103 sau decedate, sau cu evenimente reale este pur \u00eent\u00e2mpl\u0103toare \u0219i nu este inten\u021bionat\u0103 de c\u0103tre autor.<\/em><\/p>\n\n\n\n<p><em>Autorul \u0219i editorul nu \u00ee\u0219i asum\u0103 responsabilitatea pentru exactitatea evenimentelor sau pentru modul \u00een care sunt portretizate personajele \u0219i nu sunt r\u0103spunz\u0103tori pentru eventuale interpret\u0103ri gre\u0219ite. Aceast\u0103 poveste este oferit\u0103 \u201eca atare\u201d, iar orice opinii exprimate apar\u021bin personajelor \u0219i nu reflect\u0103 punctele de vedere ale autorului sau ale editorului.<\/em><\/p>\n\n\n\n<p><a href=\"https:\/\/www.pinterest.com\/pin\/create\/button\/?url=https%3A%2F%2Fbumzi.ro%2F%3Fp%3D20945&amp;description=So%C8%9Bia+%C3%AEns%C4%83rcinat%C4%83+i-a+trimis+un+mesaj+so%C8%9Bului\" target=\"_blank\" rel=\"noreferrer noopener\"><\/a><\/p>\n\n\n\n<p><a href=\"https:\/\/www.facebook.com\/sharer\/sharer.php?u=https%3A%2F%2Fbumzi.ro%2F%3Fp%3D20945\" target=\"_blank\" rel=\"noreferrer noopener\"><\/a><\/p>\n\n\n\n<p><a href=\"https:\/\/twitter.com\/intent\/tweet?url=https%3A%2F%2Fbumzi.ro%2F%3Fp%3D20945&amp;text=So%C8%9Bia+%C3%AEns%C4%83rcinat%C4%83+i-a+trimis+un+mesaj+so%C8%9Bului\" target=\"_blank\" rel=\"noreferrer noopener\"><\/a><a href=\"https:\/\/bumzi.ro\/?p=20942\"><\/a><\/p>\n","protected":false},"excerpt":{"rendered":"<p>\u2014 La naiba\u2026 \u2014 a morm\u0103it printre din\u021bi. A sunat imediat \u0219eful pazei. \u2014 Afla\u021bi imediat unde este telefonul lui Popa. \u0218i preg\u0103ti\u021bi ma\u0219ina la<\/p>\n","protected":false},"author":1,"featured_media":47435,"comment_status":"closed","ping_status":"closed","sticky":false,"template":"","format":"standard","meta":[],"categories":[1],"tags":[],"_links":{"self":[{"href":"https:\/\/calatorinromania.com\/index.php?rest_route=\/wp\/v2\/posts\/47486"}],"collection":[{"href":"https:\/\/calatorinromania.com\/index.php?rest_route=\/wp\/v2\/posts"}],"about":[{"href":"https:\/\/calatorinromania.com\/index.php?rest_route=\/wp\/v2\/types\/post"}],"author":[{"embeddable":true,"href":"https:\/\/calatorinromania.com\/index.php?rest_route=\/wp\/v2\/users\/1"}],"replies":[{"embeddable":true,"href":"https:\/\/calatorinromania.com\/index.php?rest_route=%2Fwp%2Fv2%2Fcomments&post=47486"}],"version-history":[{"count":1,"href":"https:\/\/calatorinromania.com\/index.php?rest_route=\/wp\/v2\/posts\/47486\/revisions"}],"predecessor-version":[{"id":47487,"href":"https:\/\/calatorinromania.com\/index.php?rest_route=\/wp\/v2\/posts\/47486\/revisions\/47487"}],"wp:featuredmedia":[{"embeddable":true,"href":"https:\/\/calatorinromania.com\/index.php?rest_route=\/wp\/v2\/media\/47435"}],"wp:attachment":[{"href":"https:\/\/calatorinromania.com\/index.php?rest_route=%2Fwp%2Fv2%2Fmedia&parent=47486"}],"wp:term":[{"taxonomy":"category","embeddable":true,"href":"https:\/\/calatorinromania.com\/index.php?rest_route=%2Fwp%2Fv2%2Fcategories&post=47486"},{"taxonomy":"post_tag","embeddable":true,"href":"https:\/\/calatorinromania.com\/index.php?rest_route=%2Fwp%2Fv2%2Ftags&post=47486"}],"curies":[{"name":"wp","href":"https:\/\/api.w.org\/{rel}","templated":true}]}}