{"id":47482,"date":"2026-04-27T06:53:19","date_gmt":"2026-04-27T06:53:19","guid":{"rendered":"https:\/\/calatorinromania.com\/?p=47482"},"modified":"2026-04-27T06:53:19","modified_gmt":"2026-04-27T06:53:19","slug":"sotul-meu-a-vrut-sa-si-sarbatoreasca-ziua-de-nastere-cu-noi-si-si-a-invitat-toate-rudele","status":"publish","type":"post","link":"https:\/\/calatorinromania.com\/?p=47482","title":{"rendered":"So\u021bul meu a vrut s\u0103-\u0219i s\u0103rb\u0103toreasc\u0103 ziua de na\u0219tere cu noi \u0219i \u0219i-a invitat toate rudele."},"content":{"rendered":"\n<p>M-am ridicat \u00eencet de la as\u0103.<\/p>\n\n\n\n<p><\/p>\n\n\n\n<p>Nu am \u021bipat. Nu am tr\u00e2ntit nimic.<\/p>\n\n\n\n<p><\/p>\n\n\n\n<p>M-am dus direct la buc\u0103t\u0103rie.<\/p>\n\n\n\n<p><\/p>\n\n\n\n<p>Toat\u0103 lumea a t\u0103cut, probabil crez\u00e2nd c\u0103 aduc desertul.<\/p>\n\n\n\n<p><\/p>\n\n\n\n<p>Am luat o tav\u0103 de copt, un bol de salat\u0103 \u0219i un co\u0219ule\u021b cu p\u00e2ine \u0219i le-am pus pe mas\u0103 \u00een fa\u021ba lor.<\/p>\n\n\n\n<p><\/p>\n\n\n\n<p>Apoi mi-am scos \u0219or\u021bul.<\/p>\n\n\n\n<p><\/p>\n\n\n\n<p>L-am \u00eemp\u0103turit cu grij\u0103.<\/p>\n\n\n\n<p><\/p>\n\n\n\n<p>L-am a\u0219ezat l\u00e2ng\u0103 farfuria lui Andrei.<\/p>\n\n\n\n<p><\/p>\n\n\n\n<p>\u201eDistrac\u021bie pl\u0103cut\u0103\u201d, am spus calm. De acum \u00eenainte, servi\u021bi-v\u0103 singuri.<\/p>\n\n\n\n<p><\/p>\n\n\n\n<p>S-au uitat la mine ca \u0219i cum a\u0219 fi spus ceva \u00eentr-o limb\u0103 str\u0103in\u0103.<\/p>\n\n\n\n<p><\/p>\n\n\n\n<p>\u201eCe vre\u021bi s\u0103 spune\u021bi?\u201d, a \u00eentrebat soacra mea, \u00eencrunt\u00e2ndu-se.<\/p>\n\n\n\n<p><\/p>\n\n\n\n<p>\u201eDeci, m-am a\u0219ezat \u0219i eu la mas\u0103. Nu sunt chelneri\u021b\u0103 ast\u0103zi. Sunt so\u021bia s\u0103rb\u0103toritului.\u201d<\/p>\n\n\n\n<p><\/p>\n\n\n\n<p>\u0218i pentru prima dat\u0103 \u00een ani de zile, m-am a\u0219ezat pe un scaun f\u0103r\u0103 s\u0103 m\u0103 ridic imediat.<\/p>\n\n\n\n<p><\/p>\n\n\n\n<p>Alina a r\u00e2s scurt.<\/p>\n\n\n\n<p><\/p>\n\n\n\n<p>\u201eO, e\u0219ti at\u00e2t de sensibil\u0103\u2026\u201d<\/p>\n\n\n\n<p><\/p>\n\n\n\n<p>Am aruncat o privire spre ea.<\/p>\n\n\n\n<p><\/p>\n\n\n\n<p>\u201eNu sunt sensibil\u0103. Sunt obosit\u0103. De doi ani, la fiecare mas\u0103 \u00een familie, g\u0103tesc, fac cur\u0103\u021benie \u0219i tac c\u00e2nd cineva m\u0103 critic\u0103. \u0218i nici m\u0103car nu aud un \u201emul\u021bumesc\u201d.<\/p>\n\n\n\n<p><\/p>\n\n\n\n<p>O t\u0103cere grea s-a l\u0103sat \u00een camer\u0103.<\/p>\n\n\n\n<p><\/p>\n\n\n\n<p>L-am privit pe Andrei.<\/p>\n\n\n\n<p><\/p>\n\n\n\n<p>\u201eTe rog, spune-mi, m\u0103car o dat\u0103: e bun\u0103 m\u00e2ncarea?\u201d<\/p>\n\n\n\n<p><\/p>\n\n\n\n<p>A ezitat.<\/p>\n\n\n\n<p><\/p>\n\n\n\n<p>Toate privirile erau a\u021bintite asupra lui.<\/p>\n\n\n\n<p><\/p>\n\n\n\n<p>\u201eDa\u2026 e bun\u0103\u201d, a spus el \u00een cele din urm\u0103, mai ferm. \u201eE foarte bun\u0103.\u201d<\/p>\n\n\n\n<p><\/p>\n\n\n\n<p>\u201eAtunci data viitoare c\u00e2nd cineva m\u0103 nume\u0219te gospodin\u0103 rea, poate vei fi prima care o spune.\u201d<\/p>\n\n\n\n<p><\/p>\n\n\n\n<p>Soacra mea \u0219i-a \u021buguiat buzele.<\/p>\n\n\n\n<p>\u201e\u021ai-am dat doar sfaturi\u2026\u201d<\/p>\n\n\n\n<p>\u201eNu\u201d, am r\u0103spuns. Sfaturile se dau la cerere. Restul sunt critici.<\/p>\n\n\n\n<p>\u00cemi tremurau m\u00e2inile sub mas\u0103, dar vocea \u00eemi era calm\u0103.<\/p>\n\n\n\n<p>\u201e\u0218i \u00eenc\u0103 ceva.\u201d Dac\u0103 vrei mese perfecte, po\u021bi da \u00eenc\u0103 o petrecere aniversar\u0103 la tine acas\u0103. Vin cu o invita\u021bie. Cu flori.\u201d<\/p>\n\n\n\n<p>Nimeni nu mai r\u00e2dea.<\/p>\n\n\n\n<p>Andrei s-a ridicat.<\/p>\n\n\n\n<p>Pentru o clip\u0103, mi-a fost team\u0103 c\u0103 va \u00eencepe s\u0103 \u021bipe.<\/p>\n\n\n\n<p>Dar s-a dus la buc\u0103t\u0103rie, a luat o sticl\u0103 de suc \u0219i a \u00eenceput s\u0103 umple paharele.<\/p>\n\n\n\n<p>\u201eS\u0103 l\u0103s\u0103m aceste discu\u021bii deoparte. Ast\u0103zi este ziua mea de na\u0219tere \u0219i vreau s\u0103 fie lini\u0219te\u201d, a spus el.<\/p>\n\n\n\n<p>Nu a fost o declara\u021bie spectaculoas\u0103.<\/p>\n\n\n\n<p>Dar a fost prima dat\u0103 c\u00e2nd a f\u0103cut ceva concret.<\/p>\n\n\n\n<p>Restul serii a fost\u2026 diferit.<\/p>\n\n\n\n<p>Nu perfect.<\/p>\n\n\n\n<p>Dar diferit.<\/p>\n\n\n\n<p>Am \u00eencetat s\u0103 m\u0103 mai trezesc la fiecare cinci minute.<\/p>\n\n\n\n<p>Cumnata mea \u0219i-a adus singur\u0103 desertul.<\/p>\n\n\n\n<p>Soacra mea nu a comentat.<\/p>\n\n\n\n<p>C\u00e2nd au plecat oaspe\u021bii, Andrei a r\u0103mas \u00een buc\u0103t\u0103rie \u0219i a \u00eenceput s\u0103 str\u00e2ng\u0103 farfuriile.<\/p>\n\n\n\n<p>\u201eNu ar fi trebuit s\u0103 explodezi ast\u0103zi\u201d, a spus el, dar f\u0103r\u0103 repro\u0219uri.<\/p>\n\n\n\n<p>\u201eDac\u0103 nu azi, atunci c\u00e2nd?\u201d Am \u00eentrebat.<\/p>\n\n\n\n<p>A \u00eenlemnit.<\/p>\n\n\n\n<p>S-a uitat la mine altfel dec\u00e2t de obicei.<\/p>\n\n\n\n<p>\u201eNu mi-am dat seama c\u0103 sufereai at\u00e2t de tare.\u201d<\/p>\n\n\n\n<p>\u201ePentru c\u0103 nu m-ai \u00eentrebat niciodat\u0103.\u201d<\/p>\n\n\n\n<p>A t\u0103cut.<\/p>\n\n\n\n<p>Am sp\u0103lat vasele \u00eempreun\u0103 \u00een seara aceea.<\/p>\n\n\n\n<p>Nu pentru c\u0103 s-a schimbat brusc.<\/p>\n\n\n\n<p>Ci pentru c\u0103 uneori schimbarea \u00eencepe \u00een momentul \u00een care spui \u201egata\u201d.<\/p>\n\n\n\n<p>Nu am aruncat m\u00e2ncarea.<\/p>\n\n\n\n<p>Nu am f\u0103cut tam-tam.<\/p>\n\n\n\n<p>Pur \u0219i simplu m-am a\u0219ezat la mas\u0103.<\/p>\n\n\n\n<p>\u0218i pentru prima dat\u0103, m-am pus pe locul doi.<\/p>\n\n\n\n<p>\u0218i de atunci, la fiecare mas\u0103 \u00een familie, Andrei este primul care spune:<\/p>\n\n\n\n<p>\u201eElena a muncit din greu. M\u00e2ncarea este delicioas\u0103.\u201d<\/p>\n\n\n\n<p>\u0218i nu mai a\u0219tept aprobarea nim\u0103nui.<\/p>\n\n\n\n<p>Pentru c\u0103 nu cer\u0219e\u0219ti respect.<\/p>\n\n\n\n<p><\/p>\n\n\n\n<p>Aceast\u0103 lucrare este inspirat\u0103 din evenimente \u0219i persoane reale, \u00eens\u0103 a fost fic\u021bionalizat\u0103 \u00een scopuri creative. Numele, personajele \u0219i detaliile au fost schimbate pentru a proteja intimitatea \u0219i pentru a \u00eembun\u0103t\u0103\u021bi nara\u021biunea. Orice asem\u0103nare cu persoane reale, \u00een via\u021b\u0103 sau decedate, sau cu evenimente reale este pur \u00eent\u00e2mpl\u0103toare \u0219i nu este inten\u021bionat\u0103 de c\u0103tre autor.<\/p>\n\n\n\n<p>Autorul \u0219i editorul nu \u00ee\u0219i asum\u0103 responsabilitatea pentru exactitatea evenimentelor sau pentru modul \u00een care sunt portretizate personajele \u0219i nu sunt r\u0103spunz\u0103tori pentru eventuale interpret\u0103ri gre\u0219ite. Aceast\u0103 poveste este oferit\u0103 \u201eca atare\u201d, iar orice opinii exprimate apar\u021bin personajelor \u0219i nu reflect\u0103 punctele de vedere ale autorului sau ale editorului.<\/p>\n","protected":false},"excerpt":{"rendered":"<p>M-am ridicat \u00eencet de la as\u0103. Nu am \u021bipat. Nu am tr\u00e2ntit nimic. M-am dus direct la buc\u0103t\u0103rie. Toat\u0103 lumea a t\u0103cut, probabil crez\u00e2nd c\u0103<\/p>\n","protected":false},"author":1,"featured_media":47435,"comment_status":"closed","ping_status":"closed","sticky":false,"template":"","format":"standard","meta":[],"categories":[1],"tags":[],"_links":{"self":[{"href":"https:\/\/calatorinromania.com\/index.php?rest_route=\/wp\/v2\/posts\/47482"}],"collection":[{"href":"https:\/\/calatorinromania.com\/index.php?rest_route=\/wp\/v2\/posts"}],"about":[{"href":"https:\/\/calatorinromania.com\/index.php?rest_route=\/wp\/v2\/types\/post"}],"author":[{"embeddable":true,"href":"https:\/\/calatorinromania.com\/index.php?rest_route=\/wp\/v2\/users\/1"}],"replies":[{"embeddable":true,"href":"https:\/\/calatorinromania.com\/index.php?rest_route=%2Fwp%2Fv2%2Fcomments&post=47482"}],"version-history":[{"count":1,"href":"https:\/\/calatorinromania.com\/index.php?rest_route=\/wp\/v2\/posts\/47482\/revisions"}],"predecessor-version":[{"id":47483,"href":"https:\/\/calatorinromania.com\/index.php?rest_route=\/wp\/v2\/posts\/47482\/revisions\/47483"}],"wp:featuredmedia":[{"embeddable":true,"href":"https:\/\/calatorinromania.com\/index.php?rest_route=\/wp\/v2\/media\/47435"}],"wp:attachment":[{"href":"https:\/\/calatorinromania.com\/index.php?rest_route=%2Fwp%2Fv2%2Fmedia&parent=47482"}],"wp:term":[{"taxonomy":"category","embeddable":true,"href":"https:\/\/calatorinromania.com\/index.php?rest_route=%2Fwp%2Fv2%2Fcategories&post=47482"},{"taxonomy":"post_tag","embeddable":true,"href":"https:\/\/calatorinromania.com\/index.php?rest_route=%2Fwp%2Fv2%2Ftags&post=47482"}],"curies":[{"name":"wp","href":"https:\/\/api.w.org\/{rel}","templated":true}]}}