{"id":47478,"date":"2026-04-27T06:36:00","date_gmt":"2026-04-27T06:36:00","guid":{"rendered":"https:\/\/calatorinromania.com\/?p=47478"},"modified":"2026-04-27T06:36:00","modified_gmt":"2026-04-27T06:36:00","slug":"continuarea-povestii-19","status":"publish","type":"post","link":"https:\/\/calatorinromania.com\/?p=47478","title":{"rendered":"<strong>Continuarea pove\u0219tii<\/strong>"},"content":{"rendered":"\n<p>\u2014 Cere-\u021bi scuze imediat mamei pentru masa asta jalnic\u0103, Evelina! \u2014 a r\u0103cnit Sebastian at\u00e2t de tare, \u00eenc\u00e2t paharul lui Artur a tremurat \u00een aer.<\/p>\n\n\n\n<p><\/p>\n\n\n\n<p>Pentru o clip\u0103, n-am crezut c\u0103 am auzit bine. Aerul s-a \u00eengreunat, aproape c\u0103 devenise dens. Cineva a tu\u0219it stingher la cap\u0103tul mesei. Eu st\u0103team nemi\u0219cat\u0103, incapabil\u0103 s\u0103-mi ridic privirea de la so\u021bul meu.<\/p>\n\n\n\n<p><\/p>\n\n\n\n<p>\u2014 Hai, f\u0103-o! \u2014 a repetat el.<\/p>\n\n\n\n<p><\/p>\n\n\n\n<p>Z\u00e2mbetul triumf\u0103tor al Margaretei s-a \u0219ters brusc. Dar nu pentru c\u0103 urma s\u0103-mi cer scuze.<\/p>\n\n\n\n<p><\/p>\n\n\n\n<p>M-am \u00eentins \u00eencet spre inelul de pe deget, l-am scos \u0219i l-am a\u0219ezat \u00een fa\u021ba mea, pe marginea fe\u021bei de mas\u0103. Metalul a lovit u\u0219or suprafa\u021ba, cu un sunet surd \u2014 ca un punct pus prea devreme.<\/p>\n\n\n\n<p>\u2014 S\u0103-mi cer scuze? \u2014 am spus calm, dar fiecare cuv\u00e2nt era rece \u0219i t\u0103ios. \u2014 Pentru c\u0103 n-am dormit trei zile la r\u00e2nd? Pentru c\u0103 am f\u0103cut pe bucuroasa \u00een timp ce mama ta m\u0103 batjocorea? Sau pentru c\u0103 tu, Sebastian, nu ai curajul s\u0103 recuno\u0219ti c\u0103 f\u0103r\u0103 mine nu e\u0219ti nimic?<\/p>\n\n\n\n<p>Margareta a tras aer \u00een piept brusc. Artur \u0219i-a \u00eentors privirea. Undeva, o furculi\u021b\u0103 a c\u0103zut pe podea.<\/p>\n\n\n\n<p>\u2014 Ai \u00eennebunit\u2026 \u2014 a \u0219optit Sebastian.<\/p>\n\n\n\n<p>De data aceasta \u00eens\u0103, \u00een vocea lui nu mai era furie. Era fric\u0103.<\/p>\n\n\n\n<p>M-am ridicat. To\u021bi ochii erau a\u021binti\u021bi asupra mea. \u00cen mine s-a f\u0103cut lini\u0219te \u2014 o lini\u0219te ad\u00e2nc\u0103, ca atunci c\u00e2nd ie\u0219i la suprafa\u021b\u0103 dup\u0103 o lung\u0103 scufundare.<\/p>\n\n\n\n<p>\u2014 Nu, \u2014 am spus simplu. \u2014 Doar am \u00eencetat s\u0103 mai joc teatru.<\/p>\n\n\n\n<p>Am luat de pe mas\u0103 clutch-ul mic, cel pe care prietena mea \u00eel ironizase diminea\u021b\u0103.<\/p>\n\n\n\n<p>\u201ePrea modest pentru o aniversare.\u201d<\/p>\n\n\n\n<p>Poate. Dar \u00een el aveam tot ce conta: pa\u0219aportul, cheile \u0219i economiile ascunse de mult timp \u2014 bani pu\u0219i deoparte pentru \u201ezile negre\u201d.<\/p>\n\n\n\n<p>Margareta a f\u0103cut un gest brusc, ca \u0219i cum ar fi vrut s\u0103 m\u0103 opreasc\u0103, dar nu a avut curaj. Sebastian s-a ridicat \u0219i el, \u00eens\u0103 i-am f\u0103cut doar un semn din m\u00e2n\u0103. S-a a\u0219ezat la loc.<\/p>\n\n\n\n<p>Chiar \u0219i Artur a murmurat, jenat:<\/p>\n\n\n\n<p>\u2014 Poate nu e momentul\u2026<\/p>\n\n\n\n<p>\u2014 Ba da, \u2014 am r\u0103spuns. \u2014 Este momentul perfect.<\/p>\n\n\n\n<p>Am trecut printre oaspe\u021bi, sim\u021bind privirile lor ap\u0103s\u0103toare. Curioase. Tulburate. Nu-mi mai p\u0103sa.<\/p>\n\n\n\n<p>Umerii mi s-au \u00eendreptat. Picioarele nu-mi mai tremurau.<\/p>\n\n\n\n<p>\u00cen spatele meu s-a auzit sc\u00e2r\u021b\u00e2itul unui scaun, dar nu m-am \u00eentors. C\u00e2nd u\u0219a s-a tr\u00e2ntit \u00een urma mea, am inspirat ad\u00e2nc pentru prima dat\u0103 \u00een acea sear\u0103.<\/p>\n\n\n\n<p>Afar\u0103 ploua. O ploaie m\u0103runt\u0103, ascu\u021bit\u0103, ca ni\u0219te ace. Aerul mirosea a asfalt ud \u0219i\u2026 libertate.<\/p>\n\n\n\n<p>\u2014 Evelina! \u2014 am auzit strig\u0103tul lui Sebastian din interior.<\/p>\n\n\n\n<p>Dar vocea lui nu m\u0103 mai atingea.<\/p>\n\n\n\n<p><\/p>\n\n\n\n<p><\/p>\n\n\n\n<p>Au trecut patru luni.<\/p>\n\n\n\n<p>M-am mutat \u00eentr-un alt ora\u0219, mai aproape de mare. Mi-am g\u0103sit de lucru la o firm\u0103 de logistic\u0103 \u2014 exact cum \u00eemi dorisem c\u00e2ndva.<\/p>\n\n\n\n<p>Apartamentul meu este mic, dar lini\u0219tit. Dimine\u021bile au miros de cafea proasp\u0103t\u0103. \u00cel decorez cu plante \u00een ghivece de ceramic\u0103 \u0219i \u00eenv\u0103\u021b, \u00eencet, s\u0103 r\u00e2d din nou. F\u0103r\u0103 vinov\u0103\u021bie.<\/p>\n\n\n\n<p>Uneori m\u0103 sun\u0103 Artur.<\/p>\n\n\n\n<p>Vorbe\u0219te neutru, \u00eentreab\u0103 ce mai fac. Simt \u00eens\u0103 c\u0103 poart\u0103 cu el vinov\u0103\u021bia acelei seri. Uneori chiar \u00ee\u0219i cere scuze.<\/p>\n\n\n\n<p>Eu nu-l consider vinovat.<\/p>\n\n\n\n<p>A fost doar martorul unei pr\u0103bu\u0219iri.<\/p>\n\n\n\n<p>Despre Sebastian am aflat pu\u021bin. O coleg\u0103 mi-a spus c\u0103 are probleme la serviciu \u2014 de parc\u0103 o verig\u0103 din lan\u021b s-ar fi rupt. Se pare c\u0103 Margareta locuie\u0219te acum cu el \u0219i \u201e\u021bine casa\u201d.<\/p>\n\n\n\n<p>Ce simbolic.<\/p>\n\n\n\n<p>Dar toate acestea sunt departe.<\/p>\n\n\n\n<p>Aici, \u00een ora\u0219ul meu nou, zgomotul m\u0103rii acoper\u0103 orice amintire. Doar uneori, noaptea, c\u00e2nd luna devine albicioas\u0103, m\u0103 \u00eentorc pentru o clip\u0103 \u00een acea buc\u0103t\u0103rie.<\/p>\n\n\n\n<p>\u00cemi amintesc pata vi\u0219inie de sos scurg\u00e2ndu-se pe p\u00e2nza alb\u0103.<\/p>\n\n\n\n<p>\u0218i momentul \u00een care am \u00eentins m\u00e2na \u0219i am scos inelul.<\/p>\n\n\n\n<p>Nu a fost furie. Nici team\u0103.<\/p>\n\n\n\n<p>A fost eliberare.<\/p>\n\n\n\n<p>Ca \u0219i cum, odat\u0103 cu inelul, a\u0219 fi dat jos ni\u0219te lan\u021buri invizibile.<\/p>\n\n\n\n<p>Acum z\u00e2mbesc, privind pe fereastr\u0103, acolo unde ploaia las\u0103 urme fine.<\/p>\n\n\n\n<p>\u0218i \u00eemi spun, lini\u0219tit\u0103:<\/p>\n\n\n\n<p>\u2014 Nu vor mai exista scuze.<\/p>\n\n\n\n<p>Nu sunt obligat\u0103 s\u0103 fiu justificarea, m\u00e2ndria sau umbra nim\u0103nui.<\/p>\n\n\n\n<p>Iar sentimentul acesta\u2026<\/p>\n\n\n\n<p>valoreaz\u0103 mai mult dec\u00e2t orice inel.<\/p>\n\n\n\n<p><\/p>\n\n\n\n<p><\/p>\n\n\n\n<p>Aceast\u0103 lucrare este inspirat\u0103 din evenimente \u0219i persoane reale, \u00eens\u0103 a fost fic\u021bionalizat\u0103 \u00een scopuri creative. Numele, personajele \u0219i detaliile au fost schimbate pentru a proteja intimitatea \u0219i pentru a \u00eembun\u0103t\u0103\u021bi nara\u021biunea. Orice asem\u0103nare cu persoane reale, \u00een via\u021b\u0103 sau decedate, sau cu evenimente reale este pur \u00eent\u00e2mpl\u0103toare \u0219i nu este inten\u021bionat\u0103 de c\u0103tre autor.<\/p>\n\n\n\n<p>Autorul \u0219i editorul nu \u00ee\u0219i asum\u0103 responsabilitatea pentru exactitatea evenimentelor sau pentru modul \u00een care sunt portretizate personajele \u0219i nu sunt r\u0103spunz\u0103tori pentru eventuale interpret\u0103ri gre\u0219ite. Aceast\u0103 poveste este oferit\u0103 \u201eca atare\u201d, iar orice opinii exprimate apar\u021bin personajelor \u0219i nu reflect\u0103 punctele de vedere ale autorului sau ale editorului.<\/p>\n","protected":false},"excerpt":{"rendered":"<p>\u2014 Cere-\u021bi scuze imediat mamei pentru masa asta jalnic\u0103, Evelina! \u2014 a r\u0103cnit Sebastian at\u00e2t de tare, \u00eenc\u00e2t paharul lui Artur a tremurat \u00een aer.<\/p>\n","protected":false},"author":1,"featured_media":47435,"comment_status":"closed","ping_status":"closed","sticky":false,"template":"","format":"standard","meta":[],"categories":[1],"tags":[],"_links":{"self":[{"href":"https:\/\/calatorinromania.com\/index.php?rest_route=\/wp\/v2\/posts\/47478"}],"collection":[{"href":"https:\/\/calatorinromania.com\/index.php?rest_route=\/wp\/v2\/posts"}],"about":[{"href":"https:\/\/calatorinromania.com\/index.php?rest_route=\/wp\/v2\/types\/post"}],"author":[{"embeddable":true,"href":"https:\/\/calatorinromania.com\/index.php?rest_route=\/wp\/v2\/users\/1"}],"replies":[{"embeddable":true,"href":"https:\/\/calatorinromania.com\/index.php?rest_route=%2Fwp%2Fv2%2Fcomments&post=47478"}],"version-history":[{"count":1,"href":"https:\/\/calatorinromania.com\/index.php?rest_route=\/wp\/v2\/posts\/47478\/revisions"}],"predecessor-version":[{"id":47479,"href":"https:\/\/calatorinromania.com\/index.php?rest_route=\/wp\/v2\/posts\/47478\/revisions\/47479"}],"wp:featuredmedia":[{"embeddable":true,"href":"https:\/\/calatorinromania.com\/index.php?rest_route=\/wp\/v2\/media\/47435"}],"wp:attachment":[{"href":"https:\/\/calatorinromania.com\/index.php?rest_route=%2Fwp%2Fv2%2Fmedia&parent=47478"}],"wp:term":[{"taxonomy":"category","embeddable":true,"href":"https:\/\/calatorinromania.com\/index.php?rest_route=%2Fwp%2Fv2%2Fcategories&post=47478"},{"taxonomy":"post_tag","embeddable":true,"href":"https:\/\/calatorinromania.com\/index.php?rest_route=%2Fwp%2Fv2%2Ftags&post=47478"}],"curies":[{"name":"wp","href":"https:\/\/api.w.org\/{rel}","templated":true}]}}