{"id":47476,"date":"2026-04-27T06:29:29","date_gmt":"2026-04-27T06:29:29","guid":{"rendered":"https:\/\/calatorinromania.com\/?p=47476"},"modified":"2026-04-27T06:29:29","modified_gmt":"2026-04-27T06:29:29","slug":"dupa-31-de-ani-de-casnicie-am-descoperit-o-cheie-ascunsa-de-la-un-depozit-inchiria","status":"publish","type":"post","link":"https:\/\/calatorinromania.com\/?p=47476","title":{"rendered":"Dup\u0103 31 de ani de c\u0103snicie, am descoperit o cheie ascuns\u0103 de la un depozit \u00eenchiria"},"content":{"rendered":"\n<p><\/p>\n\n\n\n<p>U\u0219a spa\u021biului de depozitare s-a \u00eenchis \u00een urma mea cu un clic sec, dar \u00een mine nu mai era lini\u0219te.<\/p>\n\n\n\n<p><\/p>\n\n\n\n<p>Nimic nu era acolo din scenariul pe care mi-l construisem \u00een minte.<\/p>\n\n\n\n<p><\/p>\n\n\n\n<p>Nicio dovad\u0103 de \u00een\u0219el\u0103ciune.<\/p>\n\n\n\n<p><\/p>\n\n\n\n<p>Nicio prezen\u021b\u0103 str\u0103in\u0103.<\/p>\n\n\n\n<p><\/p>\n\n\n\n<p>Nicio urm\u0103 de \u201ealt\u0103 via\u021b\u0103\u201d.<\/p>\n\n\n\n<p><\/p>\n\n\n\n<p>Doar cutii.<\/p>\n\n\n\n<p><\/p>\n\n\n\n<p>Aranjate cu o grij\u0103 aproape dureroas\u0103.<\/p>\n\n\n\n<p><\/p>\n\n\n\n<p>\u201eAndrei \u2013 clasa I.\u201d<br>\u201eIoana \u2013 serbare gr\u0103dini\u021b\u0103.\u201d<br>\u201eVacan\u021b\u0103 Mamaia \u2013 2004.\u201d<\/p>\n\n\n\n<p>Am r\u0103mas nemi\u0219cat\u0103, ca \u0219i cum aerul devenise mai greu.<\/p>\n\n\n\n<p>Am f\u0103cut un pas \u00een\u0103untru \u0219i am sim\u021bit c\u0103 nu mai intru \u00eentr-un depozit, ci \u00eentr-o memorie.<\/p>\n\n\n\n<p>\u00cen prima cutie erau desenele copiilor. Toate. De la primele linii trase st\u00e2ngaci p\u00e2n\u0103 la felicit\u0103ri lipite cu band\u0103, scrise str\u00e2mb: \u201eLa mul\u021bi ani, tati\u201d.<\/p>\n\n\n\n<p>\u00cen alta, haine mici. Un body cu ursule\u021bi decolorat de timp. Rochi\u021ba galben\u0103 de la botez, \u00eemp\u0103turit\u0103 cu o aten\u021bie care nu sem\u0103na cu uitarea.<\/p>\n\n\n\n<p>Mai \u00een spate, bicicleta veche a lui Andrei, cu ro\u021bile ajut\u0103toare pe care eram convins\u0103 c\u0103 le d\u0103duse demult.<\/p>\n\n\n\n<p>\u0218i apoi dulapul metalic.<\/p>\n\n\n\n<p>Rece. Simplu. Greu.<\/p>\n\n\n\n<p>L-am deschis.<\/p>\n\n\n\n<p>\u00cen\u0103untru: dosare.<\/p>\n\n\n\n<p>Extrase bancare. Chitan\u021be. Contracte.<\/p>\n\n\n\n<p>Am \u00eenceput s\u0103 le r\u0103sfoiesc cu degetele tremur\u00e2nde.<\/p>\n\n\n\n<p>\u0218i adev\u0103rul a \u00eenceput s\u0103 se construiasc\u0103 \u00eencet, f\u0103r\u0103 strig\u0103t.<\/p>\n\n\n\n<p>Lunar, ani la r\u00e2nd.<\/p>\n\n\n\n<p>Sume mici. 200. 300 de lei. Uneori mai mult.<\/p>\n\n\n\n<p>Conturi deschise pe numele meu.<\/p>\n\n\n\n<p>Fonduri separate pentru fiecare copil.<\/p>\n\n\n\n<p>\u201ePentru orice eventualitate.\u201d<\/p>\n\n\n\n<p>Mi s-a str\u00e2ns pieptul.<\/p>\n\n\n\n<p>\u00cen timp ce firma prin care trecuse trecuse prin t\u0103ieri, \u00eent\u00e2rzieri \u0219i nesiguran\u021b\u0103, el nu spusese nimic.<\/p>\n\n\n\n<p>Nu se pl\u00e2nsese.<\/p>\n\n\n\n<p>Nu ceruse ajutor.<\/p>\n\n\n\n<p>\u00cen schimb, transformase acel spa\u021biu mic \u00eentr-un seif al vie\u021bii noastre.<\/p>\n\n\n\n<p>\u0218i atunci am g\u0103sit scrisoarea.<\/p>\n\n\n\n<p>O foaie simpl\u0103, scris\u0103 cu un scris pe care \u00eel \u0219tiam pe de rost.<\/p>\n\n\n\n<p>\u201eDac\u0103 cite\u0219ti asta, \u00eenseamn\u0103 c\u0103 n-am avut curajul s\u0103 \u00ee\u021bi spun c\u00e2t de mult mi-a fost team\u0103. Team\u0103 s\u0103 nu v\u0103 pierd. Team\u0103 s\u0103 nu nu fiu suficient. Am vrut doar s\u0103 \u0219tiu c\u0103, indiferent ce se \u00eent\u00e2mpl\u0103, voi sunte\u021bi \u00een siguran\u021b\u0103.\u201d<\/p>\n\n\n\n<p>M-am a\u0219ezat pe podea, l\u00e2ng\u0103 cutii.<\/p>\n\n\n\n<p>\u0218i am pl\u00e2ns.<\/p>\n\n\n\n<p>Nu ca atunci c\u00e2nd pierzi ceva.<\/p>\n\n\n\n<p>Ci ca atunci c\u00e2nd \u00een\u021belegi c\u0103 ai judecat gre\u0219it ceea ce \u021bi-a fost cel mai aproape.<\/p>\n\n\n\n<p>\u00cel v\u0103zusem ca pe un om care ascunde.<\/p>\n\n\n\n<p>Dar el fusese un om care protejeaz\u0103.<\/p>\n\n\n\n<p>Am ie\u0219it din depozit cu o alt\u0103 greutate \u00een piept.<\/p>\n\n\n\n<p>La spital, m-am a\u0219ezat l\u00e2ng\u0103 patul lui \u0219i i-am prins m\u00e2na f\u0103r\u0103 s\u0103 mai ezit.<\/p>\n\n\n\n<p>\u2014 Nu trebuia s\u0103 duci totul singur, am spus \u00eencet.<\/p>\n\n\n\n<p>A deschis ochii c\u00e2teva zile mai t\u00e2rziu. Sl\u0103bit, dar prezent.<\/p>\n\n\n\n<p>C\u00e2nd i-am spus c\u0103 \u0219tiu, a t\u0103cut mult.<\/p>\n\n\n\n<p>Apoi a cobor\u00e2t privirea.<\/p>\n\n\n\n<p>\u2014 Am vrut doar s\u0103 fiu preg\u0103tit pentru ce e mai r\u0103u.<\/p>\n\n\n\n<p>Am dat din cap.<\/p>\n\n\n\n<p>\u2014 Dar noi am r\u0103mas \u00een ce e mai bun. \u00cempreun\u0103.<\/p>\n\n\n\n<p>\u00cen drum spre cas\u0103, nimic din jur nu mai p\u0103rea la fel.<\/p>\n\n\n\n<p>Nu pentru c\u0103 lumea se schimbase.<\/p>\n\n\n\n<p>Ci pentru c\u0103 eu o vedeam altfel.<\/p>\n\n\n\n<p>Uneori, adev\u0103rul nu rupe lucruri.<\/p>\n\n\n\n<p>Le rea\u0219az\u0103.<\/p>\n\n\n\n<p>Iar eu am \u00een\u021beles, prea t\u00e2rziu \u0219i exact la timp, c\u0103 t\u0103cerea lui nu fusese distan\u021b\u0103.<\/p>\n\n\n\n<p>Fusese grij\u0103.<\/p>\n","protected":false},"excerpt":{"rendered":"<p>U\u0219a spa\u021biului de depozitare s-a \u00eenchis \u00een urma mea cu un clic sec, dar \u00een mine nu mai era lini\u0219te. Nimic nu era acolo din<\/p>\n","protected":false},"author":1,"featured_media":47435,"comment_status":"closed","ping_status":"closed","sticky":false,"template":"","format":"standard","meta":[],"categories":[1],"tags":[],"_links":{"self":[{"href":"https:\/\/calatorinromania.com\/index.php?rest_route=\/wp\/v2\/posts\/47476"}],"collection":[{"href":"https:\/\/calatorinromania.com\/index.php?rest_route=\/wp\/v2\/posts"}],"about":[{"href":"https:\/\/calatorinromania.com\/index.php?rest_route=\/wp\/v2\/types\/post"}],"author":[{"embeddable":true,"href":"https:\/\/calatorinromania.com\/index.php?rest_route=\/wp\/v2\/users\/1"}],"replies":[{"embeddable":true,"href":"https:\/\/calatorinromania.com\/index.php?rest_route=%2Fwp%2Fv2%2Fcomments&post=47476"}],"version-history":[{"count":1,"href":"https:\/\/calatorinromania.com\/index.php?rest_route=\/wp\/v2\/posts\/47476\/revisions"}],"predecessor-version":[{"id":47477,"href":"https:\/\/calatorinromania.com\/index.php?rest_route=\/wp\/v2\/posts\/47476\/revisions\/47477"}],"wp:featuredmedia":[{"embeddable":true,"href":"https:\/\/calatorinromania.com\/index.php?rest_route=\/wp\/v2\/media\/47435"}],"wp:attachment":[{"href":"https:\/\/calatorinromania.com\/index.php?rest_route=%2Fwp%2Fv2%2Fmedia&parent=47476"}],"wp:term":[{"taxonomy":"category","embeddable":true,"href":"https:\/\/calatorinromania.com\/index.php?rest_route=%2Fwp%2Fv2%2Fcategories&post=47476"},{"taxonomy":"post_tag","embeddable":true,"href":"https:\/\/calatorinromania.com\/index.php?rest_route=%2Fwp%2Fv2%2Ftags&post=47476"}],"curies":[{"name":"wp","href":"https:\/\/api.w.org\/{rel}","templated":true}]}}