{"id":47473,"date":"2026-04-27T06:16:45","date_gmt":"2026-04-27T06:16:45","guid":{"rendered":"https:\/\/calatorinromania.com\/?p=47473"},"modified":"2026-04-27T06:20:45","modified_gmt":"2026-04-27T06:20:45","slug":"sotul-meu-m-a-lovit-cand-am-aflat-ca-ma-insala","status":"publish","type":"post","link":"https:\/\/calatorinromania.com\/?p=47473","title":{"rendered":"So\u021bul meu m-a lovit c\u00e2nd am aflat c\u0103 m\u0103 \u00een\u0219al\u0103."},"content":{"rendered":"\n<p>\u00cen buc\u0103t\u0103rie nu era doar mirosul de m\u00e2ncare lui preferat\u0103. Era o lini\u0219te ciudat\u0103, grea, ca \u00eenainte de furtun\u0103.<\/p>\n\n\n\n<p><\/p>\n\n\n\n<p>La mas\u0103 st\u0103tea Nina H.<\/p>\n\n\n\n<p><\/p>\n\n\n\n<p>Nu era femeia din mesaje. Sau, mai bine zis, nu era doar \u201eo amant\u0103 f\u0103r\u0103 chip\u201d. Era foarte real\u0103. Cu p\u0103rul prins simplu, cu o privire calm\u0103, dar obosit\u0103, \u0219i cu o map\u0103 de documente \u00een fa\u021b\u0103. L\u00e2ng\u0103 ea, pe scaun, era avocatul meu, Vlad \u2014 un prieten vechi din facultate, pe care Ryan nu-l suportase niciodat\u0103. Iar pe mas\u0103 mai era \u00eenc\u0103 cineva: telefonul meu, cu \u00eenregistrarea apelului la poli\u021bie deschis\u0103.<\/p>\n\n\n\n<p><\/p>\n\n\n\n<p>Ryan a \u00eenghe\u021bat \u00een prag.<\/p>\n\n\n\n<p><\/p>\n\n\n\n<p>\u201eCe\u2026 ce e asta?\u201d a \u00eentrebat, dar vocea i s-a rupt pe la jum\u0103tate.<\/p>\n\n\n\n<p><\/p>\n\n\n\n<p>Eu am r\u0103mas \u00een picioare l\u00e2ng\u0103 aragaz, amestec\u00e2nd \u00een tigaie ca \u0219i cum era cea mai normal\u0103 diminea\u021b\u0103 din lume.<\/p>\n\n\n\n<p><\/p>\n\n\n\n<p>\u201eMic dejun\u201d, am zis simplu. \u201eAi spus c\u0103 \u021bi-e foame diminea\u021ba. Am vrut s\u0103 fie ca \u00eenainte.\u201d<\/p>\n\n\n\n<p><\/p>\n\n\n\n<p>A \u00eencercat s\u0103 r\u00e2d\u0103, dar i-a ie\u0219it ceva str\u00e2mb.<\/p>\n\n\n\n<p><\/p>\n\n\n\n<p>\u201eRyan\u201d, a spus Nina \u00eencet, f\u0103r\u0103 dram\u0103, \u201etrebuie s\u0103 vorbim.\u201d<\/p>\n\n\n\n<p><\/p>\n\n\n\n<p>El s-a uitat la ea de parc\u0103 o vedea prima dat\u0103 \u00een via\u021b\u0103. Apoi la mine. Apoi la Vlad.<\/p>\n\n\n\n<p>\u201eAsta e o glum\u0103?\u201d a zis el, ridic\u00e2nd vocea. \u201eCe-a\u021bi f\u0103cut aici? M-a\u021bi amenin\u021bat?\u201d<\/p>\n\n\n\n<p>Vlad a \u00eempins u\u0219or mapa spre el.<\/p>\n\n\n\n<p>\u201eNu. Te-ai descurcat singur foarte bine. Sunt dovezi de infidelitate, mesaje, rezerv\u0103ri de hotel \u0219i, \u00eenregistrarea apelului de asear\u0103. Iar so\u021bia ta a depus deja o pl\u00e2ngere pentru violen\u021b\u0103 domestic\u0103.\u201d<\/p>\n\n\n\n<p>Cuv\u00e2ntul \u201epl\u00e2ngere\u201d l-a lovit mai tare dec\u00e2t orice altceva.<\/p>\n\n\n\n<p>Ryan a \u00eenceput s\u0103 respire mai repede.<\/p>\n\n\n\n<p>\u201eTu\u2026 tu ai chemat poli\u021bia?\u201d<\/p>\n\n\n\n<p>Am dat din cap.<\/p>\n\n\n\n<p>\u201eDup\u0103 ce m-ai lovit, da.\u201d<\/p>\n\n\n\n<p>A f\u0103cut un pas spre mine, dar s-a oprit c\u00e2nd Nina a ridicat privirea.<\/p>\n\n\n\n<p>\u201eNu mai veni spre ea\u201d, a spus ea calm. \u201eAm venit s\u0103 confirm c\u0103 nu e\u0219ti nebun. Doar min\u021bi foarte bine.\u201d<\/p>\n\n\n\n<p>Atunci s-a schimbat totul \u00een el. Nu mai era furie. Era panic\u0103 pur\u0103.<\/p>\n\n\n\n<p>\u201eNina, ascult\u0103-m\u0103\u2026 nu e cum pare\u2026\u201d<\/p>\n\n\n\n<p>Ea a r\u00e2s scurt, f\u0103r\u0103 bucurie.<\/p>\n\n\n\n<p>\u201eBa e exact cum pare. De \u0219ase luni. \u0218i \u0219tii ce e ironic? Mi-ai spus c\u0103 ea e \u2018problema ta din trecut\u2019. Nu mi-ai spus c\u0103 trecutul \u00eenc\u0103 doarme \u00een patul t\u0103u.\u201d<\/p>\n\n\n\n<p>Ryan s-a \u00eentors spre mine, disperat.<\/p>\n\n\n\n<p>\u201ePutem rezolva asta \u00eentre noi. Te rog. O s\u0103 repar. O s\u0103\u2026\u201d<\/p>\n\n\n\n<p>Am pus lingura jos.<\/p>\n\n\n\n<p>\u201eNu mai repari nimic.\u201d<\/p>\n\n\n\n<p>\u00cen acel moment, soneria a sunat.<\/p>\n\n\n\n<p>Dou\u0103 b\u0103t\u0103i scurte la u\u0219\u0103.<\/p>\n\n\n\n<p>Ryan a \u00eenlemnit complet.<\/p>\n\n\n\n<p>Eu am mers \u0219i am deschis.<\/p>\n\n\n\n<p>Doi poli\u021bi\u0219ti st\u0103teau acolo.<\/p>\n\n\n\n<p>\u0218i pentru prima dat\u0103 \u00een acea diminea\u021b\u0103, el n-a mai avut nimic de spus.<\/p>\n\n\n\n<p><\/p>\n\n\n\n<p>Aceast\u0103 lucrare este inspirat\u0103 din evenimente \u0219i persoane reale, \u00eens\u0103 a fost fic\u021bionalizat\u0103 \u00een scopuri creative. Numele, personajele \u0219i detaliile au fost schimbate pentru a proteja intimitatea \u0219i pentru a \u00eembun\u0103t\u0103\u021bi nara\u021biunea. Orice asem\u0103nare cu persoane reale, \u00een via\u021b\u0103 sau decedate, sau cu evenimente reale este pur \u00eent\u00e2mpl\u0103toare \u0219i nu este inten\u021bionat\u0103 de c\u0103tre autor.<\/p>\n\n\n\n<p>Autorul \u0219i editorul nu \u00ee\u0219i asum\u0103 responsabilitatea pentru exactitatea evenimentelor sau pentru modul \u00een care sunt portretizate personajele \u0219i nu sunt r\u0103spunz\u0103tori pentru eventuale interpret\u0103ri gre\u0219ite. Aceast\u0103 poveste este oferit\u0103 \u201eca atare\u201d, iar orice opinii exprimate apar\u021bin personajelor \u0219i nu reflect\u0103 punctele de vedere ale autorului sau ale editorului.<\/p>\n","protected":false},"excerpt":{"rendered":"<p>\u00cen buc\u0103t\u0103rie nu era doar mirosul de m\u00e2ncare lui preferat\u0103. Era o lini\u0219te ciudat\u0103, grea, ca \u00eenainte de furtun\u0103. La mas\u0103 st\u0103tea Nina H. Nu<\/p>\n","protected":false},"author":1,"featured_media":47435,"comment_status":"closed","ping_status":"closed","sticky":false,"template":"","format":"standard","meta":[],"categories":[1],"tags":[],"_links":{"self":[{"href":"https:\/\/calatorinromania.com\/index.php?rest_route=\/wp\/v2\/posts\/47473"}],"collection":[{"href":"https:\/\/calatorinromania.com\/index.php?rest_route=\/wp\/v2\/posts"}],"about":[{"href":"https:\/\/calatorinromania.com\/index.php?rest_route=\/wp\/v2\/types\/post"}],"author":[{"embeddable":true,"href":"https:\/\/calatorinromania.com\/index.php?rest_route=\/wp\/v2\/users\/1"}],"replies":[{"embeddable":true,"href":"https:\/\/calatorinromania.com\/index.php?rest_route=%2Fwp%2Fv2%2Fcomments&post=47473"}],"version-history":[{"count":2,"href":"https:\/\/calatorinromania.com\/index.php?rest_route=\/wp\/v2\/posts\/47473\/revisions"}],"predecessor-version":[{"id":47475,"href":"https:\/\/calatorinromania.com\/index.php?rest_route=\/wp\/v2\/posts\/47473\/revisions\/47475"}],"wp:featuredmedia":[{"embeddable":true,"href":"https:\/\/calatorinromania.com\/index.php?rest_route=\/wp\/v2\/media\/47435"}],"wp:attachment":[{"href":"https:\/\/calatorinromania.com\/index.php?rest_route=%2Fwp%2Fv2%2Fmedia&parent=47473"}],"wp:term":[{"taxonomy":"category","embeddable":true,"href":"https:\/\/calatorinromania.com\/index.php?rest_route=%2Fwp%2Fv2%2Fcategories&post=47473"},{"taxonomy":"post_tag","embeddable":true,"href":"https:\/\/calatorinromania.com\/index.php?rest_route=%2Fwp%2Fv2%2Ftags&post=47473"}],"curies":[{"name":"wp","href":"https:\/\/api.w.org\/{rel}","templated":true}]}}