{"id":47471,"date":"2026-04-26T06:47:10","date_gmt":"2026-04-26T06:47:10","guid":{"rendered":"https:\/\/calatorinromania.com\/?p=47471"},"modified":"2026-04-26T06:47:11","modified_gmt":"2026-04-26T06:47:11","slug":"fara-sa-dea-de-veste-milionarul-s-a-intors-acasa-si-a-gasit-menajera-dormind-cu-copiii-lui","status":"publish","type":"post","link":"https:\/\/calatorinromania.com\/?p=47471","title":{"rendered":"F\u0103r\u0103 s\u0103 dea de veste, milionarul s-a \u00eentors acas\u0103 \u0219i a g\u0103sit menajera dormind cu copiii lui"},"content":{"rendered":"\n<p><\/p>\n\n\n\n<p>Primele cadre p\u0103reau scoase dintr-o via\u021b\u0103 obi\u0219nuit\u0103.<\/p>\n\n\n\n<p><\/p>\n\n\n\n<p>Holul luminat slab. Buc\u0103t\u0103ria \u00een dezordine. Copiii alerg\u00e2nd dintr-o camer\u0103 \u00een alta.<\/p>\n\n\n\n<p><\/p>\n\n\n\n<p>Apoi a dat filmul \u00eenapoi, cu c\u00e2teva zile, c\u0103ut\u00e2nd ceva anume.<\/p>\n\n\n\n<p><\/p>\n\n\n\n<p>\u0218i a v\u0103zut-o.<\/p>\n\n\n\n<p>Mariana.<\/p>\n\n\n\n<p>St\u0103tea rigid\u0103 \u00een mijlocul sufrageriei, cu bra\u021bele str\u00e2nse la piept, \u00een timp ce David pl\u00e2ngea l\u00e2ng\u0103 mas\u0103. Sofia \u00eencerca s\u0103 intervin\u0103, dar fusese redus\u0103 la t\u0103cere dintr-o simpl\u0103 mi\u0219care a m\u00e2inii. \u00cenregistrarea surprindea totul, limpede.<\/p>\n\n\n\n<p>\u201eNu mai dramatiza\u021bi. Tat\u0103l vostru munce\u0219te pentru voi. Ar trebui s\u0103 \u00eenv\u0103\u021ba\u021bi s\u0103 aprecia\u021bi.\u201d<\/p>\n\n\n\n<p>Tonul era t\u0103ios, f\u0103r\u0103 urm\u0103 de c\u0103ldur\u0103.<\/p>\n\n\n\n<p>Andrei a sim\u021bit cum i se str\u00e2nge stomacul.<\/p>\n\n\n\n<p>A mai dat \u00eenainte.<\/p>\n\n\n\n<p>Alt\u0103 zi, alt moment.<\/p>\n\n\n\n<p>Iulia \u00eencerca s\u0103-i lini\u0219teasc\u0103 pe copii la mas\u0103, vorbind calm, aproape \u0219optit. Mariana a intrat brusc \u0219i i-a luat farfuria din m\u00e2ini.<\/p>\n\n\n\n<p>\u201eNu \u00eei mai \u00eendulci. A\u0219a cresc dependen\u021bi.\u201d<\/p>\n\n\n\n<p>Iulia a \u00eenlemnit. Nu a r\u0103spuns. Doar a r\u0103mas acolo, cu umerii l\u0103sa\u021bi.<\/p>\n\n\n\n<p>Dup\u0103 ce Mariana a ie\u0219it, s-a \u00eentors imediat la copii \u0219i le-a \u0219ters lacrimile, ca \u0219i cum nimic nu s-ar fi \u00eent\u00e2mplat.<\/p>\n\n\n\n<p>Andrei a continuat s\u0103 deruleze.<\/p>\n\n\n\n<p>O alt\u0103 sear\u0103.<\/p>\n\n\n\n<p>Vocea Marianei la telefon, rece, calculat\u0103:<\/p>\n\n\n\n<p>\u201eDomnul Andrei lipse\u0219te des. Copiii sunt greu de gestionat. Fata nou\u0103 nu se descurc\u0103. Probabil nu va rezista mult.\u201d<\/p>\n\n\n\n<p>Atunci a \u00een\u021beles.<\/p>\n\n\n\n<p>Nu era haos \u00een cas\u0103.<\/p>\n\n\n\n<p>Era control mascat sub aparen\u021ba ordinii.<\/p>\n\n\n\n<p>A continuat s\u0103 urm\u0103reasc\u0103.<\/p>\n\n\n\n<p>\u0218i a v\u0103zut ceva care l-a f\u0103cut s\u0103-\u0219i duc\u0103 m\u00e2na la gur\u0103.<\/p>\n\n\n\n<p>Noaptea, David se trezise speriat, pl\u00e2ng\u00e2nd dup\u0103 mama lui. Mariana a intrat, s-a uitat scurt \u0219i a ie\u0219it f\u0103r\u0103 s\u0103 spun\u0103 nimic.<\/p>\n\n\n\n<p>C\u00e2teva minute mai t\u00e2rziu, Iulia a ap\u0103rut alerg\u00e2nd. L-a luat \u00een bra\u021be, s-a a\u0219ezat pe podea \u0219i a \u00eenceput s\u0103-i c\u00e2nte \u00eencet, aceea\u0219i melodie pe care copilul o tot repeta.<\/p>\n\n\n\n<p>A r\u0103mas acolo mult timp.<\/p>\n\n\n\n<p>F\u0103r\u0103 s\u0103 \u0219tie c\u0103 era \u00eenregistrat\u0103.<\/p>\n\n\n\n<p>Andrei a cedat.<\/p>\n\n\n\n<p>Nu lini\u0219tit. Nu re\u021binut. Ci complet, cu tot ce adunase ani \u00eentregi \u00een el.<\/p>\n\n\n\n<p>A \u00eenchis ecranul \u0219i s-a ridicat.<\/p>\n\n\n\n<p>A mers direct \u00een sufragerie.<\/p>\n\n\n\n<p>Iulia s-a ridicat speriat\u0103 c\u00e2nd l-a v\u0103zut.<\/p>\n\n\n\n<p>\u2014 \u00cemi pare r\u0103u\u2026 n-am vrut s\u0103 adorm\u2026 eu\u2026<\/p>\n\n\n\n<p>\u2014 Nu, a \u00eentrerupt-o el.<\/p>\n\n\n\n<p>Vocea \u00eei tremura.<\/p>\n\n\n\n<p>\u2014 Mul\u021bumesc.<\/p>\n\n\n\n<p>Fata a r\u0103mas blocat\u0103.<\/p>\n\n\n\n<p>\u2014 Pentru c\u0103 ai fost aici c\u00e2nd eu n-am fost.<\/p>\n\n\n\n<p>\u00cen u\u0219\u0103 a ap\u0103rut Mariana, atras\u0103 de agita\u021bie.<\/p>\n\n\n\n<p>Andrei s-a \u00eentors spre ea f\u0103r\u0103 grab\u0103.<\/p>\n\n\n\n<p>Privirea lui era calm\u0103, dar definitiv\u0103.<\/p>\n\n\n\n<p>\u2014 Nu mai ave\u021bi ce c\u0103uta aici.<\/p>\n\n\n\n<p>Mariana a deschis gura s\u0103 protesteze, dar nu a mai apucat.<\/p>\n\n\n\n<p>\u00cen aceea\u0219i sear\u0103, casa s-a schimbat.<\/p>\n\n\n\n<p>Pentru prima dat\u0103 dup\u0103 mult timp, Andrei a stat la mas\u0103 cu copiii. Au m\u00e2ncat simplu, r\u00e2z\u00e2nd din lucruri m\u0103runte. Iulia g\u0103tise paste obi\u0219nuite, dar atmosfera era altfel \u2014 u\u0219oar\u0103, vie.<\/p>\n\n\n\n<p>Sofia i-a \u00eentins un desen.<\/p>\n\n\n\n<p>Patru siluete \u021bin\u00e2ndu-se de m\u00e2n\u0103.<\/p>\n\n\n\n<p>\u201eNoi suntem \u0103\u0219tia\u201d, a spus ea lini\u0219tit.<\/p>\n\n\n\n<p>Andrei a sim\u021bit un nod \u00een g\u00e2t.<\/p>\n\n\n\n<p>\u00cen s\u0103pt\u0103m\u00e2nile care au urmat, lucrurile s-au rea\u0219ezat.<\/p>\n\n\n\n<p>A refuzat \u00eent\u00e2lniri care alt\u0103dat\u0103 p\u0103reau esen\u021biale. A venit acas\u0103 devreme. A mers cu copiii \u00een parc, f\u0103r\u0103 s\u0103 r\u0103spund\u0103 la telefon. A \u00eenv\u0103\u021bat, \u00eencet, s\u0103 stea.<\/p>\n\n\n\n<p>Nu doar s\u0103 treac\u0103 prin via\u021b\u0103.<\/p>\n\n\n\n<p>S\u0103 fie prezent.<\/p>\n\n\n\n<p>\u00centr-o sear\u0103, c\u00e2nd David a adormit sprijinit de el, Andrei a \u00een\u021beles ceva pe care \u00eel ignorase ani \u00eentregi:<\/p>\n\n\n\n<p>Nu lipsa spa\u021biului fusese problema.<\/p>\n\n\n\n<p>Ci lipsa oamenilor care conteaz\u0103 cu adev\u0103rat.<\/p>\n\n\n\n<p>\u0218i, pentru prima dat\u0103, nu mai voia o cas\u0103 perfect\u0103.<\/p>\n\n\n\n<p>Ci una \u00een care nimeni s\u0103 nu fie l\u0103sat singur.<\/p>\n\n\n\n<p><\/p>\n\n\n\n<p>Aceast\u0103 lucrare este inspirat\u0103 din evenimente \u0219i persoane reale, \u00eens\u0103 a fost fic\u021bionalizat\u0103 \u00een scopuri creative. Numele, personajele \u0219i detaliile au fost schimbate pentru a proteja intimitatea \u0219i pentru a \u00eembun\u0103t\u0103\u021bi nara\u021biunea. Orice asem\u0103nare cu persoane reale, \u00een via\u021b\u0103 sau decedate, sau cu evenimente reale este pur \u00eent\u00e2mpl\u0103toare \u0219i nu este inten\u021bionat\u0103 de c\u0103tre autor.<\/p>\n\n\n\n<p>Autorul \u0219i editorul nu \u00ee\u0219i asum\u0103 responsabilitatea pentru exactitatea evenimentelor sau pentru modul \u00een care sunt portretizate personajele \u0219i nu sunt r\u0103spunz\u0103tori pentru eventuale interpret\u0103ri gre\u0219ite. Aceast\u0103 poveste este oferit\u0103 \u201eca atare\u201d, iar orice opinii exprimate apar\u021bin personajelor \u0219i nu reflect\u0103 punctele de vedere ale autorului sau ale editorului.<\/p>\n","protected":false},"excerpt":{"rendered":"<p>Primele cadre p\u0103reau scoase dintr-o via\u021b\u0103 obi\u0219nuit\u0103. Holul luminat slab. Buc\u0103t\u0103ria \u00een dezordine. Copiii alerg\u00e2nd dintr-o camer\u0103 \u00een alta. Apoi a dat filmul \u00eenapoi, cu<\/p>\n","protected":false},"author":1,"featured_media":47435,"comment_status":"closed","ping_status":"closed","sticky":false,"template":"","format":"standard","meta":[],"categories":[1],"tags":[],"_links":{"self":[{"href":"https:\/\/calatorinromania.com\/index.php?rest_route=\/wp\/v2\/posts\/47471"}],"collection":[{"href":"https:\/\/calatorinromania.com\/index.php?rest_route=\/wp\/v2\/posts"}],"about":[{"href":"https:\/\/calatorinromania.com\/index.php?rest_route=\/wp\/v2\/types\/post"}],"author":[{"embeddable":true,"href":"https:\/\/calatorinromania.com\/index.php?rest_route=\/wp\/v2\/users\/1"}],"replies":[{"embeddable":true,"href":"https:\/\/calatorinromania.com\/index.php?rest_route=%2Fwp%2Fv2%2Fcomments&post=47471"}],"version-history":[{"count":1,"href":"https:\/\/calatorinromania.com\/index.php?rest_route=\/wp\/v2\/posts\/47471\/revisions"}],"predecessor-version":[{"id":47472,"href":"https:\/\/calatorinromania.com\/index.php?rest_route=\/wp\/v2\/posts\/47471\/revisions\/47472"}],"wp:featuredmedia":[{"embeddable":true,"href":"https:\/\/calatorinromania.com\/index.php?rest_route=\/wp\/v2\/media\/47435"}],"wp:attachment":[{"href":"https:\/\/calatorinromania.com\/index.php?rest_route=%2Fwp%2Fv2%2Fmedia&parent=47471"}],"wp:term":[{"taxonomy":"category","embeddable":true,"href":"https:\/\/calatorinromania.com\/index.php?rest_route=%2Fwp%2Fv2%2Fcategories&post=47471"},{"taxonomy":"post_tag","embeddable":true,"href":"https:\/\/calatorinromania.com\/index.php?rest_route=%2Fwp%2Fv2%2Ftags&post=47471"}],"curies":[{"name":"wp","href":"https:\/\/api.w.org\/{rel}","templated":true}]}}